{"id":1191,"date":"2015-06-20T17:42:14","date_gmt":"2015-06-20T15:42:14","guid":{"rendered":"http:\/\/www.unpicdetimpliber.ro\/?p=1191"},"modified":"2015-06-20T17:46:06","modified_gmt":"2015-06-20T15:46:06","slug":"uci-c2-napocup-clujul-pedaleaza","status":"publish","type":"post","link":"https:\/\/www.unpicdetimpliber.ro\/wordpress\/2015\/06\/uci-c2-napocup-clujul-pedaleaza.html","title":{"rendered":"UCI C2 NapoCup Clujul Pedaleaza"},"content":{"rendered":"<div class=\"fcbkbttn_buttons_block\" id=\"fcbkbttn_left\"><div class=\"fcbkbttn_like \"><fb:like href=\"https:\/\/www.unpicdetimpliber.ro\/wordpress\/2015\/06\/uci-c2-napocup-clujul-pedaleaza.html\" action=\"like\" colorscheme=\"light\" layout=\"box_count\"  size=\"small\"><\/fb:like><\/div><div class=\"fb-share-button  \" data-href=\"https:\/\/www.unpicdetimpliber.ro\/wordpress\/2015\/06\/uci-c2-napocup-clujul-pedaleaza.html\" data-type=\"button_count\" data-size=\"small\"><\/div><\/div><p><iframe loading=\"lazy\" style=\"border: none; height: 80px; width: 450px;\" src=\"http:\/\/www.facebook.com\/plugins\/like.php?href=https:\/\/www.unpicdetimpliber.ro\/wordpress\/2015\/06\/uci-c2-napocup-clujul-pedaleaza.html\" width=\"320\" height=\"240\" frameborder=\"0\" scrolling=\"no\"><\/iframe><br \/>\nDup\u0103 aventurile de la <a href=\"https:\/\/www.unpicdetimpliber.ro\/wordpress\/2015\/06\/propark-adventure-race-muntii-persani.html\" target=\"_blank\">Propark Adventure<\/a> din s\u0103pt\u0103m\u00e2na precedent\u0103 am revenit la concursurile clasice, de data aceasta la unul de tip <a href=\"http:\/\/clujulpedaleaza.ro\/stage\/displayChampionships\/2\/73\/0\/0\/\" target=\"_blank\">XCO &#8211; UCI C2 Napocup<\/a>. Anii preceden\u0163i am fost la multe competi\u0163ii de MTB mai tehnice cum sunt cele de XCO, mai ales c\u0103 \u00een \u00eemprejurimile ora\u015fului nostru Clujul Pedaleaz\u0103 a organizat mai multe etape grupate \u00eentr-un campionat. Am \u00eenv\u0103\u0163at multe \u015fi am devenit mai bun. E genul de competi\u0163ie \u00een care conteaz\u0103 foarte mult recunoa\u015fterea traseului, \u00een care e esen\u0163ial s\u0103 ajungi cu cel pu\u0163in o zi \u00eenainte. Practic, chiar dac\u0103 concursul dureaz\u0103 uneori sub o or\u0103 \u015fi din exterior pare c\u0103 nu merit\u0103 s\u0103 te obose\u015fti s\u0103 pleci \u00een alt\u0103 localitate pentru at\u00e2ta, ad\u0103ug\u00e2nd orele de antrenament dinaintea cursei la efortul de curs\u0103 po\u0163i considera c\u0103 ai participat\u00a0la o frumoas\u0103 curs\u0103 de maraton.<\/p>\n<table style=\"width: auto;\">\n<tbody>\n<tr>\n<td><a href=\"https:\/\/picasaweb.google.com\/lh\/photo\/Z1bzBv6q1ibYVDKIjtWuIdMTjNZETYmyPJy0liipFm0?feat=embedwebsite\"><img loading=\"lazy\" decoding=\"async\" src=\"https:\/\/lh3.googleusercontent.com\/-AcrndoOWVrw\/VYUmdY9A5AI\/AAAAAAAAeZw\/E3_i1DB_5gE\/s640\/2.jpg\" alt=\"\" width=\"640\" height=\"426\" \/><\/a><\/td>\n<\/tr>\n<tr>\n<td style=\"font-family: arial,sans-serif; font-size: 11px; text-align: right;\">proba de amatori, acelasi traseu ca elitele dar 3 ture in loc de 6 &#8211; From <a href=\"https:\/\/picasaweb.google.com\/103481498978040293448\/UCIC2NapoCupClujulPedaleaza?authuser=0&amp;feat=embedwebsite\">UCI C2 NapoCup Clujul Pedaleaza<\/a><\/td>\n<\/tr>\n<\/tbody>\n<\/table>\n<table style=\"width: auto;\">\n<tbody>\n<tr>\n<td><a href=\"https:\/\/picasaweb.google.com\/lh\/photo\/aQivuZIvIOyYYgZzKBcqhtMTjNZETYmyPJy0liipFm0?feat=embedwebsite\"><img loading=\"lazy\" decoding=\"async\" src=\"https:\/\/lh3.googleusercontent.com\/-QoGvNZDqTR8\/VYUmeof8rII\/AAAAAAAAeZc\/V_0PCFKeKJI\/s640\/9.jpg\" alt=\"\" width=\"640\" height=\"426\" \/><\/a><\/td>\n<\/tr>\n<tr>\n<td style=\"font-family: arial,sans-serif; font-size: 11px; text-align: right;\">From <a href=\"https:\/\/picasaweb.google.com\/103481498978040293448\/UCIC2NapoCupClujulPedaleaza?authuser=0&amp;feat=embedwebsite\">UCI C2 NapoCup Clujul Pedaleaza<\/a><\/td>\n<\/tr>\n<\/tbody>\n<\/table>\n<p>Cursa de fa\u0163\u0103, organizat\u0103 \u00een unul din locurile de l\u00e2ng\u0103 Cluj care au devenit\u00a0clasice \u015fi pentru\u00a0MTB &#8211; izvorul Elisabeta, a avut dou\u0103 p\u0103r\u0163i: competi\u0163ia pentru amatori, unde am participat \u015fi eu, \u015fi competi\u0163ia pentru elite, clasificat\u0103 UCI, \u015fi la care au fost \u015fi prezen\u0163e interna\u0163ionale, venind sportivi din Ungaria. N-am ratat ocazia de a urm\u0103ri \u015fi poza pe cei mai buni de la elite.<\/p>\n<table style=\"width: auto;\">\n<tbody>\n<tr>\n<td><a href=\"https:\/\/picasaweb.google.com\/lh\/photo\/GenSZ782qyZJm-mJIV39N9MTjNZETYmyPJy0liipFm0?feat=embedwebsite\"><img loading=\"lazy\" decoding=\"async\" src=\"https:\/\/lh3.googleusercontent.com\/-ijiGmg0VkgM\/VYUk-lKsatI\/AAAAAAAAeXU\/Yde4MdB1sQ0\/s640\/DSC_0003.JPG\" alt=\"\" width=\"640\" height=\"430\" \/><\/a><\/td>\n<\/tr>\n<tr>\n<td style=\"font-family: arial,sans-serif; font-size: 11px; text-align: right;\">start la elite &#8211; From <a href=\"https:\/\/picasaweb.google.com\/103481498978040293448\/UCIC2NapoCupClujulPedaleaza?authuser=0&amp;feat=embedwebsite\">UCI C2 NapoCup Clujul Pedaleaza<\/a><\/td>\n<\/tr>\n<\/tbody>\n<\/table>\n<table style=\"width: auto;\">\n<tbody>\n<tr>\n<td><a href=\"https:\/\/picasaweb.google.com\/lh\/photo\/eis-bZPwhceXKAx3x112rtMTjNZETYmyPJy0liipFm0?feat=embedwebsite\"><img loading=\"lazy\" decoding=\"async\" src=\"https:\/\/lh3.googleusercontent.com\/-3Y_VUguJjJo\/VYUk-b2Q8eI\/AAAAAAAAeXI\/330QPE_BoMk\/s640\/DSC_0044.JPG\" alt=\"\" width=\"640\" height=\"430\" \/><\/a><\/td>\n<\/tr>\n<tr>\n<td style=\"font-family: arial,sans-serif; font-size: 11px; text-align: right;\">Buruczki, c\u00e2\u015ftig\u0103torul de la elite &#8211; From <a href=\"https:\/\/picasaweb.google.com\/103481498978040293448\/UCIC2NapoCupClujulPedaleaza?authuser=0&amp;feat=embedwebsite\">UCI C2 NapoCup Clujul Pedaleaza<\/a><\/td>\n<\/tr>\n<\/tbody>\n<\/table>\n<table style=\"width: auto;\">\n<tbody>\n<tr>\n<td><a href=\"https:\/\/picasaweb.google.com\/lh\/photo\/vrqP4n8FL08rruO87q1nidMTjNZETYmyPJy0liipFm0?feat=embedwebsite\"><img loading=\"lazy\" decoding=\"async\" src=\"https:\/\/lh3.googleusercontent.com\/-z082sio-zF4\/VYUlBQjuazI\/AAAAAAAAeXo\/u0OaaTFlGMA\/s640\/DSC_0063.JPG\" alt=\"\" width=\"640\" height=\"430\" \/><\/a><\/td>\n<\/tr>\n<tr>\n<td style=\"font-family: arial,sans-serif; font-size: 11px; text-align: right;\">From <a href=\"https:\/\/picasaweb.google.com\/103481498978040293448\/UCIC2NapoCupClujulPedaleaza?authuser=0&amp;feat=embedwebsite\">UCI C2 NapoCup Clujul Pedaleaza<\/a><\/td>\n<\/tr>\n<\/tbody>\n<\/table>\n<table style=\"width: auto;\">\n<tbody>\n<tr>\n<td><a href=\"https:\/\/picasaweb.google.com\/lh\/photo\/e41Hvfdzs0bXChG98i8uItMTjNZETYmyPJy0liipFm0?feat=embedwebsite\"><img loading=\"lazy\" decoding=\"async\" src=\"https:\/\/lh3.googleusercontent.com\/-3WHtroEJOhc\/VYUlCSMsZLI\/AAAAAAAAeX4\/UjcVkYe8ph0\/s640\/DSC_0090.JPG\" alt=\"\" width=\"640\" height=\"430\" \/><\/a><\/td>\n<\/tr>\n<tr>\n<td style=\"font-family: arial,sans-serif; font-size: 11px; text-align: right;\">premiere elite &#8211; From <a href=\"https:\/\/picasaweb.google.com\/103481498978040293448\/UCIC2NapoCupClujulPedaleaza?authuser=0&amp;feat=embedwebsite\">UCI C2 NapoCup Clujul Pedaleaza<\/a><\/td>\n<\/tr>\n<\/tbody>\n<\/table>\n<p>La amatori am fost peste 50 de participan\u0163i \u015fi am \u00eencheiat pe locul 25 general \u015fi 6 la categorie.<\/p>\n<table style=\"width: auto;\">\n<tbody>\n<tr>\n<td><a href=\"https:\/\/picasaweb.google.com\/lh\/photo\/qWKCflUOqJNJxqXXT0hZH9MTjNZETYmyPJy0liipFm0?feat=embedwebsite\"><img loading=\"lazy\" decoding=\"async\" src=\"https:\/\/lh3.googleusercontent.com\/-GxM7_T5KHks\/VYUmfVheNpI\/AAAAAAAAeZk\/o0hYRKUHC-c\/s640\/DSC_0006.JPG\" alt=\"\" width=\"640\" height=\"430\" \/><\/a><\/td>\n<\/tr>\n<tr>\n<td style=\"font-family: arial,sans-serif; font-size: 11px; text-align: right;\">numarul meu de concurs &#8211; From <a href=\"https:\/\/picasaweb.google.com\/103481498978040293448\/UCIC2NapoCupClujulPedaleaza?authuser=0&amp;feat=embedwebsite\">UCI C2 NapoCup Clujul Pedaleaza<\/a><\/td>\n<\/tr>\n<\/tbody>\n<\/table>\n<p>Pentru mine urmeaz\u0103 <a href=\"http:\/\/www.xmanromania.ro\/\" target=\"_blank\">Ironmanul de la Oradea<\/a> din 26 iunie \u015fi apoi probabil <a href=\"http:\/\/www.marathon7500.ro\/\" target=\"_blank\">Marathon 7500<\/a>.<\/p>\n","protected":false},"excerpt":{"rendered":"<p>Dup\u0103 aventurile de la Propark Adventure din s\u0103pt\u0103m\u00e2na precedent\u0103 am revenit la concursurile clasice, de data aceasta la unul de tip XCO &#8211; UCI C2 Napocup. Anii preceden\u0163i am fost la multe competi\u0163ii de MTB mai tehnice cum sunt cele de XCO, mai ales c\u0103 \u00een \u00eemprejurimile ora\u015fului nostru Clujul Pedaleaz\u0103 a organizat mai multe etape grupate \u00eentr-un campionat. Am \u00eenv\u0103\u0163at multe \u015fi am devenit mai bun. E genul de competi\u0163ie \u00een care conteaz\u0103 foarte mult recunoa\u015fterea traseului, \u00een care e esen\u0163ial s\u0103 ajungi cu cel pu\u0163in o zi \u00eenainte. Practic, chiar dac\u0103 concursul dureaz\u0103 uneori sub o or\u0103 \u015fi din exterior pare c\u0103 nu merit\u0103 s\u0103 te obose\u015fti s\u0103 pleci \u00een alt\u0103 localitate pentru at\u00e2ta, ad\u0103ug\u00e2nd orele de antrenament dinaintea cursei la efortul de curs\u0103 po\u0163i considera c\u0103 ai participat\u00a0la o frumoas\u0103 curs\u0103 de maraton. proba de amatori, acelasi traseu ca elitele dar 3 ture in loc de 6 &#8211; From UCI C2 NapoCup Clujul Pedaleaza From UCI C2 NapoCup Clujul Pedaleaza Cursa de fa\u0163\u0103, organizat\u0103 \u00een unul din locurile de l\u00e2ng\u0103 Cluj care au devenit\u00a0clasice \u015fi pentru\u00a0MTB &#8211; izvorul Elisabeta, a avut dou\u0103 p\u0103r\u0163i: competi\u0163ia pentru amatori, unde am participat \u015fi eu, \u015fi competi\u0163ia pentru elite, clasificat\u0103 UCI, \u015fi la care au fost \u015fi prezen\u0163e interna\u0163ionale, venind sportivi din Ungaria. N-am ratat ocazia de a urm\u0103ri \u015fi poza pe cei mai buni de la elite. start la elite &#8211; From UCI C2 NapoCup Clujul Pedaleaza Buruczki, c\u00e2\u015ftig\u0103torul de la elite &#8211; From UCI C2 NapoCup Clujul Pedaleaza From UCI C2 NapoCup Clujul Pedaleaza premiere elite &#8211; From UCI C2 NapoCup Clujul Pedaleaza La amatori am fost peste 50 de participan\u0163i \u015fi am \u00eencheiat pe locul 25 general \u015fi 6 la categorie. numarul meu de concurs &#8211; From UCI C2 NapoCup Clujul Pedaleaza Pentru mine urmeaz\u0103 Ironmanul de la Oradea din 26 iunie \u015fi apoi probabil Marathon 7500.<\/p>\n","protected":false},"author":1,"featured_media":0,"comment_status":"open","ping_status":"open","sticky":false,"template":"","format":"standard","meta":{"ngg_post_thumbnail":0,"footnotes":""},"categories":[11,115,4,358,131,396,12],"tags":[411,418,408,631,397,412],"class_list":["post-1191","post","type-post","status-publish","format-standard","hentry","category-cluj","category-cluj-napoca","category-clujul-pedaleaza","category-faget-cluj","category-localitati-si-zone","category-uci-c2-napocup","category-xco","tag-cluj","tag-cluj-napoca","tag-clujul-pedaleaza","tag-faget-cluj","tag-uci-c2-napocup","tag-xco"],"_links":{"self":[{"href":"https:\/\/www.unpicdetimpliber.ro\/wordpress\/wp-json\/wp\/v2\/posts\/1191","targetHints":{"allow":["GET"]}}],"collection":[{"href":"https:\/\/www.unpicdetimpliber.ro\/wordpress\/wp-json\/wp\/v2\/posts"}],"about":[{"href":"https:\/\/www.unpicdetimpliber.ro\/wordpress\/wp-json\/wp\/v2\/types\/post"}],"author":[{"embeddable":true,"href":"https:\/\/www.unpicdetimpliber.ro\/wordpress\/wp-json\/wp\/v2\/users\/1"}],"replies":[{"embeddable":true,"href":"https:\/\/www.unpicdetimpliber.ro\/wordpress\/wp-json\/wp\/v2\/comments?post=1191"}],"version-history":[{"count":4,"href":"https:\/\/www.unpicdetimpliber.ro\/wordpress\/wp-json\/wp\/v2\/posts\/1191\/revisions"}],"predecessor-version":[{"id":1195,"href":"https:\/\/www.unpicdetimpliber.ro\/wordpress\/wp-json\/wp\/v2\/posts\/1191\/revisions\/1195"}],"wp:attachment":[{"href":"https:\/\/www.unpicdetimpliber.ro\/wordpress\/wp-json\/wp\/v2\/media?parent=1191"}],"wp:term":[{"taxonomy":"category","embeddable":true,"href":"https:\/\/www.unpicdetimpliber.ro\/wordpress\/wp-json\/wp\/v2\/categories?post=1191"},{"taxonomy":"post_tag","embeddable":true,"href":"https:\/\/www.unpicdetimpliber.ro\/wordpress\/wp-json\/wp\/v2\/tags?post=1191"}],"curies":[{"name":"wp","href":"https:\/\/api.w.org\/{rel}","templated":true}]}}