{"id":1219,"date":"2015-07-24T11:37:32","date_gmt":"2015-07-24T09:37:32","guid":{"rendered":"http:\/\/www.unpicdetimpliber.ro\/?p=1219"},"modified":"2015-07-24T11:54:26","modified_gmt":"2015-07-24T09:54:26","slug":"marathon-7500-2015-bucegi","status":"publish","type":"post","link":"https:\/\/www.unpicdetimpliber.ro\/wordpress\/2015\/07\/marathon-7500-2015-bucegi.html","title":{"rendered":"Marathon 7500 2015 &#8211; Bucegi"},"content":{"rendered":"<div class=\"fcbkbttn_buttons_block\" id=\"fcbkbttn_left\"><div class=\"fcbkbttn_like \"><fb:like href=\"https:\/\/www.unpicdetimpliber.ro\/wordpress\/2015\/07\/marathon-7500-2015-bucegi.html\" action=\"like\" colorscheme=\"light\" layout=\"box_count\"  size=\"small\"><\/fb:like><\/div><div class=\"fb-share-button  \" data-href=\"https:\/\/www.unpicdetimpliber.ro\/wordpress\/2015\/07\/marathon-7500-2015-bucegi.html\" data-type=\"button_count\" data-size=\"small\"><\/div><\/div><p><iframe loading=\"lazy\" style=\"border: none; height: 80px; width: 450px;\" src=\"http:\/\/www.facebook.com\/plugins\/like.php?href=https:\/\/www.unpicdetimpliber.ro\/wordpress\/2015\/07\/marathon-7500-2015-bucegi.html\" width=\"320\" height=\"240\" frameborder=\"0\" scrolling=\"no\"><\/iframe><\/p>\n<p><strong>Venise timpul unei noi \u00eencerc\u0103ri<\/strong> la Marathon 7500. <a href=\"https:\/\/www.unpicdetimpliber.ro\/wordpress\/2014\/07\/ultratrail-oficial-pentru-prima-oara-marathon7500-bucegi.html\" target=\"_blank\">Anul trecut n-a fost prea vesel<\/a>, \u00een zona alpin\u0103 ploua puternic \u015fi urma ca noaptea s\u0103 \u015fi \u00eenghe\u0163\u0103m &#8211; \u015fi \u015ftim cu to\u0163ii c\u0103 la mur\u0103turi nu le prinde bine frigul. Ca urmare a fost curs\u0103 \u00eentrerupt\u0103 la to\u0163i la 19.30 (noi ajunsesem pentru a doua oar\u0103 la Omu la 19.59.59), \u00eencheind pe locul 11 la masculin \u015fi 14 la general. Ce \u0163in bine minte e c\u0103 \u00eemi scosesem hainele din pantaloni pentru ca apa s\u0103 se scurg\u0103 c\u00e2t mai nest\u00e2njenit\u0103 \u015fi c\u0103 nu st\u0103team o clip\u0103 pe urcarea de Buc\u015foiu, la nevoie b\u0103t\u00e2nd pasul pe loc. Singurul lucru\u00a0avantajos la ploaia aceea puterninc\u0103 era c\u0103 nu b\u0103tea tare v\u00e2ntul.<\/p>\n<table style=\"width: auto;\">\n<tbody>\n<tr>\n<td><a href=\"https:\/\/picasaweb.google.com\/lh\/photo\/TOlwhum5N4HMZgM_dc6JadMTjNZETYmyPJy0liipFm0?feat=embedwebsite\"><img loading=\"lazy\" decoding=\"async\" src=\"https:\/\/lh3.googleusercontent.com\/-dz_xh4vvxl0\/VbIKBsGpwvI\/AAAAAAAAen8\/cz2GLvplMlQ\/s640-Ic42\/11782252_943891109009811_7086786694156961082_o.jpg\" alt=\"\" width=\"427\" height=\"640\" \/><\/a><\/td>\n<\/tr>\n<tr>\n<td style=\"font-family: arial,sans-serif; font-size: 11px; text-align: right;\">la start &#8211; poze Fisheye.ro &#8211; multumesc &#8211; From <a href=\"https:\/\/picasaweb.google.com\/103481498978040293448\/Marathon75002015Bucegi?authuser=0&amp;feat=embedwebsite\">Marathon 7500 2015 &#8211; Bucegi<\/a><\/td>\n<\/tr>\n<\/tbody>\n<\/table>\n<table style=\"width: auto;\">\n<tbody>\n<tr>\n<td><a href=\"https:\/\/picasaweb.google.com\/lh\/photo\/V9kwFG8ema5kM5JLJl26F9MTjNZETYmyPJy0liipFm0?feat=embedwebsite\"><img loading=\"lazy\" decoding=\"async\" src=\"https:\/\/lh3.googleusercontent.com\/-cJY6Vu6nNKQ\/VbIKC29c3yI\/AAAAAAAAeoE\/aJl33wUUHxw\/s640-Ic42\/11792042_943896775675911_3311856879545956124_o.jpg\" alt=\"\" width=\"427\" height=\"640\" \/><\/a><\/td>\n<\/tr>\n<tr>\n<td style=\"font-family: arial,sans-serif; font-size: 11px; text-align: right;\">poze Fisheye.ro &#8211; multumesc &#8211; From <a href=\"https:\/\/picasaweb.google.com\/103481498978040293448\/Marathon75002015Bucegi?authuser=0&amp;feat=embedwebsite\">Marathon 7500 2015 &#8211; Bucegi<\/a><\/td>\n<\/tr>\n<\/tbody>\n<\/table>\n<table style=\"width: auto;\">\n<tbody>\n<tr>\n<td><a href=\"https:\/\/picasaweb.google.com\/lh\/photo\/f6w9JM7bB7dBGI7lnobJidMTjNZETYmyPJy0liipFm0?feat=embedwebsite\"><img loading=\"lazy\" decoding=\"async\" src=\"https:\/\/lh3.googleusercontent.com\/-kbQzpgEgFAo\/VbIKBmSIp2I\/AAAAAAAAen4\/OifjWQ7YvOA\/s640-Ic42\/11754294_943893102342945_7435508213441925155_o.jpg\" alt=\"\" width=\"427\" height=\"640\" \/><\/a><\/td>\n<\/tr>\n<tr>\n<td style=\"font-family: arial,sans-serif; font-size: 11px; text-align: right;\">poze Fisheye.ro &#8211; multumesc &#8211; From <a href=\"https:\/\/picasaweb.google.com\/103481498978040293448\/Marathon75002015Bucegi?authuser=0&amp;feat=embedwebsite\">Marathon 7500 2015 &#8211; Bucegi<\/a><\/td>\n<\/tr>\n<\/tbody>\n<\/table>\n<p>Acum se anun\u0163a canicul\u0103, deci erau mari \u015fanse ca s\u0103 \u00eencheiem cu bine cursa. Am luat-o de la cap\u0103t, cu echipa Regi \u015fi Pioni \u015fi cu coechipierul \u015fi prietenul meu Adi Cosma, cu care m\u0103\u00a0\u00een\u0163elesesem foarte bine. \u0162inta noastr\u0103 a r\u0103mas la fel, s\u0103 \u00eencerc\u0103m s\u0103 ne \u00eencadr\u0103m \u00een 24 ore. Nu mi-a lipsit \u015fi de data aceasta h\u00e2rtia cu timpii intermediari din 2013 de la c\u00e2teva echipe, la care am ad\u0103ugat \u015fi timpii no\u015ftri de anul trecut.<\/p>\n<p>De data aceasta am stat la cort \u015fi mi-a prins bine &#8211; noaptea a fost suficient de rece ca s\u0103-mi dau seama c\u0103 mai bine \u00eemi iau un impermeabil cu membran\u0103 chiar dac\u0103 c\u00e2nt\u0103rea triplu ca foi\u0163a \u015fi mi-am pus \u015fi o bluz\u0103 cu m\u00e2nec\u0103 lung\u0103 suplimentar\u0103. Por\u0163iunea nou\u0103 pentru mine &#8211; Ciubotea-Bran-Valea Gaura-Omu-Gu\u0163anu-Pe\u015ftera urma s-o parcurgem \u00een cea mai mare parte noaptea. Tot la capitolul dorin\u0163e trec \u015fi speran\u0163a ca la Omu s\u0103 ajungem de pe Buc\u015foiu mai repede ca anul trecut \u015fi s\u0103 parcurgem cobor\u00e2rea de Ciubotea-Bran\u00a0pe lumin\u0103.<\/p>\n<table style=\"width: auto;\">\n<tbody>\n<tr>\n<td><a href=\"https:\/\/picasaweb.google.com\/lh\/photo\/gGVWFkPllSELyzN5xdahztMTjNZETYmyPJy0liipFm0?feat=embedwebsite\"><img loading=\"lazy\" decoding=\"async\" src=\"https:\/\/lh3.googleusercontent.com\/-ta3NEt6mOKM\/VbFMEk3gEgI\/AAAAAAAAegc\/teuuUfSGzQQ\/s640-Ic42\/11731741_1141445142539696_379271113970811802_o.jpg\" alt=\"\" width=\"640\" height=\"427\" \/><\/a><\/td>\n<\/tr>\n<tr>\n<td style=\"font-family: arial,sans-serif; font-size: 11px; text-align: right;\">la PA Gura Diham &#8211; multumesc pentru poza &#8211; From <a href=\"https:\/\/picasaweb.google.com\/103481498978040293448\/Marathon75002015Bucegi?authuser=0&amp;feat=embedwebsite\">Marathon 7500 2015 &#8211; Bucegi<\/a><\/td>\n<\/tr>\n<\/tbody>\n<\/table>\n<table style=\"width: auto;\">\n<tbody>\n<tr>\n<td><a href=\"https:\/\/picasaweb.google.com\/lh\/photo\/HdejwUuuLDiOf4AMu29D4dMTjNZETYmyPJy0liipFm0?feat=embedwebsite\"><img loading=\"lazy\" decoding=\"async\" src=\"https:\/\/lh3.googleusercontent.com\/-PIOv8ARDcJ4\/VbFKjJ9uZ0I\/AAAAAAAAefA\/D-J5WOApZag\/s640-Ic42\/DSC_0008.JPG\" alt=\"\" width=\"640\" height=\"430\" \/><\/a><\/td>\n<\/tr>\n<tr>\n<td style=\"font-family: arial,sans-serif; font-size: 11px; text-align: right;\">foaie cu timpi de referinta &#8211; From <a href=\"https:\/\/picasaweb.google.com\/103481498978040293448\/Marathon75002015Bucegi?authuser=0&amp;feat=embedwebsite\">Marathon 7500 2015 &#8211; Bucegi<\/a><\/td>\n<\/tr>\n<\/tbody>\n<\/table>\n<p><strong>M-am tot g\u00e2ndit \u00eenainte de concurs, \u00eencerc\u00e2nd s\u0103-mi aduc aminte<\/strong> c\u00e2nd\u00a0am mai fost pe urcarea de Gaura. Prin Bucegi am tot fost mai demult \u00een drume\u0163ie, dar accesarea dinspre Piatra Craiului numai o dat\u0103 se pare c\u0103 am f\u0103cut-o. \u0162ineam minte c\u0103 am trecut pe la Cascada Moara Dracului &#8230; secolul trecut. E ciudat c\u0103 pot spune asta, m\u0103 simt &#8230; nemuritor, ca un Highlander \ud83d\ude42 A\u015fa cum acum alerg singur, m\u0103 duc cu MTB-ul singur, \u015fi atunci erau excursii care le f\u0103ceam singur. Pornisem s\u0103 fac creasta Pietrei Craiului, aveam dou\u0103 zile pentru asta, urm\u00e2nd apoi s\u0103 ajung la Cabana Diham \u00een Bucegi unde era ceva \u00eentrunire legat\u0103 de alpinism, cicloturism&#8230; nu mai \u015ftiu. Cum ajung acolo, pe ce c\u0103r\u0103ri? Doar aveam h\u0103r\u0163i! Aveam har\u0163i?! Mai am ceva poze de atunci, am s\u0103\u00a0le postez, pentru mine a fost o excursie plin\u0103 de pitoresc. Ireal de ordonat eram atunci! Nu-mi vine sa cred! Am g\u0103sit albumul, 24 pozi\u0163ii, pe fiecare scrie data (<strong>11-14.07.1996<\/strong>), unde s-a f\u0103cut poza, spre ce priveam, tipul de film (Scotch 24DIN), obiectivul &#8211; rectangular sau nu, num\u0103rul de album (f1), mai am \u015fi filmul. Hart\u0103 aveam numai cu Bucegii, edi\u0163ie 1984 \u015fi probabil nelipsitul pe atunci &#8220;Ghidul marcajelor turistice&#8221; edi\u0163ia 1958, amintire de la tata (de altfel \u015fi aparatele foto, el era pasionat \u015fi de fotografie).<\/p>\n<table style=\"width: auto;\">\n<tbody>\n<tr>\n<td><a href=\"https:\/\/picasaweb.google.com\/lh\/photo\/LKgCkSIkIp5crYstsK-ewtMTjNZETYmyPJy0liipFm0?feat=embedwebsite\"><img loading=\"lazy\" decoding=\"async\" src=\"https:\/\/lh3.googleusercontent.com\/-rqTCgNtx5H8\/VbIAdzO_IaI\/AAAAAAAAeiM\/mJrRmof3akk\/s640-Ic42\/p1.jpg\" alt=\"\" width=\"640\" height=\"567\" \/><\/a><\/td>\n<\/tr>\n<tr>\n<td style=\"font-family: arial,sans-serif; font-size: 11px; text-align: right;\">From <a href=\"https:\/\/picasaweb.google.com\/103481498978040293448\/Marathon75002015Bucegi?authuser=0&amp;feat=embedwebsite\">Marathon 7500 2015 &#8211; Bucegi<\/a><\/td>\n<\/tr>\n<\/tbody>\n<\/table>\n<table style=\"width: auto;\">\n<tbody>\n<tr>\n<td><a href=\"https:\/\/picasaweb.google.com\/lh\/photo\/16MCQzeoAy-ly4SghiX9UdMTjNZETYmyPJy0liipFm0?feat=embedwebsite\"><img loading=\"lazy\" decoding=\"async\" src=\"https:\/\/lh3.googleusercontent.com\/-NmKFJInpqoU\/VbIAi-oByqI\/AAAAAAAAekI\/Ed7b12Im7w8\/s640-Ic42\/p4.jpg\" alt=\"\" width=\"640\" height=\"567\" \/><\/a><\/td>\n<\/tr>\n<tr>\n<td style=\"font-family: arial,sans-serif; font-size: 11px; text-align: right;\">From <a href=\"https:\/\/picasaweb.google.com\/103481498978040293448\/Marathon75002015Bucegi?authuser=0&amp;feat=embedwebsite\">Marathon 7500 2015 &#8211; Bucegi<\/a><\/td>\n<\/tr>\n<\/tbody>\n<\/table>\n<table style=\"width: auto;\">\n<tbody>\n<tr>\n<td><a href=\"https:\/\/picasaweb.google.com\/lh\/photo\/3vsdQ2Rjv0qaXWTSEmVAuNMTjNZETYmyPJy0liipFm0?feat=embedwebsite\"><img loading=\"lazy\" decoding=\"async\" src=\"https:\/\/lh3.googleusercontent.com\/-V7ARMDkQVq4\/VbIAjgNSLkI\/AAAAAAAAekY\/h2jMcKkZD3A\/s640-Ic42\/p6.jpg\" alt=\"\" width=\"640\" height=\"567\" \/><\/a><\/td>\n<\/tr>\n<tr>\n<td style=\"font-family: arial,sans-serif; font-size: 11px; text-align: right;\">From <a href=\"https:\/\/picasaweb.google.com\/103481498978040293448\/Marathon75002015Bucegi?authuser=0&amp;feat=embedwebsite\">Marathon 7500 2015 &#8211; Bucegi<\/a><\/td>\n<\/tr>\n<\/tbody>\n<\/table>\n<table style=\"width: auto;\">\n<tbody>\n<tr>\n<td><a href=\"https:\/\/picasaweb.google.com\/lh\/photo\/7ABcLneSGElPjBEniojp5tMTjNZETYmyPJy0liipFm0?feat=embedwebsite\"><img loading=\"lazy\" decoding=\"async\" src=\"https:\/\/lh3.googleusercontent.com\/-JK5bqEtllsY\/VbIAj_QDnnI\/AAAAAAAAekU\/k9lfU_f8lKY\/s640-Ic42\/p7.jpg\" alt=\"\" width=\"640\" height=\"567\" \/><\/a><\/td>\n<\/tr>\n<tr>\n<td style=\"font-family: arial,sans-serif; font-size: 11px; text-align: right;\">From <a href=\"https:\/\/picasaweb.google.com\/103481498978040293448\/Marathon75002015Bucegi?authuser=0&amp;feat=embedwebsite\">Marathon 7500 2015 &#8211; Bucegi<\/a><\/td>\n<\/tr>\n<\/tbody>\n<\/table>\n<table style=\"width: auto;\">\n<tbody>\n<tr>\n<td><a href=\"https:\/\/picasaweb.google.com\/lh\/photo\/ha-oOUYDIrenSrWU14Mp5tMTjNZETYmyPJy0liipFm0?feat=embedwebsite\"><img loading=\"lazy\" decoding=\"async\" src=\"https:\/\/lh3.googleusercontent.com\/-acrIXNZlnoY\/VbIAlVyGgeI\/AAAAAAAAekc\/ZZpxtH9J9Kc\/s640-Ic42\/p8.jpg\" alt=\"\" width=\"640\" height=\"567\" \/><\/a><\/td>\n<\/tr>\n<tr>\n<td style=\"font-family: arial,sans-serif; font-size: 11px; text-align: right;\">From <a href=\"https:\/\/picasaweb.google.com\/103481498978040293448\/Marathon75002015Bucegi?authuser=0&amp;feat=embedwebsite\">Marathon 7500 2015 &#8211; Bucegi<\/a><\/td>\n<\/tr>\n<\/tbody>\n<\/table>\n<table style=\"width: auto;\">\n<tbody>\n<tr>\n<td><a href=\"https:\/\/picasaweb.google.com\/lh\/photo\/r3wIKk1jzxG3uJCX6lykbtMTjNZETYmyPJy0liipFm0?feat=embedwebsite\"><img loading=\"lazy\" decoding=\"async\" src=\"https:\/\/lh3.googleusercontent.com\/-8c-dYGOejS0\/VbIAePiLnNI\/AAAAAAAAemA\/lQUdZiszUC0\/s640-Ic42\/p10.jpg\" alt=\"\" width=\"640\" height=\"567\" \/><\/a><\/td>\n<\/tr>\n<tr>\n<td style=\"font-family: arial,sans-serif; font-size: 11px; text-align: right;\">From <a href=\"https:\/\/picasaweb.google.com\/103481498978040293448\/Marathon75002015Bucegi?authuser=0&amp;feat=embedwebsite\">Marathon 7500 2015 &#8211; Bucegi<\/a><\/td>\n<\/tr>\n<\/tbody>\n<\/table>\n<table style=\"width: auto;\">\n<tbody>\n<tr>\n<td><a href=\"https:\/\/picasaweb.google.com\/lh\/photo\/vojDQaTFa2Vv3-cSJzq4mdMTjNZETYmyPJy0liipFm0?feat=embedwebsite\"><img loading=\"lazy\" decoding=\"async\" src=\"https:\/\/lh3.googleusercontent.com\/-8xfEoGkJn4E\/VbIAeF6soSI\/AAAAAAAAeiE\/145YwLVRmew\/s640-Ic42\/p11.jpg\" alt=\"\" width=\"640\" height=\"567\" \/><\/a><\/td>\n<\/tr>\n<tr>\n<td style=\"font-family: arial,sans-serif; font-size: 11px; text-align: right;\">From <a href=\"https:\/\/picasaweb.google.com\/103481498978040293448\/Marathon75002015Bucegi?authuser=0&amp;feat=embedwebsite\">Marathon 7500 2015 &#8211; Bucegi<\/a><\/td>\n<\/tr>\n<\/tbody>\n<\/table>\n<table style=\"width: auto;\">\n<tbody>\n<tr>\n<td><a href=\"https:\/\/picasaweb.google.com\/lh\/photo\/6uJnmbm_LFHNwRGCn4iko9MTjNZETYmyPJy0liipFm0?feat=embedwebsite\"><img loading=\"lazy\" decoding=\"async\" src=\"https:\/\/lh3.googleusercontent.com\/-7AtcWMe8gjk\/VbIAe-3-s5I\/AAAAAAAAeic\/bpmZsVK1TTY\/s640-Ic42\/p13.jpg\" alt=\"\" width=\"640\" height=\"567\" \/><\/a><\/td>\n<\/tr>\n<tr>\n<td style=\"font-family: arial,sans-serif; font-size: 11px; text-align: right;\">From <a href=\"https:\/\/picasaweb.google.com\/103481498978040293448\/Marathon75002015Bucegi?authuser=0&amp;feat=embedwebsite\">Marathon 7500 2015 &#8211; Bucegi<\/a><\/td>\n<\/tr>\n<\/tbody>\n<\/table>\n<table style=\"width: auto;\">\n<tbody>\n<tr>\n<td><a href=\"https:\/\/picasaweb.google.com\/lh\/photo\/oMDYSt6mw8scqcq7At-x7NMTjNZETYmyPJy0liipFm0?feat=embedwebsite\"><img loading=\"lazy\" decoding=\"async\" src=\"https:\/\/lh3.googleusercontent.com\/-tFVgDzGjrdI\/VbIAmSbk_vI\/AAAAAAAAeks\/NnonKGcPsDM\/s640-Ic42\/p14.jpg\" alt=\"\" width=\"640\" height=\"567\" \/><\/a><\/td>\n<\/tr>\n<tr>\n<td style=\"font-family: arial,sans-serif; font-size: 11px; text-align: right;\">From <a href=\"https:\/\/picasaweb.google.com\/103481498978040293448\/Marathon75002015Bucegi?authuser=0&amp;feat=embedwebsite\">Marathon 7500 2015 &#8211; Bucegi<\/a><\/td>\n<\/tr>\n<\/tbody>\n<\/table>\n<table style=\"width: auto;\">\n<tbody>\n<tr>\n<td><a href=\"https:\/\/picasaweb.google.com\/lh\/photo\/MuHUt0kDFaMIX_BsytrS_tMTjNZETYmyPJy0liipFm0?feat=embedwebsite\"><img loading=\"lazy\" decoding=\"async\" src=\"https:\/\/lh3.googleusercontent.com\/-oq2hMh6rf18\/VbIAffry7NI\/AAAAAAAAejM\/KLeO6IDqGyA\/s640-Ic42\/p16.jpg\" alt=\"\" width=\"640\" height=\"567\" \/><\/a><\/td>\n<\/tr>\n<tr>\n<td style=\"font-family: arial,sans-serif; font-size: 11px; text-align: right;\">From <a href=\"https:\/\/picasaweb.google.com\/103481498978040293448\/Marathon75002015Bucegi?authuser=0&amp;feat=embedwebsite\">Marathon 7500 2015 &#8211; Bucegi<\/a><\/td>\n<\/tr>\n<\/tbody>\n<\/table>\n<table style=\"width: auto;\">\n<tbody>\n<tr>\n<td><a href=\"https:\/\/picasaweb.google.com\/lh\/photo\/sMWx4kHqEVC2U9RXHdHOANMTjNZETYmyPJy0liipFm0?feat=embedwebsite\"><img loading=\"lazy\" decoding=\"async\" src=\"https:\/\/lh3.googleusercontent.com\/-M_1E-G75Y5s\/VbIAiZsMv1I\/AAAAAAAAejw\/w_18v-kChV4\/s640-Ic42\/p24.jpg\" alt=\"\" width=\"640\" height=\"567\" \/><\/a><\/td>\n<\/tr>\n<tr>\n<td style=\"font-family: arial,sans-serif; font-size: 11px; text-align: right;\">From <a href=\"https:\/\/picasaweb.google.com\/103481498978040293448\/Marathon75002015Bucegi?authuser=0&amp;feat=embedwebsite\">Marathon 7500 2015 &#8211; Bucegi<\/a><\/td>\n<\/tr>\n<\/tbody>\n<\/table>\n<p>Marathon 7500 a fost \u015fi un prilej de incursiune \u00een trecut. Mie-mi plac mult Bucegii. \u00cen Piatra Craiului am \u00eenceput s\u0103 urc pe Piatra Mic\u0103 dar vremea se schimba \u00een r\u0103u. Ca s\u0103 nu car multe pornisem doar cu\u00a0foaia exterioar\u0103 de la cort, f\u0103r\u0103 cuie \u015fi be\u0163e, \u015fi un briceag. De la \u00eenceput tura a devenit interesant\u0103. Mai urcau grupuri spre cabana Curm\u0103tura \u015fi am intrat \u00een pove\u015fti. M-am pomenit c\u0103 o fat\u0103 vrea s\u0103 vin\u0103 cu mine \u015fi degeaba am spus c\u0103 n-am cort adev\u0103rat. \ud83d\ude42 A\u015fa c\u0103 ne-a prins noaptea pe Piatra Mic\u0103, am mers mai \u00eencet. Am cioplit repede be\u0163e \u015fi cuie, c\u0103 mirosea a ploaie. Ziua urm\u0103toare, pe ploaie, a trebuit s\u0103 cobor\u00e2m la Curm\u0103tura, unde ne-am desp\u0103r\u0163it, schimb\u00e2nd adrese. Da, atunci a\u015fa era, nu schimbai numere de telefon \u015fi emailuri. Eram tare aerian atunci \u015fi timid \u015fi nu i-am mai scris&#8230; \u00cen fine, planul meu era s\u0103 mai stau o zi cu &#8220;cortul&#8221; l\u00e2ng\u0103 Curm\u0103tura \u015fi dac\u0103 n-am \u00eencotro s\u0103 pornesc mai repede spre Bucegi. Acolo se vedea soare. \u015ei n-am avut noroc cu vremea, a\u015fa c\u0103 am trecut prin Pr\u0103pastiile Z\u0103rne\u015ftilor \u015fi am luat-o spre Bran. Scrie pe poze pe unde am luat-o. Am mers destul de mult pe o c\u0103rare pe l\u00e2ng\u0103 un p\u00e2r\u00e2ia\u015f care \u015ferpuia prin iarb\u0103 &#8211; Valea cu Cale (semnificativ\u0103 denumire),\u00a0ce mai \u0163in minte e c\u0103 la ie\u015firea dintr-un sat era o iurt\u0103 mare de \u0163igani la care le-am f\u0103cut \u00een vitez\u0103 \u015fi pe furi\u015f c\u00e2teva poze. Fiecare treb\u0103luia c\u00e2te ceva &#8211; se vedea organizarea, copiii se jucau, aveau hin\u0163i din sfoar\u0103&#8230; Fain s\u0103 fii nomad din c\u00e2nd \u00een c\u00e2nd, dar\u00a0o via\u0163\u0103 mi se pare imposibil. \u00cen mod normal a\u015f fi c\u0103scat gura mult\u0103 vreme uit\u00e2ndu-m\u0103 la ei dar instinctul de conservare a fost mai puternic. Am dormit mai \u00eencolo pe vale, pe masa de la un ad\u0103post cu acoperi\u015f. M-a \u015fi \u00eentrebat un cioban de ce n-am f\u0103cut foc, c\u0103 au cl\u0103n\u0163\u0103nit c\u00e2inii lui a urs. Auzisem \u015fi eu c\u00e2inii noaptea, nea\u015fteptat de aproape. Tot ce mi-a trecut prin cap a fost c\u0103 nu scap nici acolo de ei, c\u0103 dac\u0103 \u015ftiam mai mergeam pu\u0163in. Nu \u0163in minte\u00a0s\u0103 fi fost atunci cabluri \u015fi corzi pe valea Gaura ca acum, iar faptul c\u0103 am urcat pe noapte la concurs nu m-a ajutat s\u0103-mi rememorez traseul.<\/p>\n<table style=\"width: auto;\">\n<tbody>\n<tr>\n<td><a href=\"https:\/\/picasaweb.google.com\/lh\/photo\/EdCfn9jwwkCiRGNXiGfl0tMTjNZETYmyPJy0liipFm0?feat=embedwebsite\"><img loading=\"lazy\" decoding=\"async\" src=\"https:\/\/lh3.googleusercontent.com\/-5jHcvNCh4xk\/VbIArCG00PI\/AAAAAAAAel8\/I8JIiS8Oq_g\/s640-Ic42\/DSC_0001.JPG\" alt=\"\" width=\"640\" height=\"430\" \/><\/a><\/td>\n<\/tr>\n<tr>\n<td style=\"font-family: arial,sans-serif; font-size: 11px; text-align: right;\">From <a href=\"https:\/\/picasaweb.google.com\/103481498978040293448\/Marathon75002015Bucegi?authuser=0&amp;feat=embedwebsite\">Marathon 7500 2015 &#8211; Bucegi<\/a><\/td>\n<\/tr>\n<\/tbody>\n<\/table>\n<table style=\"width: auto;\">\n<tbody>\n<tr>\n<td><a href=\"https:\/\/picasaweb.google.com\/lh\/photo\/5FggmcxzXFuLvD1TZ7dtZ9MTjNZETYmyPJy0liipFm0?feat=embedwebsite\"><img loading=\"lazy\" decoding=\"async\" src=\"https:\/\/lh3.googleusercontent.com\/-rGUfyX-mdr4\/VbIArNNRXOI\/AAAAAAAAel4\/4Gc67SNnWCw\/s640-Ic42\/DSC_0003.JPG\" alt=\"\" width=\"640\" height=\"430\" \/><\/a><\/td>\n<\/tr>\n<tr>\n<td style=\"font-family: arial,sans-serif; font-size: 11px; text-align: right;\">From <a href=\"https:\/\/picasaweb.google.com\/103481498978040293448\/Marathon75002015Bucegi?authuser=0&amp;feat=embedwebsite\">Marathon 7500 2015 &#8211; Bucegi<\/a><\/td>\n<\/tr>\n<\/tbody>\n<\/table>\n<table style=\"width: auto;\">\n<tbody>\n<tr>\n<td><a href=\"https:\/\/picasaweb.google.com\/lh\/photo\/7laZ2fN67oj-mLb2MTQbVNMTjNZETYmyPJy0liipFm0?feat=embedwebsite\"><img loading=\"lazy\" decoding=\"async\" src=\"https:\/\/lh3.googleusercontent.com\/-9JKT8WnJqXk\/VbIAru2_NzI\/AAAAAAAAel0\/_DNNBdB1Rm8\/s640-Ic42\/DSC_0004.JPG\" alt=\"\" width=\"640\" height=\"430\" \/><\/a><\/td>\n<\/tr>\n<tr>\n<td style=\"font-family: arial,sans-serif; font-size: 11px; text-align: right;\">From <a href=\"https:\/\/picasaweb.google.com\/103481498978040293448\/Marathon75002015Bucegi?authuser=0&amp;feat=embedwebsite\">Marathon 7500 2015 &#8211; Bucegi<\/a><\/td>\n<\/tr>\n<\/tbody>\n<\/table>\n<table style=\"width: auto;\">\n<tbody>\n<tr>\n<td><a href=\"https:\/\/picasaweb.google.com\/lh\/photo\/Lh3vlS2jMKOSYzVssElTDNMTjNZETYmyPJy0liipFm0?feat=embedwebsite\"><img loading=\"lazy\" decoding=\"async\" src=\"https:\/\/lh3.googleusercontent.com\/-nUxKZigFeLU\/VbIArwxHtLI\/AAAAAAAAelU\/rXLQYDMOEqs\/s640-Ic42\/DSC_0005.JPG\" alt=\"\" width=\"640\" height=\"430\" \/><\/a><\/td>\n<\/tr>\n<tr>\n<td style=\"font-family: arial,sans-serif; font-size: 11px; text-align: right;\">From <a href=\"https:\/\/picasaweb.google.com\/103481498978040293448\/Marathon75002015Bucegi?authuser=0&amp;feat=embedwebsite\">Marathon 7500 2015 &#8211; Bucegi<\/a><\/td>\n<\/tr>\n<\/tbody>\n<\/table>\n<table style=\"width: auto;\">\n<tbody>\n<tr>\n<td><a href=\"https:\/\/picasaweb.google.com\/lh\/photo\/0EyrvLBob1UtpkZuMAic6NMTjNZETYmyPJy0liipFm0?feat=embedwebsite\"><img loading=\"lazy\" decoding=\"async\" src=\"https:\/\/lh3.googleusercontent.com\/-2NFvUXAKYgM\/VbIAsIJT8pI\/AAAAAAAAelw\/B5kk7QrJCgQ\/s640-Ic42\/DSC_0006.JPG\" alt=\"\" width=\"640\" height=\"430\" \/><\/a><\/td>\n<\/tr>\n<tr>\n<td style=\"font-family: arial,sans-serif; font-size: 11px; text-align: right;\">From <a href=\"https:\/\/picasaweb.google.com\/103481498978040293448\/Marathon75002015Bucegi?authuser=0&amp;feat=embedwebsite\">Marathon 7500 2015 &#8211; Bucegi<\/a><\/td>\n<\/tr>\n<\/tbody>\n<\/table>\n<table style=\"width: auto;\">\n<tbody>\n<tr>\n<td><a href=\"https:\/\/picasaweb.google.com\/lh\/photo\/kwB_YcmE_JZcig9W-Yglv9MTjNZETYmyPJy0liipFm0?feat=embedwebsite\"><img loading=\"lazy\" decoding=\"async\" src=\"https:\/\/lh3.googleusercontent.com\/-dRKBya5oe78\/VbIAsNzGs0I\/AAAAAAAAelk\/7pa-bUg1Lgg\/s640-Ic42\/DSC_0010.JPG\" alt=\"\" width=\"640\" height=\"430\" \/><\/a><\/td>\n<\/tr>\n<tr>\n<td style=\"font-family: arial,sans-serif; font-size: 11px; text-align: right;\">From <a href=\"https:\/\/picasaweb.google.com\/103481498978040293448\/Marathon75002015Bucegi?authuser=0&amp;feat=embedwebsite\">Marathon 7500 2015 &#8211; Bucegi<\/a><\/td>\n<\/tr>\n<\/tbody>\n<\/table>\n<table style=\"width: auto;\">\n<tbody>\n<tr>\n<td><a href=\"https:\/\/picasaweb.google.com\/lh\/photo\/_6isVdqnAnfU-MC4XE3wvtMTjNZETYmyPJy0liipFm0?feat=embedwebsite\"><img loading=\"lazy\" decoding=\"async\" src=\"https:\/\/lh3.googleusercontent.com\/-cx8EGTQ1QUU\/VbIAsdranxI\/AAAAAAAAelg\/Uc1yFxT8L4c\/s640-Ic42\/DSC_0011.JPG\" alt=\"\" width=\"640\" height=\"430\" \/><\/a><\/td>\n<\/tr>\n<tr>\n<td style=\"font-family: arial,sans-serif; font-size: 11px; text-align: right;\">From <a href=\"https:\/\/picasaweb.google.com\/103481498978040293448\/Marathon75002015Bucegi?authuser=0&amp;feat=embedwebsite\">Marathon 7500 2015 &#8211; Bucegi<\/a><\/td>\n<\/tr>\n<\/tbody>\n<\/table>\n<table style=\"width: auto;\">\n<tbody>\n<tr>\n<td><a href=\"https:\/\/picasaweb.google.com\/lh\/photo\/rvDTM8i6yrieBnJKnNiXz9MTjNZETYmyPJy0liipFm0?feat=embedwebsite\"><img loading=\"lazy\" decoding=\"async\" src=\"https:\/\/lh3.googleusercontent.com\/-WSCwC31lvLg\/VbIAsmDTzSI\/AAAAAAAAels\/L8F9un-Ukg0\/s640-Ic42\/DSC_0012.JPG\" alt=\"\" width=\"640\" height=\"430\" \/><\/a><\/td>\n<\/tr>\n<tr>\n<td style=\"font-family: arial,sans-serif; font-size: 11px; text-align: right;\">From <a href=\"https:\/\/picasaweb.google.com\/103481498978040293448\/Marathon75002015Bucegi?authuser=0&amp;feat=embedwebsite\">Marathon 7500 2015 &#8211; Bucegi<\/a><\/td>\n<\/tr>\n<\/tbody>\n<\/table>\n<table style=\"width: auto;\">\n<tbody>\n<tr>\n<td><a href=\"https:\/\/picasaweb.google.com\/lh\/photo\/M08BbgPMcM4SGxCL6VCLGtMTjNZETYmyPJy0liipFm0?feat=embedwebsite\"><img loading=\"lazy\" decoding=\"async\" src=\"https:\/\/lh3.googleusercontent.com\/-X0UlLhC_Wio\/VbIAs6B7OeI\/AAAAAAAAelo\/2GWBGxcDSxc\/s640-Ic42\/DSC_0014.JPG\" alt=\"\" width=\"640\" height=\"430\" \/><\/a><\/td>\n<\/tr>\n<tr>\n<td style=\"font-family: arial,sans-serif; font-size: 11px; text-align: right;\">From <a href=\"https:\/\/picasaweb.google.com\/103481498978040293448\/Marathon75002015Bucegi?authuser=0&amp;feat=embedwebsite\">Marathon 7500 2015 &#8211; Bucegi<\/a><\/td>\n<\/tr>\n<\/tbody>\n<\/table>\n<p><strong>\u015etiam anul trecut unde am pierdut mai mult\u0103 vreme<\/strong> pe traseu, iar acum urma s\u0103 fim mai aten\u0163i \u015fi la opriri. Era important s\u0103 avem noi ritm, iar apoi un rezultat bun putea urma firesc. Am scris \u015fi pe FB c\u0103 dup\u0103 CP1 cabana Valea Dorului eram \u00een avans de 6 minute f\u0103r\u0103 s\u0103 ne \u00eentrebuin\u0163\u0103m, dar p\u00e2n\u0103 la CP2 Poiana St\u00e2nii am reu\u015fit s\u0103 ne r\u0103t\u0103cim \u00een grup, de fapt s\u0103 cobor\u00e2m spre Sinaia. Neaten\u0163ia ne-a costat 10 minute, parcurg\u00e2nd peste 1 km \u00een plus \u015fi la CP2 eram \u00een \u00eent\u00e2rziere cu 2 minute. Partea nepl\u0103cut\u0103 a fost c\u0103 am pierdut contactul total cu cei din fa\u0163\u0103 \u015fi am luat-o de la cap\u0103t, \u00eencerc\u00e2nd s\u0103 ne control\u0103m impulsul de a for\u0163a recuperarea. La final ne-a p\u0103rut r\u0103u \u015fi mai mult pentru cele 10 minute \ud83d\ude42 .<\/p>\n<p>Eram pe undeva pe locul 12 la masculin, 13 la general, iar p\u00e2n\u0103 la Pe\u015ftera &#8211; CP7 nu ne-a mers urcarea de Jepii Mici ca anul trecut. Eu observasem la ceva alerg\u0103ri anterioare c\u0103 nu m\u0103 prea \u00eenc\u00e2nta s\u0103 alerg repede, probabil c\u0103 nu eram ref\u0103cut dupa Ironmanul de la Oradea. \u00cen plus m\u0103 apucase o durere la un inghinal \u015fi g\u00e2ndul c\u0103 mai aveam \u00eenc\u0103 peste 60km de parcurs nu era \u00eencurajator. \u00cemi imaginam c\u0103 la cobor\u00e2ri va fi \u015fi mai r\u0103u. Adi mergea bine, dar a avut \u015fi el\u00a0clipe de sl\u0103biciune, rezolvate de s\u0103rurile de rehidratare. Era pentru prima dat\u0103 c\u00e2nd am luat la mine plicule\u0163e cu s\u0103ruri \u015fi ne-au prins bine pe c\u0103ldur\u0103.<\/p>\n<p>Enorm am pierdut vremea anul trecut pe cobor\u00e2rea pe Valea Cerbului! F\u0103cusem roat\u0103 \u00een jurul cabanei Omu de vreo dou\u0103 ori p\u00e2n\u0103 s\u0103 ne d\u0103m seama \u00een ce direc\u0163ie s-o lu\u0103m, chiar dac\u0103 aveam gps, din cauza ce\u0163ii. Acum\u00a0am mers mai bine pe cobor\u00e2ri, dar de exemplu urcarea spre La Prepeleac &#8211;\u00a0CP9 iar a ar\u0103tat c\u0103 eram mai puternici anul trecut. Nu \u015ftiu prin ce minune am ajuns pe Omu, ultimul reper al echipei noastre de anul trecut, cu un timp mai bun cu 8 minute &#8211; la ora 19 \u015fi 51 minute. Urcarea de Buc\u015foiu se pare c\u0103 a mers mai bine. Eram pe locul 11 la general, iar cei mai apropia\u0163i, la 8 minute, erau \u0162\u00e2n\u0163arii &#8211; familia Lu\u0163ic &#8211; echipa de mixt care a terminat pe locul 1. Era un progres pentru noi, fa\u0163\u0103 de cum st\u0103team anul trecut. Ceilal\u0163i erau la aproape jum\u0103tate de or\u0103 \u00een fa\u0163\u0103. Incredibil ce bine au cobor\u00e2t \u0162\u00e2n\u0163arii, probabil c\u0103 \u015ftiau c\u0103 se apropiaser\u0103 polonezii de la mixt &#8211;\u00a0JacekBiega Running Team, \u00een orice caz au c\u00e2\u015ftigat fa\u0163\u0103 de noi numai pe cobor\u00e2rea de Bran peste 40 minute! \u0162\u00e2n\u0163arii au mers bine p\u00e2n\u0103 la final, sco\u0163\u00eend un timp foarte bun, sub 24 de ore. Noi deja mai mult mergeam, la st\u00e2n\u0103 iar am mers \u00eenceti\u015for s\u0103 nu stres\u0103m c\u00e2inii \u015fi ne-am oprit \u015fi s\u0103 m\u00e2nc\u0103m sup\u0103 \u015fi macaroane la Refugiul Salvamont Ciubotea, unde deja eram \u00een noapte.<\/p>\n<table style=\"width: auto;\">\n<tbody>\n<tr>\n<td><a href=\"https:\/\/picasaweb.google.com\/lh\/photo\/t7XjKGRtVAXcmOTTbsITJdMTjNZETYmyPJy0liipFm0?feat=embedwebsite\"><img loading=\"lazy\" decoding=\"async\" src=\"https:\/\/lh3.googleusercontent.com\/-lti_e20XBGg\/VbFKjcwtN9I\/AAAAAAAAee8\/O63qBAOqpKU\/s640-Ic42\/DSC_0002.JPG\" alt=\"\" width=\"640\" height=\"430\" \/><\/a><\/td>\n<\/tr>\n<tr>\n<td style=\"font-family: arial,sans-serif; font-size: 11px; text-align: right;\">From <a href=\"https:\/\/picasaweb.google.com\/103481498978040293448\/Marathon75002015Bucegi?authuser=0&amp;feat=embedwebsite\">Marathon 7500 2015 &#8211; Bucegi<\/a><\/td>\n<\/tr>\n<\/tbody>\n<\/table>\n<table style=\"width: auto;\">\n<tbody>\n<tr>\n<td><a href=\"https:\/\/picasaweb.google.com\/103481498978040293448\/Marathon75002015Bucegi?feat=embedwebsite#6174798531847409378\"><img loading=\"lazy\" decoding=\"async\" src=\"https:\/\/lh3.googleusercontent.com\/-8J4JUyiOCuQ\/VbFKjJpeTuI\/AAAAAAAAee4\/jjlqR1RKz-0\/s640-Ic42\/DSC_0007.JPG\" alt=\"\" width=\"640\" height=\"430\" \/><\/a><\/td>\n<\/tr>\n<tr>\n<td style=\"font-family: arial,sans-serif; font-size: 11px; text-align: right;\">From <a href=\"https:\/\/picasaweb.google.com\/103481498978040293448\/Marathon75002015Bucegi?authuser=0&amp;feat=embedwebsite\">Marathon 7500 2015 &#8211; Bucegi<\/a><\/td>\n<\/tr>\n<\/tbody>\n<\/table>\n<table style=\"width: auto;\">\n<tbody>\n<tr>\n<td><a href=\"https:\/\/picasaweb.google.com\/lh\/photo\/fHflD_cmPebIGn0wv3GChtMTjNZETYmyPJy0liipFm0?feat=embedwebsite\"><img loading=\"lazy\" decoding=\"async\" src=\"https:\/\/lh3.googleusercontent.com\/--h2GQdoXzIs\/VbFLriI9dSI\/AAAAAAAAefM\/g-2l0GbQGQ4\/s640-Ic42\/clasament%2525202015.png\" alt=\"\" width=\"640\" height=\"307\" \/><\/a><\/td>\n<\/tr>\n<tr>\n<td style=\"font-family: arial,sans-serif; font-size: 11px; text-align: right;\">From <a href=\"https:\/\/picasaweb.google.com\/103481498978040293448\/Marathon75002015Bucegi?authuser=0&amp;feat=embedwebsite\">Marathon 7500 2015 &#8211; Bucegi<\/a><\/td>\n<\/tr>\n<\/tbody>\n<\/table>\n<p>Noi ne-am f\u0103cut strategia s\u0103 st\u0103m c\u00e2t mai pu\u0163in la Omu, prefer\u00e2nd s\u0103 ne facem popasurile \u00een &#8220;\u0163\u0103rile mai calde&#8221;, la PA-urile din v\u0103i. A\u015fa c\u0103 n-am stat mult nici la ultima trecere pe la Omu, unde am rugat un voluntar s\u0103-mi fac\u0103 un sandwich cu ca\u015f pe care s\u0103-l m\u0103n\u00e2nc pe drum &#8211; mul\u0163umesc &#8211; numai nu d\u0103deam din coad\u0103 de bucurie. M\u0103 \u00eembr\u0103casem deja cu tot ce aveam la mine \u015fi se pare c\u0103 piciorul meu a reac\u0163ionat foarte bine la c\u0103ldur\u0103 &#8211; n-am mai sim\u0163it dureri pe cobor\u00e2rea spre Gu\u0163anu. Luasem de la Adi un ketonal cu peste 2 ore \u00eenainte dar p\u00e2n\u0103 atunci nu percepusem nici o \u00eembun\u0103t\u0103\u0163ire. Goal\u0103 sala de mese de la Omu pe la 2-3 noaptea! Am l\u0103sat-o pe Andrea\u00a0s\u0103 doarm\u0103 lini\u015ftit\u0103 pe o banc\u0103, avusese ea mult\u0103 treab\u0103 s\u0103 ajute echipele Rupicapra. Au avut ei idee bun\u0103 s\u0103 aib\u0103 sprijin la Omu, Zoli Bogya are mult\u0103 experien\u0163\u0103! C\u0103 n-au terminat cursa toate echipele, se \u00eent\u00e2mpl\u0103, dac\u0103 avansa \u015fi la mine durerea cine \u015ftie ce hot\u0103ram.<\/p>\n<p>Am trecut \u015fi pe la Refugiul B\u0103tr\u00e2na la sup\u0103, nu puteam rata oferta &#8211; mul\u0163umim de asemenea pentru ini\u0163iativ\u0103 d-lui Trandafir. Dac\u0103 era vreme mai rea, popasul acesta putea conta foarte mult.\u00a0Nu eram prea departe de fini\u015f \u015fi nu speram s\u0103 mai ajungem vreo echip\u0103. Locul nostru, 10 la general, era onorabil.<\/p>\n<p>Parc\u0103 abia trecusem de refugiu\u00a0\u015fi i-am auzit pe polonezi \u00een spate. Numai bine c\u0103 ne-am g\u0103sit un stimul s\u0103 ne gr\u0103bim, c\u0103 \u00eencepusem s-o l\u0103l\u0103im. Spre surprinderea noastr\u0103 \u00eenainte de\u00a0m\u0103n\u0103stire i-am v\u0103zut pe cei din echipa\u00a0Pif et Farfouille care pe urcarea spre valea Gaura trecuser\u0103 ca v\u00e2ntul pe l\u00e2ng\u0103 noi. M-am \u00een\u0163eles cu Adi \u015fi imediat \u00eenainte de\u00a0sc\u0103ri i-am dep\u0103\u015fit, singura condi\u0163ie pus\u0103 de prietenul meu\u00a0fiind s\u0103 nu fugim p\u00e2n\u0103 eventual la finish. \ud83d\ude42 A\u015fa am \u00eencheiat \u00een 24h52min cei 92km cu 7500m diferen\u0163\u0103 de nivel, pe \u00a0locul 8 la masculin \u015fi 9 la general, la 2 minute \u00een fa\u0163a\u00a0Pif et Farfouille, la 10 minute de locul 7 \u015fi 14 min de locul 6 masculin.<\/p>\n<p>A fost greu, a fost frumos, a fost \u015fi lupt\u0103, dar mai ales voin\u0163\u0103. P\u0103cat c\u0103 o parte din traseu l-am f\u0103cut noaptea, mai trebuie s\u0103 vin. A fost \u015fi o bun\u0103 repeti\u0163ie pentru TDS, unde sper s\u0103 fiu ref\u0103cut. Dup\u0103 concurs am tot dormit, cu toat\u0103 c\u0103ldura, iar apoi a trebuit s\u0103 fac plimb\u0103ri s\u0103 scap de \u015fchiop\u0103tat.<\/p>\n<p>Mul\u0163umesc Adi! Mul\u0163umesc voluntarilor, organizatorilor, prietenilor, fotografilor! Pentru mine urmeaz\u0103 Maratonul B\u0103i\u015forii organizat de Clujul Pedaleaz\u0103, din 25-26 iulie, unde particip \u015fi la trailrunning (24km, \u00een regim de antrenament) \u015fi ziua urm\u0103toare la MTB.<\/p>\n<div class=\"text_exposed_show\"><\/div>\n","protected":false},"excerpt":{"rendered":"<p>Venise timpul unei noi \u00eencerc\u0103ri la Marathon 7500. Anul trecut n-a fost prea vesel, \u00een zona alpin\u0103 ploua puternic \u015fi urma ca noaptea s\u0103 \u015fi \u00eenghe\u0163\u0103m &#8211; \u015fi \u015ftim cu to\u0163ii c\u0103 la mur\u0103turi nu le prinde bine frigul. Ca urmare a fost curs\u0103 \u00eentrerupt\u0103 la to\u0163i la 19.30 (noi ajunsesem pentru a doua oar\u0103 la Omu la 19.59.59), \u00eencheind pe locul 11 la masculin \u015fi 14 la general. Ce \u0163in bine minte e c\u0103 \u00eemi scosesem hainele din pantaloni pentru ca apa s\u0103 se scurg\u0103 c\u00e2t mai nest\u00e2njenit\u0103 \u015fi c\u0103 nu st\u0103team o clip\u0103 pe urcarea de Buc\u015foiu, la nevoie b\u0103t\u00e2nd pasul pe loc. Singurul lucru\u00a0avantajos la ploaia aceea puterninc\u0103 era c\u0103 nu b\u0103tea tare v\u00e2ntul. la start &#8211; poze Fisheye.ro &#8211; multumesc &#8211; From Marathon 7500 2015 &#8211; Bucegi poze Fisheye.ro &#8211; multumesc &#8211; From Marathon 7500 2015 &#8211; Bucegi poze Fisheye.ro &#8211; multumesc &#8211; From Marathon 7500 2015 &#8211; Bucegi Acum se anun\u0163a canicul\u0103, deci erau mari \u015fanse ca s\u0103 \u00eencheiem cu bine cursa. Am luat-o de la cap\u0103t, cu echipa Regi \u015fi Pioni \u015fi cu coechipierul \u015fi prietenul meu Adi Cosma, cu care m\u0103\u00a0\u00een\u0163elesesem foarte bine. \u0162inta noastr\u0103 a r\u0103mas la fel, s\u0103 \u00eencerc\u0103m s\u0103 ne \u00eencadr\u0103m \u00een 24 ore. Nu mi-a lipsit \u015fi de data aceasta h\u00e2rtia cu timpii intermediari din 2013 de la c\u00e2teva echipe, la care am ad\u0103ugat \u015fi timpii no\u015ftri de anul trecut. De data aceasta am stat la cort \u015fi mi-a prins bine &#8211; noaptea a fost suficient de rece ca s\u0103-mi dau seama c\u0103 mai bine \u00eemi iau un impermeabil cu membran\u0103 chiar dac\u0103 c\u00e2nt\u0103rea triplu ca foi\u0163a \u015fi mi-am pus \u015fi o bluz\u0103 cu m\u00e2nec\u0103 lung\u0103 suplimentar\u0103. Por\u0163iunea nou\u0103 pentru mine &#8211; Ciubotea-Bran-Valea Gaura-Omu-Gu\u0163anu-Pe\u015ftera urma s-o parcurgem \u00een cea mai mare parte noaptea. Tot la capitolul dorin\u0163e trec \u015fi speran\u0163a ca la Omu s\u0103 ajungem de pe Buc\u015foiu mai repede ca anul trecut \u015fi s\u0103 parcurgem cobor\u00e2rea de Ciubotea-Bran\u00a0pe lumin\u0103. la PA Gura Diham &#8211; multumesc pentru poza &#8211; From Marathon 7500 2015 &#8211; Bucegi foaie cu timpi de referinta &#8211; From Marathon 7500 2015 &#8211; Bucegi M-am tot g\u00e2ndit \u00eenainte de concurs, \u00eencerc\u00e2nd s\u0103-mi aduc aminte c\u00e2nd\u00a0am mai fost pe urcarea de Gaura. Prin Bucegi am tot fost mai demult \u00een drume\u0163ie, dar accesarea dinspre Piatra Craiului numai o dat\u0103 se pare c\u0103 am f\u0103cut-o. \u0162ineam minte c\u0103 am trecut pe la Cascada Moara Dracului &#8230; secolul trecut. E ciudat c\u0103 pot spune asta, m\u0103 simt &#8230; nemuritor, ca un Highlander \ud83d\ude42 A\u015fa cum acum alerg singur, m\u0103 duc cu MTB-ul singur, \u015fi atunci erau excursii care le f\u0103ceam singur. Pornisem s\u0103 fac creasta Pietrei Craiului, aveam dou\u0103 zile pentru asta, urm\u00e2nd apoi s\u0103 ajung la Cabana Diham \u00een Bucegi unde era ceva \u00eentrunire legat\u0103 de alpinism, cicloturism&#8230; nu mai \u015ftiu. Cum ajung acolo, pe ce c\u0103r\u0103ri? Doar aveam h\u0103r\u0163i! Aveam har\u0163i?! Mai am ceva poze de atunci, am s\u0103\u00a0le postez, pentru mine a fost o excursie plin\u0103 de pitoresc. Ireal de ordonat eram atunci! Nu-mi vine sa cred! Am g\u0103sit albumul, 24 pozi\u0163ii, pe fiecare scrie data (11-14.07.1996), unde s-a f\u0103cut poza, spre ce priveam, tipul de film (Scotch 24DIN), obiectivul &#8211; rectangular sau nu, num\u0103rul de album (f1), mai am \u015fi filmul. Hart\u0103 aveam numai cu Bucegii, edi\u0163ie 1984 \u015fi probabil nelipsitul pe atunci &#8220;Ghidul marcajelor turistice&#8221; edi\u0163ia 1958, amintire de la tata (de altfel \u015fi aparatele foto, el era pasionat \u015fi de fotografie). From Marathon 7500 2015 &#8211; Bucegi From Marathon 7500 2015 &#8211; Bucegi From Marathon 7500 2015 &#8211; Bucegi From Marathon 7500 2015 &#8211; Bucegi From Marathon 7500 2015 &#8211; Bucegi From Marathon 7500 2015 &#8211; Bucegi From Marathon 7500 2015 &#8211; Bucegi From Marathon 7500 2015 &#8211; Bucegi From Marathon 7500 2015 &#8211; Bucegi From Marathon 7500 2015 &#8211; Bucegi From Marathon 7500 2015 &#8211; Bucegi Marathon 7500 a fost \u015fi un prilej de incursiune \u00een trecut. Mie-mi plac mult Bucegii. \u00cen Piatra Craiului am \u00eenceput s\u0103 urc pe Piatra Mic\u0103 dar vremea se schimba \u00een r\u0103u. Ca s\u0103 nu car multe pornisem doar cu\u00a0foaia exterioar\u0103 de la cort, f\u0103r\u0103 cuie \u015fi be\u0163e, \u015fi un briceag. De la \u00eenceput tura a devenit interesant\u0103. Mai urcau grupuri spre cabana Curm\u0103tura \u015fi am intrat \u00een pove\u015fti. M-am pomenit c\u0103 o fat\u0103 vrea s\u0103 vin\u0103 cu mine \u015fi degeaba am spus c\u0103 n-am cort adev\u0103rat. \ud83d\ude42 A\u015fa c\u0103 ne-a prins noaptea pe Piatra Mic\u0103, am mers mai \u00eencet. Am cioplit repede be\u0163e \u015fi cuie, c\u0103 mirosea a ploaie. Ziua urm\u0103toare, pe ploaie, a trebuit s\u0103 cobor\u00e2m la Curm\u0103tura, unde ne-am desp\u0103r\u0163it, schimb\u00e2nd adrese. Da, atunci a\u015fa era, nu schimbai numere de telefon \u015fi emailuri. Eram tare aerian atunci \u015fi timid \u015fi nu i-am mai scris&#8230; \u00cen fine, planul meu era s\u0103 mai stau o zi cu &#8220;cortul&#8221; l\u00e2ng\u0103 Curm\u0103tura \u015fi dac\u0103 n-am \u00eencotro s\u0103 pornesc mai repede spre Bucegi. Acolo se vedea soare. \u015ei n-am avut noroc cu vremea, a\u015fa c\u0103 am trecut prin Pr\u0103pastiile Z\u0103rne\u015ftilor \u015fi am luat-o spre Bran. Scrie pe poze pe unde am luat-o. Am mers destul de mult pe o c\u0103rare pe l\u00e2ng\u0103 un p\u00e2r\u00e2ia\u015f care \u015ferpuia prin iarb\u0103 &#8211; Valea cu Cale (semnificativ\u0103 denumire),\u00a0ce mai \u0163in minte e c\u0103 la ie\u015firea dintr-un sat era o iurt\u0103 mare de \u0163igani la care le-am f\u0103cut \u00een vitez\u0103 \u015fi pe furi\u015f c\u00e2teva poze. Fiecare treb\u0103luia c\u00e2te ceva &#8211; se vedea organizarea, copiii se jucau, aveau hin\u0163i din sfoar\u0103&#8230; Fain s\u0103 fii nomad din c\u00e2nd \u00een c\u00e2nd, dar\u00a0o via\u0163\u0103 mi se pare imposibil. \u00cen mod normal a\u015f fi c\u0103scat gura mult\u0103 vreme uit\u00e2ndu-m\u0103 la ei dar instinctul de conservare a fost mai puternic. Am dormit mai \u00eencolo pe vale, pe masa de la un ad\u0103post cu acoperi\u015f. M-a \u015fi \u00eentrebat un cioban de ce n-am f\u0103cut foc, c\u0103 au cl\u0103n\u0163\u0103nit c\u00e2inii lui a urs. Auzisem \u015fi eu c\u00e2inii noaptea, nea\u015fteptat de aproape. Tot ce mi-a trecut prin cap a fost c\u0103 nu scap nici acolo de ei, c\u0103 dac\u0103 \u015ftiam mai mergeam pu\u0163in. Nu \u0163in minte\u00a0s\u0103 fi fost atunci cabluri \u015fi corzi pe valea Gaura ca acum, iar faptul c\u0103 am urcat pe noapte la concurs nu m-a ajutat s\u0103-mi rememorez traseul. From Marathon 7500 2015 &#8211; Bucegi From Marathon 7500 2015 &#8211; Bucegi From Marathon 7500 2015 &#8211; Bucegi From Marathon 7500 2015 &#8211; Bucegi From Marathon 7500 2015 &#8211; Bucegi From Marathon 7500 2015 &#8211; Bucegi From Marathon 7500 2015 &#8211; Bucegi From Marathon 7500 2015 &#8211; Bucegi From Marathon 7500 2015 &#8211; Bucegi \u015etiam anul trecut unde am pierdut mai mult\u0103 vreme pe traseu, iar acum urma s\u0103 fim mai aten\u0163i \u015fi la opriri. Era important s\u0103 avem noi ritm, iar apoi un rezultat bun putea urma firesc. Am scris \u015fi pe FB c\u0103 dup\u0103 CP1 cabana Valea Dorului eram \u00een avans de 6 minute f\u0103r\u0103 s\u0103 ne \u00eentrebuin\u0163\u0103m, dar p\u00e2n\u0103 la CP2 Poiana St\u00e2nii am reu\u015fit s\u0103 ne r\u0103t\u0103cim \u00een grup, de fapt s\u0103 cobor\u00e2m spre Sinaia. Neaten\u0163ia ne-a costat 10 minute, parcurg\u00e2nd peste 1 km \u00een plus \u015fi la CP2 eram \u00een \u00eent\u00e2rziere cu 2 minute. Partea nepl\u0103cut\u0103 a fost c\u0103 am pierdut contactul total cu cei din fa\u0163\u0103 \u015fi am luat-o de la cap\u0103t, \u00eencerc\u00e2nd s\u0103 ne control\u0103m impulsul de a for\u0163a recuperarea. La final ne-a p\u0103rut r\u0103u \u015fi mai mult pentru cele 10 minute \ud83d\ude42 . Eram pe undeva pe locul 12 la masculin, 13 la general, iar p\u00e2n\u0103 la Pe\u015ftera &#8211; CP7 nu ne-a mers urcarea de Jepii Mici ca anul trecut. Eu observasem la ceva alerg\u0103ri anterioare c\u0103 nu m\u0103 prea \u00eenc\u00e2nta s\u0103 alerg repede, probabil c\u0103 nu eram ref\u0103cut dupa Ironmanul de la Oradea. \u00cen plus m\u0103 apucase o durere la un inghinal \u015fi g\u00e2ndul c\u0103 mai aveam \u00eenc\u0103 peste 60km de parcurs nu era \u00eencurajator. \u00cemi imaginam c\u0103 la cobor\u00e2ri va fi \u015fi mai r\u0103u. Adi mergea bine, dar a avut \u015fi el\u00a0clipe de sl\u0103biciune, rezolvate de s\u0103rurile de rehidratare. Era pentru prima dat\u0103 c\u00e2nd am luat la mine plicule\u0163e cu s\u0103ruri \u015fi ne-au prins bine pe c\u0103ldur\u0103. Enorm am pierdut vremea anul trecut pe cobor\u00e2rea pe Valea Cerbului! F\u0103cusem roat\u0103 \u00een jurul cabanei Omu de vreo dou\u0103 ori p\u00e2n\u0103 s\u0103 ne d\u0103m seama \u00een ce direc\u0163ie s-o lu\u0103m, chiar dac\u0103 aveam gps, din cauza ce\u0163ii. Acum\u00a0am mers mai bine pe cobor\u00e2ri, dar de exemplu urcarea spre La Prepeleac &#8211;\u00a0CP9 iar a ar\u0103tat c\u0103 eram mai puternici anul trecut. Nu \u015ftiu prin ce minune am ajuns pe Omu, ultimul reper al echipei noastre de anul trecut, cu un timp mai bun cu 8 minute &#8211; la ora 19 \u015fi 51 minute. Urcarea de Buc\u015foiu se pare c\u0103 a mers mai bine. Eram pe locul 11 la general, iar cei mai apropia\u0163i, la 8 minute, erau \u0162\u00e2n\u0163arii &#8211; familia Lu\u0163ic &#8211; echipa de mixt care a terminat pe locul 1. Era un progres pentru noi, fa\u0163\u0103 de cum st\u0103team anul trecut. Ceilal\u0163i erau la aproape jum\u0103tate de or\u0103 \u00een fa\u0163\u0103. Incredibil ce bine au cobor\u00e2t \u0162\u00e2n\u0163arii, probabil c\u0103 \u015ftiau c\u0103 se apropiaser\u0103 polonezii de la mixt &#8211;\u00a0JacekBiega Running Team, \u00een orice caz au c\u00e2\u015ftigat fa\u0163\u0103 de noi numai pe cobor\u00e2rea de Bran peste 40 minute! \u0162\u00e2n\u0163arii au mers bine p\u00e2n\u0103 la final, sco\u0163\u00eend un timp foarte bun, sub 24 de ore. Noi deja mai mult mergeam, la st\u00e2n\u0103 iar am mers \u00eenceti\u015for s\u0103 nu stres\u0103m c\u00e2inii \u015fi ne-am oprit \u015fi s\u0103 m\u00e2nc\u0103m sup\u0103 \u015fi macaroane la Refugiul Salvamont Ciubotea, unde deja eram \u00een noapte. From Marathon 7500 2015 &#8211; Bucegi From Marathon 7500 2015 &#8211; Bucegi From Marathon 7500 2015 &#8211; Bucegi Noi ne-am f\u0103cut strategia s\u0103 st\u0103m c\u00e2t mai pu\u0163in la Omu, prefer\u00e2nd s\u0103 ne facem popasurile \u00een &#8220;\u0163\u0103rile mai calde&#8221;, la PA-urile din v\u0103i. A\u015fa c\u0103 n-am stat mult nici la ultima trecere pe la Omu, unde am rugat un voluntar s\u0103-mi fac\u0103 un sandwich cu ca\u015f pe care s\u0103-l m\u0103n\u00e2nc pe drum &#8211; mul\u0163umesc &#8211; numai nu d\u0103deam din coad\u0103 de bucurie. M\u0103 \u00eembr\u0103casem deja cu tot ce aveam la mine \u015fi se pare c\u0103 piciorul meu a reac\u0163ionat foarte bine la c\u0103ldur\u0103 &#8211; n-am mai sim\u0163it dureri pe cobor\u00e2rea spre Gu\u0163anu. Luasem de la Adi un ketonal cu peste 2 ore \u00eenainte dar p\u00e2n\u0103 atunci nu percepusem nici o \u00eembun\u0103t\u0103\u0163ire. Goal\u0103 sala de mese de la Omu pe la 2-3 noaptea! Am l\u0103sat-o pe Andrea\u00a0s\u0103 doarm\u0103 lini\u015ftit\u0103 pe o banc\u0103, avusese ea mult\u0103 treab\u0103 s\u0103 ajute echipele Rupicapra. Au avut ei idee bun\u0103 s\u0103 aib\u0103 sprijin la Omu, Zoli Bogya are mult\u0103 experien\u0163\u0103! C\u0103 n-au terminat cursa toate echipele, se \u00eent\u00e2mpl\u0103, dac\u0103 avansa \u015fi la mine durerea cine \u015ftie ce hot\u0103ram. Am trecut \u015fi pe la Refugiul B\u0103tr\u00e2na la sup\u0103, nu puteam rata oferta &#8211; mul\u0163umim de asemenea pentru ini\u0163iativ\u0103 d-lui Trandafir. Dac\u0103 era vreme mai rea, popasul acesta putea conta foarte mult.\u00a0Nu eram prea departe de fini\u015f \u015fi nu speram s\u0103 mai ajungem vreo echip\u0103. Locul nostru, 10 la general, era onorabil. Parc\u0103 abia trecusem de refugiu\u00a0\u015fi i-am auzit pe polonezi \u00een spate. Numai bine c\u0103 ne-am g\u0103sit un stimul s\u0103 ne gr\u0103bim, c\u0103 \u00eencepusem s-o l\u0103l\u0103im. Spre surprinderea noastr\u0103 \u00eenainte de\u00a0m\u0103n\u0103stire i-am v\u0103zut pe cei din echipa\u00a0Pif et Farfouille care pe urcarea spre valea Gaura trecuser\u0103 ca v\u00e2ntul pe l\u00e2ng\u0103 noi. M-am \u00een\u0163eles cu Adi \u015fi imediat \u00eenainte de\u00a0sc\u0103ri i-am dep\u0103\u015fit, singura condi\u0163ie pus\u0103 de prietenul meu\u00a0fiind s\u0103 nu fugim p\u00e2n\u0103 eventual la finish. \ud83d\ude42 A\u015fa am \u00eencheiat \u00een 24h52min cei 92km cu 7500m diferen\u0163\u0103 de nivel, pe \u00a0locul 8 la masculin \u015fi 9 la general, la 2 minute \u00een fa\u0163a\u00a0Pif et Farfouille, la 10 minute de locul 7 \u015fi 14 min de locul 6 masculin. A fost greu, a fost frumos, a fost \u015fi lupt\u0103, dar mai ales voin\u0163\u0103. P\u0103cat c\u0103 o parte din traseu l-am f\u0103cut noaptea, mai trebuie s\u0103 vin. A fost \u015fi o bun\u0103 repeti\u0163ie pentru TDS, unde sper s\u0103 fiu ref\u0103cut. Dup\u0103 concurs am tot dormit, cu toat\u0103 c\u0103ldura, iar apoi a trebuit s\u0103 fac plimb\u0103ri s\u0103 scap de \u015fchiop\u0103tat. Mul\u0163umesc Adi! Mul\u0163umesc voluntarilor, organizatorilor, prietenilor, fotografilor! Pentru mine urmeaz\u0103 Maratonul B\u0103i\u015forii organizat de Clujul Pedaleaz\u0103, din 25-26 iulie, unde particip \u015fi la trailrunning (24km, \u00een regim de antrenament) \u015fi ziua urm\u0103toare la MTB.<\/p>\n","protected":false},"author":1,"featured_media":0,"comment_status":"open","ping_status":"open","sticky":false,"template":"","format":"standard","meta":{"ngg_post_thumbnail":0,"footnotes":""},"categories":[126,287,131,343,142,344],"tags":[424,568,620,436,346],"class_list":["post-1219","post","type-post","status-publish","format-standard","hentry","category-alergare","category-bucegi","category-localitati-si-zone","category-marathon-7500","category-munti","category-pestera","tag-alergare","tag-bucegi","tag-marathon-7500","tag-munti","tag-pestera-dambovita"],"_links":{"self":[{"href":"https:\/\/www.unpicdetimpliber.ro\/wordpress\/wp-json\/wp\/v2\/posts\/1219","targetHints":{"allow":["GET"]}}],"collection":[{"href":"https:\/\/www.unpicdetimpliber.ro\/wordpress\/wp-json\/wp\/v2\/posts"}],"about":[{"href":"https:\/\/www.unpicdetimpliber.ro\/wordpress\/wp-json\/wp\/v2\/types\/post"}],"author":[{"embeddable":true,"href":"https:\/\/www.unpicdetimpliber.ro\/wordpress\/wp-json\/wp\/v2\/users\/1"}],"replies":[{"embeddable":true,"href":"https:\/\/www.unpicdetimpliber.ro\/wordpress\/wp-json\/wp\/v2\/comments?post=1219"}],"version-history":[{"count":11,"href":"https:\/\/www.unpicdetimpliber.ro\/wordpress\/wp-json\/wp\/v2\/posts\/1219\/revisions"}],"predecessor-version":[{"id":1230,"href":"https:\/\/www.unpicdetimpliber.ro\/wordpress\/wp-json\/wp\/v2\/posts\/1219\/revisions\/1230"}],"wp:attachment":[{"href":"https:\/\/www.unpicdetimpliber.ro\/wordpress\/wp-json\/wp\/v2\/media?parent=1219"}],"wp:term":[{"taxonomy":"category","embeddable":true,"href":"https:\/\/www.unpicdetimpliber.ro\/wordpress\/wp-json\/wp\/v2\/categories?post=1219"},{"taxonomy":"post_tag","embeddable":true,"href":"https:\/\/www.unpicdetimpliber.ro\/wordpress\/wp-json\/wp\/v2\/tags?post=1219"}],"curies":[{"name":"wp","href":"https:\/\/api.w.org\/{rel}","templated":true}]}}