{"id":1276,"date":"2015-09-10T18:36:23","date_gmt":"2015-09-10T16:36:23","guid":{"rendered":"http:\/\/www.unpicdetimpliber.ro\/?p=1276"},"modified":"2016-02-09T20:16:50","modified_gmt":"2016-02-09T18:16:50","slug":"vacanta-si-utmb-sur-les-traces-des-ducs-de-savoie-tds","status":"publish","type":"post","link":"https:\/\/www.unpicdetimpliber.ro\/wordpress\/2015\/09\/vacanta-si-utmb-sur-les-traces-des-ducs-de-savoie-tds.html","title":{"rendered":"Vacanta si UTMB &#8211; Sur les Traces des Ducs de Savoie (TDS)"},"content":{"rendered":"<div class=\"fcbkbttn_buttons_block\" id=\"fcbkbttn_left\"><div class=\"fcbkbttn_like \"><fb:like href=\"https:\/\/www.unpicdetimpliber.ro\/wordpress\/2015\/09\/vacanta-si-utmb-sur-les-traces-des-ducs-de-savoie-tds.html\" action=\"like\" colorscheme=\"light\" layout=\"box_count\"  size=\"small\"><\/fb:like><\/div><div class=\"fb-share-button  \" data-href=\"https:\/\/www.unpicdetimpliber.ro\/wordpress\/2015\/09\/vacanta-si-utmb-sur-les-traces-des-ducs-de-savoie-tds.html\" data-type=\"button_count\" data-size=\"small\"><\/div><\/div><p><iframe loading=\"lazy\" style=\"border: none; height: 80px; width: 450px;\" src=\"http:\/\/www.facebook.com\/plugins\/like.php?href=https:\/\/www.unpicdetimpliber.ro\/wordpress\/2015\/09\/vacanta-si-utmb-sur-les-traces-des-ducs-de-savoie-tds.html\" width=\"320\" height=\"240\" frameborder=\"0\" scrolling=\"no\"><\/iframe><\/p>\n<table style=\"width:auto;\">\n<tr>\n<td><a href=\"https:\/\/picasaweb.google.com\/lh\/photo\/G87PUovn1GZar9G2gkA3cdMTjNZETYmyPJy0liipFm0?feat=embedwebsite\"><img loading=\"lazy\" decoding=\"async\" src=\"https:\/\/lh3.googleusercontent.com\/-DK8VUJENKWs\/Vp1Z24mUSdI\/AAAAAAAAftc\/q7a4ajRxxj4\/s640-Ic42\/27790843.jpg\" height=\"640\" width=\"427\" \/><\/a><\/td>\n<\/tr>\n<tr>\n<td style=\"font-family:arial,sans-serif; font-size:11px; text-align:right\">From <a href=\"https:\/\/picasaweb.google.com\/103481498978040293448\/VacantaSiUTMBSurLesTracesDesDucsDeSavoieTDS?authuser=0&#038;feat=embedwebsite\">Vacanta si UTMB &#8211; Sur les Traces des Ducs de Savoie (TDS)<\/a><\/td>\n<\/tr>\n<\/table>\n<p>1. Primul popas &#8211; <a href=\"#Kesthely-Ungaria\">Kesthely-Ungaria<\/a><br \/>\n2. A doua oprire &#8211; <a href=\"#Camping-Serenissima\">Camping Serenissima-Italia<\/a><br \/>\n3. Scurt\u0103 vizit\u0103 la &#8211; <a href=\"#Venetia\">Vene\u0163ia-Italia<\/a><br \/>\n4. L\u00e2ng\u0103 Courmayeur pentru 7 zile &#8211; <a href=\"#CampingDuParc\">Camping Du Parc-Italia<\/a><br \/>\n5. <strong>Concursul TDS<\/strong> &#8211; <a href=\"#TDS\">Desf\u0103\u015furarea<\/a><br \/>\n6. Parcul de aventur\u0103 &#8211; <a href=\"#ParcAventura\">Pre Saint Didier-Italia<\/a><br \/>\n7. La Chamonix &#8211; <a href=\"#Chamonix\">la sosirea primilor concuren\u0163i UTMB-Fran\u0163a<\/a><br \/>\n8. Ultima oprire &#8211; <a href=\"#Crikvenica\">Crikvenica-Croa\u0163ia<\/a><br \/>\n9. Atelier repara\u0163ie barc\u0103 &#8211; <a href=\"#Fishermen\">49th Fishermen&#8217;s week-Crikvenica-Croa\u0163ia<\/a><br \/>\n<strong><br \/>\nAnul acesta vacan\u0163a noastr\u0103<\/strong> am al\u0103turat-o concursului de <a href=\"http:\/\/www.ultratrailmb.com\/en\/page\/22\/TDS%C2%AE.html\" target=\"_blank\">trail-running din Fran\u0163a &#8211; TDS<\/a>, un concurs declarat\u00a0de organizatori dificil, cu\u00a0120km cu 7250m diferen\u0163\u0103 de nivel. N-am mai fost niciodat\u0103 \u00een Fran\u0163a, nici \u00een Italia, a\u015fa c\u0103 pentru mine toat\u0103 excursia a fost interesant\u0103. Am f\u0103cut\u00a0preg\u0103tirile mai serios ca de obicei \u015fi \u00eempreun\u0103 cu toat\u0103 familia \u015fi cu Victor\u00a0am luat-o pe ruta <em>Kesthely &#8211; Ungaria, Camping Serenissima &#8211; Italia, l\u00e2ng\u0103 Vene\u0163ia, Camping du Parc &#8211; Italia, l\u00e2ng\u0103 Courmayeur unde era startul TDS,<\/em> \u00een apropiere de Mont Blanc \u015fi unde am stat 7 zile pe durata \u00eentregului concurs \u015fi \u00eenapoi pe la mare<em> Crikvenica &#8211; Croa\u0163ia.<\/em><br \/>\nAm concurat trec\u00e2nd ca \u015fi club <strong>Clujul Pedaleaz\u0103<\/strong>, s\u0103 se vad\u0103 de unde provin, iar ca tricou am purtat pe cel de Maraton Apuseni, s\u0103 nu las deoparte nici clubul <strong>CAR Universitar Cluj<\/strong>.<br \/>\nM\u0103 bucur c\u0103 am \u00eencheiat cu bine cursa,<strong> \u00een 23h52min, pe locul 211\/1214 finisheri la general \u015fi 59\/428 la categoria V1H<\/strong>. Au fost 595 abandonuri. Am fost mul\u0163umit c\u0103 am \u00eencheiat sub 24 ore cursa. Am avut ca referin\u0163\u0103 timpii de anul trecut ai concuren\u0163ilor rom\u00e2ni, \u00een frunte cu Zsolt Kovacs &#8211;\u00a0atunci au concurat pentru prima dat\u0103 rom\u00e2ni la TDS. Am avut de g\u00e2nd s\u0103 m\u0103 \u00eent\u00e2lnesc \u015fi s\u0103-i \u00eent\u00e2mpin pe ai no\u015ftri, care concurau la CCC, OCC \u015fi UTMB, dar de la g\u00e2nd la fapt\u0103 a fost cale lung\u0103, ivindu-se c\u00e2teva probleme. M\u0103car am reu\u015fit s\u0103 ajung o dat\u0103 \u015fi dup\u0103 concurs la Chamonix, atunci c\u00e2nd a sosit c\u00e2\u015ftig\u0103torul de la UTMB &#8211;\u00a0Xavier Thevenard, \u015fi s\u0103 m\u0103 \u00eent\u00e2lnesc cu Grigore Iulian (ne-am v\u0103zut \u015fi pe traseul TDS) \u015fi Oana \u015fi s\u0103-l salut pe Daniel Florea.<br \/>\nA fost un concurs mare, cu mii de concuren\u0163i la fiecare prob\u0103, \u00eei felicit pe to\u0163i concuren\u0163ii pentru efort, m\u0103 bucur c\u0103 ai no\u015ftri au fost buni. Merit\u0103 men\u0163iona\u0163i cei de la proba CCC \u00een frunte cu Hajnal &#8211; locul 9 la general.<\/p>\n<p>Mai jos sunt c\u00e2teva din pozele fotografilor de pe traseu &#8211; <em>Lago di Verney, finish<\/em> &#8211; acum stau \u00een cump\u0103n\u0103 dac\u0103 s\u0103 le cump\u0103r sau nu. La sfatul lui Ady Beleanu am mai f\u0103cut \u015fi eu c\u00e2teva poze pe traseu, de amintire, chiar dac\u0103 nu eram chiar \u00een cea mai bun\u0103 dispozi\u0163ie pentru asta \ud83d\ude42<\/p>\n<p class=\"clear\">[peg-image src=&#8221;http:\/\/lh3.googleusercontent.com\/-2BHgK5-iMCM\/VfAwOxaaBII\/AAAAAAAAe3k\/EMI3jl_ApQc\/s144-o\/ld_27802487.jpg&#8221; href=&#8221;https:\/\/picasaweb.google.com\/103481498978040293448\/VacantaSiUTMBSurLesTracesDesDucsDeSavoieTDS#6192502517974828162&#8243; caption=&#8221;&#8221; type=&#8221;image&#8221; alt=&#8221;ld_27802487.jpg&#8221; image_size=&#8221;300&#215;200&#8243; ]<br \/>\n[peg-image src=&#8221;http:\/\/lh3.googleusercontent.com\/-yLZeCcB_Eds\/VfAwO867vqI\/AAAAAAAAe3w\/eKehSQ7oqC4\/s144-o\/ld_27802486.jpg&#8221; href=&#8221;https:\/\/picasaweb.google.com\/103481498978040293448\/VacantaSiUTMBSurLesTracesDesDucsDeSavoieTDS#6192502521064046242&#8243; caption=&#8221;Lac Combal&#8221; type=&#8221;image&#8221; alt=&#8221;ld_27802486.jpg&#8221; image_size=&#8221;300&#215;200&#8243; ]<br \/>\n[peg-image src=&#8221;http:\/\/lh3.googleusercontent.com\/-psZA5wBx_VM\/VfAwPO32WYI\/AAAAAAAAe3o\/7mB2Px9tJ-s\/s144-o\/ld_27818012.jpg&#8221; href=&#8221;https:\/\/picasaweb.google.com\/103481498978040293448\/VacantaSiUTMBSurLesTracesDesDucsDeSavoieTDS#6192502525882947970&#8243; caption=&#8221;finish Chamonix &#8211; ora 5 si 52 min&#8221; type=&#8221;image&#8221; alt=&#8221;ld_27818012.jpg&#8221; image_size=&#8221;300&#215;200&#8243; ]<\/p>\n<p class=\"clear\"><strong><br \/>\nCa de obicei<\/strong> la cursele de ultra-trail am avut la mine\u00a0pe dou\u0103 pagini \u00eenfoliate timpi de reper, una din pagini fiind o aproximare luat\u0103 dintr-un excel &#8211; link de la organizatori. Aveam idee pe unde m\u0103 voi \u00eencadra. Am f\u0103cut poz\u0103 \u015fi cu num\u0103rul de concurs \u015fi cu pungile pentru bagaje &#8211; una pentru lucrurile ce trebuiau l\u0103sate la finishul din Chamonix \u015fi una, op\u0163ional\u0103, pentru punctul intermediar de la km66 &#8211; Cormet de Roselend.<\/p>\n<p class=\"clear\">[peg-image src=&#8221;http:\/\/lh3.googleusercontent.com\/-3BhcHOd2aZY\/VfAwT7GTQSI\/AAAAAAAAe4M\/Xxzh8ecRgcY\/s144-o\/DSC_0189.JPG&#8221; href=&#8221;https:\/\/picasaweb.google.com\/103481498978040293448\/VacantaSiUTMBSurLesTracesDesDucsDeSavoieTDS#6192502606474199330&#8243; caption=&#8221;ce am avut la mine pe traseul de concurs, ca repere de timp &#8211; timpii de anul trecut ai romanilor&#8221; type=&#8221;image&#8221; alt=&#8221;DSC_0189.JPG&#8221; image_size=&#8221;2896&#215;1944&#8243; ] [peg-image src=&#8221;http:\/\/lh3.googleusercontent.com\/-UTQjWVdmfZE\/VfAwTiRhGGI\/AAAAAAAAe38\/9AV0AWjkbtc\/s144-o\/DSC_0190.JPG&#8221; href=&#8221;https:\/\/picasaweb.google.com\/103481498978040293448\/VacantaSiUTMBSurLesTracesDesDucsDeSavoieTDS#6192502599810357346&#8243; caption=&#8221;o estimare pentru 25h22min dupa un excel de la organizatori&#8221; type=&#8221;image&#8221; alt=&#8221;DSC_0190.JPG&#8221; image_size=&#8221;2896&#215;1944&#8243; ] [peg-image src=&#8221;http:\/\/lh3.googleusercontent.com\/-UU7ofOhsNmc\/VfAwT8Z7kiI\/AAAAAAAAe4A\/2FY3QTyWTXw\/s144-o\/DSC_0191.JPG&#8221; href=&#8221;https:\/\/picasaweb.google.com\/103481498978040293448\/VacantaSiUTMBSurLesTracesDesDucsDeSavoieTDS#6192502606824968738&#8243; caption=&#8221;din pachetul de start&#8221; type=&#8221;image&#8221; alt=&#8221;DSC_0191.JPG&#8221; image_size=&#8221;2896&#215;1944&#8243; ] [peg-image src=&#8221;http:\/\/lh3.googleusercontent.com\/-a-4EoXUwU8U\/VfAwUfWN1ZI\/AAAAAAAAe4Q\/6NvR8_TiXEU\/s144-o\/prel.jpg&#8221; href=&#8221;https:\/\/picasaweb.google.com\/103481498978040293448\/VacantaSiUTMBSurLesTracesDesDucsDeSavoieTDS#6192502616204629394&#8243; caption=&#8221;pungile pentru Chamonix &#8211; final si Cormer de Roselend &#8211; pe traseu&#8221; type=&#8221;image&#8221; alt=&#8221;prel.jpg&#8221; image_size=&#8221;2896&#215;1944&#8243; ]<\/p>\n<p class=\"clear\"><strong><br \/>\nConcuren\u0163ii rom\u00e2ni<\/strong> de la concursurile UTMB din acest an:<\/p>\n<p>[peg-image src=&#8221;http:\/\/lh3.googleusercontent.com\/-9-_Yq1NHvps\/VfE5q35Kj_I\/AAAAAAAAfLk\/y77weHM7gdo\/s144-o\/concurenti.JPG&#8221; href=&#8221;https:\/\/picasaweb.google.com\/103481498978040293448\/VacantaSiUTMBSurLesTracesDesDucsDeSavoieTDS#6192794371332149234&#8243; caption=&#8221;concurentii romani din acest an de la toate probele UTMB&#8221; type=&#8221;image&#8221; alt=&#8221;concurenti.JPG&#8221; image_size=&#8221;561&#215;639&#8243; ]<\/p>\n<p class=\"clear\"><strong><a href=\"#top\">Top<\/a><\/strong><\/p>\n<p><a name=\"Kesthely-Ungaria\"><\/a>\u00a0<strong>1.<\/strong> Prima noastr\u0103 escal\u0103 urma s\u0103 fie <strong>or\u0103\u015felul Kesthely de la cap\u0103tul \u00eendep\u0103rtat al lacului Balaton<\/strong> din Ungaria. Am ales loca\u0163ia pentru c\u0103 mi-a pl\u0103cut \u00een precedenta trecere\u00a0cu ocazia <a href=\"https:\/\/www.unpicdetimpliber.ro\/wordpress\/2015\/03\/spuri-balaton-szupermaraton-ungaria-si-alte-evenimente-din-2015.html\" target=\"_blank\">supermaratonului de alergare de la Balaton<\/a> (turul Balatonului). Chiar a fost un model de cum ar trebui s\u0103 fie orice or\u0103\u015fel turistic sau nu din Rom\u00e2nia. Ne-am cazat \u00een zona central\u0103 \u00een casa unor arti\u015fti. Nu mi-am imaginat\u00a0\u00eens\u0103 c\u0103 la gangul de intrare va scrie, printre altele, <strong>Casablanca &#8211; Night Club<\/strong>. A trebuit s\u0103 fiu mai atent\u00a0cu intratul, partea cu becule\u0163e ro\u015fii era clar\u0103, dar mai aveam posibilitatea s\u0103 nimeresc dup\u0103 perdeaua neagr\u0103 gre\u015fit\u0103. \ud83d\ude42\u00a0\u00cen orice caz e de re\u0163inut.<br \/>\nDar p\u00e2n\u0103 la Kesthely am avut parte de prima sincop\u0103, cu ma\u015fina. \u00cen iarn\u0103 m-a l\u0103sat motorul \u00een Austria de a trebuit s\u0103 merg pe platform\u0103 p\u00e2n\u0103 la Gyor, acum iar a \u00eenceput s\u0103 clipeasc\u0103 spirala cu injec\u0163ia&#8230; dar motorul mergea rezonabil. \u00cencep iar telefoane, sun cumnatul, care se pare c\u0103 \u015ftie o mul\u0163ime de service-uri din Ungaria, dovad\u0103 c\u0103 n-a avut nevoie de ele. Numai c\u0103 \u00een weekend ungurii nu lucreaz\u0103&#8230;\u00a0\u00cemi d\u0103 la telefon un mecanic, aflu c\u0103 probabil e doar o bujie de incandescen\u0163\u0103 \u015fi nu-i a\u015fa grav. Mai sun \u015fi eu pe mecanicul meu \u015fi el, om practic, m\u0103 \u00eentreab\u0103 direct: merge ma\u015fina? Eu: Da! El: P\u0103i atunci d\u0103-i \u00eenainte! Eu: \u015ei becul? El: P\u0103i nu te uita la el! Pune o band\u0103 pe el! Eu: Ok, am leucoplast mai multe modele, c\u0103 doar m\u0103 duc la concurs! \u015ei a\u015fa am mers, dus-\u00eentors \u00eenc\u0103 peste 3000km. Ca s\u0103 \u00eenchei cu epopeea ma\u015finii, \u00een Italia am fost programat peste o s\u0103pt\u0103m\u00e2n\u0103, iar \u00een Croa\u0163ia m-a ajutat gazda \u015fi am fost la service, mi-a \u015fters mecanicul 6 din 7 erori \u015fi mi-a spus c\u0103 am injector defect \u015fi o bujie. La Cluj acum e reparat\u0103: 2 injectoare \u015fi 3 bujii din 4 defecte. M\u0103 \u015fi mir c\u0103 a mers motorul, cred c\u0103 doar din obi\u015fnuin\u0163\u0103, ca \u015fi b\u0103tr\u00e2nii care dup\u0103 revolu\u0163ie se mai a\u015fezau la cozi \u015fi c\u00e2nd \u00eei \u00eentrebai la ce stau nu \u015ftiau ce s\u0103 r\u0103spund\u0103: st\u0103teau pentru c\u0103 v\u0103zuser\u0103 c\u0103 e coad\u0103.<br \/>\n\u00cen orice caz, am fost cu emo\u0163ii tot drumul \u015fi numai chef s\u0103 merg la Chamonix cu ma\u015fina nu mai aveam. R\u0103m\u00e2nea numai varianta de vizitat Chamonixul cu autobuzele organizatorilor. Dar p\u00e2n\u0103 acolo mai aveam \u00een plan s\u0103 vizit\u0103m Vene\u0163ia.<br \/>\n<strong>Poze de la Kesthely<\/strong>, au \u015fi piste de biciclete, este zon\u0103 pietonal\u0103, sunt panouri explicative&#8230;<\/p>\n<p class=\"clear\">[peg-image src=&#8221;http:\/\/lh3.googleusercontent.com\/-ZhYJpbHSXuE\/VfAwY0A9fkI\/AAAAAAAAe4s\/5Kh75sgor6w\/s144-o\/DSC_0001.JPG&#8221; href=&#8221;https:\/\/picasaweb.google.com\/103481498978040293448\/VacantaSiUTMBSurLesTracesDesDucsDeSavoieTDS#6192502690472099394&#8243; caption=&#8221;Kesthely &#8211; Ungaria, langa Balaton&#8221; type=&#8221;image&#8221; alt=&#8221;DSC_0001.JPG&#8221; image_size=&#8221;2896&#215;1944&#8243; ] [peg-image src=&#8221;http:\/\/lh3.googleusercontent.com\/-nJi56NUnIfo\/VfAwY4wSxtI\/AAAAAAAAe4o\/iC3fpKXyigs\/s144-o\/DSC_0007.JPG&#8221; href=&#8221;https:\/\/picasaweb.google.com\/103481498978040293448\/VacantaSiUTMBSurLesTracesDesDucsDeSavoieTDS#6192502691744368338&#8243; caption=&#8221;&#8221; type=&#8221;image&#8221; alt=&#8221;DSC_0007.JPG&#8221; image_size=&#8221;2896&#215;1944&#8243; ] [peg-image src=&#8221;http:\/\/lh3.googleusercontent.com\/-aieRJKpBGJ0\/VfAwYwfldII\/AAAAAAAAe48\/Y6hHZoT_bEo\/s144-o\/DSC_0008.JPG&#8221; href=&#8221;https:\/\/picasaweb.google.com\/103481498978040293448\/VacantaSiUTMBSurLesTracesDesDucsDeSavoieTDS#6192502689526805634&#8243; caption=&#8221;&#8221; type=&#8221;image&#8221; alt=&#8221;DSC_0008.JPG&#8221; image_size=&#8221;2896&#215;1944&#8243; ] [peg-image src=&#8221;http:\/\/lh3.googleusercontent.com\/-fkcYATe_JLw\/VfAwZcQMqXI\/AAAAAAAAe4w\/QNEaEWrcAyk\/s144-o\/DSC_0011.JPG&#8221; href=&#8221;https:\/\/picasaweb.google.com\/103481498978040293448\/VacantaSiUTMBSurLesTracesDesDucsDeSavoieTDS#6192502701273426290&#8243; caption=&#8221;&#8221; type=&#8221;image&#8221; alt=&#8221;DSC_0011.JPG&#8221; image_size=&#8221;2896&#215;1944&#8243; ] [peg-image src=&#8221;http:\/\/lh3.googleusercontent.com\/-BKBzmVdQDlw\/VfAwZqL-FwI\/AAAAAAAAe44\/C5XPYzR78yQ\/s144-o\/DSC_0017.JPG&#8221; href=&#8221;https:\/\/picasaweb.google.com\/103481498978040293448\/VacantaSiUTMBSurLesTracesDesDucsDeSavoieTDS#6192502705013790466&#8243; caption=&#8221;&#8221; type=&#8221;image&#8221; alt=&#8221;DSC_0017.JPG&#8221; image_size=&#8221;2896&#215;1944&#8243; ] [peg-image src=&#8221;http:\/\/lh3.googleusercontent.com\/-ZskNUmVQoVU\/VfAwZ1zyw2I\/AAAAAAAAe5M\/W32rA1par2k\/s144-o\/DSC_0018.JPG&#8221; href=&#8221;https:\/\/picasaweb.google.com\/103481498978040293448\/VacantaSiUTMBSurLesTracesDesDucsDeSavoieTDS#6192502708133610338&#8243; caption=&#8221;&#8221; type=&#8221;image&#8221; alt=&#8221;DSC_0018.JPG&#8221; image_size=&#8221;1944&#215;2896&#8243; ] [peg-image src=&#8221;http:\/\/lh3.googleusercontent.com\/-RxBNODXMreE\/VfAwaD-lFRI\/AAAAAAAAe5o\/xhQHLQY_XCE\/s144-o\/DSC_0022.JPG&#8221; href=&#8221;https:\/\/picasaweb.google.com\/103481498978040293448\/VacantaSiUTMBSurLesTracesDesDucsDeSavoieTDS#6192502711936947474&#8243; caption=&#8221;&#8221; type=&#8221;image&#8221; alt=&#8221;DSC_0022.JPG&#8221; image_size=&#8221;2896&#215;1944&#8243; ] [peg-image src=&#8221;http:\/\/lh3.googleusercontent.com\/-H5JPKYbpMI4\/VfAwaFJIX1I\/AAAAAAAAe5A\/FepiPorrGi0\/s144-o\/DSC_0024.JPG&#8221; href=&#8221;https:\/\/picasaweb.google.com\/103481498978040293448\/VacantaSiUTMBSurLesTracesDesDucsDeSavoieTDS#6192502712249638738&#8243; caption=&#8221;&#8221; type=&#8221;image&#8221; alt=&#8221;DSC_0024.JPG&#8221; image_size=&#8221;2896&#215;1944&#8243; ] [peg-image src=&#8221;http:\/\/lh3.googleusercontent.com\/-pCFp-mXPO1Q\/VfAwby_4-FI\/AAAAAAAAe5g\/6ssDJH9lFNM\/s144-o\/DSC_0027.JPG&#8221; href=&#8221;https:\/\/picasaweb.google.com\/103481498978040293448\/VacantaSiUTMBSurLesTracesDesDucsDeSavoieTDS#6192502741738780754&#8243; caption=&#8221;&#8221; type=&#8221;image&#8221; alt=&#8221;DSC_0027.JPG&#8221; image_size=&#8221;2896&#215;1944&#8243; ] [peg-image src=&#8221;http:\/\/lh3.googleusercontent.com\/-NZ4UAOJZFlo\/VfAwbgr8pyI\/AAAAAAAAe5k\/RuXj7uqiV3w\/s144-o\/DSC_0033.JPG&#8221; href=&#8221;https:\/\/picasaweb.google.com\/103481498978040293448\/VacantaSiUTMBSurLesTracesDesDucsDeSavoieTDS#6192502736823297826&#8243; caption=&#8221;&#8221; type=&#8221;image&#8221; alt=&#8221;DSC_0033.JPG&#8221; image_size=&#8221;2896&#215;1944&#8243; ] [peg-image src=&#8221;http:\/\/lh3.googleusercontent.com\/-SnvskmUoY04\/VfAwb3rgFhI\/AAAAAAAAe5c\/2wtXq3MlURI\/s144-o\/DSC_0034.JPG&#8221; href=&#8221;https:\/\/picasaweb.google.com\/103481498978040293448\/VacantaSiUTMBSurLesTracesDesDucsDeSavoieTDS#6192502742995441170&#8243; caption=&#8221;locul cazarii in Kesthely&#8221; type=&#8221;image&#8221; alt=&#8221;DSC_0034.JPG&#8221; image_size=&#8221;2896&#215;1944&#8243; ]<\/p>\n<p class=\"clear\"><strong><a href=\"#top\">Top<\/a><\/strong><\/p>\n<p><a name=\"Camping-Serenissima\"><\/a><strong>2.<\/strong>\u00a0A urmat oprirea la <strong>campingul Serenissima<\/strong>. Inten\u0163ia noastr\u0103 era de vizitare a Vene\u0163iei \u015fi de adaptare cu ideea de camping. \u00cen copil\u0103rie st\u0103team mult la camping la mare cu familia sau pe plaj\u0103 unde eram ca-n camping, \u015fi mi-a pl\u0103cut foarte mult pentru c\u0103 m\u0103 sim\u0163eam liber \u015fi-mi f\u0103ceam mul\u0163i prieteni de joac\u0103. Cum st\u0103team c\u00e2te trei s\u0103pt\u0103m\u00e2ni minimum, copiii veneau \u015fi plecau dar joaca nu se termina \ud83d\ude42<\/p>\n<p class=\"clear\">[peg-image src=&#8221;http:\/\/lh3.googleusercontent.com\/-hBsJOej6ZGE\/VfAwgnJhQNI\/AAAAAAAAe58\/KBmwnov5-BA\/s144-o\/DSC_0131.JPG&#8221; href=&#8221;https:\/\/picasaweb.google.com\/103481498978040293448\/VacantaSiUTMBSurLesTracesDesDucsDeSavoieTDS#6192502824457289938&#8243; caption=&#8221;&#8221; type=&#8221;image&#8221; alt=&#8221;DSC_0131.JPG&#8221; image_size=&#8221;2896&#215;1944&#8243; ]<br \/>\n[peg-image src=&#8221;http:\/\/lh3.googleusercontent.com\/-SjuCv0n61HE\/VfAwgpiwkOI\/AAAAAAAAe54\/gFMaJIL1XPY\/s144-o\/DSC_0128.JPG&#8221; href=&#8221;https:\/\/picasaweb.google.com\/103481498978040293448\/VacantaSiUTMBSurLesTracesDesDucsDeSavoieTDS#6192502825100021986&#8243; caption=&#8221;Camping Serenissima &#8211; Italia, langa Venetia&#8221; type=&#8221;image&#8221; alt=&#8221;DSC_0128.JPG&#8221; image_size=&#8221;2896&#215;1944&#8243; ]<br \/>\n[peg-image src=&#8221;http:\/\/lh3.googleusercontent.com\/-6mVqDtCqMc4\/VfAwgsR9vPI\/AAAAAAAAe6A\/htu_ypLMOtU\/s144-o\/DSC_0130.JPG&#8221; href=&#8221;https:\/\/picasaweb.google.com\/103481498978040293448\/VacantaSiUTMBSurLesTracesDesDucsDeSavoieTDS#6192502825834888434&#8243; caption=&#8221;&#8221; type=&#8221;image&#8221; alt=&#8221;DSC_0130.JPG&#8221; image_size=&#8221;2896&#215;1944&#8243; ]<\/p>\n<p class=\"clear\"><strong><a href=\"#top\">Top<\/a><\/strong><\/p>\n<p><a name=\"Venetia\"><\/a><strong>3.<\/strong>\u00a0Dup\u0103-masa am vizitat <strong>Vene\u0163ia<\/strong>, am f\u0103cut o c\u0103l\u0103torie cu un vapora\u015f p\u00e2n\u0103 la Palatul Dogilor \u015fi Pia\u0163a San Marco. N-are rost s\u0103 povestesc mai multe, a fost impresionant \u015fi a\u015fa, doar scrijelind cu privirea c\u00e2teva ore exteriorul cl\u0103dirilor. \u015ei c\u00e2nd te g\u00e2nde\u015fti c\u0103 \u00eentreg ora\u015ful a fost construit \u00eentr-o zon\u0103 ml\u0103\u015ftinoas\u0103, pe trunchiuri de copaci!<\/p>\n<p class=\"clear\">[peg-image src=&#8221;http:\/\/lh3.googleusercontent.com\/-5K7XIhAt4d0\/VfAwjAPUUtI\/AAAAAAAAe78\/XAtgCeLiZ2s\/s144-o\/DSC_0040.JPG&#8221; href=&#8221;https:\/\/picasaweb.google.com\/103481498978040293448\/VacantaSiUTMBSurLesTracesDesDucsDeSavoieTDS#6192502865552233170&#8243; caption=&#8221;Venetia, excursie de o dupa-masa cu vaporasul&#8221; type=&#8221;image&#8221; alt=&#8221;DSC_0040.JPG&#8221; image_size=&#8221;2896&#215;1944&#8243; ]<br \/>\n[peg-image src=&#8221;http:\/\/lh3.googleusercontent.com\/-qx2Abuno1rs\/VfAwjG9negI\/AAAAAAAAe6k\/oz9AUeRVXis\/s144-o\/DSC_0041.JPG&#8221; href=&#8221;https:\/\/picasaweb.google.com\/103481498978040293448\/VacantaSiUTMBSurLesTracesDesDucsDeSavoieTDS#6192502867357039106&#8243; caption=&#8221;&#8221; type=&#8221;image&#8221; alt=&#8221;DSC_0041.JPG&#8221; image_size=&#8221;2896&#215;1944&#8243; ]<\/p>\n<p>[peg-image src=&#8221;http:\/\/lh3.googleusercontent.com\/-wP196O382eA\/VfAwjG2QCRI\/AAAAAAAAe7U\/a3VVDpqiDwU\/s144-o\/DSC_0044.JPG&#8221; href=&#8221;https:\/\/picasaweb.google.com\/103481498978040293448\/VacantaSiUTMBSurLesTracesDesDucsDeSavoieTDS#6192502867326142738&#8243; caption=&#8221;&#8221; type=&#8221;image&#8221; alt=&#8221;DSC_0044.JPG&#8221; image_size=&#8221;2896&#215;1944&#8243; ]<\/p>\n<p>[peg-image src=&#8221;http:\/\/lh3.googleusercontent.com\/-UMukcESUqF8\/VfAwjtVORII\/AAAAAAAAe7Q\/nemgeoBaGno\/s144-o\/DSC_0055.JPG&#8221; href=&#8221;https:\/\/picasaweb.google.com\/103481498978040293448\/VacantaSiUTMBSurLesTracesDesDucsDeSavoieTDS#6192502877656597634&#8243; caption=&#8221;&#8221; type=&#8221;image&#8221; alt=&#8221;DSC_0055.JPG&#8221; image_size=&#8221;2896&#215;1944&#8243; ]<\/p>\n<p>[peg-image src=&#8221;http:\/\/lh3.googleusercontent.com\/-Lf2gKbfKr4U\/VfAwkG29O9I\/AAAAAAAAe7A\/RP8bl5fYH1o\/s144-o\/DSC_0061.JPG&#8221; href=&#8221;https:\/\/picasaweb.google.com\/103481498978040293448\/VacantaSiUTMBSurLesTracesDesDucsDeSavoieTDS#6192502884508974034&#8243; caption=&#8221;&#8221; type=&#8221;image&#8221; alt=&#8221;DSC_0061.JPG&#8221; image_size=&#8221;1944&#215;2896&#8243; ]<\/p>\n<p>[peg-image src=&#8221;http:\/\/lh3.googleusercontent.com\/-W78LODyxBjg\/VfAwkZs_EPI\/AAAAAAAAe6s\/txwGSY3Ydck\/s144-o\/DSC_0069.JPG&#8221; href=&#8221;https:\/\/picasaweb.google.com\/103481498978040293448\/VacantaSiUTMBSurLesTracesDesDucsDeSavoieTDS#6192502889567424754&#8243; caption=&#8221;&#8221; type=&#8221;image&#8221; alt=&#8221;DSC_0069.JPG&#8221; image_size=&#8221;2896&#215;1944&#8243; ]<\/p>\n<p>[peg-image src=&#8221;http:\/\/lh3.googleusercontent.com\/-MGq200grKiE\/VfAwknt6_6I\/AAAAAAAAe64\/gwFUsUgQhOI\/s144-o\/DSC_0076.JPG&#8221; href=&#8221;https:\/\/picasaweb.google.com\/103481498978040293448\/VacantaSiUTMBSurLesTracesDesDucsDeSavoieTDS#6192502893329448866&#8243; caption=&#8221;&#8221; type=&#8221;image&#8221; alt=&#8221;DSC_0076.JPG&#8221; image_size=&#8221;2896&#215;1944&#8243; ]<\/p>\n<p>[peg-image src=&#8221;http:\/\/lh3.googleusercontent.com\/-aQO6nBpXrfE\/VfAwk_tWuRI\/AAAAAAAAe7M\/au52v60uk40\/s144-o\/DSC_0078.JPG&#8221; href=&#8221;https:\/\/picasaweb.google.com\/103481498978040293448\/VacantaSiUTMBSurLesTracesDesDucsDeSavoieTDS#6192502899769522450&#8243; caption=&#8221;&#8221; type=&#8221;image&#8221; alt=&#8221;DSC_0078.JPG&#8221; image_size=&#8221;2896&#215;1944&#8243; ]<\/p>\n<p>[peg-image src=&#8221;http:\/\/lh3.googleusercontent.com\/-lx0MVlTEzCQ\/VfAwlAHU0WI\/AAAAAAAAe60\/nh8Xq3BGVmM\/s144-o\/DSC_0087.JPG&#8221; href=&#8221;https:\/\/picasaweb.google.com\/103481498978040293448\/VacantaSiUTMBSurLesTracesDesDucsDeSavoieTDS#6192502899878449506&#8243; caption=&#8221;&#8221; type=&#8221;image&#8221; alt=&#8221;DSC_0087.JPG&#8221; image_size=&#8221;2896&#215;1944&#8243; ]<\/p>\n<p>[peg-image src=&#8221;http:\/\/lh3.googleusercontent.com\/-wnsin3KFxDM\/VfAwlNyQm5I\/AAAAAAAAe74\/i7Fz8h4xohk\/s144-o\/DSC_0090.JPG&#8221; href=&#8221;https:\/\/picasaweb.google.com\/103481498978040293448\/VacantaSiUTMBSurLesTracesDesDucsDeSavoieTDS#6192502903548189586&#8243; caption=&#8221;&#8221; type=&#8221;image&#8221; alt=&#8221;DSC_0090.JPG&#8221; image_size=&#8221;1944&#215;2896&#8243; ]<\/p>\n<p>[peg-image src=&#8221;http:\/\/lh3.googleusercontent.com\/-DjE60vFZwog\/VfAwlZ-KydI\/AAAAAAAAe7E\/we7hdC9qF0g\/s144-o\/DSC_0092.JPG&#8221; href=&#8221;https:\/\/picasaweb.google.com\/103481498978040293448\/VacantaSiUTMBSurLesTracesDesDucsDeSavoieTDS#6192502906819365330&#8243; caption=&#8221;&#8221; type=&#8221;image&#8221; alt=&#8221;DSC_0092.JPG&#8221; image_size=&#8221;2896&#215;1944&#8243; ]<\/p>\n<p>[peg-image src=&#8221;http:\/\/lh3.googleusercontent.com\/-lrw_fH5K_-c\/VfAwmLeyhCI\/AAAAAAAAe7w\/g1Oq6RkYLx0\/s144-o\/DSC_0097.JPG&#8221; href=&#8221;https:\/\/picasaweb.google.com\/103481498978040293448\/VacantaSiUTMBSurLesTracesDesDucsDeSavoieTDS#6192502920109524002&#8243; caption=&#8221;&#8221; type=&#8221;image&#8221; alt=&#8221;DSC_0097.JPG&#8221; image_size=&#8221;2896&#215;1944&#8243; ]<\/p>\n<p>[peg-image src=&#8221;http:\/\/lh3.googleusercontent.com\/-P53mv5h5kS8\/VfAwmv1SLBI\/AAAAAAAAe7c\/QDglYaVkJjM\/s144-o\/DSC_0109.JPG&#8221; href=&#8221;https:\/\/picasaweb.google.com\/103481498978040293448\/VacantaSiUTMBSurLesTracesDesDucsDeSavoieTDS#6192502929867549714&#8243; caption=&#8221;&#8221; type=&#8221;image&#8221; alt=&#8221;DSC_0109.JPG&#8221; image_size=&#8221;2896&#215;1944&#8243; ]<\/p>\n<p>[peg-image src=&#8221;http:\/\/lh3.googleusercontent.com\/-h-rrqAyR2gs\/VfAwnNIlofI\/AAAAAAAAe7s\/KcZGlc0UrUY\/s144-o\/DSC_0111.JPG&#8221; href=&#8221;https:\/\/picasaweb.google.com\/103481498978040293448\/VacantaSiUTMBSurLesTracesDesDucsDeSavoieTDS#6192502937733145074&#8243; caption=&#8221;&#8221; type=&#8221;image&#8221; alt=&#8221;DSC_0111.JPG&#8221; image_size=&#8221;2896&#215;1944&#8243; ]<\/p>\n<p>[peg-image src=&#8221;http:\/\/lh3.googleusercontent.com\/-PjzWMyUHyE8\/VfAwn02Ix6I\/AAAAAAAAe70\/Wl8sEEZ9g14\/s144-o\/DSC_0115.JPG&#8221; href=&#8221;https:\/\/picasaweb.google.com\/103481498978040293448\/VacantaSiUTMBSurLesTracesDesDucsDeSavoieTDS#6192502948393174946&#8243; caption=&#8221;&#8221; type=&#8221;image&#8221; alt=&#8221;DSC_0115.JPG&#8221; image_size=&#8221;2896&#215;1944&#8243; ]<\/p>\n<p class=\"clear\"><strong><a href=\"#top\">Top<\/a><\/strong><\/p>\n<p><a name=\"CampingDuParc\"><\/a><strong>4.<\/strong>\u00a0\u00cen ziua a treia am ajuns \u00een fine la<strong> destina\u0163ie &#8211; Camping du Parc<\/strong> &#8211; Pre Saint Didier &#8211; comuna Morgex, l\u00e2ng\u0103 Courmayeur. Eram caza\u0163i \u00eentr-un fel de iurt\u0103 &#8211; un fel de cort mai mare cu paturi suprapuse. Fiecare construc\u0163ie din camping are un nume, a noastr\u0103 se numea <em>Tepee.<\/em> Am f\u0103cut c\u00e2teva poze \u015fi cu ciud\u0103\u0163eniile din jur. \ud83d\ude42 Prima mea \u00eentrebare a fost cu ce ne \u00eenc\u0103lzim, venind \u00een \u00eent\u00e2mpinarea \u00eentreb\u0103rilor posibile ale familiei. Omul mi-a ar\u0103tat cu o m\u00e2n\u0103 exteriorul. Clar! Mi-a \u015fi trecut prin cap basmul acela cu oborocul &#8211; Prostia omeneasc\u0103 a lui Creang\u0103: cic\u0103 personajul din poveste ca s\u0103-\u015fi \u00eenc\u0103lzeasc\u0103 \u00een cas\u0103 (de luminat la noi nu era cazul, c\u0103 aveam curent) \u015fi-a luat oborocul \u015fi se tot chinuia s\u0103-\u015fi introduc\u0103 Soarele \u00een bordei, fugind din cas\u0103 afar\u0103 \u015fi invers. Hai s\u0103 spunem c\u0103 pentru\u00a0\u00eenc\u0103lzit nu era chiar o idee rea&#8230; fuga, c\u0103 doar se presupune c\u0103 m\u0103 pricep pu\u0163in, c\u0103 merg la concurs de ultra. Primele dou\u0103 poze de mai jos sunt relevante pentru vremea de luni, 24 august, cu dou\u0103 zile \u00eenainte de concursul meu, prima poz\u0103 e de la camping \u015fi a doua luat\u0103 de pe FB de la startul cursei PTL din Chamonix. Mar\u0163i am fost s\u0103-mi ridic pachetul de start la Courmayeur \u015fi s\u0103 identific poarta de start &#8211; ultima poz\u0103 din colaj.<\/p>\n<p class=\"clear\">S-a f\u0103cut \u015fi vreme bun\u0103, s-a ridicat \u015fi barometrul optimismului. Campingul a devenit locul pe care l-am visat, cu copiii care se joac\u0103 \u00eempreun\u0103 \u00een\u0163eleg\u00e2ndu-se \u00eentre ei indiferent de limb\u0103. Ai mei s-au \u00een\u0163eles foarte bine cu fetele familiei de belgieni de l\u00e2ng\u0103 noi, din iurta mai mare \u015fi mai turtit\u0103. \u00cen camping mai erau participan\u0163i la TDS, la UTMB. Tat\u0103l familiei, Benny, chiar participa la cursa UTMB, a\u015fa c\u0103 am mai schimbat impresii \u015fi p\u0103reri inclusiv despre zona din jur \u015fi ce mai putem vizita ca s\u0103 fie interesant \u015fi pentru copii. A\u015fa am aflat de parcul de aventur\u0103 din Pre Saint Didier, de dou\u0103 bunc\u0103re de pe poteca spre acel or\u0103\u015fel, cel mai apropiat de camping. De treab\u0103 vecini am avut, \u015fi gazdele ne-au ajutat la nevoie! Cu alt concurent m-am \u00eent\u00e2lnit \u00een Chamonix la autobuzul de \u00eentoarcere \u00een Courmayeur. Le mul\u0163umesc pentru companie! \ud83d\ude42<\/p>\n<p class=\"clear\">[peg-image src=&#8221;http:\/\/lh3.googleusercontent.com\/-3pN_gI7JWG0\/VfF0QP2cQEI\/AAAAAAAAfMQ\/bFMIWX1rDXM\/s144-o\/IMG_20150824_184717.jpg&#8221; href=&#8221;https:\/\/picasaweb.google.com\/103481498978040293448\/VacantaSiUTMBSurLesTracesDesDucsDeSavoieTDS#6192858785092747330&#8243; caption=&#8221;prima zi la Camping du Parc &#8211; luni, cand era startul PTL, deloc incurajatoare vremea&#8221; type=&#8221;image&#8221; alt=&#8221;IMG_20150824_184717.jpg&#8221; image_size=&#8221;2880&#215;1728&#8243; ] [peg-image src=&#8221;http:\/\/lh3.googleusercontent.com\/-MqniLoRaEFo\/VfF1UKUO-LI\/AAAAAAAAfMk\/OV8bNPPj6Lg\/s144-o\/chamonix%252520start%252520PTL.jpg&#8221; href=&#8221;https:\/\/picasaweb.google.com\/103481498978040293448\/VacantaSiUTMBSurLesTracesDesDucsDeSavoieTDS#6192859951838197938&#8243; caption=&#8221;la startul cursei PTL &#8211; luni 24 aug, poza de pe FB&#8221; type=&#8221;image&#8221; alt=&#8221;chamonix start PTL.jpg&#8221; image_size=&#8221;1000&#215;668&#8243; ]<\/p>\n<p>[peg-image src=&#8221;http:\/\/lh3.googleusercontent.com\/-_MF12enJ6No\/VfAwrTaOKTI\/AAAAAAAAe8M\/QiKM8fPCuJs\/s144-o\/DSC_0133.JPG&#8221; href=&#8221;https:\/\/picasaweb.google.com\/103481498978040293448\/VacantaSiUTMBSurLesTracesDesDucsDeSavoieTDS#6192503008137193778&#8243; caption=&#8221;casa noastra pentru o saptamana&#8221; type=&#8221;image&#8221; alt=&#8221;DSC_0133.JPG&#8221; image_size=&#8221;2896&#215;1944&#8243; ]<\/p>\n<p>[peg-image src=&#8221;http:\/\/lh3.googleusercontent.com\/-ZFHEVm4QSRg\/VfAwrU0H9LI\/AAAAAAAAe88\/lUQvIVxwaOM\/s144-o\/DSC_0132.JPG&#8221; href=&#8221;https:\/\/picasaweb.google.com\/103481498978040293448\/VacantaSiUTMBSurLesTracesDesDucsDeSavoieTDS#6192503008514274482&#8243; caption=&#8221;Camping du Parc &#8211; Italia &#8211; am fost cazati la iurta Tepee&#8221; type=&#8221;image&#8221; alt=&#8221;DSC_0132.JPG&#8221; image_size=&#8221;2896&#215;1944&#8243; ]<\/p>\n<p>[peg-image src=&#8221;http:\/\/lh3.googleusercontent.com\/-eDR65XHgvrg\/VfAwsrMgCCI\/AAAAAAAAe8o\/mdYWZDR6_ks\/s144-o\/DSC_0148.JPG&#8221; href=&#8221;https:\/\/picasaweb.google.com\/103481498978040293448\/VacantaSiUTMBSurLesTracesDesDucsDeSavoieTDS#6192503031701964834&#8243; caption=&#8221;in tenda noastra&#8221; type=&#8221;image&#8221; alt=&#8221;DSC_0148.JPG&#8221; image_size=&#8221;1944&#215;2896&#8243; ]<\/p>\n<p>[peg-image src=&#8221;http:\/\/lh3.googleusercontent.com\/-qx0kwzbrQk4\/VfAwrR5BErI\/AAAAAAAAe9E\/JJgRtsgx7ls\/s144-o\/DSC_0137.JPG&#8221; href=&#8221;https:\/\/picasaweb.google.com\/103481498978040293448\/VacantaSiUTMBSurLesTracesDesDucsDeSavoieTDS#6192503007729488562&#8243; caption=&#8221;&#8221; type=&#8221;image&#8221; alt=&#8221;DSC_0137.JPG&#8221; image_size=&#8221;2896&#215;1944&#8243; ]<\/p>\n<p>[peg-image src=&#8221;http:\/\/lh3.googleusercontent.com\/-tOTw7OdF3Ck\/VfAwsYN4W3I\/AAAAAAAAe8c\/x1JzPVquLCE\/s144-o\/DSC_0146.JPG&#8221; href=&#8221;https:\/\/picasaweb.google.com\/103481498978040293448\/VacantaSiUTMBSurLesTracesDesDucsDeSavoieTDS#6192503026607479666&#8243; caption=&#8221;&#8221; type=&#8221;image&#8221; alt=&#8221;DSC_0146.JPG&#8221; image_size=&#8221;2896&#215;1944&#8243; ]<\/p>\n<p>[peg-image src=&#8221;http:\/\/lh3.googleusercontent.com\/-IeTi0b6yYjk\/VfAws8NBXBI\/AAAAAAAAe9M\/qdgKwOZgiHU\/s144-o\/DSC_0153.JPG&#8221; href=&#8221;https:\/\/picasaweb.google.com\/103481498978040293448\/VacantaSiUTMBSurLesTracesDesDucsDeSavoieTDS#6192503036267551762&#8243; caption=&#8221;parc de joaca in camping&#8221; type=&#8221;image&#8221; alt=&#8221;DSC_0153.JPG&#8221; image_size=&#8221;2896&#215;1944&#8243; ]<\/p>\n<p>[peg-image src=&#8221;http:\/\/lh3.googleusercontent.com\/-HHcoo7HRIxY\/VfAwtIBhavI\/AAAAAAAAe84\/FCPhmwjtk-4\/s144-o\/DSC_0155.JPG&#8221; href=&#8221;https:\/\/picasaweb.google.com\/103481498978040293448\/VacantaSiUTMBSurLesTracesDesDucsDeSavoieTDS#6192503039440546546&#8243; caption=&#8221;buna la toate&#8221; type=&#8221;image&#8221; alt=&#8221;DSC_0155.JPG&#8221; image_size=&#8221;2896&#215;1944&#8243; ]<\/p>\n<p>[peg-image src=&#8221;http:\/\/lh3.googleusercontent.com\/-cbVoRBeqt3Y\/VfAwrxHrLvI\/AAAAAAAAe8s\/MtIOZwNzXNw\/s144-o\/DSC_0141.JPG&#8221; href=&#8221;https:\/\/picasaweb.google.com\/103481498978040293448\/VacantaSiUTMBSurLesTracesDesDucsDeSavoieTDS#6192503016112467698&#8243; caption=&#8221;ce se vede din camping &#8211; Monte Bianco&#8221; type=&#8221;image&#8221; alt=&#8221;DSC_0141.JPG&#8221; image_size=&#8221;2896&#215;1944&#8243; ]<\/p>\n<p>[peg-image src=&#8221;http:\/\/lh3.googleusercontent.com\/-_js0lDNIIUY\/VfAwtGBT6tI\/AAAAAAAAe80\/t3YwXjBXFic\/s144-o\/DSC_0159.JPG&#8221; href=&#8221;https:\/\/picasaweb.google.com\/103481498978040293448\/VacantaSiUTMBSurLesTracesDesDucsDeSavoieTDS#6192503038902790866&#8243; caption=&#8221;&#8221; type=&#8221;image&#8221; alt=&#8221;DSC_0159.JPG&#8221; image_size=&#8221;2896&#215;1944&#8243; ]<\/p>\n<p>[peg-image src=&#8221;http:\/\/lh3.googleusercontent.com\/-IZglKS4-xyE\/VfAwtuIRkGI\/AAAAAAAAe9A\/4IBeYlk_fdM\/s144-o\/DSC_0170.JPG&#8221; href=&#8221;https:\/\/picasaweb.google.com\/103481498978040293448\/VacantaSiUTMBSurLesTracesDesDucsDeSavoieTDS#6192503049669415010&#8243; caption=&#8221;&#8221; type=&#8221;image&#8221; alt=&#8221;DSC_0170.JPG&#8221; image_size=&#8221;2896&#215;1944&#8243; ]<\/p>\n<p>[peg-image src=&#8221;http:\/\/lh3.googleusercontent.com\/-n7Uug9_LyQ8\/VfAwxCRviWI\/AAAAAAAAe9U\/22qa0YyCwBM\/s144-o\/IMG_20150825_183011%252520recunoastere%252520start%252520TDS%252520Courmayeur.jpg&#8221; href=&#8221;https:\/\/picasaweb.google.com\/103481498978040293448\/VacantaSiUTMBSurLesTracesDesDucsDeSavoieTDS#6192503106617444706&#8243; caption=&#8221;in recunoasterea startului din ziua urmatoare &#8211; Courmayeur&#8221; type=&#8221;image&#8221; alt=&#8221;IMG_20150825_183011 recunoastere start TDS Courmayeur.jpg&#8221; image_size=&#8221;2880&#215;1728&#8243; ]<\/p>\n<p class=\"clear\"><strong><a href=\"#top\">Top<\/a><\/strong><\/p>\n<p><a name=\"TDS\"><\/a><strong>5.<\/strong>\u00a0<strong>Concursul<\/strong>. A fost o vreme super, \u00eenc\u0103 chiar prea cald. Pozele de mai jos sunt f\u0103cute de mine la startul TDS &#8211; ora 6 diminea\u0163a (s-a schimbat fa\u0163\u0103 de anii trecu\u0163i ora de start &#8211; nu mai era ora 7 \u015fi ca urmare m\u0103 a\u015fteptam s\u0103 se \u00eembun\u0103t\u0103\u0163easc\u0103 timpii primilor finisheri), la <strong>Lago di Verney<\/strong> &#8211; ora 11.28 \u015fi la v\u00e2rful <strong>Passeur Pralognan<\/strong> &#8211; 2567m &#8211; ora 17.50.<\/p>\n<p class=\"clear\">Marele \u015fi singurul avantaj c\u0103 ne-am cazat l\u00e2ng\u0103 Courmayeur a fost c\u0103 startul n-a implicat de\u015fteptarea\u00a0mai devreme ca s\u0103 iau busul organizatorilor. \u00cen rest au fost mai multe dezavantaje. La sf\u00e2r\u015fitul cursei, la 6 diminea\u0163a, aflu \u015fi v\u0103d c\u0103 \u00eentr-adev\u0103r a\u015fa era \u015fi pe pliant, singurul bus spre cas\u0103 de la organizatori era abia la ora 13. A\u015fa m-am \u00eent\u00e2nit cu concurentul din camping la sta\u0163ia clasic\u0103 din Courmayeur sud, busul plec\u00e2nd la ora 8.30. Bine c\u0103 am avut bani la mine, cum e specificat \u015fi la echipamentul\u00a0obligatoriu &#8211; minim 20eur. Biletul a costat 15eur. Apoi, toate autobuzele au programul conceput astfel \u00eenc\u00e2t ultimele curse ajung la Chamonix \u015fi trebuie \u015fi ca \u00eenso\u0163itor s\u0103 ai grij\u0103 s\u0103 ai ma\u015fin\u0103 de \u00eentoarcere. \u015ei din cauza unor probleme n-am reu\u015fit s\u0103 folosesc facilit\u0103\u0163ile de transport ale organizatorilor dec\u00e2t duminic\u0103 la sf\u00e2r\u015fitul cursei UTMB, dar \u015fi atunci n-am putut sta la premiere pentru c\u0103 nu mai aveam cu ce s\u0103 m\u0103 \u00eentorc. Dac\u0103 tot sunt la capitolul probleme, \u00eenc\u0103 n-am l\u0103murit de ce so\u0163ia n-a putut primi mesaje cu informa\u0163ii despre cursa mea, de\u015fi am corespondat pe tema asta cu livetrail \u015fi \u00eenainte din Rom\u00e2nia, \u015fi la fa\u0163a locului. Mare mister, minus 8eur. <strong>Update:<\/strong> Au returnat banii. Probleme de acest fel cu numerele de telefon au mai avut si altii, inclusiv din Fran\u0163a. Data viitoare daca se mai \u00eent\u00e2mpl\u0103 voi schimba din timp num\u0103rul de mobil.<\/p>\n<p class=\"clear\"><strong>Dar s\u0103 trec la lucrurile faine<\/strong>, adic\u0103 la curs\u0103. E ceva s\u0103 ai mii de oameni \u00een jur la start. De\u015fi m-am considerat plasat destul de bine \u00een fa\u0163\u0103 la start, dup\u0103 c\u00e2\u0163iva zeci de metri de fug\u0103\u00a0mi-am dat seama c\u0103 am sute de concuren\u0163i \u00een fa\u0163\u0103. \u015ei c\u0103 to\u0163i alearg\u0103 de rup p\u0103m\u00e2ntul. Ce s\u0103 fac, doar n-o s\u0103 m\u0103 opresc s\u0103 protestez: alerg \u015fi eu c\u00e2t pot. \u00cen fapt toat\u0103 lumea cred c\u0103 era con\u015ftient\u0103 de \u00eenc\u0103 un aspect: nu numai ora de start s-a modificat fa\u0163\u0103 de anii trecu\u0163i, dar au fost mic\u015forate \u015fi limitele de timp intermediare eliminatorii. Poate \u015fi acest aspect a contat \u00een graba noastr\u0103.\u00a0La al doilea punct de alimentare care era \u015fi eliminatoriu, la km15\u00a0<strong>Lac Combal<\/strong>, a fost prima dat\u0103 c\u00e2nd m-am uitat pe grafic &#8211; eram cu cele 2h30min u\u015for sub timpii de anul trecut ai lui Grigore Iulian (23h55min la finish), Tibi U\u015feriu (26h04min) \u015fi Victor Vasluian(29h11min). Practic eram pe pozi\u0163ia <strong>481<\/strong>, era \u00eenc\u0103 devreme s\u0103-mi pot da seama \u00een ce timp pot termina cursa, \u00een orice caz m-am l\u0103murit c\u0103 va fi un timp peste 22ore. Pe Zsolt Kovacs \u00eenc\u0103 nu-l pot ajunge \ud83d\ude42 . Ce era important &#8211; m\u0103 sim\u0163eam bine.<\/p>\n<p class=\"clear\">Au urmat urc\u0103rile de <strong>Col Chavanne<\/strong> \u015fi <strong>Col du Petit St Bernard<\/strong>. Am urcat bine, am cobor\u00e2t \u015fi mai bine. Pe cobor\u00e2rea de Col Chavanne am avut un iepure, un b\u0103iat dup\u0103 al c\u0103rui ritm mi-a pl\u0103cut s\u0103 alerg. Am reu\u015fit apoi s\u0103-l prind din urm\u0103 \u015fi pe cobor\u00e2rea de la Petit St Bernard, unde era s\u0103 iau \u015fi o tr\u00e2nt\u0103 &#8211; m\u0103 \u00eempiedicasem de o piatr\u0103 pe care nu o v\u0103zusem, alerg\u00e2nd foarte aproape de cel din fa\u0163\u0103, \u015fi am fost nevoit s\u0103 sar mai jos pe serpentina potecii care se \u00eentorcea, ateriz\u00e2nd aproape pe spate. Am povestit \u015fi cu concurentul, l-am stimulat s\u0103 alerge din nou \u00een fa\u0163\u0103. A ap\u0103rut \u00eens\u0103 o problem\u0103, datorat\u0103 aliment\u0103rii. Eu m\u0103car mai luam izotonic din camelbag \u015fi mai \u00eenghi\u0163eam c\u00e2te un gel, la el n-am observat a\u015fa ceva. Spre sosirea la <strong>Bourg Saint Maurice<\/strong> el s-a &#8220;&#8221;t\u0103iat&#8221;&#8221; \u015fi nici eu nu m\u0103 sim\u0163eam prea bine. Eram abia la km51 \u015fi eram pur \u015fi simplu epuizat.<\/p>\n<p class=\"clear\">Traseul nu era dificil dpdv tehnic, era chiar alergabil pentru cine e preg\u0103tit. \u00cen timp ce am b\u0103ut dou\u0103 supe \u015fi am m\u00e2ncat sandwichul din rucsac, plus cola \u015fi ce mi-a mai f\u0103cut cu ochiul, m-am g\u00e2ndit ce anume e deosebit la aceast\u0103 curs\u0103, cum de am omis iar s\u0103 m\u0103 alimentez suficient. Pe grafic nu st\u0103team r\u0103u, cu 7h47min (pozi\u0163ia <strong>336<\/strong> \u00een graficul &#8220;&#8221;de final&#8221;&#8221; al organizatorilor) \u00eens\u0103 alunecasem sub Tibi \u015fi era posibilitatea s\u0103 termin \u00een mai mult de 26ore. \u015ei a\u015fa am ajuns la concluzia c\u0103 faptul c\u0103 traseul e alergabil \u015fi cu lungi urc\u0103ri \u015fi mai ales lungi cobor\u00e2ri ai tenta\u0163ia s\u0103 neglijezi m\u00e2ncarea. Dep\u0103\u015fisem mul\u0163i concuren\u0163i mai ales cu ritmul de cobor\u00e2re, dar nu eram obi\u015fnuit cu cobor\u00e2ri de vitez\u0103 care s\u0103-mi ia ore! De exemplu numai de la\u00a0Col du Petit St Bernard la\u00a0Bourg Saint Maurice am f\u0103cut peste 2 ore, \u00een care mai mult am cobor\u00e2t! La MTB e regul\u0103 s\u0103 evi\u0163i m\u00e2ncatul la vale, dar acolo sunt alte viteze \u015fi implicit\u00a0interval mai scurt.<\/p>\n<p class=\"clear\">\u015ei atunci m-am g\u00e2ndit la dou\u0103 variante &#8211; ori m\u0103 odihnesc 30min s\u0103-mi revin, ori o iau mai u\u015for \u015fi dau Cezarului ce-i al Cezarului &#8211; s\u0103 fiu preg\u0103tit s\u0103 fiu dep\u0103\u015fit de zeci de concuren\u0163i pe urcarea de <strong>Fort de la Platte<\/strong>, f\u0103r\u0103 s\u0103 m\u0103 ambi\u0163ionez s\u0103 intru \u00een ritmul lor \u015fi s\u0103 sper c\u0103 organismul \u00ee\u015fi revine \u015fi pot continua vesel p\u00e2n\u0103 la final. Am ales evident s\u0103 nu stau. \u00cen plus nu voi mai merge la limit\u0103 pe urc\u0103ri, \u00eencerc\u00e2nd ca sus s\u0103 fiu \u00een form\u0103 s\u0103 pot recupera pe cobor\u00e2ri.<\/p>\n<p class=\"clear\">A\u015fa a \u015fi fost \u00een continuare. P\u00e2n\u0103 la Fort de la Platte am fost dep\u0103\u015fit de c\u00e2teva grupuri de concuren\u0163i la\u00a0care am \u00eencercat s\u0103 le intru \u00een ritm \u015fi mi-am dat seama c\u0103 e prea mult\u0103 voin\u0163\u0103 \u015fi mai pu\u0163in\u0103 putin\u0163\u0103. Dar \u00eencetul cu \u00eencetul mi-au revenit for\u0163ele, iar la <strong>Passeur de Pralognan<\/strong> &#8211; 2546m deja m\u0103 sim\u0163eam \u00een form\u0103. Am \u015fi f\u0103cut o pauz\u0103 de pozat \u015fi de &#8230; luat r\u0103mas bun de la trec\u0103toarea sl\u0103biciune. Cu 11h48min eram sub Tibi, cu un timp estimat la finish de peste 26h (pozi\u0163ia <strong>379<\/strong>). <strong>Race reset<\/strong>, urmeaz\u0103 s\u0103 \u00eencerc s\u0103 recuperez treptat ce am pierdut.<\/p>\n<p class=\"clear\">A urmat <strong>Cormet de Roselend<\/strong> &#8211; punctul unde m\u0103 a\u015ftepta bagajul portocaliu, cu papuci de schimb, \u015fosete, sandwichuri \u015fi geluri \u015fi batoane. Ai mei n-au mai putut veni, aveam s\u0103 aflu c\u0103 i s-a f\u0103cut r\u0103u pe autobuz la b\u0103iat \u015fi s-au \u00eentors. Sunt ni\u015fte serpentine pe acolo! \u00cen vitez\u0103 \u015fi calm mi-am schimbat \u015fosetele \u015fi pachetele din bagaje \u015fi am \u00eentins-o. Era important s\u0103 pot face c\u00e2t mai mult din distan\u0163\u0103 \u00eenainte de \u00eennoptare \u015fi s\u0103 \u00eencerc s\u0103 m\u0103 \u0163in de grupuri s\u0103 nu cumva s\u0103 m\u0103 r\u0103t\u0103cesc. Era foarte bine marcat traseul, cu panglici \u00een dungi av\u00e2nd la capete benzi reflectorizante, dar pentru mine e suficient o neaten\u0163ie.<\/p>\n<p class=\"clear\"><strong>La Gitte<\/strong> (km75, pozi\u0163ia <strong>321<\/strong>) \u00een sf\u00e2r\u015fit eram sub timpul lui Tibi \u015fi speram un onorabil finish de 25h. N-am putut s\u0103 stau dec\u00e2t pu\u0163in s\u0103 iau doar ap\u0103, nici m\u0103car frontala nu mi-o scosesem. Era amurg \u015fi un grup tocmai se pornea la deal. Am mers \u015fi pe bezn\u0103 doar cu lumina de la concuren\u0163ii din jur, abia sus am s\u0103pat dup\u0103 frontal\u0103. Au urmat\u00a0<strong>Col Joly \u015fi Les Contamines<\/strong>. Chiar mergeam bine \u015fi alergam \u015fi mai bine la vale. Aproape am ajuns (18h34min, pozi\u0163ia <strong>254<\/strong>) \u00een graficul\u00a0lui Iulian de <strong>24h<\/strong>! Dar urma urcarea de <strong>Col du Tricot<\/strong>. Mi-am dat seama c\u0103 uitasem la Cormet de Roselend s\u0103-mi schimb bateriile la gps-ul de drume\u0163ie \u00een care aveam \u015fi trackul de la organizatori. \u00cenc\u0103 de atunci \u00eencepusem s\u0103 m\u0103 gr\u0103besc \u015fi uitam c\u00e2te ceva. Mi-am pus \u00een mod gps ceasul s\u0103 m\u0103 ajute cu ritmul \u015fi m-am ata\u015fat de 2-3 concuren\u0163i cu g\u00e2ndul s\u0103 nu-i pierd din ochi. Era km95, mai aveam cam 25km p\u00e2n\u0103 la finish \u015fi m\u0103 tot \u00eentrebam cum de la Iulian i-au luat peste 5h acest semimaraton mai lung. Ap\u0103i de aia, c\u0103 \u015fi mie mi-au trebuit cam 5h20min \u015fi chiar \u015fi Zsolt a f\u0103cut peste 5h. \u015ei eu am alergat la vale \u015fi la final!<\/p>\n<p class=\"clear\">Frumos noaptea pe urcarea de Col du Tricot! Plin de lumini\u0163e! Dar peste 2h30min la doar 7km parcur\u015fi?! \u015ei dup\u0103 pozi\u0163ia de final din v\u00e2rf cic\u0103 am avansat p\u00e2n\u0103 pe locul <strong>236<\/strong>.<\/p>\n<p class=\"clear\">Dupa <strong>Bellevue<\/strong> (loc de panoram\u0103 la cap\u0103t de cablu cred c\u0103 de telescaun) am ajuns la <strong>Les Houches<\/strong> &#8211; 22h52min, pozi\u0163ia<strong> 216<\/strong>. Acolo canci h\u00e2rtia mea cu graficul, o uitasem \u015fi pe asta pe undeva. Dar nu mai conta, mai aveam 8km \u015fi dup\u0103 ceas m\u0103 puteam \u00eencadra \u00een 24h, numai s\u0103 nu trebuiasc\u0103 s\u0103 mai urc. Au fost \u00eens\u0103 \u015fi scurte urc\u0103ri \u015fi concuren\u0163i \u00eenver\u015funa\u0163i aproape ca \u015fi mine \ud83d\ude42 \u015fi a trebuit s\u0103 fac sprint la final &#8211; de aceea \u015fi pozele oficiale la finish sunt cam gr\u0103bite. Timpul meu a fost de <strong>23h52min19sec, 4,98km\/h media &#8211; final\u00a0<strong>locul 59\/428 categoria V1H \u015fi 211\/1214 general<\/strong><\/strong>, cu 3 minute mai bun ca al lui Iulian de anul trecut. Anul acesta \u00eens\u0103 Iulian a mers mult mai bine, cu 2h mai pu\u0163in.<\/p>\n<p class=\"clear\">M-am sim\u0163it bine, e important s\u0103 termini \u015fi s\u0103 mai ai energie \u015fi dup\u0103 curs\u0103. Am primit \u015fi o vest\u0103 de finisher \u015fi abia am a\u015fteptat s\u0103 ajung acas\u0103, cu emo\u0163ii c\u0103 ma\u015fina mea din Courmayeur nu mai porne\u015fte dup\u0103 mai mult de 24h de pauz\u0103.<\/p>\n<p class=\"clear\">[peg-image src=&#8221;http:\/\/lh3.googleusercontent.com\/-sa9Ajhs6ZJg\/VfF_dr-FUUI\/AAAAAAAAfNY\/t4Fm6fGr5xY\/s144-o\/Profil-TDS-2014.png&#8221; href=&#8221;https:\/\/picasaweb.google.com\/103481498978040293448\/VacantaSiUTMBSurLesTracesDesDucsDeSavoieTDS#6192871110607196482&#8243; caption=&#8221;profil TDS &#8211; site organizatori&#8221; type=&#8221;image&#8221; alt=&#8221;Profil-TDS-2014.png&#8221; image_size=&#8221;887&#215;300&#8243; ]<\/p>\n<p><iframe loading=\"lazy\" src=\"https:\/\/www.strava.com\/activities\/385723321\/embed\/d13ea4f0366362137eb6f5192b9de0f7ad3d8b4f\" width=\"590\" height=\"405\" frameborder=\"0\" scrolling=\"no\"><\/iframe><\/p>\n<p>[peg-image src=&#8221;http:\/\/lh3.googleusercontent.com\/-GQrjyq-Ng_g\/VfAw1NzQZFI\/AAAAAAAAe9o\/2yKKIo_Mbds\/s144-o\/2015-08-26%25252005.21.34.jpg&#8221; href=&#8221;https:\/\/picasaweb.google.com\/103481498978040293448\/VacantaSiUTMBSurLesTracesDesDucsDeSavoieTDS#6192503178430276690&#8243; caption=&#8221;poze facute de mine in timpul concursului, acum la start &#8211; ora 6 dimineata&#8221; type=&#8221;image&#8221; alt=&#8221;2015-08-26 05.21.34.jpg&#8221; image_size=&#8221;2048&#215;1536&#8243; ]<\/p>\n<p>[peg-image src=&#8221;http:\/\/lh3.googleusercontent.com\/-MYPHOK0Eg8k\/VfAw1HHmx6I\/AAAAAAAAe9s\/8qTgllr54fM\/s144-o\/2015-08-26%25252005.56.42.jpg&#8221; href=&#8221;https:\/\/picasaweb.google.com\/103481498978040293448\/VacantaSiUTMBSurLesTracesDesDucsDeSavoieTDS#6192503176636581794&#8243; caption=&#8221;2015-08-26 05.56.42.jpg&#8221; type=&#8221;image&#8221; alt=&#8221;2015-08-26 05.56.42.jpg&#8221; image_size=&#8221;2048&#215;1536&#8243; ]<\/p>\n<p>[peg-image src=&#8221;http:\/\/lh3.googleusercontent.com\/-p&#8211;hmgkx9EY\/VfAw1Ft6vRI\/AAAAAAAAe-I\/Yhc9cWdMLp0\/s144-o\/2015-08-26%25252005.56.52.jpg&#8221; href=&#8221;https:\/\/picasaweb.google.com\/103481498978040293448\/VacantaSiUTMBSurLesTracesDesDucsDeSavoieTDS#6192503176260402450&#8243; caption=&#8221;2015-08-26 05.56.52.jpg&#8221; type=&#8221;image&#8221; alt=&#8221;2015-08-26 05.56.52.jpg&#8221; image_size=&#8221;2048&#215;1536&#8243; ]<\/p>\n<p>[peg-image src=&#8221;http:\/\/lh3.googleusercontent.com\/-pl445PPmBEQ\/VfAw1k_XCzI\/AAAAAAAAe9w\/B2jP5T4KJMA\/s144-o\/2015-08-26%25252011.28.08.jpg&#8221; href=&#8221;https:\/\/picasaweb.google.com\/103481498978040293448\/VacantaSiUTMBSurLesTracesDesDucsDeSavoieTDS#6192503184655059762&#8243; caption=&#8221;lac Combal &#8211; ora 11.28&#8243; type=&#8221;image&#8221; alt=&#8221;2015-08-26 11.28.08.jpg&#8221; image_size=&#8221;2048&#215;1536&#8243; ]<\/p>\n<p>[peg-image src=&#8221;http:\/\/lh3.googleusercontent.com\/-0xiI2igZV8I\/VfAw2JRWm3I\/AAAAAAAAe-E\/QXJmLp7se6M\/s144-o\/2015-08-26%25252011.28.13.jpg&#8221; href=&#8221;https:\/\/picasaweb.google.com\/103481498978040293448\/VacantaSiUTMBSurLesTracesDesDucsDeSavoieTDS#6192503194394205042&#8243; caption=&#8221;2015-08-26 11.28.13.jpg&#8221; type=&#8221;image&#8221; alt=&#8221;2015-08-26 11.28.13.jpg&#8221; image_size=&#8221;2048&#215;1536&#8243; ]<\/p>\n<p>[peg-image src=&#8221;http:\/\/lh3.googleusercontent.com\/-0vkXQDHjL48\/VfAw220tSlI\/AAAAAAAAe98\/PCeQnO9C7xs\/s144-o\/2015-08-26%25252017.50.03.jpg&#8221; href=&#8221;https:\/\/picasaweb.google.com\/103481498978040293448\/VacantaSiUTMBSurLesTracesDesDucsDeSavoieTDS#6192503206622087762&#8243; caption=&#8221;poze de la Passeur Pralognan &#8211; ora 17.50&#8243; type=&#8221;image&#8221; alt=&#8221;2015-08-26 17.50.03.jpg&#8221; image_size=&#8221;2048&#215;1536&#8243; ]<\/p>\n<p>[peg-image src=&#8221;http:\/\/lh3.googleusercontent.com\/-Ags0veZ4pQs\/VfAw39RTniI\/AAAAAAAAe-0\/orf_Q8gOPiw\/s144-o\/2015-08-26%25252017.50.07.jpg&#8221; href=&#8221;https:\/\/picasaweb.google.com\/103481498978040293448\/VacantaSiUTMBSurLesTracesDesDucsDeSavoieTDS#6192503225532522018&#8243; caption=&#8221;2015-08-26 17.50.07.jpg&#8221; type=&#8221;image&#8221; alt=&#8221;2015-08-26 17.50.07.jpg&#8221; image_size=&#8221;2048&#215;1536&#8243; ]<\/p>\n<p>[peg-image src=&#8221;http:\/\/lh3.googleusercontent.com\/-Tn_GHOa3FIw\/VfAw4N0SMkI\/AAAAAAAAe_A\/t5-2oSn1y28\/s144-o\/2015-08-26%25252017.50.11.jpg&#8221; href=&#8221;https:\/\/picasaweb.google.com\/103481498978040293448\/VacantaSiUTMBSurLesTracesDesDucsDeSavoieTDS#6192503229974196802&#8243; caption=&#8221;2015-08-26 17.50.11.jpg&#8221; type=&#8221;image&#8221; alt=&#8221;2015-08-26 17.50.11.jpg&#8221; image_size=&#8221;2048&#215;1536&#8243; ]<\/p>\n<p>[peg-image src=&#8221;http:\/\/lh3.googleusercontent.com\/-gExWilOBwRs\/VfAw4n6v8VI\/AAAAAAAAe-8\/NbtBRs1_DSk\/s144-o\/2015-08-26%25252017.50.17.jpg&#8221; href=&#8221;https:\/\/picasaweb.google.com\/103481498978040293448\/VacantaSiUTMBSurLesTracesDesDucsDeSavoieTDS#6192503236980633938&#8243; caption=&#8221;2015-08-26 17.50.17.jpg&#8221; type=&#8221;image&#8221; alt=&#8221;2015-08-26 17.50.17.jpg&#8221; image_size=&#8221;2048&#215;1536&#8243; ]<\/p>\n<p>[peg-image src=&#8221;http:\/\/lh3.googleusercontent.com\/-09A3tU6zc4g\/VfAw5siIkvI\/AAAAAAAAe-k\/SG9m06Tw4XA\/s144-o\/2015-08-26%25252017.50.29.jpg&#8221; href=&#8221;https:\/\/picasaweb.google.com\/103481498978040293448\/VacantaSiUTMBSurLesTracesDesDucsDeSavoieTDS#6192503255399437042&#8243; caption=&#8221;2015-08-26 17.50.29.jpg&#8221; type=&#8221;image&#8221; alt=&#8221;2015-08-26 17.50.29.jpg&#8221; image_size=&#8221;2048&#215;1536&#8243; ]<\/p>\n<p>[peg-image src=&#8221;http:\/\/lh3.googleusercontent.com\/-oxTgUasJlGk\/VfAw5nkbYjI\/AAAAAAAAe-w\/OIpmo9NkVpg\/s144-o\/2015-08-26%25252017.50.39.jpg&#8221; href=&#8221;https:\/\/picasaweb.google.com\/103481498978040293448\/VacantaSiUTMBSurLesTracesDesDucsDeSavoieTDS#6192503254066881074&#8243; caption=&#8221;2015-08-26 17.50.39.jpg&#8221; type=&#8221;image&#8221; alt=&#8221;2015-08-26 17.50.39.jpg&#8221; image_size=&#8221;2048&#215;1536&#8243; ]<\/p>\n<p>[peg-image src=&#8221;http:\/\/lh3.googleusercontent.com\/-k58llWq4-mg\/VfAw5-QG8dI\/AAAAAAAAe-s\/WxO7I1UaH-Q\/s144-o\/2015-08-26%25252017.50.42.jpg&#8221; href=&#8221;https:\/\/picasaweb.google.com\/103481498978040293448\/VacantaSiUTMBSurLesTracesDesDucsDeSavoieTDS#6192503260155670994&#8243; caption=&#8221;2015-08-26 17.50.42.jpg&#8221; type=&#8221;image&#8221; alt=&#8221;2015-08-26 17.50.42.jpg&#8221; image_size=&#8221;2048&#215;1536&#8243; ]<\/p>\n<p>[peg-image src=&#8221;http:\/\/lh3.googleusercontent.com\/-CR4jAS3QLtw\/VfAw6KvxqzI\/AAAAAAAAe-4\/UGO4AWi3uQc\/s144-o\/2015-08-26%25252017.50.45.jpg&#8221; href=&#8221;https:\/\/picasaweb.google.com\/103481498978040293448\/VacantaSiUTMBSurLesTracesDesDucsDeSavoieTDS#6192503263509719858&#8243; caption=&#8221;2015-08-26 17.50.45.jpg&#8221; type=&#8221;image&#8221; alt=&#8221;2015-08-26 17.50.45.jpg&#8221; image_size=&#8221;2048&#215;1536&#8243; ]<\/p>\n<p class=\"clear\"><strong><a href=\"#top\">Top<\/a><\/strong><\/p>\n<p><a name=\"ParcAventura\"><\/a><strong>6.<\/strong>\u00a0Dup\u0103 TDS \u015fi dup\u0103 o peripe\u0163ie care m-a f\u0103cut s\u0103-mi petrec noaptea urm\u0103toare \u00een Aosta &#8211; \u00eenc\u0103 o noapte cam alb\u0103, un or\u0103\u015fel foarte cochet la 30km de Courmayeur, \u00een sf\u00e2r\u015fit am reu\u015fit s\u0103 ajungem la <strong>Parcul de aventur\u0103 Pre Saint Didier<\/strong>. Am f\u0103cut drume\u0163ie, am urcat la pasarela de metal care este un punct de belvedere al zonei. Au trasee pe culori, iar dou\u0103 dintre ele am avut voie doar eu s\u0103 le parcurg, fiind \u00eentr-adev\u0103r mai dificile. Seam\u0103n\u0103 cu ce avem noi pe aici pe l\u00e2ng\u0103 Cluj.<\/p>\n<p>[peg-image src=&#8221;http:\/\/lh3.googleusercontent.com\/-Ew9pKGCXHXU\/VfAw86tppqI\/AAAAAAAAfA4\/0klovpL0240\/s144-o\/DSC_0178.JPG&#8221; href=&#8221;https:\/\/picasaweb.google.com\/103481498978040293448\/VacantaSiUTMBSurLesTracesDesDucsDeSavoieTDS#6192503310745446050&#8243; caption=&#8221;Pre Saint Didier&#8221; type=&#8221;image&#8221; alt=&#8221;DSC_0178.JPG&#8221; image_size=&#8221;2896&#215;1944&#8243; ]<\/p>\n<p>[peg-image src=&#8221;http:\/\/lh3.googleusercontent.com\/-HuYYEcQrvGA\/VfAw8ztZWeI\/AAAAAAAAe_Y\/dliq3AsAMgw\/s144-o\/DSC_0179.JPG&#8221; href=&#8221;https:\/\/picasaweb.google.com\/103481498978040293448\/VacantaSiUTMBSurLesTracesDesDucsDeSavoieTDS#6192503308865329634&#8243; caption=&#8221;&#8221; type=&#8221;image&#8221; alt=&#8221;DSC_0179.JPG&#8221; image_size=&#8221;1944&#215;2896&#8243; ]<\/p>\n<p>[peg-image src=&#8221;http:\/\/lh3.googleusercontent.com\/-gv9NHbs2O4g\/VfAw87olehI\/AAAAAAAAe_c\/irHpaduoQrM\/s144-o\/DSC_0180.JPG&#8221; href=&#8221;https:\/\/picasaweb.google.com\/103481498978040293448\/VacantaSiUTMBSurLesTracesDesDucsDeSavoieTDS#6192503310992636434&#8243; caption=&#8221;&#8221; type=&#8221;image&#8221; alt=&#8221;DSC_0180.JPG&#8221; image_size=&#8221;2896&#215;1944&#8243; ]<\/p>\n<p>[peg-image src=&#8221;http:\/\/lh3.googleusercontent.com\/-ABTm3d6ytEc\/VfAw9Rb_vMI\/AAAAAAAAfAE\/PhxOwxYvIgw\/s144-o\/DSC_0195.JPG&#8221; href=&#8221;https:\/\/picasaweb.google.com\/103481498978040293448\/VacantaSiUTMBSurLesTracesDesDucsDeSavoieTDS#6192503316845411522&#8243; caption=&#8221;pasarela &#8211; punct de belvedere &#8211; acolo vom ajunge, este langa parcul de aventura Pre Saint Didier&#8221; type=&#8221;image&#8221; alt=&#8221;DSC_0195.JPG&#8221; image_size=&#8221;2896&#215;1944&#8243; ]<\/p>\n<p>[peg-image src=&#8221;http:\/\/lh3.googleusercontent.com\/-UKMRC31Ht48\/VfAw9vVs6TI\/AAAAAAAAe_o\/O-noQY17-20\/s144-o\/DSC_0201.JPG&#8221; href=&#8221;https:\/\/picasaweb.google.com\/103481498978040293448\/VacantaSiUTMBSurLesTracesDesDucsDeSavoieTDS#6192503324872075570&#8243; caption=&#8221;&#8221; type=&#8221;image&#8221; alt=&#8221;DSC_0201.JPG&#8221; image_size=&#8221;1944&#215;2896&#8243; ]<\/p>\n<p>[peg-image src=&#8221;http:\/\/lh3.googleusercontent.com\/-hqK5X6MBqnQ\/VfAw99JmC9I\/AAAAAAAAfBI\/YZj-OvQghiw\/s144-o\/DSC_0202.JPG&#8221; href=&#8221;https:\/\/picasaweb.google.com\/103481498978040293448\/VacantaSiUTMBSurLesTracesDesDucsDeSavoieTDS#6192503328579390418&#8243; caption=&#8221;&#8221; type=&#8221;image&#8221; alt=&#8221;DSC_0202.JPG&#8221; image_size=&#8221;2896&#215;1944&#8243; ]<\/p>\n<p>[peg-image src=&#8221;http:\/\/lh3.googleusercontent.com\/-FkmgGRk2bM8\/VfAw975AHPI\/AAAAAAAAe_w\/GSPU59MqDWc\/s144-o\/DSC_0211.JPG&#8221; href=&#8221;https:\/\/picasaweb.google.com\/103481498978040293448\/VacantaSiUTMBSurLesTracesDesDucsDeSavoieTDS#6192503328241360114&#8243; caption=&#8221;&#8221; type=&#8221;image&#8221; alt=&#8221;DSC_0211.JPG&#8221; image_size=&#8221;2896&#215;1944&#8243; ]<\/p>\n<p>[peg-image src=&#8221;http:\/\/lh3.googleusercontent.com\/-XEdQItpUmrA\/VfAw-Mgp3ZI\/AAAAAAAAe_0\/_nNzC0k1agc\/s144-o\/DSC_0213.JPG&#8221; href=&#8221;https:\/\/picasaweb.google.com\/103481498978040293448\/VacantaSiUTMBSurLesTracesDesDucsDeSavoieTDS#6192503332702641554&#8243; caption=&#8221;&#8221; type=&#8221;image&#8221; alt=&#8221;DSC_0213.JPG&#8221; image_size=&#8221;2896&#215;1944&#8243; ]<\/p>\n<p>[peg-image src=&#8221;http:\/\/lh3.googleusercontent.com\/-9o1TACJX6cM\/VfAw-3M_QcI\/AAAAAAAAe_8\/wcluaM6ns4M\/s144-o\/DSC_0215.JPG&#8221; href=&#8221;https:\/\/picasaweb.google.com\/103481498978040293448\/VacantaSiUTMBSurLesTracesDesDucsDeSavoieTDS#6192503344162881986&#8243; caption=&#8221;&#8221; type=&#8221;image&#8221; alt=&#8221;DSC_0215.JPG&#8221; image_size=&#8221;2896&#215;1944&#8243; ]<\/p>\n<p>[peg-image src=&#8221;http:\/\/lh3.googleusercontent.com\/-fayUfO-EQxM\/VfAw_CM7qjI\/AAAAAAAAfAQ\/nVa-wYo4fg8\/s144-o\/DSC_0219.JPG&#8221; href=&#8221;https:\/\/picasaweb.google.com\/103481498978040293448\/VacantaSiUTMBSurLesTracesDesDucsDeSavoieTDS#6192503347115436594&#8243; caption=&#8221;&#8221; type=&#8221;image&#8221; alt=&#8221;DSC_0219.JPG&#8221; image_size=&#8221;2896&#215;1944&#8243; ]<\/p>\n<p>[peg-image src=&#8221;http:\/\/lh3.googleusercontent.com\/-_UimdeFNKi0\/VfAw_IdPNFI\/AAAAAAAAfAU\/VwXMnB2-vKs\/s144-o\/DSC_0223.JPG&#8221; href=&#8221;https:\/\/picasaweb.google.com\/103481498978040293448\/VacantaSiUTMBSurLesTracesDesDucsDeSavoieTDS#6192503348794438738&#8243; caption=&#8221;&#8221; type=&#8221;image&#8221; alt=&#8221;DSC_0223.JPG&#8221; image_size=&#8221;2896&#215;1944&#8243; ]<\/p>\n<p>[peg-image src=&#8221;http:\/\/lh3.googleusercontent.com\/-5ky3y-4TBxo\/VfAxAFPaVdI\/AAAAAAAAfAY\/aofio2TPOVE\/s144-o\/DSC_0226.JPG&#8221; href=&#8221;https:\/\/picasaweb.google.com\/103481498978040293448\/VacantaSiUTMBSurLesTracesDesDucsDeSavoieTDS#6192503365111010770&#8243; caption=&#8221;&#8221; type=&#8221;image&#8221; alt=&#8221;DSC_0226.JPG&#8221; image_size=&#8221;2896&#215;1944&#8243; ]<\/p>\n<p>[peg-image src=&#8221;http:\/\/lh3.googleusercontent.com\/-eor3x2sx4lc\/VfAxAOps6aI\/AAAAAAAAfAg\/qQnchIjXkE8\/s144-o\/DSC_0227.JPG&#8221; href=&#8221;https:\/\/picasaweb.google.com\/103481498978040293448\/VacantaSiUTMBSurLesTracesDesDucsDeSavoieTDS#6192503367637199266&#8243; caption=&#8221;&#8221; type=&#8221;image&#8221; alt=&#8221;DSC_0227.JPG&#8221; image_size=&#8221;2896&#215;1944&#8243; ]<\/p>\n<p>[peg-image src=&#8221;http:\/\/lh3.googleusercontent.com\/-gEvLa1sadPA\/VfAxAvpN0-I\/AAAAAAAAfCI\/K39Rxxp1TAc\/s144-o\/DSC_0230.JPG&#8221; href=&#8221;https:\/\/picasaweb.google.com\/103481498978040293448\/VacantaSiUTMBSurLesTracesDesDucsDeSavoieTDS#6192503376493532130&#8243; caption=&#8221;&#8221; type=&#8221;image&#8221; alt=&#8221;DSC_0230.JPG&#8221; image_size=&#8221;2896&#215;1944&#8243; ]<\/p>\n<p>[peg-image src=&#8221;http:\/\/lh3.googleusercontent.com\/-16YtbwrUx0k\/VfAxAz511lI\/AAAAAAAAfAo\/OLjSICKr6aQ\/s144-o\/DSC_0231.JPG&#8221; href=&#8221;https:\/\/picasaweb.google.com\/103481498978040293448\/VacantaSiUTMBSurLesTracesDesDucsDeSavoieTDS#6192503377637004882&#8243; caption=&#8221;&#8221; type=&#8221;image&#8221; alt=&#8221;DSC_0231.JPG&#8221; image_size=&#8221;2896&#215;1944&#8243; ]<\/p>\n<p>[peg-image src=&#8221;http:\/\/lh3.googleusercontent.com\/-JnCTEa1iXeA\/VfAxBePN4lI\/AAAAAAAAfA8\/-bFnfEEVA9E\/s144-o\/DSC_0237.JPG&#8221; href=&#8221;https:\/\/picasaweb.google.com\/103481498978040293448\/VacantaSiUTMBSurLesTracesDesDucsDeSavoieTDS#6192503389000950354&#8243; caption=&#8221;&#8221; type=&#8221;image&#8221; alt=&#8221;DSC_0237.JPG&#8221; image_size=&#8221;2896&#215;1944&#8243; ]<\/p>\n<p>[peg-image src=&#8221;http:\/\/lh3.googleusercontent.com\/-HUqA0x2MiVQ\/VfAxCOrPnBI\/AAAAAAAAfB4\/lC_Qha5IYW8\/s144-o\/DSC_0246.JPG&#8221; href=&#8221;https:\/\/picasaweb.google.com\/103481498978040293448\/VacantaSiUTMBSurLesTracesDesDucsDeSavoieTDS#6192503402003405842&#8243; caption=&#8221;la parcul de aventura&#8221; type=&#8221;image&#8221; alt=&#8221;DSC_0246.JPG&#8221; image_size=&#8221;2896&#215;1944&#8243; ]<\/p>\n<p>[peg-image src=&#8221;http:\/\/lh3.googleusercontent.com\/-CewiVUBXjRY\/VfAxCvTs8WI\/AAAAAAAAfCM\/wwkL3XsF4rw\/s144-o\/DSC_0254.JPG&#8221; href=&#8221;https:\/\/picasaweb.google.com\/103481498978040293448\/VacantaSiUTMBSurLesTracesDesDucsDeSavoieTDS#6192503410763034978&#8243; caption=&#8221;&#8221; type=&#8221;image&#8221; alt=&#8221;DSC_0254.JPG&#8221; image_size=&#8221;2896&#215;1944&#8243; ]<\/p>\n<p>[peg-image src=&#8221;http:\/\/lh3.googleusercontent.com\/-ITyKUJoBwLw\/VfAxC-1l5tI\/AAAAAAAAfBY\/ZXE5dsjjCZI\/s144-o\/DSC_0255.JPG&#8221; href=&#8221;https:\/\/picasaweb.google.com\/103481498978040293448\/VacantaSiUTMBSurLesTracesDesDucsDeSavoieTDS#6192503414931711698&#8243; caption=&#8221;&#8221; type=&#8221;image&#8221; alt=&#8221;DSC_0255.JPG&#8221; image_size=&#8221;2896&#215;1944&#8243; ]<\/p>\n<p>[peg-image src=&#8221;http:\/\/lh3.googleusercontent.com\/-B-908NUaTmw\/VfAxDDzrkNI\/AAAAAAAAfBQ\/NWWEmwn0dHw\/s144-o\/DSC_0286.JPG&#8221; href=&#8221;https:\/\/picasaweb.google.com\/103481498978040293448\/VacantaSiUTMBSurLesTracesDesDucsDeSavoieTDS#6192503416265871570&#8243; caption=&#8221;&#8221; type=&#8221;image&#8221; alt=&#8221;DSC_0286.JPG&#8221; image_size=&#8221;2896&#215;1944&#8243; ]<\/p>\n<p>[peg-image src=&#8221;http:\/\/lh3.googleusercontent.com\/-peOmDQodfFs\/VfAxDu_o9YI\/AAAAAAAAfBw\/D2jhzJU6fM4\/s144-o\/DSC_0290.JPG&#8221; href=&#8221;https:\/\/picasaweb.google.com\/103481498978040293448\/VacantaSiUTMBSurLesTracesDesDucsDeSavoieTDS#6192503427858756994&#8243; caption=&#8221;&#8221; type=&#8221;image&#8221; alt=&#8221;DSC_0290.JPG&#8221; image_size=&#8221;2896&#215;1944&#8243; ]<\/p>\n<p>[peg-image src=&#8221;http:\/\/lh3.googleusercontent.com\/-coVrSxaZcKA\/VfAxD337-TI\/AAAAAAAAfBg\/0j-L0wbWrrc\/s144-o\/DSC_0301.JPG&#8221; href=&#8221;https:\/\/picasaweb.google.com\/103481498978040293448\/VacantaSiUTMBSurLesTracesDesDucsDeSavoieTDS#6192503430242367794&#8243; caption=&#8221;&#8221; type=&#8221;image&#8221; alt=&#8221;DSC_0301.JPG&#8221; image_size=&#8221;2896&#215;1944&#8243; ]<\/p>\n<p>[peg-image src=&#8221;http:\/\/lh3.googleusercontent.com\/-MyxKC_aePaI\/VfAxEscbHyI\/AAAAAAAAfBs\/YVip_baHWzo\/s144-o\/DSC_0309.JPG&#8221; href=&#8221;https:\/\/picasaweb.google.com\/103481498978040293448\/VacantaSiUTMBSurLesTracesDesDucsDeSavoieTDS#6192503444354047778&#8243; caption=&#8221;&#8221; type=&#8221;image&#8221; alt=&#8221;DSC_0309.JPG&#8221; image_size=&#8221;2896&#215;1944&#8243; ]<\/p>\n<p>[peg-image src=&#8221;http:\/\/lh3.googleusercontent.com\/&#8211;qSL6u_879Y\/VfAxEzG-bGI\/AAAAAAAAfCE\/RBNsObl7iv0\/s144-o\/DSC_0335.JPG&#8221; href=&#8221;https:\/\/picasaweb.google.com\/103481498978040293448\/VacantaSiUTMBSurLesTracesDesDucsDeSavoieTDS#6192503446143134818&#8243; caption=&#8221;&#8221; type=&#8221;image&#8221; alt=&#8221;DSC_0335.JPG&#8221; image_size=&#8221;2896&#215;1944&#8243; ]<\/p>\n<p>[peg-image src=&#8221;http:\/\/lh3.googleusercontent.com\/-3nLrqCgaT8o\/VfAxF3z1kFI\/AAAAAAAAfCQ\/VRdJ2p40u80\/s144-o\/DSC_0436.JPG&#8221; href=&#8221;https:\/\/picasaweb.google.com\/103481498978040293448\/VacantaSiUTMBSurLesTracesDesDucsDeSavoieTDS#6192503464584908882&#8243; caption=&#8221;&#8221; type=&#8221;image&#8221; alt=&#8221;DSC_0436.JPG&#8221; image_size=&#8221;2896&#215;1944&#8243; ]<\/p>\n<p class=\"clear\"><strong><a href=\"#top\">Top<\/a><\/strong><\/p>\n<p><a name=\"Chamonix\"><\/a><strong>7. <\/strong>Mult am dorit s\u0103 ajungem \u015fi la <strong>Chamonix<\/strong>, s\u0103 punem cu to\u0163ii piciorul \u015fi-n Fran\u0163a. Am putut asista la sosirea primilor concuren\u0163i UTMB (171km) &#8211; era o mul\u0163ime de lume \u015fi greu am putut vedea pe alerg\u0103tori.\u00a0<span class=\"pnom\">Xavier<\/span> <span class=\"nom\">Thevenard a sosit primul cu un timp extraordinar &#8211; 21h09min.<\/span><\/p>\n<p>[peg-image src=&#8221;http:\/\/lh3.googleusercontent.com\/-tw9lVkyMPNs\/VfAxJb7t-yI\/AAAAAAAAfCc\/Vm5bkQdIfII\/s144-o\/IMG_20150829_160439.jpg&#8221; href=&#8221;https:\/\/picasaweb.google.com\/103481498978040293448\/VacantaSiUTMBSurLesTracesDesDucsDeSavoieTDS#6192503525821250338&#8243; caption=&#8221;Chamonix, la sosirea primilor concurenti de la proba UTMB&#8221; type=&#8221;image&#8221; alt=&#8221;IMG_20150829_160439.jpg&#8221; image_size=&#8221;480&#215;800&#8243; ]<\/p>\n<p>[peg-image src=&#8221;http:\/\/lh3.googleusercontent.com\/-7DGfpnMSDfQ\/VfAxJaMDGNI\/AAAAAAAAfCg\/685e7nfQ8zc\/s144-o\/IMG_20150829_160827.jpg&#8221; href=&#8221;https:\/\/picasaweb.google.com\/103481498978040293448\/VacantaSiUTMBSurLesTracesDesDucsDeSavoieTDS#6192503525352872146&#8243; caption=&#8221;ajunge Xavier THEVENARD!&#8221; type=&#8221;image&#8221; alt=&#8221;IMG_20150829_160827.jpg&#8221; image_size=&#8221;2880&#215;1728&#8243; ]<\/p>\n<p class=\"clear\"><strong><a href=\"#top\">Top<\/a><\/strong><\/p>\n<p><a name=\"Crikvenica\"><\/a><strong>8.<\/strong>\u00a0\u015ei a venit r\u00e2ndul zilelor petrecute la malul m\u0103rii, la <strong>Crikvenica-Croa\u0163ia<\/strong>. \u00cen sf\u00e2r\u015fit o pensiune normal\u0103 \ud83d\ude42 , cu priveli\u015fte la mare \u015fi zona central\u0103. \u00cen fiecare s\u0103pt\u0103m\u00e2n\u0103 la Crikvenica se s\u0103rb\u0103tore\u015fte c\u00e2te ceva, doar e ora\u015f turistic. Noi am nimerit \u00een s\u0103pt\u0103m\u00e2na pescarilor, a\u015fa c\u0103 am m\u00e2ncat tot felul de viet\u0103\u0163i ale m\u0103rii:\u00a0scoici, rechin, ton, pesti mici, creveti, calamari.<\/p>\n<p>[peg-image src=&#8221;http:\/\/lh3.googleusercontent.com\/-yXBPkvuc9_I\/VfAxLsOa2gI\/AAAAAAAAfCw\/Ad1AOIsWIJk\/s144-o\/DSC_0461.JPG&#8221; href=&#8221;https:\/\/picasaweb.google.com\/103481498978040293448\/VacantaSiUTMBSurLesTracesDesDucsDeSavoieTDS#6192503564554394114&#8243; caption=&#8221;Crikvenica &#8211; Croatia&#8221; type=&#8221;image&#8221; alt=&#8221;DSC_0461.JPG&#8221; image_size=&#8221;2896&#215;1944&#8243; ]<\/p>\n<p>[peg-image src=&#8221;http:\/\/lh3.googleusercontent.com\/-hrOsna3c2fU\/VfAxLuEUREI\/AAAAAAAAfC8\/HL6osmyzXSo\/s144-o\/DSC_0462.JPG&#8221; href=&#8221;https:\/\/picasaweb.google.com\/103481498978040293448\/VacantaSiUTMBSurLesTracesDesDucsDeSavoieTDS#6192503565048890434&#8243; caption=&#8221;&#8221; type=&#8221;image&#8221; alt=&#8221;DSC_0462.JPG&#8221; image_size=&#8221;2896&#215;1944&#8243; ]<\/p>\n<p>[peg-image src=&#8221;http:\/\/lh3.googleusercontent.com\/-TviCJDmDzCI\/VfAxLqydJEI\/AAAAAAAAfD8\/B78Hv0nd5fU\/s144-o\/DSC_0468.JPG&#8221; href=&#8221;https:\/\/picasaweb.google.com\/103481498978040293448\/VacantaSiUTMBSurLesTracesDesDucsDeSavoieTDS#6192503564168668226&#8243; caption=&#8221;in fiecare seara mancam peste&#8221; type=&#8221;image&#8221; alt=&#8221;DSC_0468.JPG&#8221; image_size=&#8221;2896&#215;1944&#8243; ]<\/p>\n<p>[peg-image src=&#8221;http:\/\/lh3.googleusercontent.com\/-c_HUbDldfDg\/VfAxMeahfvI\/AAAAAAAAfC4\/rGcq2tt_slc\/s144-o\/DSC_0469.JPG&#8221; href=&#8221;https:\/\/picasaweb.google.com\/103481498978040293448\/VacantaSiUTMBSurLesTracesDesDucsDeSavoieTDS#6192503578026934002&#8243; caption=&#8221;&#8221; type=&#8221;image&#8221; alt=&#8221;DSC_0469.JPG&#8221; image_size=&#8221;2896&#215;1944&#8243; ]<\/p>\n<p>[peg-image src=&#8221;http:\/\/lh3.googleusercontent.com\/-HckVseoyKxI\/VfAxMiEJKSI\/AAAAAAAAfDE\/-xCzAB8jCjo\/s144-o\/DSC_0470.JPG&#8221; href=&#8221;https:\/\/picasaweb.google.com\/103481498978040293448\/VacantaSiUTMBSurLesTracesDesDucsDeSavoieTDS#6192503579006806306&#8243; caption=&#8221;&#8221; type=&#8221;image&#8221; alt=&#8221;DSC_0470.JPG&#8221; image_size=&#8221;2896&#215;1944&#8243; ]<\/p>\n<p>[peg-image src=&#8221;http:\/\/lh3.googleusercontent.com\/-AlVszmpzMHE\/VfAxM0L9ogI\/AAAAAAAAfDs\/E-5XajOwiQk\/s144-o\/DSC_0472.JPG&#8221; href=&#8221;https:\/\/picasaweb.google.com\/103481498978040293448\/VacantaSiUTMBSurLesTracesDesDucsDeSavoieTDS#6192503583871443458&#8243; caption=&#8221;&#8221; type=&#8221;image&#8221; alt=&#8221;DSC_0472.JPG&#8221; image_size=&#8221;2896&#215;1944&#8243; ]<\/p>\n<p>[peg-image src=&#8221;http:\/\/lh3.googleusercontent.com\/-J4aKzdmI3oM\/VfAxUP-MtVI\/AAAAAAAAfEw\/RIk8DkCQHwE\/s144-o\/IMG_20150903_212242.jpg&#8221; href=&#8221;https:\/\/picasaweb.google.com\/103481498978040293448\/VacantaSiUTMBSurLesTracesDesDucsDeSavoieTDS#6192503711588988242&#8243; caption=&#8221;nu lipsesc scoicile&#8221; type=&#8221;image&#8221; alt=&#8221;IMG_20150903_212242.jpg&#8221; image_size=&#8221;2560&#215;1920&#8243; ]<\/p>\n<p>[peg-image src=&#8221;http:\/\/lh3.googleusercontent.com\/-fvHTRgSr8dc\/VfAxNS6YMYI\/AAAAAAAAfDQ\/Zy8XZVeIpKg\/s144-o\/DSC_0484.JPG&#8221; href=&#8221;https:\/\/picasaweb.google.com\/103481498978040293448\/VacantaSiUTMBSurLesTracesDesDucsDeSavoieTDS#6192503592119185794&#8243; caption=&#8221;&#8221; type=&#8221;image&#8221; alt=&#8221;DSC_0484.JPG&#8221; image_size=&#8221;2896&#215;1944&#8243; ]<\/p>\n<p>[peg-image src=&#8221;http:\/\/lh3.googleusercontent.com\/-O3JeDr3yWjQ\/VfAxSZ5YF4I\/AAAAAAAAfFA\/k2VKEWM7TYI\/s144-o\/DSC_0519.JPG&#8221; href=&#8221;https:\/\/picasaweb.google.com\/103481498978040293448\/VacantaSiUTMBSurLesTracesDesDucsDeSavoieTDS#6192503679893378946&#8243; caption=&#8221;&#8221; type=&#8221;image&#8221; alt=&#8221;DSC_0519.JPG&#8221; image_size=&#8221;1944&#215;2896&#8243; ]<\/p>\n<p>[peg-image src=&#8221;http:\/\/lh3.googleusercontent.com\/-DqiA6XosjE8\/VfAxSRd_u1I\/AAAAAAAAfEc\/HTnsOMKxNQ4\/s144-o\/DSC_0520.JPG&#8221; href=&#8221;https:\/\/picasaweb.google.com\/103481498978040293448\/VacantaSiUTMBSurLesTracesDesDucsDeSavoieTDS#6192503677631052626&#8243; caption=&#8221;&#8221; type=&#8221;image&#8221; alt=&#8221;DSC_0520.JPG&#8221; image_size=&#8221;1944&#215;2896&#8243; ]<\/p>\n<p class=\"clear\"><strong><a href=\"#top\">Top<\/a><\/strong><\/p>\n<p><a name=\"Fishermen\"><\/a><strong>9. <\/strong>\u015ei tot pentru c\u0103 era<strong>\u00a0<\/strong>49th <strong>Fishermen&#8217;s week <\/strong>\u015fi s-au organizat tot felul de ateliere cu munc\u0103 specific\u0103 de pescar, inclusiv g\u0103tit, copiii au ales s\u0103 vopseasc\u0103 o barc\u0103.\u00a0Mult entuziasm din partea lor, din ce \u00een ce mai greu de \u00een\u0163eles pentru mine. \ud83d\ude42<\/p>\n<p>[peg-image src=&#8221;http:\/\/lh3.googleusercontent.com\/-LbJKK2P2wVQ\/VfAxN4BLLrI\/AAAAAAAAfDU\/i7Q8QuO8-gI\/s144-o\/DSC_0492.JPG&#8221; href=&#8221;https:\/\/picasaweb.google.com\/103481498978040293448\/VacantaSiUTMBSurLesTracesDesDucsDeSavoieTDS#6192503602079805106&#8243; caption=&#8221;este saptamana pescarilor, pe langa alte preocupari este si un atelier de reparat barci&#8221; type=&#8221;image&#8221; alt=&#8221;DSC_0492.JPG&#8221; image_size=&#8221;2896&#215;1944&#8243; ]<\/p>\n<p>[peg-image src=&#8221;http:\/\/lh3.googleusercontent.com\/-2ijweftNydQ\/VfAxOfvSqMI\/AAAAAAAAfD0\/rPQ7e31Fc40\/s144-o\/DSC_0497.JPG&#8221; href=&#8221;https:\/\/picasaweb.google.com\/103481498978040293448\/VacantaSiUTMBSurLesTracesDesDucsDeSavoieTDS#6192503612742215874&#8243; caption=&#8221;49. Ribarski tjedan &#8211; saptamana pescarilor&#8221; type=&#8221;image&#8221; alt=&#8221;DSC_0497.JPG&#8221; image_size=&#8221;2896&#215;1944&#8243; ]<\/p>\n<p>[peg-image src=&#8221;http:\/\/lh3.googleusercontent.com\/-GWDifOKq_7c\/VfAxOku9RgI\/AAAAAAAAfDo\/TzVN_nyWXfU\/s144-o\/DSC_0498.JPG&#8221; href=&#8221;https:\/\/picasaweb.google.com\/103481498978040293448\/VacantaSiUTMBSurLesTracesDesDucsDeSavoieTDS#6192503614082991618&#8243; caption=&#8221;&#8221; type=&#8221;image&#8221; alt=&#8221;DSC_0498.JPG&#8221; image_size=&#8221;2896&#215;1944&#8243; ]<\/p>\n<p>[peg-image src=&#8221;http:\/\/lh3.googleusercontent.com\/-CPHzgzKWiWg\/VfAxPlDEnzI\/AAAAAAAAfD4\/Y7sw5RosCVA\/s144-o\/DSC_0503.JPG&#8221; href=&#8221;https:\/\/picasaweb.google.com\/103481498978040293448\/VacantaSiUTMBSurLesTracesDesDucsDeSavoieTDS#6192503631347228466&#8243; caption=&#8221;&#8221; type=&#8221;image&#8221; alt=&#8221;DSC_0503.JPG&#8221; image_size=&#8221;2896&#215;1944&#8243; ]<\/p>\n<p>[peg-image src=&#8221;http:\/\/lh3.googleusercontent.com\/-xYnxVXsosUI\/VfAxQFHg_vI\/AAAAAAAAfEQ\/DbBrD9pH2Vc\/s144-o\/DSC_0504.JPG&#8221; href=&#8221;https:\/\/picasaweb.google.com\/103481498978040293448\/VacantaSiUTMBSurLesTracesDesDucsDeSavoieTDS#6192503639955799794&#8243; caption=&#8221;&#8221; type=&#8221;image&#8221; alt=&#8221;DSC_0504.JPG&#8221; image_size=&#8221;2896&#215;1944&#8243; ]<\/p>\n<p>[peg-image src=&#8221;http:\/\/lh3.googleusercontent.com\/-48PBYoyJVqY\/VfAxQXaOYdI\/AAAAAAAAfE8\/vaNKVKoOSw8\/s144-o\/DSC_0517.JPG&#8221; href=&#8221;https:\/\/picasaweb.google.com\/103481498978040293448\/VacantaSiUTMBSurLesTracesDesDucsDeSavoieTDS#6192503644866109906&#8243; caption=&#8221;&#8221; type=&#8221;image&#8221; alt=&#8221;DSC_0517.JPG&#8221; image_size=&#8221;2896&#215;1944&#8243; ]<\/p>\n<p>[peg-image src=&#8221;http:\/\/lh3.googleusercontent.com\/-zwFZtMJQy10\/VfAxRBx-4gI\/AAAAAAAAfFE\/3kivLNGeakY\/s144-o\/DSC_0518.JPG&#8221; href=&#8221;https:\/\/picasaweb.google.com\/103481498978040293448\/VacantaSiUTMBSurLesTracesDesDucsDeSavoieTDS#6192503656240046594&#8243; caption=&#8221;&#8221; type=&#8221;image&#8221; alt=&#8221;DSC_0518.JPG&#8221; image_size=&#8221;2896&#215;1944&#8243; ]<\/p>\n<p>[peg-image src=&#8221;http:\/\/lh3.googleusercontent.com\/-Ep3KEv-BsOo\/VfAxS7m9YqI\/AAAAAAAAfEs\/7XEvtAWZeH8\/s144-o\/DSC_0521.JPG&#8221; href=&#8221;https:\/\/picasaweb.google.com\/103481498978040293448\/VacantaSiUTMBSurLesTracesDesDucsDeSavoieTDS#6192503688942936738&#8243; caption=&#8221;&#8221; type=&#8221;image&#8221; alt=&#8221;DSC_0521.JPG&#8221; image_size=&#8221;2896&#215;1944&#8243; ]<\/p>\n<p>[peg-image src=&#8221;http:\/\/lh3.googleusercontent.com\/-t1dv2NkVAOs\/VfAxTRfJy_I\/AAAAAAAAfEo\/CGmfVdjI_Sw\/s144-o\/DSC_0522.JPG&#8221; href=&#8221;https:\/\/picasaweb.google.com\/103481498978040293448\/VacantaSiUTMBSurLesTracesDesDucsDeSavoieTDS#6192503694815775730&#8243; caption=&#8221;&#8221; type=&#8221;image&#8221; alt=&#8221;DSC_0522.JPG&#8221; image_size=&#8221;2896&#215;1944&#8243; ]<\/p>\n<p>[peg-image src=&#8221;http:\/\/lh3.googleusercontent.com\/-j6faKQ_JQpw\/VfAxT6gUcPI\/AAAAAAAAfE0\/CCiwKIZrbEI\/s144-o\/DSC_0526.JPG&#8221; href=&#8221;https:\/\/picasaweb.google.com\/103481498978040293448\/VacantaSiUTMBSurLesTracesDesDucsDeSavoieTDS#6192503705826521330&#8243; caption=&#8221;&#8221; type=&#8221;image&#8221; alt=&#8221;DSC_0526.JPG&#8221; image_size=&#8221;2896&#215;1944&#8243; ]<\/p>\n<p class=\"clear\">At\u00e2t, oamenii mai trebuie s\u0103 mearg\u0103 \u015fi acas\u0103.<\/p>\n<p><strong><a href=\"#top\">Top<\/a><\/strong><\/p>\n","protected":false},"excerpt":{"rendered":"<p>From Vacanta si UTMB &#8211; Sur les Traces des Ducs de Savoie (TDS) 1. Primul popas &#8211; Kesthely-Ungaria 2. A doua oprire &#8211; Camping Serenissima-Italia 3. Scurt\u0103 vizit\u0103 la &#8211; Vene\u0163ia-Italia 4. L\u00e2ng\u0103 Courmayeur pentru 7 zile &#8211; Camping Du Parc-Italia 5. Concursul TDS &#8211; Desf\u0103\u015furarea 6. Parcul de aventur\u0103 &#8211; Pre Saint Didier-Italia 7. La Chamonix &#8211; la sosirea primilor concuren\u0163i UTMB-Fran\u0163a 8. Ultima oprire &#8211; Crikvenica-Croa\u0163ia 9. Atelier repara\u0163ie barc\u0103 &#8211; 49th Fishermen&#8217;s week-Crikvenica-Croa\u0163ia Anul acesta vacan\u0163a noastr\u0103 am al\u0103turat-o concursului de trail-running din Fran\u0163a &#8211; TDS, un concurs declarat\u00a0de organizatori dificil, cu\u00a0120km cu 7250m diferen\u0163\u0103 de nivel. N-am mai fost niciodat\u0103 \u00een Fran\u0163a, nici \u00een Italia, a\u015fa c\u0103 pentru mine toat\u0103 excursia a fost interesant\u0103. Am f\u0103cut\u00a0preg\u0103tirile mai serios ca de obicei \u015fi \u00eempreun\u0103 cu toat\u0103 familia \u015fi cu Victor\u00a0am luat-o pe ruta Kesthely &#8211; Ungaria, Camping Serenissima &#8211; Italia, l\u00e2ng\u0103 Vene\u0163ia, Camping du Parc &#8211; Italia, l\u00e2ng\u0103 Courmayeur unde era startul TDS, \u00een apropiere de Mont Blanc \u015fi unde am stat 7 zile pe durata \u00eentregului concurs \u015fi \u00eenapoi pe la mare Crikvenica &#8211; Croa\u0163ia. Am concurat trec\u00e2nd ca \u015fi club Clujul Pedaleaz\u0103, s\u0103 se vad\u0103 de unde provin, iar ca tricou am purtat pe cel de Maraton Apuseni, s\u0103 nu las deoparte nici clubul CAR Universitar Cluj. M\u0103 bucur c\u0103 am \u00eencheiat cu bine cursa, \u00een 23h52min, pe locul 211\/1214 finisheri la general \u015fi 59\/428 la categoria V1H. Au fost 595 abandonuri. Am fost mul\u0163umit c\u0103 am \u00eencheiat sub 24 ore cursa. Am avut ca referin\u0163\u0103 timpii de anul trecut ai concuren\u0163ilor rom\u00e2ni, \u00een frunte cu Zsolt Kovacs &#8211;\u00a0atunci au concurat pentru prima dat\u0103 rom\u00e2ni la TDS. Am avut de g\u00e2nd s\u0103 m\u0103 \u00eent\u00e2lnesc \u015fi s\u0103-i \u00eent\u00e2mpin pe ai no\u015ftri, care concurau la CCC, OCC \u015fi UTMB, dar de la g\u00e2nd la fapt\u0103 a fost cale lung\u0103, ivindu-se c\u00e2teva probleme. M\u0103car am reu\u015fit s\u0103 ajung o dat\u0103 \u015fi dup\u0103 concurs la Chamonix, atunci c\u00e2nd a sosit c\u00e2\u015ftig\u0103torul de la UTMB &#8211;\u00a0Xavier Thevenard, \u015fi s\u0103 m\u0103 \u00eent\u00e2lnesc cu Grigore Iulian (ne-am v\u0103zut \u015fi pe traseul TDS) \u015fi Oana \u015fi s\u0103-l salut pe Daniel Florea. A fost un concurs mare, cu mii de concuren\u0163i la fiecare prob\u0103, \u00eei felicit pe to\u0163i concuren\u0163ii pentru efort, m\u0103 bucur c\u0103 ai no\u015ftri au fost buni. Merit\u0103 men\u0163iona\u0163i cei de la proba CCC \u00een frunte cu Hajnal &#8211; locul 9 la general. Mai jos sunt c\u00e2teva din pozele fotografilor de pe traseu &#8211; Lago di Verney, finish &#8211; acum stau \u00een cump\u0103n\u0103 dac\u0103 s\u0103 le cump\u0103r sau nu. La sfatul lui Ady Beleanu am mai f\u0103cut \u015fi eu c\u00e2teva poze pe traseu, de amintire, chiar dac\u0103 nu eram chiar \u00een cea mai bun\u0103 dispozi\u0163ie pentru asta \ud83d\ude42 [peg-image src=&#8221;http:\/\/lh3.googleusercontent.com\/-2BHgK5-iMCM\/VfAwOxaaBII\/AAAAAAAAe3k\/EMI3jl_ApQc\/s144-o\/ld_27802487.jpg&#8221; href=&#8221;https:\/\/picasaweb.google.com\/103481498978040293448\/VacantaSiUTMBSurLesTracesDesDucsDeSavoieTDS#6192502517974828162&#8243; caption=&#8221;&#8221; type=&#8221;image&#8221; alt=&#8221;ld_27802487.jpg&#8221; image_size=&#8221;300&#215;200&#8243; ] [peg-image src=&#8221;http:\/\/lh3.googleusercontent.com\/-yLZeCcB_Eds\/VfAwO867vqI\/AAAAAAAAe3w\/eKehSQ7oqC4\/s144-o\/ld_27802486.jpg&#8221; href=&#8221;https:\/\/picasaweb.google.com\/103481498978040293448\/VacantaSiUTMBSurLesTracesDesDucsDeSavoieTDS#6192502521064046242&#8243; caption=&#8221;Lac Combal&#8221; type=&#8221;image&#8221; alt=&#8221;ld_27802486.jpg&#8221; image_size=&#8221;300&#215;200&#8243; ] [peg-image src=&#8221;http:\/\/lh3.googleusercontent.com\/-psZA5wBx_VM\/VfAwPO32WYI\/AAAAAAAAe3o\/7mB2Px9tJ-s\/s144-o\/ld_27818012.jpg&#8221; href=&#8221;https:\/\/picasaweb.google.com\/103481498978040293448\/VacantaSiUTMBSurLesTracesDesDucsDeSavoieTDS#6192502525882947970&#8243; caption=&#8221;finish Chamonix &#8211; ora 5 si 52 min&#8221; type=&#8221;image&#8221; alt=&#8221;ld_27818012.jpg&#8221; image_size=&#8221;300&#215;200&#8243; ] Ca de obicei la cursele de ultra-trail am avut la mine\u00a0pe dou\u0103 pagini \u00eenfoliate timpi de reper, una din pagini fiind o aproximare luat\u0103 dintr-un excel &#8211; link de la organizatori. Aveam idee pe unde m\u0103 voi \u00eencadra. Am f\u0103cut poz\u0103 \u015fi cu num\u0103rul de concurs \u015fi cu pungile pentru bagaje &#8211; una pentru lucrurile ce trebuiau l\u0103sate la finishul din Chamonix \u015fi una, op\u0163ional\u0103, pentru punctul intermediar de la km66 &#8211; Cormet de Roselend. [peg-image src=&#8221;http:\/\/lh3.googleusercontent.com\/-3BhcHOd2aZY\/VfAwT7GTQSI\/AAAAAAAAe4M\/Xxzh8ecRgcY\/s144-o\/DSC_0189.JPG&#8221; href=&#8221;https:\/\/picasaweb.google.com\/103481498978040293448\/VacantaSiUTMBSurLesTracesDesDucsDeSavoieTDS#6192502606474199330&#8243; caption=&#8221;ce am avut la mine pe traseul de concurs, ca repere de timp &#8211; timpii de anul trecut ai romanilor&#8221; type=&#8221;image&#8221; alt=&#8221;DSC_0189.JPG&#8221; image_size=&#8221;2896&#215;1944&#8243; ] [peg-image src=&#8221;http:\/\/lh3.googleusercontent.com\/-UTQjWVdmfZE\/VfAwTiRhGGI\/AAAAAAAAe38\/9AV0AWjkbtc\/s144-o\/DSC_0190.JPG&#8221; href=&#8221;https:\/\/picasaweb.google.com\/103481498978040293448\/VacantaSiUTMBSurLesTracesDesDucsDeSavoieTDS#6192502599810357346&#8243; caption=&#8221;o estimare pentru 25h22min dupa un excel de la organizatori&#8221; type=&#8221;image&#8221; alt=&#8221;DSC_0190.JPG&#8221; image_size=&#8221;2896&#215;1944&#8243; ] [peg-image src=&#8221;http:\/\/lh3.googleusercontent.com\/-UU7ofOhsNmc\/VfAwT8Z7kiI\/AAAAAAAAe4A\/2FY3QTyWTXw\/s144-o\/DSC_0191.JPG&#8221; href=&#8221;https:\/\/picasaweb.google.com\/103481498978040293448\/VacantaSiUTMBSurLesTracesDesDucsDeSavoieTDS#6192502606824968738&#8243; caption=&#8221;din pachetul de start&#8221; type=&#8221;image&#8221; alt=&#8221;DSC_0191.JPG&#8221; image_size=&#8221;2896&#215;1944&#8243; ] [peg-image src=&#8221;http:\/\/lh3.googleusercontent.com\/-a-4EoXUwU8U\/VfAwUfWN1ZI\/AAAAAAAAe4Q\/6NvR8_TiXEU\/s144-o\/prel.jpg&#8221; href=&#8221;https:\/\/picasaweb.google.com\/103481498978040293448\/VacantaSiUTMBSurLesTracesDesDucsDeSavoieTDS#6192502616204629394&#8243; caption=&#8221;pungile pentru Chamonix &#8211; final si Cormer de Roselend &#8211; pe traseu&#8221; type=&#8221;image&#8221; alt=&#8221;prel.jpg&#8221; image_size=&#8221;2896&#215;1944&#8243; ] Concuren\u0163ii rom\u00e2ni de la concursurile UTMB din acest an: [peg-image src=&#8221;http:\/\/lh3.googleusercontent.com\/-9-_Yq1NHvps\/VfE5q35Kj_I\/AAAAAAAAfLk\/y77weHM7gdo\/s144-o\/concurenti.JPG&#8221; href=&#8221;https:\/\/picasaweb.google.com\/103481498978040293448\/VacantaSiUTMBSurLesTracesDesDucsDeSavoieTDS#6192794371332149234&#8243; caption=&#8221;concurentii romani din acest an de la toate probele UTMB&#8221; type=&#8221;image&#8221; alt=&#8221;concurenti.JPG&#8221; image_size=&#8221;561&#215;639&#8243; ] Top \u00a01. Prima noastr\u0103 escal\u0103 urma s\u0103 fie or\u0103\u015felul Kesthely de la cap\u0103tul \u00eendep\u0103rtat al lacului Balaton din Ungaria. Am ales loca\u0163ia pentru c\u0103 mi-a pl\u0103cut \u00een precedenta trecere\u00a0cu ocazia supermaratonului de alergare de la Balaton (turul Balatonului). Chiar a fost un model de cum ar trebui s\u0103 fie orice or\u0103\u015fel turistic sau nu din Rom\u00e2nia. Ne-am cazat \u00een zona central\u0103 \u00een casa unor arti\u015fti. Nu mi-am imaginat\u00a0\u00eens\u0103 c\u0103 la gangul de intrare va scrie, printre altele, Casablanca &#8211; Night Club. A trebuit s\u0103 fiu mai atent\u00a0cu intratul, partea cu becule\u0163e ro\u015fii era clar\u0103, dar mai aveam posibilitatea s\u0103 nimeresc dup\u0103 perdeaua neagr\u0103 gre\u015fit\u0103. \ud83d\ude42\u00a0\u00cen orice caz e de re\u0163inut. Dar p\u00e2n\u0103 la Kesthely am avut parte de prima sincop\u0103, cu ma\u015fina. \u00cen iarn\u0103 m-a l\u0103sat motorul \u00een Austria de a trebuit s\u0103 merg pe platform\u0103 p\u00e2n\u0103 la Gyor, acum iar a \u00eenceput s\u0103 clipeasc\u0103 spirala cu injec\u0163ia&#8230; dar motorul mergea rezonabil. \u00cencep iar telefoane, sun cumnatul, care se pare c\u0103 \u015ftie o mul\u0163ime de service-uri din Ungaria, dovad\u0103 c\u0103 n-a avut nevoie de ele. Numai c\u0103 \u00een weekend ungurii nu lucreaz\u0103&#8230;\u00a0\u00cemi d\u0103 la telefon un mecanic, aflu c\u0103 probabil e doar o bujie de incandescen\u0163\u0103 \u015fi nu-i a\u015fa grav. Mai sun \u015fi eu pe mecanicul meu \u015fi el, om practic, m\u0103 \u00eentreab\u0103 direct: merge ma\u015fina? Eu: Da! El: P\u0103i atunci d\u0103-i \u00eenainte! Eu: \u015ei becul? El: P\u0103i nu te uita la el! Pune o band\u0103 pe el! Eu: Ok, am leucoplast mai multe modele, c\u0103 doar m\u0103 duc la concurs! \u015ei a\u015fa am mers, dus-\u00eentors \u00eenc\u0103 peste 3000km. Ca s\u0103 \u00eenchei cu epopeea ma\u015finii, \u00een Italia am fost programat peste o s\u0103pt\u0103m\u00e2n\u0103, iar \u00een Croa\u0163ia m-a ajutat gazda \u015fi am fost la service, mi-a \u015fters mecanicul 6 din 7 erori \u015fi mi-a spus c\u0103 am injector defect \u015fi o bujie. La Cluj acum e reparat\u0103: 2 injectoare \u015fi 3 bujii din 4 defecte. M\u0103 \u015fi mir c\u0103 a mers motorul, cred c\u0103 doar din obi\u015fnuin\u0163\u0103, ca \u015fi b\u0103tr\u00e2nii care dup\u0103 revolu\u0163ie se mai a\u015fezau la cozi \u015fi c\u00e2nd \u00eei \u00eentrebai la ce stau nu \u015ftiau ce s\u0103 r\u0103spund\u0103: st\u0103teau pentru c\u0103 v\u0103zuser\u0103 c\u0103 e coad\u0103. \u00cen orice caz, am fost cu emo\u0163ii tot drumul \u015fi numai chef s\u0103 merg la Chamonix cu ma\u015fina nu mai aveam. R\u0103m\u00e2nea numai varianta de vizitat Chamonixul cu autobuzele organizatorilor. Dar p\u00e2n\u0103 acolo mai aveam \u00een plan s\u0103 vizit\u0103m Vene\u0163ia. Poze de la Kesthely, au \u015fi piste de biciclete, este zon\u0103 pietonal\u0103, sunt panouri explicative&#8230; [peg-image src=&#8221;http:\/\/lh3.googleusercontent.com\/-ZhYJpbHSXuE\/VfAwY0A9fkI\/AAAAAAAAe4s\/5Kh75sgor6w\/s144-o\/DSC_0001.JPG&#8221; href=&#8221;https:\/\/picasaweb.google.com\/103481498978040293448\/VacantaSiUTMBSurLesTracesDesDucsDeSavoieTDS#6192502690472099394&#8243; caption=&#8221;Kesthely &#8211; Ungaria, langa Balaton&#8221; type=&#8221;image&#8221; alt=&#8221;DSC_0001.JPG&#8221; image_size=&#8221;2896&#215;1944&#8243; ] [peg-image src=&#8221;http:\/\/lh3.googleusercontent.com\/-nJi56NUnIfo\/VfAwY4wSxtI\/AAAAAAAAe4o\/iC3fpKXyigs\/s144-o\/DSC_0007.JPG&#8221; href=&#8221;https:\/\/picasaweb.google.com\/103481498978040293448\/VacantaSiUTMBSurLesTracesDesDucsDeSavoieTDS#6192502691744368338&#8243; caption=&#8221;&#8221; type=&#8221;image&#8221; alt=&#8221;DSC_0007.JPG&#8221; image_size=&#8221;2896&#215;1944&#8243; ] [peg-image src=&#8221;http:\/\/lh3.googleusercontent.com\/-aieRJKpBGJ0\/VfAwYwfldII\/AAAAAAAAe48\/Y6hHZoT_bEo\/s144-o\/DSC_0008.JPG&#8221; href=&#8221;https:\/\/picasaweb.google.com\/103481498978040293448\/VacantaSiUTMBSurLesTracesDesDucsDeSavoieTDS#6192502689526805634&#8243; caption=&#8221;&#8221; type=&#8221;image&#8221; alt=&#8221;DSC_0008.JPG&#8221; image_size=&#8221;2896&#215;1944&#8243; ] [peg-image src=&#8221;http:\/\/lh3.googleusercontent.com\/-fkcYATe_JLw\/VfAwZcQMqXI\/AAAAAAAAe4w\/QNEaEWrcAyk\/s144-o\/DSC_0011.JPG&#8221; href=&#8221;https:\/\/picasaweb.google.com\/103481498978040293448\/VacantaSiUTMBSurLesTracesDesDucsDeSavoieTDS#6192502701273426290&#8243; caption=&#8221;&#8221; type=&#8221;image&#8221; alt=&#8221;DSC_0011.JPG&#8221; image_size=&#8221;2896&#215;1944&#8243; ] [peg-image src=&#8221;http:\/\/lh3.googleusercontent.com\/-BKBzmVdQDlw\/VfAwZqL-FwI\/AAAAAAAAe44\/C5XPYzR78yQ\/s144-o\/DSC_0017.JPG&#8221; href=&#8221;https:\/\/picasaweb.google.com\/103481498978040293448\/VacantaSiUTMBSurLesTracesDesDucsDeSavoieTDS#6192502705013790466&#8243; caption=&#8221;&#8221; type=&#8221;image&#8221; alt=&#8221;DSC_0017.JPG&#8221; image_size=&#8221;2896&#215;1944&#8243; ] [peg-image src=&#8221;http:\/\/lh3.googleusercontent.com\/-ZskNUmVQoVU\/VfAwZ1zyw2I\/AAAAAAAAe5M\/W32rA1par2k\/s144-o\/DSC_0018.JPG&#8221; href=&#8221;https:\/\/picasaweb.google.com\/103481498978040293448\/VacantaSiUTMBSurLesTracesDesDucsDeSavoieTDS#6192502708133610338&#8243; caption=&#8221;&#8221; type=&#8221;image&#8221; alt=&#8221;DSC_0018.JPG&#8221; image_size=&#8221;1944&#215;2896&#8243; ] [peg-image src=&#8221;http:\/\/lh3.googleusercontent.com\/-RxBNODXMreE\/VfAwaD-lFRI\/AAAAAAAAe5o\/xhQHLQY_XCE\/s144-o\/DSC_0022.JPG&#8221; href=&#8221;https:\/\/picasaweb.google.com\/103481498978040293448\/VacantaSiUTMBSurLesTracesDesDucsDeSavoieTDS#6192502711936947474&#8243; caption=&#8221;&#8221; type=&#8221;image&#8221; alt=&#8221;DSC_0022.JPG&#8221; image_size=&#8221;2896&#215;1944&#8243; ] [peg-image src=&#8221;http:\/\/lh3.googleusercontent.com\/-H5JPKYbpMI4\/VfAwaFJIX1I\/AAAAAAAAe5A\/FepiPorrGi0\/s144-o\/DSC_0024.JPG&#8221; href=&#8221;https:\/\/picasaweb.google.com\/103481498978040293448\/VacantaSiUTMBSurLesTracesDesDucsDeSavoieTDS#6192502712249638738&#8243; caption=&#8221;&#8221; type=&#8221;image&#8221; alt=&#8221;DSC_0024.JPG&#8221; image_size=&#8221;2896&#215;1944&#8243; ] [peg-image src=&#8221;http:\/\/lh3.googleusercontent.com\/-pCFp-mXPO1Q\/VfAwby_4-FI\/AAAAAAAAe5g\/6ssDJH9lFNM\/s144-o\/DSC_0027.JPG&#8221; href=&#8221;https:\/\/picasaweb.google.com\/103481498978040293448\/VacantaSiUTMBSurLesTracesDesDucsDeSavoieTDS#6192502741738780754&#8243; caption=&#8221;&#8221; type=&#8221;image&#8221; alt=&#8221;DSC_0027.JPG&#8221; image_size=&#8221;2896&#215;1944&#8243; ] [peg-image src=&#8221;http:\/\/lh3.googleusercontent.com\/-NZ4UAOJZFlo\/VfAwbgr8pyI\/AAAAAAAAe5k\/RuXj7uqiV3w\/s144-o\/DSC_0033.JPG&#8221; href=&#8221;https:\/\/picasaweb.google.com\/103481498978040293448\/VacantaSiUTMBSurLesTracesDesDucsDeSavoieTDS#6192502736823297826&#8243; caption=&#8221;&#8221; type=&#8221;image&#8221; alt=&#8221;DSC_0033.JPG&#8221; image_size=&#8221;2896&#215;1944&#8243; ] [peg-image src=&#8221;http:\/\/lh3.googleusercontent.com\/-SnvskmUoY04\/VfAwb3rgFhI\/AAAAAAAAe5c\/2wtXq3MlURI\/s144-o\/DSC_0034.JPG&#8221; href=&#8221;https:\/\/picasaweb.google.com\/103481498978040293448\/VacantaSiUTMBSurLesTracesDesDucsDeSavoieTDS#6192502742995441170&#8243; caption=&#8221;locul cazarii in Kesthely&#8221; type=&#8221;image&#8221; alt=&#8221;DSC_0034.JPG&#8221; image_size=&#8221;2896&#215;1944&#8243; ] Top 2.\u00a0A urmat oprirea la campingul Serenissima. Inten\u0163ia noastr\u0103 era de vizitare a Vene\u0163iei \u015fi de adaptare cu ideea de camping. \u00cen copil\u0103rie st\u0103team mult la camping la mare cu familia sau pe plaj\u0103 unde eram ca-n camping, \u015fi mi-a pl\u0103cut foarte mult pentru c\u0103 m\u0103 sim\u0163eam liber \u015fi-mi f\u0103ceam mul\u0163i prieteni de joac\u0103. Cum st\u0103team c\u00e2te trei s\u0103pt\u0103m\u00e2ni minimum, copiii veneau \u015fi plecau dar joaca nu se termina \ud83d\ude42 [peg-image src=&#8221;http:\/\/lh3.googleusercontent.com\/-hBsJOej6ZGE\/VfAwgnJhQNI\/AAAAAAAAe58\/KBmwnov5-BA\/s144-o\/DSC_0131.JPG&#8221; href=&#8221;https:\/\/picasaweb.google.com\/103481498978040293448\/VacantaSiUTMBSurLesTracesDesDucsDeSavoieTDS#6192502824457289938&#8243; caption=&#8221;&#8221; type=&#8221;image&#8221; alt=&#8221;DSC_0131.JPG&#8221; image_size=&#8221;2896&#215;1944&#8243; ] [peg-image src=&#8221;http:\/\/lh3.googleusercontent.com\/-SjuCv0n61HE\/VfAwgpiwkOI\/AAAAAAAAe54\/gFMaJIL1XPY\/s144-o\/DSC_0128.JPG&#8221; href=&#8221;https:\/\/picasaweb.google.com\/103481498978040293448\/VacantaSiUTMBSurLesTracesDesDucsDeSavoieTDS#6192502825100021986&#8243; caption=&#8221;Camping Serenissima &#8211; Italia, langa Venetia&#8221; type=&#8221;image&#8221; alt=&#8221;DSC_0128.JPG&#8221; image_size=&#8221;2896&#215;1944&#8243; ] [peg-image src=&#8221;http:\/\/lh3.googleusercontent.com\/-6mVqDtCqMc4\/VfAwgsR9vPI\/AAAAAAAAe6A\/htu_ypLMOtU\/s144-o\/DSC_0130.JPG&#8221; href=&#8221;https:\/\/picasaweb.google.com\/103481498978040293448\/VacantaSiUTMBSurLesTracesDesDucsDeSavoieTDS#6192502825834888434&#8243; caption=&#8221;&#8221; type=&#8221;image&#8221; alt=&#8221;DSC_0130.JPG&#8221; image_size=&#8221;2896&#215;1944&#8243; ] Top 3.\u00a0Dup\u0103-masa am vizitat Vene\u0163ia, am f\u0103cut o c\u0103l\u0103torie cu un vapora\u015f p\u00e2n\u0103 la Palatul Dogilor \u015fi Pia\u0163a San Marco. N-are rost s\u0103 povestesc mai multe, a fost impresionant \u015fi a\u015fa, doar scrijelind cu privirea c\u00e2teva ore exteriorul cl\u0103dirilor. \u015ei c\u00e2nd te g\u00e2nde\u015fti c\u0103 \u00eentreg ora\u015ful a fost construit \u00eentr-o zon\u0103 ml\u0103\u015ftinoas\u0103, pe trunchiuri de copaci! [peg-image src=&#8221;http:\/\/lh3.googleusercontent.com\/-5K7XIhAt4d0\/VfAwjAPUUtI\/AAAAAAAAe78\/XAtgCeLiZ2s\/s144-o\/DSC_0040.JPG&#8221; href=&#8221;https:\/\/picasaweb.google.com\/103481498978040293448\/VacantaSiUTMBSurLesTracesDesDucsDeSavoieTDS#6192502865552233170&#8243; caption=&#8221;Venetia, excursie de o dupa-masa cu vaporasul&#8221; type=&#8221;image&#8221; alt=&#8221;DSC_0040.JPG&#8221; image_size=&#8221;2896&#215;1944&#8243; ] [peg-image src=&#8221;http:\/\/lh3.googleusercontent.com\/-qx2Abuno1rs\/VfAwjG9negI\/AAAAAAAAe6k\/oz9AUeRVXis\/s144-o\/DSC_0041.JPG&#8221; href=&#8221;https:\/\/picasaweb.google.com\/103481498978040293448\/VacantaSiUTMBSurLesTracesDesDucsDeSavoieTDS#6192502867357039106&#8243; caption=&#8221;&#8221; type=&#8221;image&#8221; alt=&#8221;DSC_0041.JPG&#8221; image_size=&#8221;2896&#215;1944&#8243; ] [peg-image src=&#8221;http:\/\/lh3.googleusercontent.com\/-wP196O382eA\/VfAwjG2QCRI\/AAAAAAAAe7U\/a3VVDpqiDwU\/s144-o\/DSC_0044.JPG&#8221; href=&#8221;https:\/\/picasaweb.google.com\/103481498978040293448\/VacantaSiUTMBSurLesTracesDesDucsDeSavoieTDS#6192502867326142738&#8243; caption=&#8221;&#8221; type=&#8221;image&#8221; alt=&#8221;DSC_0044.JPG&#8221; image_size=&#8221;2896&#215;1944&#8243; ] [peg-image src=&#8221;http:\/\/lh3.googleusercontent.com\/-UMukcESUqF8\/VfAwjtVORII\/AAAAAAAAe7Q\/nemgeoBaGno\/s144-o\/DSC_0055.JPG&#8221; href=&#8221;https:\/\/picasaweb.google.com\/103481498978040293448\/VacantaSiUTMBSurLesTracesDesDucsDeSavoieTDS#6192502877656597634&#8243; caption=&#8221;&#8221; type=&#8221;image&#8221; alt=&#8221;DSC_0055.JPG&#8221; image_size=&#8221;2896&#215;1944&#8243; ] [peg-image src=&#8221;http:\/\/lh3.googleusercontent.com\/-Lf2gKbfKr4U\/VfAwkG29O9I\/AAAAAAAAe7A\/RP8bl5fYH1o\/s144-o\/DSC_0061.JPG&#8221; href=&#8221;https:\/\/picasaweb.google.com\/103481498978040293448\/VacantaSiUTMBSurLesTracesDesDucsDeSavoieTDS#6192502884508974034&#8243; caption=&#8221;&#8221; type=&#8221;image&#8221; alt=&#8221;DSC_0061.JPG&#8221; image_size=&#8221;1944&#215;2896&#8243; ] [peg-image src=&#8221;http:\/\/lh3.googleusercontent.com\/-W78LODyxBjg\/VfAwkZs_EPI\/AAAAAAAAe6s\/txwGSY3Ydck\/s144-o\/DSC_0069.JPG&#8221; href=&#8221;https:\/\/picasaweb.google.com\/103481498978040293448\/VacantaSiUTMBSurLesTracesDesDucsDeSavoieTDS#6192502889567424754&#8243; caption=&#8221;&#8221; type=&#8221;image&#8221; alt=&#8221;DSC_0069.JPG&#8221; image_size=&#8221;2896&#215;1944&#8243; ] [peg-image src=&#8221;http:\/\/lh3.googleusercontent.com\/-MGq200grKiE\/VfAwknt6_6I\/AAAAAAAAe64\/gwFUsUgQhOI\/s144-o\/DSC_0076.JPG&#8221; href=&#8221;https:\/\/picasaweb.google.com\/103481498978040293448\/VacantaSiUTMBSurLesTracesDesDucsDeSavoieTDS#6192502893329448866&#8243; caption=&#8221;&#8221; type=&#8221;image&#8221; alt=&#8221;DSC_0076.JPG&#8221; image_size=&#8221;2896&#215;1944&#8243; ] [peg-image src=&#8221;http:\/\/lh3.googleusercontent.com\/-aQO6nBpXrfE\/VfAwk_tWuRI\/AAAAAAAAe7M\/au52v60uk40\/s144-o\/DSC_0078.JPG&#8221; href=&#8221;https:\/\/picasaweb.google.com\/103481498978040293448\/VacantaSiUTMBSurLesTracesDesDucsDeSavoieTDS#6192502899769522450&#8243; caption=&#8221;&#8221; type=&#8221;image&#8221; alt=&#8221;DSC_0078.JPG&#8221; image_size=&#8221;2896&#215;1944&#8243; ] [peg-image src=&#8221;http:\/\/lh3.googleusercontent.com\/-lx0MVlTEzCQ\/VfAwlAHU0WI\/AAAAAAAAe60\/nh8Xq3BGVmM\/s144-o\/DSC_0087.JPG&#8221; href=&#8221;https:\/\/picasaweb.google.com\/103481498978040293448\/VacantaSiUTMBSurLesTracesDesDucsDeSavoieTDS#6192502899878449506&#8243; caption=&#8221;&#8221; type=&#8221;image&#8221; alt=&#8221;DSC_0087.JPG&#8221; image_size=&#8221;2896&#215;1944&#8243; ] [peg-image src=&#8221;http:\/\/lh3.googleusercontent.com\/-wnsin3KFxDM\/VfAwlNyQm5I\/AAAAAAAAe74\/i7Fz8h4xohk\/s144-o\/DSC_0090.JPG&#8221; href=&#8221;https:\/\/picasaweb.google.com\/103481498978040293448\/VacantaSiUTMBSurLesTracesDesDucsDeSavoieTDS#6192502903548189586&#8243; caption=&#8221;&#8221; type=&#8221;image&#8221; alt=&#8221;DSC_0090.JPG&#8221; image_size=&#8221;1944&#215;2896&#8243; ] [peg-image src=&#8221;http:\/\/lh3.googleusercontent.com\/-DjE60vFZwog\/VfAwlZ-KydI\/AAAAAAAAe7E\/we7hdC9qF0g\/s144-o\/DSC_0092.JPG&#8221; href=&#8221;https:\/\/picasaweb.google.com\/103481498978040293448\/VacantaSiUTMBSurLesTracesDesDucsDeSavoieTDS#6192502906819365330&#8243; caption=&#8221;&#8221; type=&#8221;image&#8221; alt=&#8221;DSC_0092.JPG&#8221; image_size=&#8221;2896&#215;1944&#8243; ] [peg-image src=&#8221;http:\/\/lh3.googleusercontent.com\/-lrw_fH5K_-c\/VfAwmLeyhCI\/AAAAAAAAe7w\/g1Oq6RkYLx0\/s144-o\/DSC_0097.JPG&#8221; href=&#8221;https:\/\/picasaweb.google.com\/103481498978040293448\/VacantaSiUTMBSurLesTracesDesDucsDeSavoieTDS#6192502920109524002&#8243; caption=&#8221;&#8221; type=&#8221;image&#8221; alt=&#8221;DSC_0097.JPG&#8221; image_size=&#8221;2896&#215;1944&#8243; ] [peg-image src=&#8221;http:\/\/lh3.googleusercontent.com\/-P53mv5h5kS8\/VfAwmv1SLBI\/AAAAAAAAe7c\/QDglYaVkJjM\/s144-o\/DSC_0109.JPG&#8221; href=&#8221;https:\/\/picasaweb.google.com\/103481498978040293448\/VacantaSiUTMBSurLesTracesDesDucsDeSavoieTDS#6192502929867549714&#8243; caption=&#8221;&#8221; type=&#8221;image&#8221; alt=&#8221;DSC_0109.JPG&#8221; image_size=&#8221;2896&#215;1944&#8243; ] [peg-image src=&#8221;http:\/\/lh3.googleusercontent.com\/-h-rrqAyR2gs\/VfAwnNIlofI\/AAAAAAAAe7s\/KcZGlc0UrUY\/s144-o\/DSC_0111.JPG&#8221; href=&#8221;https:\/\/picasaweb.google.com\/103481498978040293448\/VacantaSiUTMBSurLesTracesDesDucsDeSavoieTDS#6192502937733145074&#8243; caption=&#8221;&#8221; type=&#8221;image&#8221; alt=&#8221;DSC_0111.JPG&#8221; image_size=&#8221;2896&#215;1944&#8243; ] [peg-image src=&#8221;http:\/\/lh3.googleusercontent.com\/-PjzWMyUHyE8\/VfAwn02Ix6I\/AAAAAAAAe70\/Wl8sEEZ9g14\/s144-o\/DSC_0115.JPG&#8221; href=&#8221;https:\/\/picasaweb.google.com\/103481498978040293448\/VacantaSiUTMBSurLesTracesDesDucsDeSavoieTDS#6192502948393174946&#8243; caption=&#8221;&#8221; type=&#8221;image&#8221; alt=&#8221;DSC_0115.JPG&#8221; image_size=&#8221;2896&#215;1944&#8243; ] Top 4.\u00a0\u00cen ziua a treia am ajuns \u00een fine la destina\u0163ie &#8211; Camping du Parc &#8211; Pre Saint Didier &#8211; comuna Morgex, l\u00e2ng\u0103 Courmayeur. Eram caza\u0163i \u00eentr-un fel de iurt\u0103 &#8211; un fel de cort mai mare cu paturi suprapuse. Fiecare construc\u0163ie din camping are un nume, a noastr\u0103 se numea Tepee. Am f\u0103cut c\u00e2teva poze \u015fi cu ciud\u0103\u0163eniile din jur. \ud83d\ude42 Prima mea \u00eentrebare a fost cu ce ne \u00eenc\u0103lzim, venind \u00een \u00eent\u00e2mpinarea \u00eentreb\u0103rilor posibile ale familiei. Omul mi-a ar\u0103tat cu o m\u00e2n\u0103 exteriorul. Clar! Mi-a \u015fi trecut prin cap basmul acela cu oborocul &#8211; Prostia omeneasc\u0103 a lui Creang\u0103: cic\u0103 personajul din poveste ca s\u0103-\u015fi \u00eenc\u0103lzeasc\u0103 \u00een cas\u0103 (de luminat la noi nu era cazul, c\u0103 aveam curent) \u015fi-a luat oborocul \u015fi se tot chinuia s\u0103-\u015fi introduc\u0103 Soarele \u00een bordei, fugind din cas\u0103 afar\u0103 \u015fi invers. Hai s\u0103 spunem c\u0103 pentru\u00a0\u00eenc\u0103lzit nu era chiar o idee rea&#8230; fuga, c\u0103 doar se presupune c\u0103 m\u0103 pricep pu\u0163in, c\u0103 merg la concurs de ultra. Primele dou\u0103 poze de mai jos sunt relevante pentru vremea de luni, 24 august, cu dou\u0103 zile \u00eenainte de concursul meu, prima poz\u0103 e de la camping \u015fi a doua luat\u0103 de pe FB de la startul cursei PTL din Chamonix. Mar\u0163i am fost s\u0103-mi ridic pachetul de start la Courmayeur \u015fi s\u0103 identific poarta de start &#8211; ultima poz\u0103 din colaj. S-a f\u0103cut \u015fi vreme bun\u0103, s-a ridicat \u015fi barometrul optimismului. Campingul a devenit locul pe care l-am visat, cu copiii care se joac\u0103 \u00eempreun\u0103 \u00een\u0163eleg\u00e2ndu-se \u00eentre ei indiferent de limb\u0103. Ai mei s-au \u00een\u0163eles foarte bine cu fetele familiei de belgieni de l\u00e2ng\u0103 noi, din iurta mai mare \u015fi mai turtit\u0103. \u00cen camping mai erau participan\u0163i la TDS, la UTMB. Tat\u0103l familiei, Benny, chiar participa la cursa UTMB, a\u015fa c\u0103 am mai schimbat impresii \u015fi p\u0103reri inclusiv despre zona din jur \u015fi ce mai putem vizita ca s\u0103 fie interesant \u015fi pentru copii. A\u015fa am aflat de parcul de aventur\u0103 din Pre Saint Didier, de dou\u0103 bunc\u0103re de pe poteca spre acel or\u0103\u015fel, cel mai apropiat de camping. De treab\u0103 vecini am avut, \u015fi gazdele ne-au ajutat la nevoie! Cu alt concurent m-am \u00eent\u00e2lnit \u00een Chamonix la autobuzul de \u00eentoarcere \u00een Courmayeur. Le mul\u0163umesc pentru companie! \ud83d\ude42 [peg-image src=&#8221;http:\/\/lh3.googleusercontent.com\/-3pN_gI7JWG0\/VfF0QP2cQEI\/AAAAAAAAfMQ\/bFMIWX1rDXM\/s144-o\/IMG_20150824_184717.jpg&#8221; href=&#8221;https:\/\/picasaweb.google.com\/103481498978040293448\/VacantaSiUTMBSurLesTracesDesDucsDeSavoieTDS#6192858785092747330&#8243; caption=&#8221;prima zi la Camping du Parc &#8211; luni, cand era startul PTL, deloc incurajatoare vremea&#8221; type=&#8221;image&#8221; alt=&#8221;IMG_20150824_184717.jpg&#8221; image_size=&#8221;2880&#215;1728&#8243; ] [peg-image src=&#8221;http:\/\/lh3.googleusercontent.com\/-MqniLoRaEFo\/VfF1UKUO-LI\/AAAAAAAAfMk\/OV8bNPPj6Lg\/s144-o\/chamonix%252520start%252520PTL.jpg&#8221; href=&#8221;https:\/\/picasaweb.google.com\/103481498978040293448\/VacantaSiUTMBSurLesTracesDesDucsDeSavoieTDS#6192859951838197938&#8243; caption=&#8221;la startul cursei PTL &#8211; luni 24 aug, poza de pe FB&#8221; type=&#8221;image&#8221; alt=&#8221;chamonix start PTL.jpg&#8221; image_size=&#8221;1000&#215;668&#8243; ] [peg-image src=&#8221;http:\/\/lh3.googleusercontent.com\/-_MF12enJ6No\/VfAwrTaOKTI\/AAAAAAAAe8M\/QiKM8fPCuJs\/s144-o\/DSC_0133.JPG&#8221; href=&#8221;https:\/\/picasaweb.google.com\/103481498978040293448\/VacantaSiUTMBSurLesTracesDesDucsDeSavoieTDS#6192503008137193778&#8243; caption=&#8221;casa noastra pentru o saptamana&#8221; type=&#8221;image&#8221; alt=&#8221;DSC_0133.JPG&#8221; image_size=&#8221;2896&#215;1944&#8243; ] [peg-image src=&#8221;http:\/\/lh3.googleusercontent.com\/-ZFHEVm4QSRg\/VfAwrU0H9LI\/AAAAAAAAe88\/lUQvIVxwaOM\/s144-o\/DSC_0132.JPG&#8221; href=&#8221;https:\/\/picasaweb.google.com\/103481498978040293448\/VacantaSiUTMBSurLesTracesDesDucsDeSavoieTDS#6192503008514274482&#8243; caption=&#8221;Camping du Parc &#8211; Italia &#8211; am fost cazati la iurta Tepee&#8221; type=&#8221;image&#8221; alt=&#8221;DSC_0132.JPG&#8221; image_size=&#8221;2896&#215;1944&#8243; ] [peg-image src=&#8221;http:\/\/lh3.googleusercontent.com\/-eDR65XHgvrg\/VfAwsrMgCCI\/AAAAAAAAe8o\/mdYWZDR6_ks\/s144-o\/DSC_0148.JPG&#8221; href=&#8221;https:\/\/picasaweb.google.com\/103481498978040293448\/VacantaSiUTMBSurLesTracesDesDucsDeSavoieTDS#6192503031701964834&#8243; caption=&#8221;in tenda noastra&#8221; type=&#8221;image&#8221; alt=&#8221;DSC_0148.JPG&#8221; image_size=&#8221;1944&#215;2896&#8243; ] [peg-image src=&#8221;http:\/\/lh3.googleusercontent.com\/-qx0kwzbrQk4\/VfAwrR5BErI\/AAAAAAAAe9E\/JJgRtsgx7ls\/s144-o\/DSC_0137.JPG&#8221; href=&#8221;https:\/\/picasaweb.google.com\/103481498978040293448\/VacantaSiUTMBSurLesTracesDesDucsDeSavoieTDS#6192503007729488562&#8243; caption=&#8221;&#8221; type=&#8221;image&#8221; alt=&#8221;DSC_0137.JPG&#8221; image_size=&#8221;2896&#215;1944&#8243; ] [peg-image src=&#8221;http:\/\/lh3.googleusercontent.com\/-tOTw7OdF3Ck\/VfAwsYN4W3I\/AAAAAAAAe8c\/x1JzPVquLCE\/s144-o\/DSC_0146.JPG&#8221; href=&#8221;https:\/\/picasaweb.google.com\/103481498978040293448\/VacantaSiUTMBSurLesTracesDesDucsDeSavoieTDS#6192503026607479666&#8243; caption=&#8221;&#8221; type=&#8221;image&#8221; alt=&#8221;DSC_0146.JPG&#8221; image_size=&#8221;2896&#215;1944&#8243; ] [peg-image src=&#8221;http:\/\/lh3.googleusercontent.com\/-IeTi0b6yYjk\/VfAws8NBXBI\/AAAAAAAAe9M\/qdgKwOZgiHU\/s144-o\/DSC_0153.JPG&#8221; href=&#8221;https:\/\/picasaweb.google.com\/103481498978040293448\/VacantaSiUTMBSurLesTracesDesDucsDeSavoieTDS#6192503036267551762&#8243; caption=&#8221;parc de joaca in camping&#8221; type=&#8221;image&#8221; alt=&#8221;DSC_0153.JPG&#8221; image_size=&#8221;2896&#215;1944&#8243; ] [peg-image src=&#8221;http:\/\/lh3.googleusercontent.com\/-HHcoo7HRIxY\/VfAwtIBhavI\/AAAAAAAAe84\/FCPhmwjtk-4\/s144-o\/DSC_0155.JPG&#8221; href=&#8221;https:\/\/picasaweb.google.com\/103481498978040293448\/VacantaSiUTMBSurLesTracesDesDucsDeSavoieTDS#6192503039440546546&#8243; caption=&#8221;buna la toate&#8221; type=&#8221;image&#8221; alt=&#8221;DSC_0155.JPG&#8221; image_size=&#8221;2896&#215;1944&#8243; ] [peg-image src=&#8221;http:\/\/lh3.googleusercontent.com\/-cbVoRBeqt3Y\/VfAwrxHrLvI\/AAAAAAAAe8s\/MtIOZwNzXNw\/s144-o\/DSC_0141.JPG&#8221; href=&#8221;https:\/\/picasaweb.google.com\/103481498978040293448\/VacantaSiUTMBSurLesTracesDesDucsDeSavoieTDS#6192503016112467698&#8243; caption=&#8221;ce se vede din camping &#8211; Monte Bianco&#8221; type=&#8221;image&#8221; alt=&#8221;DSC_0141.JPG&#8221; image_size=&#8221;2896&#215;1944&#8243; ] [peg-image src=&#8221;http:\/\/lh3.googleusercontent.com\/-_js0lDNIIUY\/VfAwtGBT6tI\/AAAAAAAAe80\/t3YwXjBXFic\/s144-o\/DSC_0159.JPG&#8221; href=&#8221;https:\/\/picasaweb.google.com\/103481498978040293448\/VacantaSiUTMBSurLesTracesDesDucsDeSavoieTDS#6192503038902790866&#8243; caption=&#8221;&#8221; type=&#8221;image&#8221; alt=&#8221;DSC_0159.JPG&#8221; image_size=&#8221;2896&#215;1944&#8243; ] [peg-image src=&#8221;http:\/\/lh3.googleusercontent.com\/-IZglKS4-xyE\/VfAwtuIRkGI\/AAAAAAAAe9A\/4IBeYlk_fdM\/s144-o\/DSC_0170.JPG&#8221; href=&#8221;https:\/\/picasaweb.google.com\/103481498978040293448\/VacantaSiUTMBSurLesTracesDesDucsDeSavoieTDS#6192503049669415010&#8243; caption=&#8221;&#8221; type=&#8221;image&#8221; alt=&#8221;DSC_0170.JPG&#8221; image_size=&#8221;2896&#215;1944&#8243; ] [peg-image src=&#8221;http:\/\/lh3.googleusercontent.com\/-n7Uug9_LyQ8\/VfAwxCRviWI\/AAAAAAAAe9U\/22qa0YyCwBM\/s144-o\/IMG_20150825_183011%252520recunoastere%252520start%252520TDS%252520Courmayeur.jpg&#8221; href=&#8221;https:\/\/picasaweb.google.com\/103481498978040293448\/VacantaSiUTMBSurLesTracesDesDucsDeSavoieTDS#6192503106617444706&#8243; caption=&#8221;in recunoasterea startului din ziua urmatoare &#8211; Courmayeur&#8221; type=&#8221;image&#8221; alt=&#8221;IMG_20150825_183011 recunoastere start TDS Courmayeur.jpg&#8221; image_size=&#8221;2880&#215;1728&#8243; ] Top 5.\u00a0Concursul. A fost o vreme super, \u00eenc\u0103 chiar prea cald. Pozele de mai jos sunt f\u0103cute de mine la startul TDS &#8211; ora 6 diminea\u0163a (s-a schimbat fa\u0163\u0103 de anii trecu\u0163i ora de start &#8211; nu mai era ora 7 \u015fi ca urmare m\u0103 a\u015fteptam s\u0103 se \u00eembun\u0103t\u0103\u0163easc\u0103 timpii primilor finisheri), la Lago di Verney &#8211; ora 11.28 \u015fi la v\u00e2rful Passeur Pralognan &#8211; 2567m &#8211; ora 17.50. Marele \u015fi singurul avantaj c\u0103 ne-am cazat l\u00e2ng\u0103 Courmayeur a fost c\u0103 startul n-a implicat de\u015fteptarea\u00a0mai devreme ca s\u0103 iau busul organizatorilor. \u00cen rest au fost mai multe dezavantaje. La sf\u00e2r\u015fitul cursei, la 6 diminea\u0163a, aflu \u015fi v\u0103d c\u0103 \u00eentr-adev\u0103r a\u015fa era \u015fi pe pliant, singurul bus spre cas\u0103 de la organizatori era abia la ora 13. A\u015fa m-am \u00eent\u00e2nit cu concurentul din camping la sta\u0163ia clasic\u0103 din Courmayeur sud, busul plec\u00e2nd la ora 8.30. Bine c\u0103 am avut bani la mine, cum e specificat \u015fi la echipamentul\u00a0obligatoriu &#8211; minim 20eur. Biletul a costat 15eur. Apoi, toate autobuzele au programul conceput astfel \u00eenc\u00e2t ultimele curse ajung la Chamonix \u015fi trebuie \u015fi ca \u00eenso\u0163itor s\u0103 ai grij\u0103 s\u0103 ai ma\u015fin\u0103 de \u00eentoarcere. \u015ei din cauza unor probleme n-am reu\u015fit s\u0103 folosesc facilit\u0103\u0163ile de transport ale organizatorilor dec\u00e2t duminic\u0103 la sf\u00e2r\u015fitul cursei UTMB, dar \u015fi atunci n-am putut sta la premiere pentru c\u0103 nu mai aveam cu ce s\u0103 m\u0103 \u00eentorc. Dac\u0103 tot sunt la capitolul probleme, \u00eenc\u0103 n-am l\u0103murit de ce so\u0163ia n-a putut primi mesaje cu informa\u0163ii despre cursa mea, de\u015fi am corespondat pe tema asta cu livetrail \u015fi \u00eenainte din Rom\u00e2nia, \u015fi la fa\u0163a locului. Mare mister, minus 8eur. Update: Au returnat banii. Probleme de acest fel cu numerele de telefon au mai avut si altii, inclusiv din Fran\u0163a. Data viitoare daca se mai \u00eent\u00e2mpl\u0103 voi schimba din timp num\u0103rul de mobil. Dar s\u0103 trec la lucrurile faine, adic\u0103 la curs\u0103. E ceva s\u0103 ai mii de oameni \u00een jur la start. De\u015fi m-am considerat plasat destul de bine \u00een fa\u0163\u0103 la start, dup\u0103 c\u00e2\u0163iva zeci de metri de fug\u0103\u00a0mi-am dat seama c\u0103 am sute de concuren\u0163i \u00een fa\u0163\u0103. \u015ei c\u0103 to\u0163i alearg\u0103 de rup p\u0103m\u00e2ntul. Ce s\u0103 fac, doar n-o s\u0103 m\u0103 opresc s\u0103 protestez: alerg \u015fi eu c\u00e2t pot. \u00cen fapt toat\u0103 lumea cred c\u0103 era con\u015ftient\u0103 de \u00eenc\u0103 un aspect: nu numai ora de start s-a modificat fa\u0163\u0103 de anii trecu\u0163i, dar au fost mic\u015forate \u015fi limitele de timp intermediare eliminatorii. Poate \u015fi acest aspect a contat \u00een graba noastr\u0103.\u00a0La al doilea punct de alimentare care era \u015fi eliminatoriu, la km15\u00a0Lac Combal, a fost prima dat\u0103 c\u00e2nd m-am uitat pe grafic &#8211; eram cu cele 2h30min u\u015for sub timpii de anul trecut ai lui Grigore Iulian (23h55min la finish), Tibi U\u015feriu (26h04min) \u015fi Victor Vasluian(29h11min). Practic eram pe pozi\u0163ia 481, era \u00eenc\u0103 devreme s\u0103-mi pot da seama \u00een ce timp pot termina cursa, \u00een orice caz m-am l\u0103murit c\u0103 va fi un timp peste 22ore. Pe Zsolt Kovacs \u00eenc\u0103 nu-l pot ajunge \ud83d\ude42 . Ce era important &#8211; m\u0103 sim\u0163eam bine. Au urmat urc\u0103rile de Col Chavanne \u015fi Col du Petit St Bernard. Am urcat bine, am cobor\u00e2t \u015fi mai bine. Pe cobor\u00e2rea de Col Chavanne am avut un iepure, un b\u0103iat dup\u0103 al c\u0103rui ritm mi-a pl\u0103cut s\u0103 alerg. Am reu\u015fit apoi s\u0103-l prind din urm\u0103 \u015fi pe cobor\u00e2rea de la Petit St Bernard, unde era s\u0103 iau \u015fi o tr\u00e2nt\u0103 &#8211; m\u0103 \u00eempiedicasem de o piatr\u0103 pe care nu o v\u0103zusem, alerg\u00e2nd foarte aproape de cel din fa\u0163\u0103, \u015fi am fost nevoit s\u0103 sar mai jos pe serpentina potecii care se \u00eentorcea, ateriz\u00e2nd aproape pe spate. Am povestit \u015fi cu concurentul, l-am stimulat s\u0103 alerge din nou \u00een fa\u0163\u0103. A ap\u0103rut \u00eens\u0103 o problem\u0103, datorat\u0103 aliment\u0103rii. Eu m\u0103car mai luam izotonic din camelbag \u015fi mai \u00eenghi\u0163eam c\u00e2te un gel, la el n-am observat a\u015fa ceva. Spre sosirea la Bourg Saint Maurice el s-a &#8220;&#8221;t\u0103iat&#8221;&#8221; \u015fi nici eu nu m\u0103 sim\u0163eam prea bine. Eram abia la km51 \u015fi eram pur \u015fi simplu epuizat. Traseul nu era dificil dpdv tehnic, era chiar alergabil pentru cine e preg\u0103tit. \u00cen timp ce am b\u0103ut dou\u0103 supe \u015fi am m\u00e2ncat sandwichul din rucsac, plus cola \u015fi ce mi-a mai f\u0103cut cu ochiul, m-am g\u00e2ndit ce anume e deosebit la aceast\u0103 curs\u0103, cum de am omis iar s\u0103 m\u0103 alimentez suficient. Pe grafic nu st\u0103team r\u0103u, cu 7h47min (pozi\u0163ia 336 \u00een graficul &#8220;&#8221;de final&#8221;&#8221; al organizatorilor) \u00eens\u0103 alunecasem sub Tibi \u015fi era posibilitatea s\u0103 termin \u00een mai mult de 26ore. \u015ei a\u015fa am ajuns la concluzia c\u0103 faptul c\u0103 traseul e alergabil \u015fi cu lungi urc\u0103ri \u015fi mai ales lungi cobor\u00e2ri ai tenta\u0163ia s\u0103 neglijezi m\u00e2ncarea. Dep\u0103\u015fisem mul\u0163i concuren\u0163i mai ales cu ritmul de cobor\u00e2re, dar nu eram obi\u015fnuit cu cobor\u00e2ri de vitez\u0103 care s\u0103-mi ia ore! De exemplu numai de la\u00a0Col du Petit St Bernard la\u00a0Bourg Saint Maurice am f\u0103cut peste 2 ore, \u00een care mai mult am cobor\u00e2t! La MTB e regul\u0103 s\u0103 evi\u0163i m\u00e2ncatul la vale, dar acolo sunt alte viteze \u015fi implicit\u00a0interval mai scurt. \u015ei atunci m-am g\u00e2ndit la dou\u0103 variante &#8211; ori m\u0103 odihnesc 30min s\u0103-mi revin, ori o iau mai u\u015for \u015fi dau Cezarului ce-i al Cezarului &#8211; s\u0103 fiu preg\u0103tit s\u0103 fiu dep\u0103\u015fit de zeci de concuren\u0163i pe urcarea de Fort de la Platte, f\u0103r\u0103 s\u0103 m\u0103 ambi\u0163ionez s\u0103 intru \u00een ritmul lor \u015fi s\u0103 sper c\u0103 organismul \u00ee\u015fi revine \u015fi pot continua vesel p\u00e2n\u0103 la final. Am ales evident s\u0103 nu stau. \u00cen plus nu voi mai merge la limit\u0103 pe urc\u0103ri, \u00eencerc\u00e2nd ca sus s\u0103 fiu \u00een form\u0103 s\u0103 pot recupera pe cobor\u00e2ri. A\u015fa a \u015fi fost \u00een continuare. P\u00e2n\u0103 la Fort de la Platte am fost dep\u0103\u015fit de c\u00e2teva grupuri de concuren\u0163i la\u00a0care am \u00eencercat s\u0103 le intru \u00een ritm \u015fi mi-am dat seama c\u0103 e prea mult\u0103 voin\u0163\u0103 \u015fi mai pu\u0163in\u0103 putin\u0163\u0103. Dar \u00eencetul cu \u00eencetul mi-au revenit for\u0163ele, iar la Passeur de Pralognan &#8211; 2546m deja m\u0103 sim\u0163eam \u00een form\u0103. Am \u015fi f\u0103cut o pauz\u0103 de pozat \u015fi de &#8230; luat r\u0103mas bun de la trec\u0103toarea sl\u0103biciune. Cu 11h48min eram sub Tibi, cu un&#8230;<\/p>\n","protected":false},"author":1,"featured_media":0,"comment_status":"open","ping_status":"open","sticky":false,"template":"","format":"standard","meta":{"ngg_post_thumbnail":0,"footnotes":""},"categories":[641,638,637,85,636,635,642,654,142,634,639,128,633,640],"tags":[652,649,648,417,647,646,653,655,436,645,650,644,426,643,651],"class_list":["post-1276","post","type-post","status-publish","format-standard","hentry","category-chamonix","category-courmayeur","category-crikvenica","category-croatia","category-franta","category-italia","category-kesthely","category-mont-blanc","category-munti","category-muntii-alpi","category-pre-saint-didier","category-ungaria","category-utmb-cursa-tds","category-venetia","tag-chamonix","tag-courmayeur","tag-crikvenica","tag-croatia","tag-franta","tag-italia","tag-kesthely","tag-mont-blanc","tag-munti","tag-muntii-alpi","tag-pre-saint-didier","tag-tds","tag-ungaria","tag-utmb-cursa-tds","tag-venetia"],"_links":{"self":[{"href":"https:\/\/www.unpicdetimpliber.ro\/wordpress\/wp-json\/wp\/v2\/posts\/1276","targetHints":{"allow":["GET"]}}],"collection":[{"href":"https:\/\/www.unpicdetimpliber.ro\/wordpress\/wp-json\/wp\/v2\/posts"}],"about":[{"href":"https:\/\/www.unpicdetimpliber.ro\/wordpress\/wp-json\/wp\/v2\/types\/post"}],"author":[{"embeddable":true,"href":"https:\/\/www.unpicdetimpliber.ro\/wordpress\/wp-json\/wp\/v2\/users\/1"}],"replies":[{"embeddable":true,"href":"https:\/\/www.unpicdetimpliber.ro\/wordpress\/wp-json\/wp\/v2\/comments?post=1276"}],"version-history":[{"count":97,"href":"https:\/\/www.unpicdetimpliber.ro\/wordpress\/wp-json\/wp\/v2\/posts\/1276\/revisions"}],"predecessor-version":[{"id":1511,"href":"https:\/\/www.unpicdetimpliber.ro\/wordpress\/wp-json\/wp\/v2\/posts\/1276\/revisions\/1511"}],"wp:attachment":[{"href":"https:\/\/www.unpicdetimpliber.ro\/wordpress\/wp-json\/wp\/v2\/media?parent=1276"}],"wp:term":[{"taxonomy":"category","embeddable":true,"href":"https:\/\/www.unpicdetimpliber.ro\/wordpress\/wp-json\/wp\/v2\/categories?post=1276"},{"taxonomy":"post_tag","embeddable":true,"href":"https:\/\/www.unpicdetimpliber.ro\/wordpress\/wp-json\/wp\/v2\/tags?post=1276"}],"curies":[{"name":"wp","href":"https:\/\/api.w.org\/{rel}","templated":true}]}}