{"id":1676,"date":"2016-07-22T16:40:43","date_gmt":"2016-07-22T14:40:43","guid":{"rendered":"http:\/\/www.unpicdetimpliber.ro\/?p=1676"},"modified":"2016-07-22T19:37:38","modified_gmt":"2016-07-22T17:37:38","slug":"marathon-7500-pentru-a-treia-oara-echipa-regi-si-pioni","status":"publish","type":"post","link":"https:\/\/www.unpicdetimpliber.ro\/wordpress\/2016\/07\/marathon-7500-pentru-a-treia-oara-echipa-regi-si-pioni.html","title":{"rendered":"Marathon 7500 pentru a treia oar\u0103 &#8211; echipa Regi \u015fi Pioni"},"content":{"rendered":"<div class=\"fcbkbttn_buttons_block\" id=\"fcbkbttn_left\"><div class=\"fcbkbttn_like \"><fb:like href=\"https:\/\/www.unpicdetimpliber.ro\/wordpress\/2016\/07\/marathon-7500-pentru-a-treia-oara-echipa-regi-si-pioni.html\" action=\"like\" colorscheme=\"light\" layout=\"box_count\"  size=\"small\"><\/fb:like><\/div><div class=\"fb-share-button  \" data-href=\"https:\/\/www.unpicdetimpliber.ro\/wordpress\/2016\/07\/marathon-7500-pentru-a-treia-oara-echipa-regi-si-pioni.html\" data-type=\"button_count\" data-size=\"small\"><\/div><\/div><p><iframe loading=\"lazy\" style=\"border: none; height: 80px; width: 450px;\" src=\"http:\/\/www.facebook.com\/plugins\/like.php?href=https:\/\/www.unpicdetimpliber.ro\/wordpress\/2016\/07\/marathon-7500-pentru-a-treia-oara-echipa-regi-si-pioni.html\" width=\"320\" height=\"30\" frameborder=\"0\" scrolling=\"no\"><\/iframe><\/p>\n<table style=\"width: auto;\">\n<tbody>\n<tr>\n<td><a href=\"https:\/\/picasaweb.google.com\/lh\/photo\/Z8BgMFP9tpSU6447hLpqfdMTjNZETYmyPJy0liipFm0?feat=embedwebsite\" target=\"_blank\"><img loading=\"lazy\" decoding=\"async\" class=\"alignnone\" src=\"https:\/\/lh3.googleusercontent.com\/-7vAST6plIIA\/V5IuuN2jHsI\/AAAAAAAAgaw\/ZN3W8CTo2GIvFqWn5lXHLtMH-q2l3QwYQCCo\/s400\/13737603_1170983179633935_8543658960024506404_o.jpg\" width=\"400\" height=\"267\" \/><\/a><\/td>\n<\/tr>\n<tr>\n<td style=\"font-family: arial,sans-serif; font-size: 11px; text-align: right;\">la final &#8211; mul\u0163umesc pentru poze &#8211; From <a href=\"https:\/\/picasaweb.google.com\/103481498978040293448\/6310157376617371441?authuser=0&amp;feat=embedwebsite\">Marathon 7500 pentru a treia oar\u0103 &#8211; echipa Regi \u015fi Pioni<\/a><\/td>\n<\/tr>\n<\/tbody>\n<\/table>\n<p>Nu scriu multe \u00een plus fa\u0163\u0103 de varianta mai &#8220;rapid\u0103&#8221; de pe FB. Sper \u00eens\u0103 c\u0103 Sebastian va completa imaginea echipei despre concurs cu c\u00e2teva cuvinte. Nu-l stresez, are mult de lucru la cas\u0103. \ud83d\ude42<\/p>\n<p>De aceast\u0103 dat\u0103 la <strong><a href=\"http:\/\/marathon7500.ro\/\" target=\"_blank\">Marathon 7500<\/a><\/strong> am fost \u00eempreun\u0103 cu prietenul meu <a class=\"profileLink\" href=\"https:\/\/www.facebook.com\/sebastian.butcovan\" data-hovercard=\"\/ajax\/hovercard\/user.php?id=100001281917802\">Sebastian<\/a>, s\u0103 \u00eencerc\u0103m s\u0103 facem o figur\u0103 bun\u0103 \u015fi \u00een clasamentul de masteri. <a class=\"profileLink\" href=\"https:\/\/www.facebook.com\/adi.cosma.39\" data-hovercard=\"\/ajax\/hovercard\/user.php?id=1091076009\">Adi Cosma<\/a>, coechipierul meu din anii trecu\u0163i,\u00a0era prea tinerel&#8230; \u00eenc\u0103\u00a0<i class=\"_lew\" title=\"smile emoticon\"><i class=\"_4-k1 img sp_fM-mz8spZ1b sx_5371b4\"><\/i><span class=\"_4mcd\">\ud83d\ude42<\/span><\/i>\u00a0\u015fi a format <strong>echipa ATAC<\/strong> cu <a class=\"profileLink\" href=\"https:\/\/www.facebook.com\/adrian.toma.927\" data-hovercard=\"\/ajax\/hovercard\/user.php?id=100002670209036\">Adrian Toma<\/a>. Tot glumeam noi pe seama numelui ales, combina\u0163ie din ini\u0163ialele numelor lor, \u015ftiind c\u00e2t de &#8220;zen&#8221; sunt am\u00e2ndoi. S-au \u00een\u0163eles de minune \u015fi s-a v\u0103zut \u015fi la rezultat &#8211; sub 25h, bravo lor!<\/p>\n<p>A fost o vreme bun\u0103, minus v\u00e2ntul puternic din noapte de la <strong>cabana Omu<\/strong>, asta pentru cine n-a fost suficient de rapid &#8211; cum se spune &#8211; norocul \u0163ine cu cei buni sau, mai practic, e cum \u0163i-l faci. S-a mers tare \u015fi s-au scos \u015fi recorduri ale competi\u0163iei. Au fost foarte multe echipe la start &#8211; 65 la masculin, 18 la mixt \u015fi 7 la feminin.<\/p>\n<table style=\"width: auto;\">\n<tbody>\n<tr>\n<td><a href=\"https:\/\/picasaweb.google.com\/lh\/photo\/9ZRGaGHOUttyVWJXtETI6tMTjNZETYmyPJy0liipFm0?feat=embedwebsite\" target=\"_blank\"><img loading=\"lazy\" decoding=\"async\" class=\"alignnone\" src=\"https:\/\/lh3.googleusercontent.com\/-vRweM5JsxI8\/V5Iut6YfqaI\/AAAAAAAAgaw\/Zssh2HOkxdoAponmrSW3jXlL__b6Vf8xwCCo\/s640\/13735001_10209465628462662_5443156742686148711_o.jpg\" width=\"640\" height=\"161\" \/><\/a><\/td>\n<\/tr>\n<tr>\n<td style=\"font-family: arial,sans-serif; font-size: 11px; text-align: right;\">profilul concursului &#8211; distan\u0163\u0103 90km+ \u015fi diferen\u0163\u0103 de nivel 7500m+ &#8211; From <a href=\"https:\/\/picasaweb.google.com\/103481498978040293448\/6310157376617371441?authuser=0&amp;feat=embedwebsite\">Marathon 7500 pentru a treia oar\u0103 &#8211; echipa Regi \u015fi Pioni<\/a><\/td>\n<\/tr>\n<\/tbody>\n<\/table>\n<p>La <strong>ora 6<\/strong> diminea\u0163a a fost <strong>startul<\/strong> de la <strong>Pe\u015ftera &#8211; Bucegi, D\u00e2mbovi\u0163a<\/strong>. Noi am mers foarte bine dou\u0103 treimi din curs\u0103, de\u015fi Sebi\u00a0\u00eencepuse deja de pe cobor\u00e2rea pe <strong>Jepii Mari<\/strong> s\u0103 aib\u0103 probleme serioase la un picior. Se vedea c\u0103 se chinuie \u015fi nu era un semn bun pentru o curs\u0103 at\u00e2t de lung\u0103 \u015fi grea. Mergeam \u00een schimb peste a\u015ftept\u0103ri la urc\u0103ri \u015fi reu\u015feam cu brio s\u0103 compens\u0103m pierderea pe cobor\u00e2ri. Am reajuns echipa polonez\u0103 de mixt pe <strong>Jepii Mici<\/strong>, care era mult mai sprinten\u0103 ca noi la vale. Abia am a\u015fteptat s\u0103 ajungem \u00eenapoi la <strong>P6 Pe\u015ftera<\/strong> \u015fi s\u0103 \u00eencerc\u0103m s\u0103-i atenu\u0103m durerea, aveam preg\u0103tit ceva \u015fi pentru astfel de cazuri. La <strong>P6<\/strong> eram cu jum\u0103tate de or\u0103 sub timpul din anii trecu\u0163i &#8211; aproximativ 6 ore. Ca de obicei aveam la mine o foaie cu timpii intermediari ale echipelor din anul trecut &#8211; primele 10, cu timpul maxim de finish 26h \u015fi c\u00e2teva minute. Mai jos\u00a0de at\u00e2t nu avea rost s\u0103 pun pe h\u00e2rtie, era clar c\u0103 ar fi \u00eensemnat situa\u0163ii excep\u0163ionale \u015fi atunci timpul final nu mai avea relevan\u0163\u0103.<\/p>\n<table style=\"width: auto;\">\n<tbody>\n<tr>\n<td><a href=\"https:\/\/picasaweb.google.com\/lh\/photo\/MROQMQwVjzNpDZDzigEzR9MTjNZETYmyPJy0liipFm0?feat=embedwebsite\" target=\"_blank\"><img loading=\"lazy\" decoding=\"async\" class=\"alignnone\" src=\"https:\/\/lh3.googleusercontent.com\/-SjdaZApAUUo\/V5IutvVpBZI\/AAAAAAAAgaw\/8vanKEiWuvAtLHIo6AhumAzi-wDityYVACCo\/s400\/13731023_10209465528980175_2228892662694937527_o.jpg\" width=\"400\" height=\"267\" \/><\/a><\/td>\n<\/tr>\n<tr>\n<td style=\"font-family: arial,sans-serif; font-size: 11px; text-align: right;\">mai avem pu\u0163in p\u00e2n\u0103 la P5 &#8211; Babele &#8211; From <a href=\"https:\/\/picasaweb.google.com\/103481498978040293448\/6310157376617371441?authuser=0&amp;feat=embedwebsite\">Marathon 7500 pentru a treia oar\u0103 &#8211; echipa Regi \u015fi Pioni<\/a><\/td>\n<\/tr>\n<\/tbody>\n<\/table>\n<table style=\"width: auto;\">\n<tbody>\n<tr>\n<td><a href=\"https:\/\/picasaweb.google.com\/lh\/photo\/wQ8AEpapSXnE7OOR6I4EpdMTjNZETYmyPJy0liipFm0?feat=embedwebsite\" target=\"_blank\"><img loading=\"lazy\" decoding=\"async\" class=\"alignnone\" src=\"https:\/\/lh3.googleusercontent.com\/-akvVeeQmLpE\/V5IutdgD9yI\/AAAAAAAAgaw\/UwxMLGR25KY97WESdcq8xHmBl-K_pOxhwCCo\/s400\/13690983_1170091986389721_323027465596334275_o.jpg\" width=\"267\" height=\"400\" \/><\/a><\/td>\n<\/tr>\n<tr>\n<td style=\"font-family: arial,sans-serif; font-size: 11px; text-align: right;\">From <a href=\"https:\/\/picasaweb.google.com\/103481498978040293448\/6310157376617371441?authuser=0&amp;feat=embedwebsite\">Marathon 7500 pentru a treia oar\u0103 &#8211; echipa Regi \u015fi Pioni<\/a><\/td>\n<\/tr>\n<\/tbody>\n<\/table>\n<table style=\"width: auto;\">\n<tbody>\n<tr>\n<td><a href=\"https:\/\/picasaweb.google.com\/lh\/photo\/PTxgtnv3lDNPLkH1OvCjx9MTjNZETYmyPJy0liipFm0?feat=embedwebsite\" target=\"_blank\"><img loading=\"lazy\" decoding=\"async\" class=\"alignnone\" src=\"https:\/\/lh3.googleusercontent.com\/-DrDKt4mWI_w\/V5Iuts7BgrI\/AAAAAAAAgaw\/9y6_GJuYU-Y5aFnxlIKJJdyXVwonadaXgCCo\/s400\/13717332_1170091833056403_1509401613087486325_o.jpg\" width=\"267\" height=\"400\" \/><\/a><\/td>\n<\/tr>\n<tr>\n<td style=\"font-family: arial,sans-serif; font-size: 11px; text-align: right;\">From <a href=\"https:\/\/picasaweb.google.com\/103481498978040293448\/6310157376617371441?authuser=0&amp;feat=embedwebsite\">Marathon 7500 pentru a treia oar\u0103 &#8211; echipa Regi \u015fi Pioni<\/a><\/td>\n<\/tr>\n<\/tbody>\n<\/table>\n<p>Cumva am sc\u0103pat \u015fi de <strong>Valea Cerbului<\/strong> \u015fi la <strong>Gura Diham ATAC<\/strong> era cu c\u00e2teva minute dup\u0103 noi. Pe <strong>Buc\u015foiu<\/strong> am prins din urm\u0103 prima echip\u0103 de fete &#8211; venite din <strong>Ungaria<\/strong>. Mam\u0103, mult mai vorbeau fetele acelea! Non stop, noroc c\u0103 nu \u00een\u0163elegeam ce. <i class=\"_lew\" title=\"smile emoticon\"><i class=\"_4-k1 img sp_fM-mz8spZ1b sx_5371b4\"><\/i><span class=\"_4mcd\">\ud83d\ude42<\/span><\/i>\u00a0\u00cens\u0103 acest lucru mi-a indicat c\u0103 erau relaxate \u015fi nu mergeau la maxim. A fost un grup de concuren\u0163i din \u0163ara vecin\u0103 \u015fi to\u0163i au mers foarte bine. Ne-am \u00eent\u00e2lnit \u015fi cu <a class=\"profileLink\" href=\"https:\/\/www.facebook.com\/carpathianman.romania\" data-hovercard=\"\/ajax\/hovercard\/user.php?id=100004153893256\">Lucian Clinciu<\/a> care deja verifica traseul spre <strong>Buc\u015foiu<\/strong> \u015fi dorea s\u0103 pun\u0103 ni\u015fte lumini\u0163e &#8211; era \u015fi cea\u0163\u0103 \u015fi \u00eencepuse s\u0103 bat\u0103 tare v\u00e2ntul. Pe la <strong>ora 19.20<\/strong> am bifat <strong>v\u00e2rful Omu<\/strong> pentru a doua oar\u0103, eram cu &#8220;eterna&#8221; jum\u0103tate de or\u0103 avans fa\u0163\u0103 de anul trecut, reu\u015fisem iar s\u0103 recuper\u0103m pierderea pe cobor\u00e2re. Inc\u0103 aveam \u015fanse la un timp final sub 24h dar deja eram \u00een stadiul de &#8220;men\u0163inere avans&#8221;.<\/p>\n<table style=\"width: auto;\">\n<tbody>\n<tr>\n<td><a href=\"https:\/\/picasaweb.google.com\/lh\/photo\/3fw6dUXgVu_cm6kbrBuSZ9MTjNZETYmyPJy0liipFm0?feat=embedwebsite\" target=\"_blank\"><img loading=\"lazy\" decoding=\"async\" class=\"alignnone\" src=\"https:\/\/lh3.googleusercontent.com\/-9f2Px7TZ7LU\/V5IutVYvreI\/AAAAAAAAgaw\/ulMUD7xhjpsyxDH_xQ-UUaCUYfdhW95_ACCo\/s400\/13680376_10209466436122853_7421413372808139857_o.jpg\" width=\"400\" height=\"300\" \/><\/a><\/td>\n<\/tr>\n<tr>\n<td style=\"font-family: arial,sans-serif; font-size: 11px; text-align: right;\">cam a\u015fa ar\u0103ta vremea sub Omu &#8211; From <a href=\"https:\/\/picasaweb.google.com\/103481498978040293448\/6310157376617371441?authuser=0&amp;feat=embedwebsite\">Marathon 7500 pentru a treia oar\u0103 &#8211; echipa Regi \u015fi Pioni<\/a><\/td>\n<\/tr>\n<\/tbody>\n<\/table>\n<p>A urmat cobor\u00e2rea de <strong>Ciubotea<\/strong> unde numai cine n-a vrut nu ne-a dep\u0103\u015fit. <i class=\"_lew\" title=\"smile emoticon\"><i class=\"_4-k1 img sp_fM-mz8spZ1b sx_5371b4\"><\/i><span class=\"_4mcd\">\ud83d\ude42<\/span><\/i> S-au lipit de noi Octavian \u015fi David din <strong>echipa Inginerii<\/strong> &#8211; <em><a href=\"http:\/\/student-la-poli.blogspot.ro\/2016\/07\/marathon-7500-elite.html\" target=\"_blank\">aici este ce au scris ei<\/a><\/em>, n-aveau gps (urma noaptea) \u015fi momentan le convenea ritmul nostru. David avea \u015fi el probleme, mi se p\u0103rea c\u0103\u00a0mai degrab\u0103 din cauza epuiz\u0103rii. <strong>Echipa \u0162\u00e2n\u0163arii<\/strong> &#8211; familia Lu\u0163ic &#8211; au trecut \u00een mare vitez\u0103 de noi, sunt buni cobor\u00e2tori. Sperau cred s\u0103-i ajung\u0103 pe polonezi. Anul acesta au ajuns dup\u0103 noi la Omu dup\u0103 urcarea de Buc\u015foiu.<\/p>\n<table style=\"width: auto;\">\n<tbody>\n<tr>\n<td><a href=\"https:\/\/picasaweb.google.com\/lh\/photo\/0UeAI0Z3EnyLHCBlyZyRqNMTjNZETYmyPJy0liipFm0?feat=embedwebsite\" target=\"_blank\"><img loading=\"lazy\" decoding=\"async\" class=\"alignnone\" src=\"https:\/\/lh3.googleusercontent.com\/-0dAsS5M0vLU\/V5IutrOyd7I\/AAAAAAAAgaw\/n4-pLbHpKWQr8zZd9Ossn1SDYEVJNaV1wCCo\/s400\/13708305_10209466682889022_7975389825598142497_o.jpg\" width=\"400\" height=\"300\" \/><\/a><\/td>\n<\/tr>\n<tr>\n<td style=\"font-family: arial,sans-serif; font-size: 11px; text-align: right;\">am f\u0103cut \u015fi eu dou\u0103\u00a0poze cu mobilul, at\u00e2t, c\u0103 poate \u00eemi va trebui &#8211; From <a href=\"https:\/\/picasaweb.google.com\/103481498978040293448\/6310157376617371441?authuser=0&amp;feat=embedwebsite\">Marathon 7500 pentru a treia oar\u0103 &#8211; echipa Regi \u015fi Pioni<\/a><\/td>\n<\/tr>\n<\/tbody>\n<\/table>\n<p>La <strong>intrarea de Valea Gaura<\/strong> ca timp eram bine dar eram tot mai len\u0163i. Tot efortul cu piciorul nu avea cum s\u0103 nu-l epuizeze pe Sebi, oric\u00e2t de antrenat era. I se f\u0103cuse r\u0103u. Trecuser\u0103 de noi prietenii de la <strong>ATAC<\/strong>, iar la lan\u0163uri pur \u015fi simplu a trebuit s\u0103 st\u0103m mai multe minute &#8211; nu le puteam urca. Nu avea sens s\u0103 mai stea cu noi <strong>Inginerii<\/strong> a\u015fa c\u0103 le-am spus c\u0103 mai bine pleac\u0103 \u015fi dac\u0103 au probleme de orientare s\u0103 se opreasc\u0103, s\u0103-\u015fi foloseasc\u0103 eventual foliile de supravie\u0163uire \u015fi s\u0103 a\u015ftepte c\u0103 sigur &#8220;trenuri&#8221; vor mai veni \u015fi se vor putea lipi de ele c\u00e2te o perioad\u0103. Au \u00eencheiat cu bine cu un sfert de or\u0103 peste 25h. Au trecut de noi \u015fi echipa <strong>Rupicapra GP<\/strong> cu <a class=\"profileLink\" href=\"https:\/\/www.facebook.com\/sztranyiczki.gabor\" data-hovercard=\"\/ajax\/hovercard\/user.php?id=100000769781875\">Sztranyiczki Gabor<\/a> si <a class=\"profileLink\" href=\"https:\/\/www.facebook.com\/profile.php?id=100009320408610\" data-hovercard=\"\/ajax\/hovercard\/user.php?id=100009320408610\">Hadnagy P\u00e9ter<\/a> &#8211; tot prieteni \u015fi tot de la Cluj. De fapt \u00een tot concursul acesta au participat o mul\u0163ime de prieteni \u015fi cunoscu\u0163i, cred c\u0103-i \u015ftiu pe majoritatea.<\/p>\n<p>Pentru mine \u015fi Sebi deja devenise o provocare s\u0103 ajungem la <strong>Omu<\/strong> pentru a treia oar\u0103, ne-am fi bucurat s\u0103 putem abandona acolo f\u0103r\u0103 s\u0103 cre\u0103m probleme organizatorilor. Mi-am adus aminte de o excursie grea la munte, \u00een martie, la <strong>Refugiul Ag\u0103\u0163at din Par\u00e2ng<\/strong>, unde m\u0103 pornisem cu un prieten, studen\u0163i fiind. Foarte mult conteaz\u0103 s\u0103 i\u0163i folose\u015fti experien\u0163a \u015fi s\u0103 \u00eenve\u0163i ceva din fiecare clip\u0103 care trece. Sunt episoade din via\u0163\u0103 care mi-au r\u0103mas vii \u00een minte de\u015fi au trecut mul\u0163i ani pentru c\u0103 \u00eentr-un fel sau altul m-au marcat. Nu spun nimic nou cu asta, a\u015fa suntem. Atunci eram cu rucsaci grei, \u00een condi\u0163ii de iarn\u0103, tot drumul din <strong>Petro\u015fani<\/strong> pe <strong>Valea Jie\u0163ului<\/strong> \u00eel parcursesem pe jos. Am \u00eenv\u0103\u0163at atunci <strong>3 lucruri<\/strong>, din care unul ne-a folosit: am ajuns s\u0103 ne schimb\u0103m la f\u0103cut urme la un num\u0103r de pa\u015fi care tot a sc\u0103zut p\u00e2n\u0103 am adoptat alt\u0103 solu\u0163ie. A\u015fa c\u0103 acum am botezat-o regula celor 20 de pa\u015fi: mers \u015fi pauz\u0103 \u015fi tot a\u015fa p\u00e2n\u0103 Sebi \u015fi-a revenit, f\u0103r\u0103 s\u0103 r\u0103sufle greu la cap\u0103tul acelor pa\u015fi. Incredibil ce mult\u0103 voin\u0163\u0103 are! Mergeam \u00een fa\u0163a lui ca s\u0103 fiu sigur c\u0103 nu tri\u015feaz\u0103, for\u0163\u00e2nd. Nu puteam face mare lucru, a\u015fa c\u0103 m-am str\u0103duit s\u0103 tac: nici mie c\u00e2nd sunt obosit nu-mi place s\u0103 vorbesc.<\/p>\n<p><em>Dar, dac\u0103 tot sunt pe blog, scriu despre excursia de atunci cu Lu\u015fu. De multe ori am fost doar noi doi \u00een tot felul de excursii, inclusiv traversarea Mun\u0163ilor Rodnei, f\u0103r\u0103 ca atunci s\u0103 ne punem problema c\u0103 e cine \u015ftie ce provocare. Nu \u015ftiu cum se face dar cu el mereu parc\u0103 mergeam spre extrem, de so\u0163ia m-a rugat s\u0103 mai lu\u0103m pe cineva mai normal cu noi dac\u0103 nu se poate altfel.<\/em><br \/>\n<em>Nu p\u0103rea s\u0103 fie cine \u015ftie ce mersul la refugiu, am mai fost de c\u00e2teva ori. Dar acum primul impediment\u00a0era c\u0103 practic la fiecare pas se rupea stratul de ghea\u0163\u0103 sub picioare, aveam rucsaci grei, \u015fi tot a\u015fa urma s\u0103 str\u0103batem cei aproximativ 10km pe Valea Jie\u0163ului. Conta timpul de parcurgere pentru c\u0103 se \u00eennopta repede, iar trenurile nici atunci nu erau prea dese s\u0103 ne putem alege o or\u0103 de sosire avantajoas\u0103. \u015ei aici a fost <strong>primul lucru<\/strong> pe care l-am \u00eenv\u0103\u0163at: erau din c\u00e2nd \u00een c\u00e2nd\u00a0<strong>urme de animale<\/strong>, \u00een special lupi, care urmau drumul \u00een zig-zag, u\u015for \u00eenghe\u0163ate. Pe ele, culmea, ghea\u0163a nu mai ceda sub pa\u015fi \u015fi a\u015fa am ajuns s\u0103 ne bucur\u0103m c\u00e2nd le g\u0103seam \u015fi s\u0103 le urm\u0103m. Aveau ei sim\u0163urile lor s\u0103 \u015ftie unde z\u0103pada era mai tare sau pur \u015fi simplu era ca \u015fi cum cineva ne f\u0103cuse urme?\u00a0<\/em><br \/>\n<em>Am ajuns apoi \u00een zona de p\u0103dure \u015fi acolo z\u0103pada era mare. Nici \u00een zilele de var\u0103 nu-i floare la ureche de urcat pe acolo. Acum \u00eens\u0103 era greu, tot mai greu: uneori parc\u0103 \u00eenotam. \u015ei atunci am \u00eenceput s\u0103 facem un lucru normal, s\u0103 ne schimb\u0103m la f\u0103cut urme, f\u0103c\u00e2nd c\u00e2te un pas lateral c\u00e2nd nu mai puteam \u015fi sim\u0163eam nevoia de pauz\u0103. \u015ei, \u00eencetul cu \u00eencetul, am ajuns s\u0103 ne num\u0103r\u0103m pa\u015fii, mai \u00eent\u00e2i 50, apoi 20, apoi 10&#8230; \u015ei a\u015fa am \u00eenv\u0103\u0163at <strong>al doilea lucru<\/strong>: <strong>c\u0103 nu metrul e unitatea de m\u0103sur\u0103 la munte, ci pasul<\/strong>. \u015ei pas cu pas, cu r\u0103bdare, ajungi la destina\u0163ie. Important e s\u0103 numeri, ajut\u0103, te face s\u0103 sim\u0163i c\u0103 progresezi. Cam a\u015fa cum numeri oile ca s\u0103 adormi. \ud83d\ude42 Num\u0103ratul te ajut\u0103 \u015fi la mare c\u00e2nd ajungi departe \u00een larg \u015fi \u0163i se pare c\u0103 nu te mai apropii de mal orice ai face. Scapi de panic\u0103. Totul a culminat c\u00e2nd au \u00eenceput s\u0103 apar\u0103 trunchiuri c\u0103zute de copaci imen\u015fi \u00een calea noastr\u0103 \u015fi s\u0103 c\u0103dem la propriu printre ei, r\u0103m\u00e2n\u00e2nd at\u00e2rna\u0163i \u00een chingile de la rucsaci, cu picioarele practic \u00een gol. Ne g\u00e2ndeam cum vom face dac\u0103 ne prinde noaptea \u015fi nu ajungem, dar deja era prea de tot: nu aveam cort \u015fi era sear\u0103.\u00a0<\/em><br \/>\n<em>\u015ei a\u015fa am ajuns la <strong>al treilea lucru<\/strong>: eram la tren\u0103 \u015fi am hot\u0103r\u00e2t <strong>s\u0103-mi las rucsacul<\/strong> \u015fi s\u0103-l ag\u0103\u0163 \u00eentr-un copac. Am \u00eenceput s\u0103 urc \u00een\u00a0disperare, chiar \u015fi \u00een patru labe. A\u015fa eram de pornit c\u0103 nu aveam dec\u00e2t un g\u00e2nd, f\u0103r\u0103 s\u0103 m\u0103 uit prea mult \u00een st\u00e2nga \u015fi-n dreapta: s\u0103 scap de p\u0103dure \u015fi s\u0103 urc pe primul deal din golul alpin. \u015ei la un moment dat Lu\u015fu m-a strigat: hai c\u0103 ai trecut, trebuie s-o lu\u0103m la dreapta! P\u00e2n\u0103 s\u0103 fac\u0103 el focul mi-am \u015fi\u00a0recuperat rucsacul \u015fi era noapte.<br \/>\nCum s-a \u00eencheiat excursia? Noi aveam g\u00e2nduri m\u0103re\u0163e, dar ziua urm\u0103toare doar am stat la refugiu \u015fi \u00een zon\u0103, ron\u0163\u0103ind la c\u0103ldur\u0103 \u015fi uit\u00e2ndu-ne cu sub\u00een\u0163eles unul la altul. Duminica ne-am \u00eentors.\u00a0<\/em><\/p>\n<p>\u015ei \u00een sf\u00e2r\u015fit Omu pentru a treia oar\u0103, 20h45min de la startul de la ora 6. Doar cu 10 min \u00een dep\u0103\u015fire fa\u0163\u0103 de timpul de anul trecut c\u00e2nd \u00eencheiasem cu Adi Cosma \u00een 24h52min. Dar acum nu \u015ftiam dac\u0103 vom mai putea continua. Era mai important\u0103 s\u0103n\u0103tatea, nu doream nici unul din noi s\u0103 fie urm\u0103ri de lung\u0103 durat\u0103. Am \u015ftampilat totu\u015fi foaia de drum \u015fi am a\u015fteptat. Am oprit \u015fi gps-ul, dup\u0103 calculele mele puteam ajunge la limit\u0103 cu bateriile, teoretic 6h (schimb baterii P6 Pe\u015ftera)+ 20h (timp maxim specificat) ar fi func\u0163ionat maxim 26h. Numai kilometri \u00een plus n-aveam chef s\u0103 facem. A contat mult \u015fi faptul c\u0103 oricum drumul spre finishul la Pe\u015ftera tot trebuia s\u0103-l facem. A\u015fa c\u0103 Sebi a spus &#8220;Hai&#8221;! Am \u00eentrebat pe o fat\u0103 voluntar\u0103 ce distan\u0163\u0103 mai este p\u00e2n\u0103 la final de\u015fi \u015ftiam foarte bine&#8230; Mi-a pl\u0103cut r\u0103spunsul &#8211; numai 10km. <i class=\"_lew\" title=\"smile emoticon\"><i class=\"_4-k1 img sp_fM-mz8spZ1b sx_5371b4\"><\/i><span class=\"_4mcd\">\ud83d\ude42<\/span><\/i> N-am putut dec\u00e2t s\u0103-i r\u0103spund dec\u00e2t tot cu umor &#8211; o s\u0103 fim ferici\u0163i dac\u0103 ajungem \u00een 5h. \u00cen realitate ne-au trebuit 6h10min la cei peste 16km r\u0103ma\u015fi&#8230; P\u00e2n\u0103 s\u0103 plec\u0103m noi a ie\u015fit \u00een v\u00e2ntul de afar\u0103 <strong>echipa Doi de la Cluj<\/strong> &#8211; <a class=\"profileLink\" href=\"https:\/\/www.facebook.com\/tap.adrian\" data-hovercard=\"\/ajax\/hovercard\/user.php?id=100004037600446\">Adrian Tap<\/a>\u00a0\u015fi\u00a0<a class=\"profileLink\" href=\"https:\/\/www.facebook.com\/bogdan.morutan\" data-hovercard=\"\/ajax\/hovercard\/user.php?id=100001362021837\">Bogdan Morutan<\/a> (adic\u0103 tot de-ai mei), tot spre <strong>Batr\u00e2na<\/strong>, dup\u0103 lungi explica\u0163ii despre traseu ale lui Silviu B\u0103lan. Dup\u0103 10 minute s-au \u00eentors \u015fi au spus c\u0103 ei nu v\u0103d nicio st\u00e2nc\u0103 unde s\u0103 fac\u0103 la st\u00e2nga \u015fi apoi la dreapta. <i class=\"_lew\" title=\"smile emoticon\"><i class=\"_4-k1 img sp_fM-mz8spZ1b sx_5371b4\"><\/i><span class=\"_4mcd\">\ud83d\ude42<\/span><\/i> I-a luat Silviu de m\u00e2nu\u0163\u0103 \u015fi i-a condus, l\u0103s\u00e2nd \u015fi o vest\u0103 reflectorizant\u0103 acolo (poate o l\u0103sase dinainte).<\/p>\n<table style=\"width: auto;\">\n<tbody>\n<tr>\n<td><a href=\"https:\/\/picasaweb.google.com\/lh\/photo\/x7336aH8PYIloe0U7K920NMTjNZETYmyPJy0liipFm0?feat=embedwebsite\" target=\"_blank\"><img loading=\"lazy\" decoding=\"async\" class=\"alignnone\" src=\"https:\/\/lh3.googleusercontent.com\/--ZnNZmDB0yc\/V5IuuF2-roI\/AAAAAAAAgaw\/-Yvpd1RewQIqzCV8h6hgbVeQPivsqgWbQCCo\/s400\/13735154_1170983039633949_6665943621914036147_o.jpg\" width=\"400\" height=\"267\" \/><\/a><\/td>\n<\/tr>\n<tr>\n<td style=\"font-family: arial,sans-serif; font-size: 11px; text-align: right;\">la final, Cornelia ne a\u015ftepta &#8211; From <a href=\"https:\/\/picasaweb.google.com\/103481498978040293448\/6310157376617371441?authuser=0&amp;feat=embedwebsite\">Marathon 7500 pentru a treia oar\u0103 &#8211; echipa Regi \u015fi Pioni<\/a><\/td>\n<\/tr>\n<\/tbody>\n<\/table>\n<table style=\"width: auto;\">\n<tbody>\n<tr>\n<td><a href=\"https:\/\/picasaweb.google.com\/lh\/photo\/kcgrKOKFbkxMSM-SqG16QtMTjNZETYmyPJy0liipFm0?feat=embedwebsite\" target=\"_blank\"><img loading=\"lazy\" decoding=\"async\" class=\"alignnone\" src=\"https:\/\/lh3.googleusercontent.com\/-TkWP9avBYTU\/V5IuuAjIDEI\/AAAAAAAAgaw\/M4XbE6lmwZYfmxHV9TiC2S2eOh-RcWn_QCCo\/s400\/13737466_1170983102967276_8818334694344731757_o.jpg\" width=\"400\" height=\"267\" \/><\/a><\/td>\n<\/tr>\n<tr>\n<td style=\"font-family: arial,sans-serif; font-size: 11px; text-align: right;\">From <a href=\"https:\/\/picasaweb.google.com\/103481498978040293448\/6310157376617371441?authuser=0&amp;feat=embedwebsite\">Marathon 7500 pentru a treia oar\u0103 &#8211; echipa Regi \u015fi Pioni<\/a><\/td>\n<\/tr>\n<\/tbody>\n<\/table>\n<p>Am \u00eencheiat concursul \u00een 26h55min, locul 4 la categoria master (la 5 minute de locul 3), locul 18 la masculin \u015fi 22 general. A fost infernal\u0103 cobor\u00e2rea spre <strong>Poiana Gu\u0163anu<\/strong> \u00een condi\u0163ia actual\u0103, num\u0103ram pietrele. Ne-am reg\u0103sit \u00eens\u0103 motiva\u0163ia \u015fi pe final aceasta a fost s\u0103 \u00eencheiem sub 27h \u015fi s\u0103 nu ne mai ajung\u0103 nimeni &#8230; \u00een afar\u0103 de locul 3 la master. Bravo Sebi, recuperare rapid\u0103! Eu n-a\u015f fi avut puterea s\u0103 continui \u00een locul t\u0103u, cred c\u0103 pentru tine a contat mai mult coechipierul dec\u00e2t binele propriu. Mul\u0163umesc c\u0103 ai fost al\u0103turi de mine! E un concurs frumos Marathon 7500, parc\u0103 v\u0103d c\u0103 vom spune &#8211; prea frumos ca s\u0103 nu mergem din nou. <i class=\"_lew\" title=\"smile emoticon\"><i class=\"_4-k1 img sp_fM-mz8spZ1b sx_5371b4\"><\/i><span class=\"_4mcd\">\ud83d\ude42<\/span><\/i><\/p>\n<table style=\"width: auto;\">\n<tbody>\n<tr>\n<td><a href=\"https:\/\/picasaweb.google.com\/lh\/photo\/8Xo6naDUJm0QBN7eJ-_8vdMTjNZETYmyPJy0liipFm0?feat=embedwebsite\" target=\"_blank\"><img loading=\"lazy\" decoding=\"async\" class=\"alignnone\" src=\"https:\/\/lh3.googleusercontent.com\/-C79Aj0MIahE\/V5IutV54OvI\/AAAAAAAAgaw\/83JEQJS5ZEEFdn9Fifpw4AuRKFbN1ASpQCCo\/s400\/13691046_10209465529100178_6381298318147105833_o.jpg\" width=\"348\" height=\"400\" \/><\/a><\/td>\n<\/tr>\n<tr>\n<td style=\"font-family: arial,sans-serif; font-size: 11px; text-align: right;\">h\u00e2rtia de la P9 nu s-a lipit &#8211; iFrom <a href=\"https:\/\/picasaweb.google.com\/103481498978040293448\/6310157376617371441?authuser=0&amp;feat=embedwebsite\">Marathon 7500 pentru a treia oar\u0103 &#8211; echipa Regi \u015fi Pioni<\/a><\/td>\n<\/tr>\n<\/tbody>\n<\/table>\n<table style=\"width: auto;\">\n<tbody>\n<tr>\n<td><a href=\"https:\/\/picasaweb.google.com\/lh\/photo\/am5lthi2NqFpkW2UvaWUfNMTjNZETYmyPJy0liipFm0?feat=embedwebsite\" target=\"_blank\"><img loading=\"lazy\" decoding=\"async\" class=\"alignnone\" src=\"https:\/\/lh3.googleusercontent.com\/-r6uttWFq_YI\/V5Iuuak1D1I\/AAAAAAAAgaw\/nzKrwIhgJLoIpeU8Q6SAmpt6XWzQmYy8gCCo\/s400\/13767164_10209465529060177_7707353150043336187_o.jpg\" width=\"376\" height=\"400\" \/><\/a><\/td>\n<\/tr>\n<tr>\n<td style=\"font-family: arial,sans-serif; font-size: 11px; text-align: right;\">greu, dar frumos \u015fi interesant &#8211; From <a href=\"https:\/\/picasaweb.google.com\/103481498978040293448\/6310157376617371441?authuser=0&amp;feat=embedwebsite\">Marathon 7500 pentru a treia oar\u0103 &#8211; echipa Regi \u015fi Pioni<\/a><\/td>\n<\/tr>\n<\/tbody>\n<\/table>\n<p>Foarte faini oameni s-au str\u00e2ns la acest concurs, de la concuren\u0163i la organizatori, voluntari, fotografi. Relaxa\u0163i, cu umor, s\u0103ritori \u015fi operativi ca ni\u015fte oameni de munte adev\u0103ra\u0163i. Mul\u0163umesc <a class=\"profileLink\" href=\"https:\/\/www.facebook.com\/cornelia.butcovan\" data-hovercard=\"\/ajax\/hovercard\/user.php?id=100001961535772\">Cornelia Butcovan<\/a> pentru suport!<\/p>\n<p>Pentru mine urmeaz\u0103 UTMB, va fi greu. Acolo n-o s\u0103-mi permit s\u0103 merg f\u0103r\u0103 be\u0163e.<\/p>\n","protected":false},"excerpt":{"rendered":"<p>la final &#8211; mul\u0163umesc pentru poze &#8211; From Marathon 7500 pentru a treia oar\u0103 &#8211; echipa Regi \u015fi Pioni Nu scriu multe \u00een plus fa\u0163\u0103 de varianta mai &#8220;rapid\u0103&#8221; de pe FB. Sper \u00eens\u0103 c\u0103 Sebastian va completa imaginea echipei despre concurs cu c\u00e2teva cuvinte. Nu-l stresez, are mult de lucru la cas\u0103. \ud83d\ude42 De aceast\u0103 dat\u0103 la Marathon 7500 am fost \u00eempreun\u0103 cu prietenul meu Sebastian, s\u0103 \u00eencerc\u0103m s\u0103 facem o figur\u0103 bun\u0103 \u015fi \u00een clasamentul de masteri. Adi Cosma, coechipierul meu din anii trecu\u0163i,\u00a0era prea tinerel&#8230; \u00eenc\u0103\u00a0\ud83d\ude42\u00a0\u015fi a format echipa ATAC cu Adrian Toma. Tot glumeam noi pe seama numelui ales, combina\u0163ie din ini\u0163ialele numelor lor, \u015ftiind c\u00e2t de &#8220;zen&#8221; sunt am\u00e2ndoi. S-au \u00een\u0163eles de minune \u015fi s-a v\u0103zut \u015fi la rezultat &#8211; sub 25h, bravo lor! A fost o vreme bun\u0103, minus v\u00e2ntul puternic din noapte de la cabana Omu, asta pentru cine n-a fost suficient de rapid &#8211; cum se spune &#8211; norocul \u0163ine cu cei buni sau, mai practic, e cum \u0163i-l faci. S-a mers tare \u015fi s-au scos \u015fi recorduri ale competi\u0163iei. Au fost foarte multe echipe la start &#8211; 65 la masculin, 18 la mixt \u015fi 7 la feminin. profilul concursului &#8211; distan\u0163\u0103 90km+ \u015fi diferen\u0163\u0103 de nivel 7500m+ &#8211; From Marathon 7500 pentru a treia oar\u0103 &#8211; echipa Regi \u015fi Pioni La ora 6 diminea\u0163a a fost startul de la Pe\u015ftera &#8211; Bucegi, D\u00e2mbovi\u0163a. Noi am mers foarte bine dou\u0103 treimi din curs\u0103, de\u015fi Sebi\u00a0\u00eencepuse deja de pe cobor\u00e2rea pe Jepii Mari s\u0103 aib\u0103 probleme serioase la un picior. Se vedea c\u0103 se chinuie \u015fi nu era un semn bun pentru o curs\u0103 at\u00e2t de lung\u0103 \u015fi grea. Mergeam \u00een schimb peste a\u015ftept\u0103ri la urc\u0103ri \u015fi reu\u015feam cu brio s\u0103 compens\u0103m pierderea pe cobor\u00e2ri. Am reajuns echipa polonez\u0103 de mixt pe Jepii Mici, care era mult mai sprinten\u0103 ca noi la vale. Abia am a\u015fteptat s\u0103 ajungem \u00eenapoi la P6 Pe\u015ftera \u015fi s\u0103 \u00eencerc\u0103m s\u0103-i atenu\u0103m durerea, aveam preg\u0103tit ceva \u015fi pentru astfel de cazuri. La P6 eram cu jum\u0103tate de or\u0103 sub timpul din anii trecu\u0163i &#8211; aproximativ 6 ore. Ca de obicei aveam la mine o foaie cu timpii intermediari ale echipelor din anul trecut &#8211; primele 10, cu timpul maxim de finish 26h \u015fi c\u00e2teva minute. Mai jos\u00a0de at\u00e2t nu avea rost s\u0103 pun pe h\u00e2rtie, era clar c\u0103 ar fi \u00eensemnat situa\u0163ii excep\u0163ionale \u015fi atunci timpul final nu mai avea relevan\u0163\u0103. mai avem pu\u0163in p\u00e2n\u0103 la P5 &#8211; Babele &#8211; From Marathon 7500 pentru a treia oar\u0103 &#8211; echipa Regi \u015fi Pioni From Marathon 7500 pentru a treia oar\u0103 &#8211; echipa Regi \u015fi Pioni From Marathon 7500 pentru a treia oar\u0103 &#8211; echipa Regi \u015fi Pioni Cumva am sc\u0103pat \u015fi de Valea Cerbului \u015fi la Gura Diham ATAC era cu c\u00e2teva minute dup\u0103 noi. Pe Buc\u015foiu am prins din urm\u0103 prima echip\u0103 de fete &#8211; venite din Ungaria. Mam\u0103, mult mai vorbeau fetele acelea! Non stop, noroc c\u0103 nu \u00een\u0163elegeam ce. \ud83d\ude42\u00a0\u00cens\u0103 acest lucru mi-a indicat c\u0103 erau relaxate \u015fi nu mergeau la maxim. A fost un grup de concuren\u0163i din \u0163ara vecin\u0103 \u015fi to\u0163i au mers foarte bine. Ne-am \u00eent\u00e2lnit \u015fi cu Lucian Clinciu care deja verifica traseul spre Buc\u015foiu \u015fi dorea s\u0103 pun\u0103 ni\u015fte lumini\u0163e &#8211; era \u015fi cea\u0163\u0103 \u015fi \u00eencepuse s\u0103 bat\u0103 tare v\u00e2ntul. Pe la ora 19.20 am bifat v\u00e2rful Omu pentru a doua oar\u0103, eram cu &#8220;eterna&#8221; jum\u0103tate de or\u0103 avans fa\u0163\u0103 de anul trecut, reu\u015fisem iar s\u0103 recuper\u0103m pierderea pe cobor\u00e2re. Inc\u0103 aveam \u015fanse la un timp final sub 24h dar deja eram \u00een stadiul de &#8220;men\u0163inere avans&#8221;. cam a\u015fa ar\u0103ta vremea sub Omu &#8211; From Marathon 7500 pentru a treia oar\u0103 &#8211; echipa Regi \u015fi Pioni A urmat cobor\u00e2rea de Ciubotea unde numai cine n-a vrut nu ne-a dep\u0103\u015fit. \ud83d\ude42 S-au lipit de noi Octavian \u015fi David din echipa Inginerii &#8211; aici este ce au scris ei, n-aveau gps (urma noaptea) \u015fi momentan le convenea ritmul nostru. David avea \u015fi el probleme, mi se p\u0103rea c\u0103\u00a0mai degrab\u0103 din cauza epuiz\u0103rii. Echipa \u0162\u00e2n\u0163arii &#8211; familia Lu\u0163ic &#8211; au trecut \u00een mare vitez\u0103 de noi, sunt buni cobor\u00e2tori. Sperau cred s\u0103-i ajung\u0103 pe polonezi. Anul acesta au ajuns dup\u0103 noi la Omu dup\u0103 urcarea de Buc\u015foiu. am f\u0103cut \u015fi eu dou\u0103\u00a0poze cu mobilul, at\u00e2t, c\u0103 poate \u00eemi va trebui &#8211; From Marathon 7500 pentru a treia oar\u0103 &#8211; echipa Regi \u015fi Pioni La intrarea de Valea Gaura ca timp eram bine dar eram tot mai len\u0163i. Tot efortul cu piciorul nu avea cum s\u0103 nu-l epuizeze pe Sebi, oric\u00e2t de antrenat era. I se f\u0103cuse r\u0103u. Trecuser\u0103 de noi prietenii de la ATAC, iar la lan\u0163uri pur \u015fi simplu a trebuit s\u0103 st\u0103m mai multe minute &#8211; nu le puteam urca. Nu avea sens s\u0103 mai stea cu noi Inginerii a\u015fa c\u0103 le-am spus c\u0103 mai bine pleac\u0103 \u015fi dac\u0103 au probleme de orientare s\u0103 se opreasc\u0103, s\u0103-\u015fi foloseasc\u0103 eventual foliile de supravie\u0163uire \u015fi s\u0103 a\u015ftepte c\u0103 sigur &#8220;trenuri&#8221; vor mai veni \u015fi se vor putea lipi de ele c\u00e2te o perioad\u0103. Au \u00eencheiat cu bine cu un sfert de or\u0103 peste 25h. Au trecut de noi \u015fi echipa Rupicapra GP cu Sztranyiczki Gabor si Hadnagy P\u00e9ter &#8211; tot prieteni \u015fi tot de la Cluj. De fapt \u00een tot concursul acesta au participat o mul\u0163ime de prieteni \u015fi cunoscu\u0163i, cred c\u0103-i \u015ftiu pe majoritatea. Pentru mine \u015fi Sebi deja devenise o provocare s\u0103 ajungem la Omu pentru a treia oar\u0103, ne-am fi bucurat s\u0103 putem abandona acolo f\u0103r\u0103 s\u0103 cre\u0103m probleme organizatorilor. Mi-am adus aminte de o excursie grea la munte, \u00een martie, la Refugiul Ag\u0103\u0163at din Par\u00e2ng, unde m\u0103 pornisem cu un prieten, studen\u0163i fiind. Foarte mult conteaz\u0103 s\u0103 i\u0163i folose\u015fti experien\u0163a \u015fi s\u0103 \u00eenve\u0163i ceva din fiecare clip\u0103 care trece. Sunt episoade din via\u0163\u0103 care mi-au r\u0103mas vii \u00een minte de\u015fi au trecut mul\u0163i ani pentru c\u0103 \u00eentr-un fel sau altul m-au marcat. Nu spun nimic nou cu asta, a\u015fa suntem. Atunci eram cu rucsaci grei, \u00een condi\u0163ii de iarn\u0103, tot drumul din Petro\u015fani pe Valea Jie\u0163ului \u00eel parcursesem pe jos. Am \u00eenv\u0103\u0163at atunci 3 lucruri, din care unul ne-a folosit: am ajuns s\u0103 ne schimb\u0103m la f\u0103cut urme la un num\u0103r de pa\u015fi care tot a sc\u0103zut p\u00e2n\u0103 am adoptat alt\u0103 solu\u0163ie. A\u015fa c\u0103 acum am botezat-o regula celor 20 de pa\u015fi: mers \u015fi pauz\u0103 \u015fi tot a\u015fa p\u00e2n\u0103 Sebi \u015fi-a revenit, f\u0103r\u0103 s\u0103 r\u0103sufle greu la cap\u0103tul acelor pa\u015fi. Incredibil ce mult\u0103 voin\u0163\u0103 are! Mergeam \u00een fa\u0163a lui ca s\u0103 fiu sigur c\u0103 nu tri\u015feaz\u0103, for\u0163\u00e2nd. Nu puteam face mare lucru, a\u015fa c\u0103 m-am str\u0103duit s\u0103 tac: nici mie c\u00e2nd sunt obosit nu-mi place s\u0103 vorbesc. Dar, dac\u0103 tot sunt pe blog, scriu despre excursia de atunci cu Lu\u015fu. De multe ori am fost doar noi doi \u00een tot felul de excursii, inclusiv traversarea Mun\u0163ilor Rodnei, f\u0103r\u0103 ca atunci s\u0103 ne punem problema c\u0103 e cine \u015ftie ce provocare. Nu \u015ftiu cum se face dar cu el mereu parc\u0103 mergeam spre extrem, de so\u0163ia m-a rugat s\u0103 mai lu\u0103m pe cineva mai normal cu noi dac\u0103 nu se poate altfel. Nu p\u0103rea s\u0103 fie cine \u015ftie ce mersul la refugiu, am mai fost de c\u00e2teva ori. Dar acum primul impediment\u00a0era c\u0103 practic la fiecare pas se rupea stratul de ghea\u0163\u0103 sub picioare, aveam rucsaci grei, \u015fi tot a\u015fa urma s\u0103 str\u0103batem cei aproximativ 10km pe Valea Jie\u0163ului. Conta timpul de parcurgere pentru c\u0103 se \u00eennopta repede, iar trenurile nici atunci nu erau prea dese s\u0103 ne putem alege o or\u0103 de sosire avantajoas\u0103. \u015ei aici a fost primul lucru pe care l-am \u00eenv\u0103\u0163at: erau din c\u00e2nd \u00een c\u00e2nd\u00a0urme de animale, \u00een special lupi, care urmau drumul \u00een zig-zag, u\u015for \u00eenghe\u0163ate. Pe ele, culmea, ghea\u0163a nu mai ceda sub pa\u015fi \u015fi a\u015fa am ajuns s\u0103 ne bucur\u0103m c\u00e2nd le g\u0103seam \u015fi s\u0103 le urm\u0103m. Aveau ei sim\u0163urile lor s\u0103 \u015ftie unde z\u0103pada era mai tare sau pur \u015fi simplu era ca \u015fi cum cineva ne f\u0103cuse urme?\u00a0 Am ajuns apoi \u00een zona de p\u0103dure \u015fi acolo z\u0103pada era mare. Nici \u00een zilele de var\u0103 nu-i floare la ureche de urcat pe acolo. Acum \u00eens\u0103 era greu, tot mai greu: uneori parc\u0103 \u00eenotam. \u015ei atunci am \u00eenceput s\u0103 facem un lucru normal, s\u0103 ne schimb\u0103m la f\u0103cut urme, f\u0103c\u00e2nd c\u00e2te un pas lateral c\u00e2nd nu mai puteam \u015fi sim\u0163eam nevoia de pauz\u0103. \u015ei, \u00eencetul cu \u00eencetul, am ajuns s\u0103 ne num\u0103r\u0103m pa\u015fii, mai \u00eent\u00e2i 50, apoi 20, apoi 10&#8230; \u015ei a\u015fa am \u00eenv\u0103\u0163at al doilea lucru: c\u0103 nu metrul e unitatea de m\u0103sur\u0103 la munte, ci pasul. \u015ei pas cu pas, cu r\u0103bdare, ajungi la destina\u0163ie. Important e s\u0103 numeri, ajut\u0103, te face s\u0103 sim\u0163i c\u0103 progresezi. Cam a\u015fa cum numeri oile ca s\u0103 adormi. \ud83d\ude42 Num\u0103ratul te ajut\u0103 \u015fi la mare c\u00e2nd ajungi departe \u00een larg \u015fi \u0163i se pare c\u0103 nu te mai apropii de mal orice ai face. Scapi de panic\u0103. Totul a culminat c\u00e2nd au \u00eenceput s\u0103 apar\u0103 trunchiuri c\u0103zute de copaci imen\u015fi \u00een calea noastr\u0103 \u015fi s\u0103 c\u0103dem la propriu printre ei, r\u0103m\u00e2n\u00e2nd at\u00e2rna\u0163i \u00een chingile de la rucsaci, cu picioarele practic \u00een gol. Ne g\u00e2ndeam cum vom face dac\u0103 ne prinde noaptea \u015fi nu ajungem, dar deja era prea de tot: nu aveam cort \u015fi era sear\u0103.\u00a0 \u015ei a\u015fa am ajuns la al treilea lucru: eram la tren\u0103 \u015fi am hot\u0103r\u00e2t s\u0103-mi las rucsacul \u015fi s\u0103-l ag\u0103\u0163 \u00eentr-un copac. Am \u00eenceput s\u0103 urc \u00een\u00a0disperare, chiar \u015fi \u00een patru labe. A\u015fa eram de pornit c\u0103 nu aveam dec\u00e2t un g\u00e2nd, f\u0103r\u0103 s\u0103 m\u0103 uit prea mult \u00een st\u00e2nga \u015fi-n dreapta: s\u0103 scap de p\u0103dure \u015fi s\u0103 urc pe primul deal din golul alpin. \u015ei la un moment dat Lu\u015fu m-a strigat: hai c\u0103 ai trecut, trebuie s-o lu\u0103m la dreapta! P\u00e2n\u0103 s\u0103 fac\u0103 el focul mi-am \u015fi\u00a0recuperat rucsacul \u015fi era noapte. Cum s-a \u00eencheiat excursia? Noi aveam g\u00e2nduri m\u0103re\u0163e, dar ziua urm\u0103toare doar am stat la refugiu \u015fi \u00een zon\u0103, ron\u0163\u0103ind la c\u0103ldur\u0103 \u015fi uit\u00e2ndu-ne cu sub\u00een\u0163eles unul la altul. Duminica ne-am \u00eentors.\u00a0 \u015ei \u00een sf\u00e2r\u015fit Omu pentru a treia oar\u0103, 20h45min de la startul de la ora 6. Doar cu 10 min \u00een dep\u0103\u015fire fa\u0163\u0103 de timpul de anul trecut c\u00e2nd \u00eencheiasem cu Adi Cosma \u00een 24h52min. Dar acum nu \u015ftiam dac\u0103 vom mai putea continua. Era mai important\u0103 s\u0103n\u0103tatea, nu doream nici unul din noi s\u0103 fie urm\u0103ri de lung\u0103 durat\u0103. Am \u015ftampilat totu\u015fi foaia de drum \u015fi am a\u015fteptat. Am oprit \u015fi gps-ul, dup\u0103 calculele mele puteam ajunge la limit\u0103 cu bateriile, teoretic 6h (schimb baterii P6 Pe\u015ftera)+ 20h (timp maxim specificat) ar fi func\u0163ionat maxim 26h. Numai kilometri \u00een plus n-aveam chef s\u0103 facem. A contat mult \u015fi faptul c\u0103 oricum drumul spre finishul la Pe\u015ftera tot trebuia s\u0103-l facem. A\u015fa c\u0103 Sebi a spus &#8220;Hai&#8221;! Am \u00eentrebat pe o fat\u0103 voluntar\u0103 ce distan\u0163\u0103 mai este p\u00e2n\u0103 la final de\u015fi \u015ftiam foarte bine&#8230; Mi-a pl\u0103cut r\u0103spunsul &#8211; numai 10km. \ud83d\ude42 N-am putut dec\u00e2t s\u0103-i r\u0103spund dec\u00e2t tot cu umor &#8211; o s\u0103 fim ferici\u0163i dac\u0103 ajungem \u00een 5h. \u00cen realitate ne-au trebuit 6h10min la cei peste 16km r\u0103ma\u015fi&#8230; P\u00e2n\u0103 s\u0103 plec\u0103m noi a ie\u015fit \u00een v\u00e2ntul de afar\u0103 echipa Doi de la Cluj &#8211; Adrian Tap\u00a0\u015fi\u00a0Bogdan Morutan (adic\u0103 tot de-ai mei), tot spre Batr\u00e2na, dup\u0103 lungi explica\u0163ii despre traseu ale lui Silviu B\u0103lan. Dup\u0103 10 minute s-au \u00eentors \u015fi au spus c\u0103 ei nu v\u0103d nicio st\u00e2nc\u0103 unde s\u0103 fac\u0103 la st\u00e2nga \u015fi apoi la dreapta. \ud83d\ude42 I-a luat Silviu de m\u00e2nu\u0163\u0103 \u015fi i-a condus, l\u0103s\u00e2nd \u015fi o vest\u0103 reflectorizant\u0103 acolo (poate o l\u0103sase dinainte). la final, Cornelia ne a\u015ftepta &#8211; From Marathon 7500 pentru a treia oar\u0103 &#8211; echipa Regi \u015fi Pioni From Marathon 7500 pentru a treia oar\u0103 &#8211; echipa Regi \u015fi Pioni Am \u00eencheiat concursul \u00een 26h55min, locul 4 la categoria master (la 5 minute de locul 3), locul 18 la masculin \u015fi 22 general. A fost infernal\u0103 cobor\u00e2rea spre Poiana Gu\u0163anu \u00een condi\u0163ia actual\u0103, num\u0103ram pietrele. Ne-am reg\u0103sit \u00eens\u0103 motiva\u0163ia \u015fi pe final aceasta a fost s\u0103 \u00eencheiem sub 27h \u015fi s\u0103 nu ne mai ajung\u0103 nimeni &#8230; \u00een afar\u0103 de locul 3 la master. Bravo Sebi, recuperare rapid\u0103! Eu n-a\u015f fi avut puterea s\u0103 continui \u00een locul t\u0103u, cred c\u0103 pentru tine a contat mai mult coechipierul dec\u00e2t binele propriu. Mul\u0163umesc c\u0103 ai fost al\u0103turi de mine! E un concurs frumos Marathon 7500, parc\u0103 v\u0103d c\u0103 vom spune &#8211; prea frumos ca s\u0103 nu mergem din nou. \ud83d\ude42 h\u00e2rtia de la P9 nu s-a lipit &#8211; iFrom Marathon 7500 pentru a treia oar\u0103 &#8211; echipa Regi \u015fi Pioni greu, dar frumos \u015fi interesant &#8211; From Marathon 7500 pentru a treia oar\u0103 &#8211; echipa Regi \u015fi Pioni Foarte faini oameni s-au str\u00e2ns la acest concurs, de la concuren\u0163i la organizatori, voluntari, fotografi. Relaxa\u0163i, cu umor, s\u0103ritori \u015fi operativi ca ni\u015fte oameni de munte adev\u0103ra\u0163i. Mul\u0163umesc Cornelia Butcovan pentru suport! Pentru mine urmeaz\u0103 UTMB, va fi greu. Acolo n-o s\u0103-mi permit s\u0103 merg f\u0103r\u0103 be\u0163e.<\/p>\n","protected":false},"author":1,"featured_media":0,"comment_status":"open","ping_status":"open","sticky":false,"template":"","format":"standard","meta":{"ngg_post_thumbnail":0,"footnotes":""},"categories":[126,287,131,343,142,344],"tags":[424,568,620,436,346],"class_list":["post-1676","post","type-post","status-publish","format-standard","hentry","category-alergare","category-bucegi","category-localitati-si-zone","category-marathon-7500","category-munti","category-pestera","tag-alergare","tag-bucegi","tag-marathon-7500","tag-munti","tag-pestera-dambovita"],"_links":{"self":[{"href":"https:\/\/www.unpicdetimpliber.ro\/wordpress\/wp-json\/wp\/v2\/posts\/1676","targetHints":{"allow":["GET"]}}],"collection":[{"href":"https:\/\/www.unpicdetimpliber.ro\/wordpress\/wp-json\/wp\/v2\/posts"}],"about":[{"href":"https:\/\/www.unpicdetimpliber.ro\/wordpress\/wp-json\/wp\/v2\/types\/post"}],"author":[{"embeddable":true,"href":"https:\/\/www.unpicdetimpliber.ro\/wordpress\/wp-json\/wp\/v2\/users\/1"}],"replies":[{"embeddable":true,"href":"https:\/\/www.unpicdetimpliber.ro\/wordpress\/wp-json\/wp\/v2\/comments?post=1676"}],"version-history":[{"count":18,"href":"https:\/\/www.unpicdetimpliber.ro\/wordpress\/wp-json\/wp\/v2\/posts\/1676\/revisions"}],"predecessor-version":[{"id":1694,"href":"https:\/\/www.unpicdetimpliber.ro\/wordpress\/wp-json\/wp\/v2\/posts\/1676\/revisions\/1694"}],"wp:attachment":[{"href":"https:\/\/www.unpicdetimpliber.ro\/wordpress\/wp-json\/wp\/v2\/media?parent=1676"}],"wp:term":[{"taxonomy":"category","embeddable":true,"href":"https:\/\/www.unpicdetimpliber.ro\/wordpress\/wp-json\/wp\/v2\/categories?post=1676"},{"taxonomy":"post_tag","embeddable":true,"href":"https:\/\/www.unpicdetimpliber.ro\/wordpress\/wp-json\/wp\/v2\/tags?post=1676"}],"curies":[{"name":"wp","href":"https:\/\/api.w.org\/{rel}","templated":true}]}}