{"id":1737,"date":"2016-09-06T08:43:52","date_gmt":"2016-09-06T06:43:52","guid":{"rendered":"http:\/\/www.unpicdetimpliber.ro\/?p=1737"},"modified":"2016-10-12T22:20:20","modified_gmt":"2016-10-12T20:20:20","slug":"utmb-si-propark-adventure","status":"publish","type":"post","link":"https:\/\/www.unpicdetimpliber.ro\/wordpress\/2016\/09\/utmb-si-propark-adventure.html","title":{"rendered":"UTMB \u0219i Propark Adventure"},"content":{"rendered":"<div class=\"fcbkbttn_buttons_block\" id=\"fcbkbttn_left\"><div class=\"fcbkbttn_like \"><fb:like href=\"https:\/\/www.unpicdetimpliber.ro\/wordpress\/2016\/09\/utmb-si-propark-adventure.html\" action=\"like\" colorscheme=\"light\" layout=\"box_count\"  size=\"small\"><\/fb:like><\/div><div class=\"fb-share-button  \" data-href=\"https:\/\/www.unpicdetimpliber.ro\/wordpress\/2016\/09\/utmb-si-propark-adventure.html\" data-type=\"button_count\" data-size=\"small\"><\/div><\/div><p><iframe loading=\"lazy\" style=\"border: none; height: 40px; width: 450px;\" src=\"http:\/\/www.facebook.com\/plugins\/like.php?href=https:\/\/www.unpicdetimpliber.ro\/wordpress\/2016\/09\/utmb-si-propark-adventure.html\" width=\"320\" height=\"30\" frameborder=\"0\" scrolling=\"no\"><\/iframe><br \/>\nConcediu, concediu, dar ce fel de concediu? S\u0103 n-apuc s\u0103 dau cu b\u0103\u021bul deloc, s\u0103 scriu nimic? Am fost a\u0219a de prins cu relaxarea c\u0103 efectiv nu f\u0103ceam mul\u021bi pureci pe acas\u0103, fie c\u0103 &#8220;acas\u0103&#8221; \u00eensemna Crveni Vrh (Monte Rosso) &#8211; Croa\u021bia, Saint Gervais les Bains &#8211; Fran\u021ba sau Babarunca &#8211; Bra\u0219ov.<br \/>\n<a href=\"https:\/\/www.unpicdetimpliber.ro\/wordpress\/wp-content\/uploads\/2016\/09\/34194689.jpg\" target=\"_blank\"><img loading=\"lazy\" decoding=\"async\" class=\"aligncenter wp-image-1753 size-medium\" src=\"https:\/\/www.unpicdetimpliber.ro\/wordpress\/wp-content\/uploads\/2016\/09\/34194689-200x300.jpg\" alt=\"34194689\" width=\"200\" height=\"300\" srcset=\"https:\/\/www.unpicdetimpliber.ro\/wordpress\/wp-content\/uploads\/2016\/09\/34194689-200x300.jpg 200w, https:\/\/www.unpicdetimpliber.ro\/wordpress\/wp-content\/uploads\/2016\/09\/34194689-600x900.jpg 600w, https:\/\/www.unpicdetimpliber.ro\/wordpress\/wp-content\/uploads\/2016\/09\/34194689-768x1152.jpg 768w, https:\/\/www.unpicdetimpliber.ro\/wordpress\/wp-content\/uploads\/2016\/09\/34194689-683x1024.jpg 683w, https:\/\/www.unpicdetimpliber.ro\/wordpress\/wp-content\/uploads\/2016\/09\/34194689-scaled.jpg 1707w\" sizes=\"auto, (max-width: 200px) 100vw, 200px\" \/><\/a><br \/>\nVara aceasta am avut parte de concursuri grele, care fiecare ar fi meritat o aten\u021bie special\u0103 \u0219i o pauz\u0103 corespunz\u0103toare de la unul la altul. M\u0103 uit \u00een urm\u0103 \u0219i v\u0103d \u00eens\u0103 grup\u0103ri de la o s\u0103pt\u0103m\u00e2n\u0103 la alta, pauzele fiind mai mici de o s\u0103pt\u0103m\u00e2n\u0103 datorit\u0103 faptului c\u0103 unele concursuri au fost \u0219i pe mai multe zile: <a href=\"https:\/\/www.unpicdetimpliber.ro\/wordpress\/2016\/06\/bike-4-mountains-si-x-man-romania.html\" target=\"_blank\"><strong>Bike 4Mountains<\/strong><\/a> &#8211; 17-20 iunie \u0219i <a href=\"https:\/\/www.unpicdetimpliber.ro\/wordpress\/2016\/06\/bike-4-mountains-si-x-man-romania.html\" target=\"_blank\"><strong>X-Man Romania<\/strong><\/a> &#8211; 25 iunie, <a href=\"https:\/\/www.unpicdetimpliber.ro\/wordpress\/2016\/07\/marathon-7500-pentru-a-treia-oara-echipa-regi-si-pioni.html\" target=\"_blank\"><strong>Marathon 7500<\/strong><\/a> &#8211; 15-17 iulie, <a href=\"https:\/\/www.unpicdetimpliber.ro\/wordpress\/2016\/07\/geiger-mtb-challenge.html\" target=\"_blank\"><strong>Geiger tura lung\u0103<\/strong><\/a> &#8211; 24 iulie, <a href=\"https:\/\/www.unpicdetimpliber.ro\/wordpress\/2016\/08\/traversarea-tarnitei-si-triatlon-cluj-2016.html\" target=\"_blank\"><strong>Traversarea Tarni\u021bei<\/strong><\/a> &#8211; 30 iulie \u0219i <a href=\"https:\/\/www.unpicdetimpliber.ro\/wordpress\/2016\/08\/traversarea-tarnitei-si-triatlon-cluj-2016.html\" target=\"_blank\"><strong>Triatlon Cluj<\/strong><\/a> &#8211; 31 iulie, iar acum UTMB &#8211; chiar proba regin\u0103 &#8211; <a href=\"http:\/\/utmbmontblanc.com\/en\/\" target=\"_blank\"><strong>Ultra Trail de Mont Blanc<\/strong><\/a> 170km cu peste 10.000m diferen\u021b\u0103 de nivel pozitiv\u0103, timp limit\u0103 46 ore &#8211; 26-28 august urmat de <a href=\"http:\/\/propark-adventure.ro\/\" target=\"_blank\"><strong>Propark Adventure<\/strong><\/a> &#8211; 01-04 septembrie, timp limit\u0103 50 ore \u0219i &#8230; <a href=\"https:\/\/www.walkingmonth.ro\/\" target=\"_blank\"><strong>Walking Month<\/strong><\/a> 12 septembrie &#8211; 11 octombrie.<\/p>\n<p><strong>1. <a href=\"#Croatia\">Croa\u021bia &#8211; Crveni Vrh<\/a><\/strong><br \/>\n<strong> 2. <a href=\"#UTMB\">Ultra Trail de Mont Blanc<\/a><\/strong><br \/>\n<strong> 3. <a href=\"#Propark\">Propark Adventure<\/a><\/strong><br \/>\n<strong> 4. <a href=\"#Gyongyi\">Cuvintele scrise de Gyongyi despre Propark Adventure<\/a><\/strong><br \/>\n<a name=\"Croatia\"><\/a>\u00a0<strong>1.<\/strong><br \/>\n<strong>\u00cen drumul spre UTMB am purces cu familia \u00een Croa\u021bia<\/strong>, partea nordic\u0103, aproape de grani\u021ba cu Slovenia, \u00een peninsula Istria. Am stat \u00een Crveni Vrh (Monte Rosso \u00een italian\u0103), nu departe de Umag,\u00a0vizavi de Portoroz \u0219i Piran din Slovenia.<br \/>\nFoarte fain a fost acolo, am alergat zilnic \u0219i am str\u0103b\u0103tut zona \u00een zig-zag, ajung\u00e2nd p\u00e2n\u0103 aproape de grani\u021b\u0103. E pu\u021bin mai scump ca \u00een alte locuri din Croa\u021bia, dar a fost un loc nou pentru mine \u0219i, foarte important, nu a trebuit s\u0103 m\u0103 abat prea mult de la drumul ideal spre Fran\u021ba.<br \/>\nCa \u0219i \u00een restul Croa\u021biei, aici e o combina\u021bie de locuri foarte bine amenajate, de lux, \u00eentret\u0103iate de por\u021biuni s\u0103lbatice, &#8220;la liber&#8221;. Ei au campingurile plasate \u00een locuri ideale, nu &#8220;remorci&#8221; la c\u00e2te o sta\u021biune &#8220;bengoas\u0103&#8221;. Chiar dac\u0103 nu am stat la camping, am fost la mare cu ei pe acolo, au putut s\u0103 joace baschet cu al\u021bi copii. Eu \u00een alerg\u0103rile mele exploram iar apoi mergeam pe gps fix \u00een loca\u021biile mai potrivite, chiar cu nisip bun de construit \u0219i intrare lin\u0103 la mare. Pun mai jos o alergare \u00een care am urm\u0103rit coasta, trec\u00e2nd de\u00a0la Umag la Crveni Vrh prin Punta, Basanija, Savudrija. Noi am mers la plaj\u0103 diminea\u021b\u0103 chiar l\u00e2ng\u0103 noi, iar \u00een rest &#8211; cu ma\u0219ina c\u00e2\u021bive km &#8211; la autocamp Veli Joze, la Savudrija, iar \u00een partea opus\u0103 la Kanegra, unde este \u0219i o plaj\u0103 FKK.<br \/>\n<iframe loading=\"lazy\" src=\"https:\/\/www.strava.com\/activities\/681397601\/embed\/64fe91f503637275e09906a727f9ab10b308fd20\" width=\"590\" height=\"405\" frameborder=\"0\" scrolling=\"no\"><\/iframe><br \/>\n<strong>Ca s\u0103 atrag \u0219i copiii la mi\u0219care<\/strong> \u00een restul timpului am \u00eenc\u0103rcat coordonate \u0219i am f\u0103cut \u0219i geocaching \u00een zon\u0103, ajung\u00e2nd astfel \u0219i-n locuri mai ascunse, pitore\u0219ti, la castele vechi. Ce mai e de spus, e altfel, alt\u0103 lume&#8230; Multe drumuri de \u021bar\u0103, poteci, cu indicatoare la intersec\u021bii, pentru biciclet\u0103 \u0219i drume\u021bie. Trece prin zon\u0103 \u0219i un &#8220;drum european&#8221; de biciclet\u0103, cred c\u0103 e marcat cu E1.<br \/>\nCum e la noi? \u0218tim! \ud83d\ude42 Avem umor&#8230; Un mic episod &#8211; cum am intrat \u00een Rom\u00e2nia, de data aceasta pe la vama Petea (am \u0219i stat acolo ca pe vremea c\u00e2nd nu eram \u00een UE, erau moldoveni la coad\u0103 care erau controla\u021bi foarte strict &#8211; ne aducem aminte \u0219i noi), s\u0103 mai schimb c\u00e2te ceva, am trecut printr-un sat din S\u0103laj, \u00een drum pre Zal\u0103u. \u0218i pe drum, un biciclist. Nu era el prea semnalizat, \u00een stil clasic. Adic\u0103 pe portbagaj fiu-meu a v\u0103zut o pisic\u0103, \u021binut\u0103 de cap de st\u0103p\u00e2n. \u00centr-o str\u0103fulgerare le-am spus: are ochi de pisic\u0103, circul\u0103 regulamentar.<\/p>\n<table style=\"width: auto;\">\n<tbody>\n<tr>\n<td>[peg-image src=&#8221;https:\/\/lh3.googleusercontent.com\/-s_E6Vzhkszw\/V85wU7g-TbI\/AAAAAAAAgtQ\/hATzl0KcERIP0MOhTFAtg0yAJdadDtlsACCo\/s144-o\/IMG_20160813_101125.jpg&#8221; href=&#8221;https:\/\/picasaweb.google.com\/103481498978040293448\/6327118028485685809#6327118031377812914&#8243; caption=&#8221;imagine de la pensiune &#8211; \u00een dep\u0103rtare Piran &#8211; Slovenia&#8221; type=&#8221;image&#8221; alt=&#8221;IMG_20160813_101125.jpg&#8221; image_size=&#8221;4208&#215;2368&#8243; ] [peg-image src=&#8221;https:\/\/lh3.googleusercontent.com\/-xtmh-AfM3EQ\/V85wUxWo5qI\/AAAAAAAAgtQ\/eSTk_h6av6w9oXN2fcTxB8JMNwbGhUU1gCCo\/s144-o\/IMG_20160813_105250.jpg&#8221; href=&#8221;https:\/\/picasaweb.google.com\/103481498978040293448\/6327118028485685809#6327118028650112674&#8243; caption=&#8221;&#8221; type=&#8221;image&#8221; alt=&#8221;IMG_20160813_105250.jpg&#8221; image_size=&#8221;4208&#215;2368&#8243; ] [peg-image src=&#8221;https:\/\/lh3.googleusercontent.com\/-q1fECRIqi70\/V85wmSH_qzI\/AAAAAAAAgtQ\/KVunXuLbdSUWtfpzNKPEZ6dU2UJFTd9TgCCo\/s144-o\/IMG_20160815_171730.jpg&#8221; href=&#8221;https:\/\/picasaweb.google.com\/103481498978040293448\/6327118028485685809#6327118329504836402&#8243; caption=&#8221;deasupra la campingul Kanegra&#8221; type=&#8221;image&#8221; alt=&#8221;IMG_20160815_171730.jpg&#8221; image_size=&#8221;4208&#215;2368&#8243; ] [peg-image src=&#8221;https:\/\/lh3.googleusercontent.com\/-zQ8rI_QobQY\/V85wmRMxYRI\/AAAAAAAAgtg\/P5USZvJZXW8SiCDKpHYQB_G3pWD-Gb6MACCo\/s144-o\/IMG_20160815_171918.jpg&#8221; href=&#8221;https:\/\/picasaweb.google.com\/103481498978040293448\/6327118028485685809#6327118329256435986&#8243; caption=&#8221;pe drumurile ciclabile din zon\u0103&#8221; type=&#8221;image&#8221; alt=&#8221;IMG_20160815_171918.jpg&#8221; image_size=&#8221;4208&#215;2368&#8243; ] [peg-image src=&#8221;https:\/\/lh3.googleusercontent.com\/-hU8UvpKrroQ\/V85xWm1r1iI\/AAAAAAAAgtQ\/BvwVffeCP4gD8D8H5y_PIsoiRsrQHBkagCCo\/s144-o\/IMG_20160817_165611.jpg&#8221; href=&#8221;https:\/\/picasaweb.google.com\/103481498978040293448\/6327118028485685809#6327119159698904610&#8243; caption=&#8221;schimb de juc\u0103rii &#8211; amintiri la un geocache&#8221; type=&#8221;image&#8221; alt=&#8221;IMG_20160817_165611.jpg&#8221; image_size=&#8221;4208&#215;2368&#8243; ] [peg-image src=&#8221;https:\/\/lh3.googleusercontent.com\/-L35JhMa5tpY\/V85xkExHe2I\/AAAAAAAAgtQ\/YiZ7m-ZaoEUsdczHf8uD9laxWIzsL7X2ACCo\/s144-o\/IMG_20160817_165642.jpg&#8221; href=&#8221;https:\/\/picasaweb.google.com\/103481498978040293448\/6327118028485685809#6327119391071107938&#8243; caption=&#8221;\u00eentr-o zon\u0103 mai s\u0103lbatic\u0103&#8221; type=&#8221;image&#8221; alt=&#8221;IMG_20160817_165642.jpg&#8221; image_size=&#8221;4208&#215;2368&#8243; ] [peg-image src=&#8221;https:\/\/lh3.googleusercontent.com\/-YjMvJiJ3fTY\/V85xkKY_u4I\/AAAAAAAAgtQ\/K9jhddUdXQsmNHw_GeJOYyOvUSMIjwONQCCo\/s144-o\/IMG_20160817_191808.jpg&#8221; href=&#8221;https:\/\/picasaweb.google.com\/103481498978040293448\/6327118028485685809#6327119392580549506&#8243; caption=&#8221;&#8221; type=&#8221;image&#8221; alt=&#8221;IMG_20160817_191808.jpg&#8221; image_size=&#8221;4208&#215;2368&#8243; ] [peg-image src=&#8221;https:\/\/lh3.googleusercontent.com\/-CrTOCgMIAU4\/V85xkGcxJ5I\/AAAAAAAAgtQ\/PdL40MNFg8kEMgWlbroj4ZhgaixaBmNogCCo\/s144-o\/IMG_20160818_204928.jpg&#8221; href=&#8221;https:\/\/picasaweb.google.com\/103481498978040293448\/6327118028485685809#6327119391522629522&#8243; caption=&#8221;un geocache nocturn, la o mic\u0103 bisericu\u021b\u0103 distrus\u0103, dar f\u0103r\u0103 s\u0103 fie p\u0103r\u0103sit\u0103, \u00eenc\u0103 vie&#8221; type=&#8221;image&#8221; alt=&#8221;IMG_20160818_204928.jpg&#8221; image_size=&#8221;4208&#215;2368&#8243; ] [peg-image src=&#8221;https:\/\/lh3.googleusercontent.com\/-1kFOBqSrwRE\/V85xWs5F9KI\/AAAAAAAAgtQ\/Br-XtPFi6iEM9YhWSxQnfCqNkoxefW_TACCo\/s144-o\/IMG_20160817_163112.jpg&#8221; href=&#8221;https:\/\/picasaweb.google.com\/103481498978040293448\/6327118028485685809#6327119161323812002&#8243; caption=&#8221;castel, se va renova &#8211; pentru geocaching&#8221; type=&#8221;image&#8221; alt=&#8221;IMG_20160817_163112.jpg&#8221; image_size=&#8221;4208&#215;2368&#8243; ] [peg-image src=&#8221;https:\/\/lh3.googleusercontent.com\/-BZ2MFbBj5QY\/V85xK0BrzTI\/AAAAAAAAgtQ\/ZVicNfottksZ1p4yUw_aAW-Pv9gU8yZpwCCo\/s144-o\/IMG_20160816_174543.jpg&#8221; href=&#8221;https:\/\/picasaweb.google.com\/103481498978040293448\/6327118028485685809#6327118957080464690&#8243; caption=&#8221;\u00een campingul Veli Joze&#8221; type=&#8221;image&#8221; alt=&#8221;IMG_20160816_174543.jpg&#8221; image_size=&#8221;4208&#215;2368&#8243; ] [peg-image src=&#8221;https:\/\/lh3.googleusercontent.com\/-TEhmkfiFagQ\/V85xK5BRm8I\/AAAAAAAAgtk\/8H0_aaVeSYMHsFrTq3kMapem1pojNVqNQCCo\/s144-o\/IMG_20160816_174332.jpg&#8221; href=&#8221;https:\/\/picasaweb.google.com\/103481498978040293448\/6327118028485685809#6327118958420925378&#8243; caption=&#8221;la plaj\u0103 \u00een Savudrija, la un camping, nu departe se vede farul&#8221; type=&#8221;image&#8221; alt=&#8221;IMG_20160816_174332.jpg&#8221; image_size=&#8221;4208&#215;2368&#8243; ] [peg-image src=&#8221;https:\/\/lh3.googleusercontent.com\/&#8211;0dF28tXQqw\/V85xK-PJ9fI\/AAAAAAAAgtQ\/vgbi7blHFl0pLN55fXFFixw1pK7VZd-IwCCo\/s144-o\/IMG_20160816_182024.jpg&#8221; href=&#8221;https:\/\/picasaweb.google.com\/103481498978040293448\/6327118028485685809#6327118959821321714&#8243; caption=&#8221;farul de la Savudrija&#8221; type=&#8221;image&#8221; alt=&#8221;IMG_20160816_182024.jpg&#8221; image_size=&#8221;2368&#215;4208&#8243; ] [peg-image src=&#8221;https:\/\/lh3.googleusercontent.com\/-zABHw27DxjA\/V85x3lR7CcI\/AAAAAAAAgtY\/OyEWX5VjcrI4c83HCVTqyNVi8PtSkfcRACCo\/s144-o\/IMG_20160819_165155.jpg&#8221; href=&#8221;https:\/\/picasaweb.google.com\/103481498978040293448\/6327118028485685809#6327119726216153538&#8243; caption=&#8221;a\u0219a arat\u0103 \u0219i aici indicatoarele pentru drume\u021bie \u0219i biciclet\u0103&#8221; type=&#8221;image&#8221; alt=&#8221;IMG_20160819_165155.jpg&#8221; image_size=&#8221;4208&#215;2368&#8243; ] [peg-image src=&#8221;https:\/\/lh3.googleusercontent.com\/-7TEuCDd8Bwk\/V85x_kIz4sI\/AAAAAAAAgtc\/ren58_C_BkkFZkbuNBr1EESxv2CDQ7dnQCCo\/s144-o\/IMG_20160820_192928.jpg&#8221; href=&#8221;https:\/\/picasaweb.google.com\/103481498978040293448\/6327118028485685809#6327119863348454082&#8243; caption=&#8221;&#8221; type=&#8221;image&#8221; alt=&#8221;IMG_20160820_192928.jpg&#8221; image_size=&#8221;4208&#215;2368&#8243; ]<\/td>\n<\/tr>\n<\/tbody>\n<\/table>\n<div class=\"ff0\">\n<p>&nbsp;<\/p>\n<p class=\"clear\"><strong><a href=\"#top\">Top<\/a><\/strong><\/p>\n<p><a name=\"UTMB\"><\/a>\u00a0<strong>2.<\/strong><br \/>\n\u0218i acum despre UTMB.<\/p>\n<\/div>\n<p>Anul trecut am stat \u00een partea italian\u0103 \u00eentr-un camping, eu <strong><a href=\"https:\/\/www.unpicdetimpliber.ro\/wordpress\/2015\/09\/vacanta-si-utmb-sur-les-traces-des-ducs-de-savoie-tds.html\" target=\"_blank\">particip\u00e2nd la TDS<\/a><\/strong>, cu startul \u00een Courmayeur. Acum ne convenea s\u0103 st\u0103m c\u00e2t mai aproape de Chamonix. Noi ne-am stabilit la Saint Gervais les Bains pentru c\u0103 acolo \u00ee\u0219i g\u0103sise loc de cazare \u0219i prietenul Gabor Sztranyiczki, care \u0219i el era cu familia. \u00cen fond, noi urm\u00e2nd s\u0103 lipsim o zi \u0219i aproximativ dou\u0103 nop\u021bi (startul la UTMB era la ora 18 \u0219i probabil unul din motive era c\u0103 estimarea de timp final pentru primii era \u00een jur de 22 ore, ace\u0219tia urm\u00e2nd s\u0103 ajung\u0103 astfel la o or\u0103 de maxim\u0103 audien\u021b\u0103), \u00een restul timpului familiile puteau\u00a0s\u0103 fie \u00eempreun\u0103, s\u0103 ne vad\u0103 c\u00e2nd trecem prin Saint Gervais (km21, al doilea punct de cronometrare \u0219i primul de alimentare, noi ajungeam acolo conform planului nostru de curs\u0103 pe la ora 21). Ne-am mai \u00eent\u00e2lnit cu prieteni rom\u00e2ni, cu Sove, cu Polgar \u00een Chamonix, dar n-am putut sta dec\u00e2t de vorb\u0103 pu\u021bin &#8211; noi ne f\u0103ceam programul \u0219i \u00een func\u021bie de ai no\u0219tri.<\/p>\n<p><strong>P\u00e2n\u0103 s\u0103 vin\u0103 Gabor<\/strong> <strong>ne-am \u0219i ales un traseu mai u\u0219or<\/strong> prin care s\u0103 ne acomod\u0103m cu mun\u021bii. Am g\u0103sit \u00een locuin\u021ba noastr\u0103 mai rustic\u0103, foarte dotat\u0103 cu tot felul de accesorii de buc\u0103t\u0103rie \u0219i jocuri de societate, un ghid montan cu o mul\u021bime de trasee pentru toate v\u00e2rstele \u0219i puterile, cu startul \u00een diverse localit\u0103\u021bi din zona Chamonix. A\u0219a am ales un traseu declarat pentru familie, cu start \u00een <strong>Les Houches<\/strong> &#8211; la vreo 10km de Saint Gervais, care ne urca p\u00e2n\u0103 la 1533m, la <strong>Col de la Forclaz<\/strong>. Era recomandat \u0219i pentru pitorescul cabanelor de pe traseu. Mai jos sunt c\u00e2teva poze mai semnificative.<\/p>\n<table style=\"width: auto;\">\n<tbody>\n<tr>\n<td>[peg-image src=&#8221;https:\/\/lh3.googleusercontent.com\/-oHe8abfc-x8\/V86p9keUQNI\/AAAAAAAAg18\/dqDGMBXi0jsznGvHfwzxOEuYUStCc-2JgCCo\/s144-o\/IMG_20160823_144531.jpg&#8221; href=&#8221;https:\/\/picasaweb.google.com\/103481498978040293448\/6327180822061471841#6327181401730072786&#8243; caption=&#8221;intr-o excursie spre Col de la Forclaz, cu start din Les Houches, conform ghidului gasit in locuinta&#8221; type=&#8221;image&#8221; alt=&#8221;IMG_20160823_144531.jpg&#8221; image_size=&#8221;4208&#215;2368&#8243; ] [peg-image src=&#8221;https:\/\/lh3.googleusercontent.com\/-MVQ1R9bVksA\/V86p9kotCvI\/AAAAAAAAg18\/w9LyRMSxrqs0BqcA7VTafaR67MjVj1QvQCCo\/s144-o\/IMG_20160823_155211.jpg&#8221; href=&#8221;https:\/\/picasaweb.google.com\/103481498978040293448\/6327180822061471841#6327181401773640434&#8243; caption=&#8221;caldura mare&#8221; type=&#8221;image&#8221; alt=&#8221;IMG_20160823_155211.jpg&#8221; image_size=&#8221;4208&#215;2368&#8243; ] [peg-image src=&#8221;https:\/\/lh3.googleusercontent.com\/-RKUEBeIp67o\/V86p9opr2rI\/AAAAAAAAg18\/Xm629i6YsZUSZYU1HQySFFocMhg5cYJbACCo\/s144-o\/IMG_20160823_150002.jpg&#8221; href=&#8221;https:\/\/picasaweb.google.com\/103481498978040293448\/6327180822061471841#6327181402851498674&#8243; caption=&#8221;casuta pentru pasari pe perete la o casa&#8221; type=&#8221;image&#8221; alt=&#8221;IMG_20160823_150002.jpg&#8221; image_size=&#8221;4208&#215;2368&#8243; ] [peg-image src=&#8221;https:\/\/lh3.googleusercontent.com\/-R-J0RsfHl2I\/V86p9hPtCcI\/AAAAAAAAg18\/5NcTf2gFIeMJKj29WhcV6Mfe-tApr6zsQCCo\/s144-o\/IMG_20160823_170736.jpg&#8221; href=&#8221;https:\/\/picasaweb.google.com\/103481498978040293448\/6327180822061471841#6327181400863476162&#8243; caption=&#8221;am ajuns la Col de la Forclaz, destinatia noastra&#8221; type=&#8221;image&#8221; alt=&#8221;IMG_20160823_170736.jpg&#8221; image_size=&#8221;4208&#215;2368&#8243; ] [peg-image src=&#8221;https:\/\/lh3.googleusercontent.com\/-Qouvrw1kNkM\/V86p9vjhMGI\/AAAAAAAAg18\/ZHNlPhLAjWUlHmrJnQOb2DWsf0MJmT0SgCCo\/s144-o\/IMG_20160823_174008.jpg&#8221; href=&#8221;https:\/\/picasaweb.google.com\/103481498978040293448\/6327180822061471841#6327181404704682082&#8243; caption=&#8221;inapoi&#8221; type=&#8221;image&#8221; alt=&#8221;IMG_20160823_174008.jpg&#8221; image_size=&#8221;2368&#215;4208&#8243; ] [peg-image src=&#8221;https:\/\/lh3.googleusercontent.com\/-XPxcJJ4p6MI\/V86p9pLUwhI\/AAAAAAAAg18\/1JVvVG7Ak_kXVA8eOsDKDVEcfBN9EIjKACCo\/s144-o\/IMG_20160824_193952_1472105972910.jpg&#8221; href=&#8221;https:\/\/picasaweb.google.com\/103481498978040293448\/6327180822061471841#6327181402992591378&#8243; caption=&#8221;ghidul nostru de calatorie, cu trasee, gasit in dulap in locuinta din Saint Gervais&#8221; type=&#8221;image&#8221; alt=&#8221;IMG_20160824_193952_1472105972910.jpg&#8221; image_size=&#8221;720&#215;1280&#8243; ] [peg-image src=&#8221;https:\/\/lh3.googleusercontent.com\/-wT9i6hLmUms\/V86p9vF2K5I\/AAAAAAAAg18\/ChnIcqJJcSctTflNi7LNt5Z8gkFAbSnJACCo\/s144-o\/IMG_20160824_194039.jpg&#8221; href=&#8221;https:\/\/picasaweb.google.com\/103481498978040293448\/6327180822061471841#6327181404580227986&#8243; caption=&#8221;am ales traseul 34, mai usor&#8221; type=&#8221;image&#8221; alt=&#8221;IMG_20160824_194039.jpg&#8221; image_size=&#8221;4208&#215;2368&#8243; ] [peg-image src=&#8221;https:\/\/lh3.googleusercontent.com\/-Bv4QLeRpKXM\/V86p9rD97BI\/AAAAAAAAg18\/LzAX9VJroUImY4FuIKCZGCAgd-N-ugCBgCCo\/s144-o\/IMG_20160824_194111.jpg&#8221; href=&#8221;https:\/\/picasaweb.google.com\/103481498978040293448\/6327180822061471841#6327181403498605586&#8243; caption=&#8221;descrierea traseului ales de noi&#8221; type=&#8221;image&#8221; alt=&#8221;IMG_20160824_194111.jpg&#8221; image_size=&#8221;2368&#215;4208&#8243; ]<\/p>\n<p class=\"clear\">\n<\/td>\n<\/tr>\n<\/tbody>\n<\/table>\n<div class=\"ff0\"><strong>A venit apoi \u0219i r\u00e2ndul unei excursii cu Gabor<\/strong>, a ales el un traseu unde noi ne puteam testa acomodarea cu altitudinea, urc\u00e2nd la <strong>Mont Jolie<\/strong> 2525m. Normal c\u0103 nu am f\u0103cut efortul s\u0103 urc\u0103m chiar de jos, era deja joi, am luat telecabinele aflate chiar l\u00e2ng\u0103 noi. 1000m diferen\u021b\u0103 de nivel tot am f\u0103cut, pe v\u00e2rf ajung\u00e2nd dintre copii doar cu fiic\u0103-mea. Pe l\u00e2ng\u0103 priveli\u0219te mi-a pl\u0103cut \u0219i placa de orientare din v\u00e2rf, care\u00a0ar\u0103ta \u00een toate punctele cardinale ce v\u00e2rfuri \u0219i obiective sunt vizibile.<\/div>\n<table style=\"width: auto;\">\n<tbody>\n<tr>\n<td>\n<div class=\"ff0\">\n<p>[peg-image src=&#8221;https:\/\/lh3.googleusercontent.com\/-gwVMaSlXFIg\/V86p9sCQ6LI\/AAAAAAAAg18\/tmPzf7txTK0WgQeFLEXoOBnSTqIPyJH6wCCo\/s144-o\/IMG_20160825_112726.jpg&#8221; href=&#8221;https:\/\/picasaweb.google.com\/103481498978040293448\/6327180822061471841#6327181403759896754&#8243; caption=&#8221;cu familiile spre Mont Jolie, poza facuta de Gabor&#8221; type=&#8221;image&#8221; alt=&#8221;IMG_20160825_112726.jpg&#8221; image_size=&#8221;4208&#215;2368&#8243; ] [peg-image src=&#8221;https:\/\/lh3.googleusercontent.com\/-gs3nXZpu_Qs\/V86p9gYDTYI\/AAAAAAAAg18\/cmE0VEVGOPU-I-0dI-j-ZGxo4zga0KzSACCo\/s144-o\/IMG_20160825_124035.jpg&#8221; href=&#8221;https:\/\/picasaweb.google.com\/103481498978040293448\/6327180822061471841#6327181400630054274&#8243; caption=&#8221;o terasa&#8221; type=&#8221;image&#8221; alt=&#8221;IMG_20160825_124035.jpg&#8221; image_size=&#8221;4208&#215;2368&#8243; ] [peg-image src=&#8221;https:\/\/lh3.googleusercontent.com\/-L5k6byvaiik\/V86p9lLXWFI\/AAAAAAAAg18\/Rr3GmmdCxUULaOr6c6RaTOk_AQST78QugCCo\/s144-o\/IMG_20160825_133738.jpg&#8221; href=&#8221;https:\/\/picasaweb.google.com\/103481498978040293448\/6327180822061471841#6327181401919019090&#8243; caption=&#8221;Mont Jolie&#8221; type=&#8221;image&#8221; alt=&#8221;IMG_20160825_133738.jpg&#8221; image_size=&#8221;4208&#215;2368&#8243; ] [peg-image src=&#8221;https:\/\/lh3.googleusercontent.com\/-z5DH9l3JSzc\/V86p9okLpqI\/AAAAAAAAg18\/Cpu6qFE3r3kLPnY5VWou0F7Y6urChyKpgCCo\/s144-o\/IMG_20160825_135904.jpg&#8221; href=&#8221;https:\/\/picasaweb.google.com\/103481498978040293448\/6327180822061471841#6327181402828416674&#8243; caption=&#8221;&#8221; type=&#8221;image&#8221; alt=&#8221;IMG_20160825_135904.jpg&#8221; image_size=&#8221;4208&#215;2368&#8243; ] [peg-image src=&#8221;https:\/\/lh3.googleusercontent.com\/-UV5EECnNplU\/V86p9s4fbWI\/AAAAAAAAg18\/boT6-VfXeeM_YpRQkTZOAzWf8OopnrQoACCo\/s144-o\/IMG_20160825_135858.jpg&#8221; href=&#8221;https:\/\/picasaweb.google.com\/103481498978040293448\/6327180822061471841#6327181403987340642&#8243; caption=&#8221;Mont Joly 2525&#8243; type=&#8221;image&#8221; alt=&#8221;IMG_20160825_135858.jpg&#8221; image_size=&#8221;4208&#215;2368&#8243; ] [peg-image src=&#8221;https:\/\/lh3.googleusercontent.com\/-ReW3ux8oyfM\/V86p9mAdqII\/AAAAAAAAg18\/26ic1q8s6WsVeb0J6PbG3hw1_McI6um-QCCo\/s144-o\/IMG_20160825_135951.jpg&#8221; href=&#8221;https:\/\/picasaweb.google.com\/103481498978040293448\/6327180822061471841#6327181402141730946&#8243; caption=&#8221;&#8221; type=&#8221;image&#8221; alt=&#8221;IMG_20160825_135951.jpg&#8221; image_size=&#8221;4208&#215;2368&#8243; ]<\/p>\n<p class=\"clear\">\n<\/div>\n<\/td>\n<\/tr>\n<\/tbody>\n<\/table>\n<div class=\"ff0\"><strong>\u0218i \u00een sf\u00e2r\u0219it a venit vremea ca noi s\u0103 ne concentr\u0103m strict pe cursa noastr\u0103.<\/strong> Eu aveam planul f\u0103cut, de care \u00eencercam s\u0103 m\u0103 \u021bin. Pe baza TDS-ului de anul trecut mi-am g\u0103sit o vitez\u0103 medie pe care era posibil s\u0103 o ob\u021bin \u0219i am aplicat-o pe un grafic \u00een timp f\u0103cut de un francez \u00een excel. Acolo figurau \u0219i durata pauzelor, se \u021binea cont \u0219i de \u00eencetinirea\u00a0normal\u0103 datorat\u0103 efortului pe m\u0103sur\u0103 ce te \u00eendreptai spre finish. Eu anul trecut am reu\u0219it s\u0103 m\u0103 comport mult mai bine dec\u00e2t previziona spre final, s\u0103rind din grila de finish de 25-26 ore la cea de 24 ore.<br \/>\nSchi\u021ba cu timpii era bun\u0103 \u0219i pentru familia care m\u0103 urm\u0103rea \u0219i putea estima unde m\u0103 aflu, plus c\u0103 am tip\u0103rit \u0219i timpii la mai multe persoane care au \u00eencheiat anul trecut la interval de o or\u0103, \u00eencep\u00e2nd de la 31 ore p\u00e2n\u0103 la 36 ore. Dac\u0103 dep\u0103\u0219eam grila de 36 ore nu mai urma s\u0103 lupt a\u0219a mult pentru\u00a0rezultat, pentru timp final, \u00eensemna c\u0103 s-a \u00eent\u00e2mplat ceva, nu-s chiar ok. Pauzele le-am pus foarte scurte, de 3min, utopice, ca anul trecut de altfel, \u0219i\u00a0nu \u00eensemna c\u0103 voi \u021bine cu din\u021bii s\u0103 plec repede de la PA-uri. De terminat nu-mi f\u0103ceam probleme, \u00eemi f\u0103ceam griji \u00eens\u0103 c\u0103 trebuie s\u0103 \u00eenchei apt pentru Propark Adventure, s\u0103 nu-mi trag \u00een jos echipa. Asta \u00eensemna c\u0103 nu aveam voie s\u0103 risc la cobor\u00e2ri, s\u0103 r\u0103m\u00e2n cu sechele. Oboseala \u0219i lipsa de somn urma s\u0103 le recuperez c\u00e2t de bine m\u0103 pricep.<\/div>\n<table style=\"width: auto;\">\n<tbody>\n<tr>\n<td>\n<div class=\"ff0\">\n<p>[peg-image src=&#8221;https:\/\/lh3.googleusercontent.com\/-0Mwi2r5cA7k\/V86pbzPuF9I\/AAAAAAAAg18\/qLbUqClPavUD87JKFofhT7fVUc22QjY0ACCo\/s144-o\/planificare.png&#8221; href=&#8221;https:\/\/picasaweb.google.com\/103481498978040293448\/6327180822061471841#6327180821579831250&#8243; caption=&#8221;planul initial&#8221; type=&#8221;image&#8221; alt=&#8221;planificare.png&#8221; image_size=&#8221;881&#215;728&#8243; ] [peg-image src=&#8221;https:\/\/lh3.googleusercontent.com\/-UJNFOomxF34\/V86pb7H17nI\/AAAAAAAAg18\/PuH6rhLcwc4GODRn_CKmTY&#8211;7nPS0670ACCo\/s144-o\/rezultat.png&#8221; href=&#8221;https:\/\/picasaweb.google.com\/103481498978040293448\/6327180822061471841#6327180823694274162&#8243; caption=&#8221;evolutia mea&#8221; type=&#8221;image&#8221; alt=&#8221;rezultat.png&#8221; image_size=&#8221;1002&#215;807&#8243; ]<\/p>\n<p class=\"clear\">\n<\/div>\n<\/td>\n<\/tr>\n<\/tbody>\n<\/table>\n<div class=\"ff0\"><strong>Un scurt remember de peripe\u021bii.<\/strong><\/div>\n<div class=\"ff0\"><em>Mai \u00eent\u00e2i legat de cazare.<\/em> Am ajuns \u00een Saint Gervais luni, cu ceva dup\u0103 ora 19 care era trecut\u0103 limit\u0103 c\u0103 g\u0103sesc gazdele\/omul de la agen\u021bie, la pensiune\/motel. A fost coad\u0103 de o or\u0103 la tunelul pe sub Mont Blanc. A\u0219a c\u0103 a trebuit s\u0103 sun, conform indica\u021biilor de pe booking. Totul ok, trebuie s\u0103 g\u0103sesc o cheie \u00eentr-un plic \u00eentr-o cutiu\u021b\u0103 po\u0219tal\u0103 cu cifru de la agen\u021bie aflat\u0103 pe strada X.\u00a0Mi s-a dat cifrul.\u00a0Coordonatele GPS erau \u00eens\u0103 gre\u0219ite, strada nu \u0219tiu din ce motiv nu era scris\u0103 nic\u0103ieri pe indicatoarele stradale (aveam s\u0103 v\u0103d c\u0103 de fapt era cea principal\u0103) \u0219i uite-a\u0219a am ajuns s\u0103 introduc codul pentru cifru la o cutiu\u021b\u0103 din preajm\u0103 &#8230; care era de la alt\u0103 agen\u021bie. Nu a mers, era \u0219i culmea. Mi-am dat seama c\u0103 de fapt nici nu mi s-a spus numele agen\u021biei, am presupus c\u0103 e totu\u0219i Interhome, am g\u0103sit-o pe google maps \u0219i dup\u0103 mult\u0103 tevatur\u0103 am reu\u0219it s\u0103 intru \u00een cas\u0103. Adic\u0103, pe scurt, parc\u0103 am f\u0103cut geocaching dar nu \u00een joac\u0103.<br \/>\nDar chinurile nu s-au terminat, \u00een instruc\u021biuni era trecut\u0103 parcare subteran\u0103. Am g\u0103sit-o, am v\u0103zut poarta, aveam cheia dar nu \u0219tiam unde s-o bag. Nu puteam deschide. Am studiat pere\u021bii, mi-am folosit imagina\u021bia, degeaba. Ca-n filmele cu pro\u0219ti. Nici cei din jur pe care i-am \u00eentrebat nu \u0219tiau. \u00cen fine, g\u0103se\u0219te so\u021bia locul de introducere, la metri buni de poart\u0103. Intru, loc \u00eengust, \u00een pant\u0103. Num\u0103rul de garaj 44 nu exist\u0103, numerotarea se termin\u0103 undeva la 32. Precis mai este o intrare, un alt \u0219ir de garaje. De ie\u0219it doar cu spatele, trebuie talent de \u0219ofer nu glum\u0103. Reu\u0219esc s\u0103 parchez unde trebuie. S-a dus ziua.<\/div>\n<div class=\"ff0\"><em>Apoi, legat de num\u0103rul de concurs. <\/em>Am fost cu Gabor miercuri s\u0103 ne ridic\u0103m pachetele de \u00eenscriere.\u00a0At\u00e2tea verific\u0103ri s-au f\u0103cut, de at\u00e2tea ori le-am ar\u0103tat plicul cu num\u0103rul primit &#8230; acas\u0103 am observat c\u0103 din toate lipseau tocmai\u00a0num\u0103rul \u0219i eticheta pentru bagajul ce urma s\u0103-l las la start pentru Courmayeur. Am sim\u021bit c\u0103 turbez. Verificasem la ie\u0219irea de la standuri, cu Gabor de fa\u021b\u0103, c\u0103 nu pot pierde nimic, c\u0103 nu mi-a c\u0103zut nimic, dar nu m-am g\u00e2ndit s\u0103 verific c\u0103 e tot ce trebuie la mine, c\u0103 am primit tot ce trebuie. \u00a0Sunt destul de tipicar \u00een astfel de situa\u021bii, prefer s\u0103 pierd timp mai mult dar s\u0103 fiu sigur c\u0103 ceea ce fac e aproape de perfec\u021biune. A fost ca-n scheciul cu Dem R\u0103dulescu \u0219i Jean Constantin, c\u0103 nu mai \u0219tii dac\u0103 ai dat ceva sau ai primit.<\/div>\n<p><iframe loading=\"lazy\" src=\"https:\/\/www.youtube.com\/embed\/xI3AxVBt46M\" width=\"560\" height=\"315\" frameborder=\"0\" allowfullscreen=\"allowfullscreen\"><\/iframe><\/p>\n<div class=\"ff0\">\u0218i am rememorat, nu mi-a venit s\u0103 cred. Mi-am adus aminte c\u0103 la ultimul punct, c\u00e2nd primeam pungu\u021bele pentru gunoi \u0219i alte chi\u021bibu\u0219uri\/reclame n-am v\u0103zut s\u0103 mi se introduc\u0103 \u0219i plicul. \u0218i telefon la organizatori. Englez\u0103, stres&#8230; S-a l\u0103murit, urma s\u0103 iau un nou num\u0103r ziua urm\u0103toare. Adic\u0103 trebuia s\u0103 m\u0103 \u00eentorc la Chamonix, s\u0103 \u00eencerc s\u0103 ajung \u0219i la excursia programat\u0103 cu Gabor (se vede treaba c\u0103 am reu\u0219it). Eu \u0219tiu ce complica\u021bii pot ap\u0103rea la o schimbare de num\u0103r, ce implic\u0103, a\u0219a c\u0103 nu eram deloc lini\u0219tit. Dac\u0103 trebuia s\u0103 se \u00eentample a\u0219a ceva \u0219i reu\u0219eau s\u0103-l schimbe atunci ori eram extrem de norocos (cu totul improbabil) ori aveau o organizare nep\u0103m\u00e2ntean\u0103.<br \/>\n\u0218i la prima or\u0103 am ajuns la Chamonix, de fapt cu jum\u0103tate de or\u0103 \u00eenainte de distribuirea de noi pachete. C\u00e2teva \u00eentreb\u0103ri \u0219i \u00een fa\u021ba mea apare plicul meu. Era acolo, nu s-a pierdut. Fuga \u00eenapoi la excursie.<br \/>\n<strong>Cum UTMB e pentru to\u021bi, au fost \u0219i curse pentru copii, pe categorii de v\u00e2rst\u0103.<\/strong> Foarte \u00eenc\u00e2nta\u021bi au fost ai mei, mi-au tot adus aminte s\u0103 nu uit. Asta tot miercuri a fost, atunci drumul\u00a0la Chamonix a fost cu dublu rol: ridicare pachete \u0219i curse copii. Ai mei au fost la MiniUTMB &#8211; Tudor \u0219i MiniPTL &#8211; Andreea. Pe Andreea am \u00eenso\u021bit-o, era mai complicat ca o alergare, era \u0219i orientare. La fiecare reper avea c\u00e2teva poze cu numere pe ele \u0219i ea trebuia s\u0103 memoreze num\u0103rul din dreptul pozei corecte. Pozele erau cu sigle de la sponsorii concursului sau cu ceva legat de concursul \u00een sine. La final ob\u021bineai 4 cifre care reprezentau ceva. Noi am gre\u0219it una, dar nu conta. Doar totul era pentru spiritul UTMB.\u00a0Cele 4 cifre, rearanjate, \u00eensemnau &#8230; \u00een\u0103l\u021bimea Mont Blanc 4810m, deci era ceva semnificativ pentru concurs. Fain, acum ea vrea direct la UTMB&#8230; sau la cursa cea mai scurt\u0103 de la UTMB. M-am lini\u0219tit, n-are v\u00e2rsta, nu poate da vina pe mine. \ud83d\ude42<\/div>\n<table style=\"width: auto;\">\n<tbody>\n<tr>\n<td>\n<div class=\"ff0\">[peg-image src=&#8221;https:\/\/lh3.googleusercontent.com\/-LJHZAXtuUz8\/V86p9gkOflI\/AAAAAAAAg18\/MahqZ6wE18QDZeC2-Q_GdV62FeuisQafgCCo\/s144-o\/IMG_20160824_141654.jpg&#8221; href=&#8221;https:\/\/picasaweb.google.com\/103481498978040293448\/6327180822061471841#6327181400681119314&#8243; caption=&#8221;ai mei la cursele pentru copii pe categorii de varsta, fara premii, dar cu multa voie buna&#8221; type=&#8221;image&#8221; alt=&#8221;IMG_20160824_141654.jpg&#8221; image_size=&#8221;4208&#215;2368&#8243; ] [peg-image src=&#8221;https:\/\/lh3.googleusercontent.com\/-hPGiDxwXw6I\/V86p9sliR_I\/AAAAAAAAg18\/qMkqjWN9eSkd0hSJ3gAwPPcugNSbUPA0wCCo\/s144-o\/IMG_20160824_192628.jpg&#8221; href=&#8221;https:\/\/picasaweb.google.com\/103481498978040293448\/6327180822061471841#6327181403907835890&#8243; caption=&#8221;traseul de orientare al fetei, cu puncte unde trebuia sa tii minte cifre&#8221; type=&#8221;image&#8221; alt=&#8221;IMG_20160824_192628.jpg&#8221; image_size=&#8221;2368&#215;4208&#8243; ]<\/div>\n<\/td>\n<\/tr>\n<\/tbody>\n<\/table>\n<div class=\"ff0\"><strong><a href=\"http:\/\/utmb.livetrail.net\/coureur.php?rech=1256\" target=\"_blank\">Evolu\u021bia mea<\/a><\/strong><\/div>\n<p>Apare o schimbare de plan pentru curs\u0103&#8230; Era o idee frumoas\u0103 s\u0103 ajungem \u00eempreun\u0103 la Saint Gervais s\u0103 ne vad\u0103 copiii, a\u0219a c\u0103 am fost de acord cu Gabor s\u0103 alerg\u0103m \u00eempreun\u0103 prima parte, primii 21km, iar apoi, dac\u0103 ritmul era asem\u0103n\u0103tor, s\u0103 continu\u0103m \u0219i noaptea ce urma.<\/p>\n<div class=\"ff0\">Asta \u00eensemna c\u0103 la cursa mea puteau\u00a0s\u0103 fie modific\u0103ri \u0219i de fapt am \u0219i \u00eemp\u0103r\u021bit-o la modul cum am mers \u00een 4 etape.<br \/>\n<em>Mai \u00eent\u00e2i c\u00e2teva poze de la start.<\/em> Ne-am a\u0219ezat acolo cu mai bine de o or\u0103 \u00eenainte, s\u0103 putem privi \u0219i sim\u021bi ce \u00eenseamn\u0103 o atmosfer\u0103 ca de corrid\u0103.<\/p>\n<table style=\"width: auto;\">\n<tbody>\n<tr>\n<td>[peg-image src=&#8221;https:\/\/lh3.googleusercontent.com\/-t4tKZtC2aEE\/V86p9hGYcuI\/AAAAAAAAg18\/EKSNCUcfk0AgxGiAGOTsDaKpLwINgU0FQCCo\/s144-o\/IMG_20160826_170718.jpg&#8221; href=&#8221;https:\/\/picasaweb.google.com\/103481498978040293448\/6327180822061471841#6327181400824378082&#8243; caption=&#8221;in asteptarea startului de peste o ora&#8221; type=&#8221;image&#8221; alt=&#8221;IMG_20160826_170718.jpg&#8221; image_size=&#8221;4208&#215;2368&#8243; ] [peg-image src=&#8221;https:\/\/lh3.googleusercontent.com\/-Bbn5t69sZvs\/V86p9ioc3uI\/AAAAAAAAg18\/ZtRr7fDNsIwKoEuE7iNRFSLgKHbtPwITwCCo\/s144-o\/IMG_20160826_170832.jpg&#8221; href=&#8221;https:\/\/picasaweb.google.com\/103481498978040293448\/6327180822061471841#6327181401235709666&#8243; caption=&#8221;cu Gabor&#8221; type=&#8221;image&#8221; alt=&#8221;IMG_20160826_170832.jpg&#8221; image_size=&#8221;2592&#215;1920&#8243; ] [peg-image src=&#8221;https:\/\/lh3.googleusercontent.com\/-B5SoqbWUUIM\/V86p9peKaVI\/AAAAAAAAg18\/7HEt4bZIIv0v4vSVjWRf2vl6aTss4BCvwCCo\/s144-o\/IMG_20160826_164215.jpg&#8221; href=&#8221;https:\/\/picasaweb.google.com\/103481498978040293448\/6327180822061471841#6327181403071605074&#8243; caption=&#8221;la startul UTMB&#8221; type=&#8221;image&#8221; alt=&#8221;IMG_20160826_164215.jpg&#8221; image_size=&#8221;2368&#215;4208&#8243; ]<\/td>\n<\/tr>\n<\/tbody>\n<\/table>\n<\/div>\n<div class=\"ff0\"><strong>Prima etap\u0103<\/strong> a fost Chamonix &#8211; Saint Gervais &#8211; 21km, \u00een care am alergat al\u0103turi de Gabor. Am mai \u0219i povestit, era doar \u00eenceputul, \u00eenc\u0103lzirea. Gabor era u\u0219or mai lent pe cobor\u00e2ri, dar aveam ritm bun. La Saint Gervais am ajuns cu c\u00e2teva minute \u00eent\u00e2rziere fa\u021b\u0103 de grafic, 2h50min fa\u021b\u0103 de 2h45min.<br \/>\n<strong>A venit a doua etap\u0103<\/strong>, \u00een care am alergat cu Gabor, dar nu cot la cot. De fapt el avea o \u021bint\u0103 de timp mult mai rezonabil\u0103, de 40h, nu 34h ca \u0219i mine, a\u0219a c\u0103 nu avea sens s\u0103 se gr\u0103beasc\u0103 mai ales la \u00eenceput. Era important pentru am\u00e2ndoi s\u0103 avem ritmul nostru, mai ales pe cobor\u00e2ri e o solicitare suplimentar\u0103 s\u0103 mergi mai \u00eencet, s\u0103 fr\u00e2nezi dup\u0103 ritmul altuia. A\u0219a c\u0103 am preferat mici pauze \u00een v\u00e2rfuri sau pauze suplimentare la PA-uri, deci s\u0103 po\u021bi face \u0219i ceva util \u00een a\u0219teptare. A\u0219a ne-am \u00een\u021beles, s\u0103 ne anun\u021b\u0103m c\u00e2nd \u00eencet\u0103m s\u0103 mai mergem \u00eempreun\u0103, s\u0103 nu ne stres\u0103m \u0219i s\u0103 alerg\u0103m ca iepurii unul dup\u0103 altul. A fost fain, mi-a f\u0103cut pl\u0103cere s\u0103 alerg \u00eempreun\u0103 cu el, cel pu\u021bin pe distan\u021be scurte-medii suntem apropia\u021bi ca nivel. La 7500 a mers foarte bine.<br \/>\nLa refugiul Croix de Bonhomme, km45 \u0219tiam deja c\u0103 va urma desp\u0103r\u021birea. Urma cobor\u00e2re. La Les Chapieux, km50 ne-am str\u00eens m\u00e2inile \u0219i ne-am urat succes.<br \/>\n<strong>Porneam \u00een cea de-a treia etap\u0103<\/strong>, de recuperare timp, cu bun sim\u021b, dac\u0103 se putea. Din p\u0103cate euforia vitezei pe cobor\u00e2ri mi-a creat o febr\u0103 muscular\u0103 de care nu am sc\u0103pat p\u00e2n\u0103 la sf\u00e2r\u0219it. Ce s\u0103-i faci, din c\u00e2nd \u00een c\u00e2nd mai e\u0219ti copil. Am luat doar o jum\u0103tate de aspirin\u0103 o dat\u0103, mi-a f\u0103cut bine, dar cum nu mai luasem nu am vrut s\u0103 fac experimente chiar acum, am mers pe siguran\u021b\u0103 \u0219i mai lent.<br \/>\n\u0218tiam c\u0103 sunt \u00een urm\u0103 fa\u021b\u0103 de grafic, n-am avut r\u0103bdare s\u0103 m\u0103 uit cu c\u00e2t. Acum \u0219tiu: 8h25min fa\u021b\u0103 de timpul estimat de 8h05min. To\u021bi din lista mea au fost mult mai iu\u021bi dec\u00e2t calculul h\u00e2rtiei, sub 8h, de\u0219i terminaser\u0103 unii \u00een 35-36 ore.<br \/>\nAstfel c\u0103 am \u00eenceput aventura de unul singur destul de tare. Urma urcare. La Col de la Seigne aveam 10h41min fa\u021b\u0103 de 10h26min, recuperasem chiar mai mult dec\u00e2t se vede pentru c\u0103 la punctul precedent am \u0219i stat s\u0103 a\u0219tept. Ajunsesem pe pozi\u021bia 633, cu peste 100 pozi\u021bii recuperate.<\/div>\n<div class=\"ff0\">La Lac Combal, km67, dup\u0103 cobor\u00e2re, \u00eencepusem s\u0103-mi simt mu\u0219chii \u0219i a trebuit s\u0103 o iau mai \u00eencet. Cobor\u00e2rile erau \u0219i abrupte, cu bolov\u0103ni\u0219, \u0219i mai ales spre Courmayeur m-au lini\u0219tit cu totul, fiind numai trepte de p\u0103m\u00e2nt separate cu lemn sau r\u0103d\u0103cini. \u0218i asta kilometri \u00eentregi, p\u00e2n\u0103 aici cobor\u00e2nd peste 4000m diferen\u021b\u0103 de nivel.<br \/>\n<em>Poze de pe traseu f\u0103cute de mine:<\/em><\/div>\n<table style=\"width: auto;\">\n<tbody>\n<tr>\n<td>\n<div class=\"ff0\">[peg-image src=&#8221;https:\/\/lh3.googleusercontent.com\/-H5hXlwJv-To\/V86p9mSZbxI\/AAAAAAAAg18\/TdEflYDAzDkeUvzDRzA0KtrXz5aReeQFQCCo\/s144-o\/IMG_20160827_150820.jpg&#8221; href=&#8221;https:\/\/picasaweb.google.com\/103481498978040293448\/6327180822061471841#6327181402216951570&#8243; caption=&#8221;poza facuta de mine pe traseu&#8221; type=&#8221;image&#8221; alt=&#8221;IMG_20160827_150820.jpg&#8221; image_size=&#8221;4208&#215;2368&#8243; ] [peg-image src=&#8221;https:\/\/lh3.googleusercontent.com\/-N3JpjHH-b6s\/V86p9rEZm5I\/AAAAAAAAg18\/7x6RhCE6US0M0l9Zut-paUbQnQ7kZ_bPwCCo\/s144-o\/IMG_20160827_150832.jpg&#8221; href=&#8221;https:\/\/picasaweb.google.com\/103481498978040293448\/6327180822061471841#6327181403500419986&#8243; caption=&#8221;la Grand Col Ferret&#8221; type=&#8221;image&#8221; alt=&#8221;IMG_20160827_150832.jpg&#8221; image_size=&#8221;4208&#215;2368&#8243; ]<\/div>\n<\/td>\n<\/tr>\n<\/tbody>\n<\/table>\n<p><strong>La Courmayeur am intrat \u00een etapa a patra \u0219i ultima:<\/strong> alergarea \u0219i mersul s\u0103 rezist la infinit, indiferent de ce urma. Eram la km80, pozi\u021bia 547, 15h14min de la start, dar la aproape 2 ore fa\u021b\u0103 de \u021bint\u0103. A durat ceva \u0219i s\u0103-mi iau bagajul, s\u0103-mi schimb \u0219osetele, s\u0103-mi schimb bateriile la gps, s\u0103-mi iau alt\u0103 pung\u0103 de m\u00e2ncare etc. Dar aveam \u0219anse la 36ore.<br \/>\nP\u00e2n\u0103 acum m\u0103 l\u0103murisem de ni\u0219te aspecte diferite \u0219i fa\u021b\u0103 de TDS. Cobor\u00e2rile erau mai solicitante, nu era at\u00e2ta drum de \u021bar\u0103 la vale. Concuren\u021bii din jur erau foarte lini\u0219ti\u021bi, nu f\u0103ceau gesturi \u00een plus. Alergau foarte economic, nu tare dar constant.<br \/>\nM-a distrat o femeie, probabil englezoaic\u0103, care se pl\u00e2ngea c\u0103 i-e somn. Era cu un grup. I-am sugerat s\u0103 c\u00e2nte, ceva simplu. \ud83d\ude42 A\u0219a am f\u0103cut \u0219i cu Gyongyi la Propark mai apoi. Am c\u00e2ntat &#8220;un elefant se leg\u0103na&#8221;. Infantil, dar \u021bine faza. C\u00e2ntam \u00een studen\u021bie tot felul de c\u00e2ntece simple \u0219i repetitive c\u00e2nd eram obosi\u021bi \u00een excursii \u0219i ne prindea noaptea, \u021bin minte \u0219i acum cobor\u00e2rea de la V\u00e2rful lui P\u0103tru la lacul Oa\u0219a, unde ocolirea ni s-a p\u0103rut interminabil\u0103. O prieten\u0103 chiar a vrut s\u0103 traverseze \u00eenot lacul, iar un coleg tot d\u0103dea \u00een gropi p\u00e2n\u0103 ne-am dat seama c\u0103 umbla pe \u00eentuneric cu ochelarii de soare. \ud83d\ude42 Nu mi-a venit \u00een minte cum s\u0103-i dau exemplu, dar un prieten de-al ei\u00a0i-a dat unul. Ne-am mai \u00eent\u00e2nit de vreo 3 ori p\u00e2n\u0103 la final, ne recuno\u0219team chiar dac\u0103 era noapte.<br \/>\nUn lucru care pe mine (\u0219i nu numai) m\u0103 termina psihic era ocolirea. Nu eram singurul afectat. Ajungeai la localitatea de destina\u021bie dar nu o luai direct spre punctul de alimentare, ci ocoleai pe poteci localitatea p\u00e2n\u0103 ajungeai aproape. E drept c\u0103 nu \u00eencurcai astfel deloc circula\u021bia, dar mai dura peste o jum\u0103tate de or\u0103 s\u0103 ajungi.<\/p>\n<div class=\"ff0\">Totdeauna pauzele lungi stric\u0103. Mi-a fost greu s\u0103 ajung la refugiul Bertone dup\u0103 Courmayeur. S-a f\u0103cut \u0219i foarte cald. M\u0103 str\u0103duiam s\u0103 merg c\u00e2t mai bine, dar f\u0103r\u0103 mi\u0219c\u0103ri suplimentare. De febr\u0103 muscular\u0103 sc\u0103pam temporar dup\u0103 ce se obi\u0219nuiau mu\u0219chii cu cobor\u00e2rea, \u0219i asta \u00eensemna s\u0103 fie cel pu\u021bin jum\u0103tate de or\u0103 de mers la vale.<\/div>\n<div class=\"ff0\">La Champex Lac, km122, aveam 25h46min, pozi\u021bia 530. Era de ploaie, se vedea \u00een dep\u0103rtare, \u0219i \u00eencepea s\u0103 picure. Urma din nou noapte. M-a prins ploaia cu tunete \u0219i fulgere sus, pe La Giete (1884m altitudine). \u0218i bezn\u0103. Mai vedeam lumini\u021be de la concuren\u021bi departe, dar \u00een rest pe l\u00e2ng\u0103 mine pustiu. Cred c\u0103 mul\u021bi se opriser\u0103, fulgera pe l\u00e2ng\u0103 mine. N-aveam ce face, n-avea sens s\u0103 m\u0103 \u00eentorc. Noroc c\u0103 traseul nu mergea chiar pe creast\u0103, ci sub ea, mai erau \u0219i conifere din c\u00e2nd \u00een c\u00e2nd, m\u0103 bucuram c\u00e2nd le vedeam. Am umblat foarte \u00eencet, aplecat, cu be\u021bele t\u00e2r\u00e2ndu-le dup\u0103 mine. Am v\u0103zut acum c\u0103 am avansat p\u00e2n\u0103 pe pozi\u021bia 458, dar asta pentru c\u0103 eram cam singurul nebun pe sus. Deja trecuser\u0103 29 ore. Foarte bine mi-a prins echipamentul obligatoriu care era de calitate. Mi-am luat \u0219i suprapantalonii la refugiul Bovine de dup\u0103 Giete.<\/div>\n<div class=\"ff0\"><em>Poze de la organizatori:<\/em><\/div>\n<table style=\"width: auto;\">\n<tbody>\n<tr>\n<td>\n<div class=\"ff0\">[peg-image src=&#8221;https:\/\/lh3.googleusercontent.com\/-FI3L_QEszzA\/V86p9n46ueI\/AAAAAAAAg18\/3BSrVglYAjU80_N39VDCH3oZHMZ5MKhRQCCo\/s144-o\/34227110.jpg&#8221; href=&#8221;https:\/\/picasaweb.google.com\/103481498978040293448\/6327180822061471841#6327181402646952418&#8243; caption=&#8221;&#8221; type=&#8221;image&#8221; alt=&#8221;34227110.jpg&#8221; image_size=&#8221;2992&#215;4488&#8243; ] [peg-image src=&#8221;https:\/\/lh3.googleusercontent.com\/-xrF9oJcag2U\/V86p9m8zfoI\/AAAAAAAAg18\/C_HesAGTboMp2QCBXknXHtBfMgjgazY2wCCo\/s144-o\/34181473.jpg&#8221; href=&#8221;https:\/\/picasaweb.google.com\/103481498978040293448\/6327180822061471841#6327181402394820226&#8243; caption=&#8221;&#8221; type=&#8221;image&#8221; alt=&#8221;34181473.jpg&#8221; image_size=&#8221;2992&#215;4488&#8243; ] [peg-image src=&#8221;https:\/\/lh3.googleusercontent.com\/-Z7TiRHcTIhc\/V86p9ngnbDI\/AAAAAAAAg18\/4KxyHyu5VLUXh7WRF2FzeKga5Y0v7x1MQCCo\/s144-o\/34220802.jpg&#8221; href=&#8221;https:\/\/picasaweb.google.com\/103481498978040293448\/6327180822061471841#6327181402545024050&#8243; caption=&#8221;&#8221; type=&#8221;image&#8221; alt=&#8221;34220802.jpg&#8221; image_size=&#8221;4470&#215;2988&#8243; ] [peg-image src=&#8221;https:\/\/lh3.googleusercontent.com\/-Qi_zc0ZeRrs\/V86p9kFN9xI\/AAAAAAAAg18\/li2OT_YitREWv9489t82uoevHAZ7RakxwCCo\/s144-o\/34201966.jpg&#8221; href=&#8221;https:\/\/picasaweb.google.com\/103481498978040293448\/6327180822061471841#6327181401624803090&#8243; caption=&#8221;&#8221; type=&#8221;image&#8221; alt=&#8221;34201966.jpg&#8221; image_size=&#8221;4470&#215;2988&#8243; ]<\/div>\n<\/td>\n<\/tr>\n<\/tbody>\n<\/table>\n<p>Apoi vremea s-a calmat, s-a f\u0103cut frumos. M-am \u00eent\u00e2lnit cu Bogdan Petru\u021bu la Vallorcine, cu 20 km \u00eenainte de finish. Mi-a dat o pastil\u0103 de s\u0103ruri \u0219i dou\u0103 de BCAA \u00a0(mul\u021bumesc), dar de senza\u021bia de somn n-am sc\u0103pat. \ud83d\ude42 Pe urcarea de La Tete aux Vents, abrupt\u0103, era s\u0103 pic o dat\u0103, noroc cu be\u021bele. P\u0103\u0219eam at\u00e2t de rar \u0219i leg\u0103nat\u00a0c\u0103 mi se f\u0103cea somn. M-am consolat c\u0103 m\u0103car ajung pe ziu\u0103 \u0219i o s\u0103-mi ias\u0103 pozele bine la finish. De aceast\u0103 dat\u0103 n-am fugit\u00a0ca nebunul la linia de finish, s\u0103 dau timp la fotografi s\u0103 se a\u0219eze. De altfel organizatorii au pus linia tehnic\u0103 de finish \u00eenainte, tocmai pentru a se putea bucura concuren\u021bii \u0219i cei din jurul lor de un final mai lini\u0219tit \u0219i eliberat de spiritul de competi\u021bie. Mul\u021bi a\u0219teptau s\u0103 le vin\u0103 prietenii, copiii, s\u0103 treac\u0103 pe sub poart\u0103 \u00eempreun\u0103. Am \u00eencheiat pe pozi\u021bia 470 la general, 182\u00a0la categoria V1H, cu un timp de 38h58min. Am fugit c\u00e2t era necesar s\u0103 termin sub 39 ore. Din 2555 de concuren\u021bi au \u00eencheiat cursa 1468.<br \/>\nL-am a\u0219teptat apoi pe Gabor, a terminat \u0219i el cu bine\u00a0sub 42 ore, n-am reu\u0219it s\u0103-i fac o poz\u0103 mai bun\u0103, am uitat s\u0103-l avertizez s\u0103 nu se gr\u0103beasc\u0103. Felicit\u0103ri la rom\u00e2nii no\u0219tri, \u0219i la finisheri \u0219i la cei care au fost nevoi\u021bi s\u0103 abandoneze. C\u00e2nd \u00eencerci s\u0103 te autodep\u0103\u0219e\u0219ti se \u00eent\u00e2mpl\u0103 s\u0103 nu reu\u0219e\u0219ti, dar\u00a0asta pentru c\u0103 ai vrut mai mult.<\/p>\n<div class=\"ff0\">\u00cempreun\u0103 am plecat apoi la Saint Gervais s\u0103 ne odihnim. Mul\u021bumim prietenilor rom\u00e2ni care ne-au \u00eenso\u021bit la finish. \u00cen rest atmosfera a fost deosebit\u0103, acolo toat\u0103 lumea din localit\u0103\u021bi pune suflet la acest eveniment, am \u0219i spus \u00een glum\u0103 c\u0103 scoteam un timp mai bun cu o or\u0103 dac\u0103 nu spuneam de sute de ori &#8220;merci&#8221; la strig\u0103tele lor de &#8220;allez&#8221; \u0219i &#8220;courage&#8221;.<br \/>\nCa o concluzie, la cursele foarte lungi am s\u0103-mi pun mai mult sandwichuri dec\u00e2t batoane. Efectiv asta am tot c\u0103utat la punctele de alimentare: p\u00e2ine, salam, ca\u0219, sup\u0103 cald\u0103, cola. \u0218i cel mai greu \u0219i periculos e drumul spre cas\u0103 cu ma\u0219ina, dup\u0103 at\u00e2tea ore de nesomn. Cursa am terminat-o cu bine, iar dup\u0103 ce am dormit suficient n-am avut nici o problem\u0103 iar\u00a0la\u00a0Propark Adventure\u00a0n-am ajuns s\u0103 am\u00a0sl\u0103biciuni evidente, at\u00e2t c\u0103 &#8230; evitam\u00a0mi\u0219c\u0103rile inutile.<\/div>\n<div class=\"ff0\">\n<p><em>La finish:<\/em><\/p>\n<table style=\"width: auto;\">\n<tbody>\n<tr>\n<td>[peg-image src=&#8221;https:\/\/lh3.googleusercontent.com\/-qWaUWQwB89Y\/V86p9jE66-I\/AAAAAAAAg18\/wenh3zjnUPkEssufcVe91jen4Htn_CnUQCCo\/s144-o\/34194688.jpg&#8221; href=&#8221;https:\/\/picasaweb.google.com\/103481498978040293448\/6327180822061471841#6327181401355119586&#8243; caption=&#8221;&#8221; type=&#8221;image&#8221; alt=&#8221;34194688.jpg&#8221; image_size=&#8221;2992&#215;4488&#8243; ]<\/td>\n<\/tr>\n<\/tbody>\n<\/table>\n<\/div>\n<div class=\"ff0\">\n<p>Regretul meu a fost c\u0103 am dormit a\u0219a de bine c\u0103 m-am trezit dup\u0103 premiere. Nici anul acesta n-am reu\u0219it s\u0103 ajung, de\u0219i acum eram pe &#8220;partea bun\u0103&#8221; a tunelului. Mai trebuie s\u0103 m\u0103 duc o dat\u0103.<br \/>\n<em>Traseul meu, par\u021bial,<\/em> c\u0103 m-a l\u0103sat \u0219i gps-ul, a\u0219a am fost de lent. Lipsesc vreo 5h, 20km \u0219i 1000m diferen\u021b\u0103 de nivel.<br \/>\n<iframe loading=\"lazy\" src=\"https:\/\/www.strava.com\/activities\/694772201\/embed\/0945379768d104174182a3861e0fad37aaa6f0ab\" width=\"590\" height=\"405\" frameborder=\"0\" scrolling=\"no\"><\/iframe><\/p>\n<p class=\"clear\"><strong><a href=\"#top\">Top<\/a><\/strong><\/p>\n<p><a name=\"Propark\"><\/a>\u00a0<strong>3.<\/strong><br \/>\n<strong>Propark Adventure<\/strong><\/p>\n<p>Le pun \u00eempreun\u0103 cele dou\u0103 concursuri. Prea seam\u0103n\u0103 ca efort. S\u0103 fac dou\u0103 introduceri? Nu-i cazul.<\/p>\n<table style=\"width: auto;\">\n<tbody>\n<tr>\n<td>[peg-image src=&#8221;https:\/\/lh3.googleusercontent.com\/-XuMKEY59xxo\/V8-ZHaL0McI\/AAAAAAAAg9Y\/YBq2RM8oh7sHE0oKpRpt0CCbJT48SLuNgCCo\/s144-o\/2016-09-02%2B07.49.27.jpg&#8221; href=&#8221;https:\/\/picasaweb.google.com\/103481498978040293448\/6327309277718115665#6327444354045850050&#8243; caption=&#8221;2016-09-02 07.49.27.jpg&#8221; type=&#8221;image&#8221; alt=&#8221;2016-09-02 07.49.27.jpg&#8221; image_size=&#8221;3264&#215;2448&#8243; ]<\/p>\n<p class=\"clear\">\n<\/td>\n<\/tr>\n<\/tbody>\n<\/table>\n<p><strong>Sunt \u00eens\u0103 \u0219i diferen\u021be. Mari.<\/strong> Pentru c\u0103 Propark Adventure e un concurs pe echipe. Minim o fat\u0103. \u0218i e greu, <a href=\"https:\/\/www.unpicdetimpliber.ro\/wordpress\/2015\/06\/propark-adventure-race-muntii-persani.html\" target=\"_blank\">anul trecut echipa mea a abandonat<\/a> &#8211; Iezerele Cindrelului. Am avut \u0219i probleme tehnice la o biciclet\u0103 care oricum f\u0103cea irealizabil\u0103 \u00eencadrarea noastr\u0103 \u00een timp.<br \/>\nAcum a fost altfel. Mai \u00eent\u00e2i am \u00eencercat s\u0103 m\u0103 lipesc de cineva cunoscut, de un prieten. \u0218tiam c\u0103 Dan Jecan, care \u0219i el participase \u00een alt\u0103 echip\u0103 anul trecut \u0219i abandonase, era deja \u00eenscris. Ne \u0219tim de la CAR Universitar Cluj. B\u0103iat de treab\u0103, lini\u0219tit, obi\u0219nuit cu muntele, alpinist. Nu e el fan concursuri, nu l-am v\u0103zut particip\u00e2nd la alergare sau bike, dar sunt lucruri mai importante dec\u00e2t acest aspect. Apoi a venit al\u0103turi de noi Dan Lup\u0219a. El e bun, uneori prea bun \u0219i e riscul c\u0103 se plictise\u0219te. Dar mai important e s\u0103 \u0219tii cu cine ai de-a face. \ud83d\ude42 Am fost cu el la 4 Mun\u021bi, ne-am \u00een\u021beles, am mers bine \u00eempreun\u0103, chiar pe podium la categorie. A\u0219a c\u0103 \u0219tiam c\u0103 va trebui s\u0103-l l\u0103s\u0103m s\u0103 povesteasc\u0103 cu fetele de pe la punctele de control. \ud83d\ude42 \u0218i apoi a venit bomba: Gyongyi. Fata. Ea mai lipsea, nu \u0219tiu cum de s-a hot\u0103r\u00e2t \u0219i cum de-a vrut cu noi. Adic\u0103 e foarte bun\u0103, orientarist\u0103, hot\u0103r\u00e2t\u0103, nu-i din aluat obi\u0219nuit. \u0218i a\u0219a a luat na\u0219tere Pietrosul Rodnei, numele fostei echipe a lui Jecan. Mie-mi plac Rodnei&#8230; \u0219i to\u021bi mun\u021bii din \u021bar\u0103.<\/p>\n<p>Ne a\u0219teptam la ceva greu. Adic\u0103 dac\u0103 pui un termen limit\u0103 de 50 ore e greu de crezut c\u0103 scapi doar cu o noapte nedormit\u0103. Foarte secreto\u0219i organizatorii. \u0218i frumos numele localit\u0103\u021bii de &#8230; instructaj\u00a0&#8211; Babarunca &#8211; jude\u021bul Bra\u0219ov. Ap\u0103i chiar putea fi startul oriunde \u00een \u021bar\u0103 la ce mun\u021bi am str\u0103b\u0103tut, se vede pe diploma noastr\u0103 de locul 4: Piatra Craiului (startul pe bike p\u00e2n\u0103 la urm\u0103 a fost din Z\u0103rne\u0219ti), Iezer-P\u0103pu\u0219a (trailul), Leaota, Bucegi, Baiului \u0219i Neam\u021bului (finishul a fost la Babarunca).<\/p>\n<p>\u0218i \u00eenc\u0103 ceva: nu po\u021bi spune c\u0103 faci a\u0219a ceva de fun. N-ai cum. Adic\u0103 numai dac\u0103 chiar e\u0219ti masochist cu acte \u00een regul\u0103. Atunci e simplu, nu trebuie s\u0103 g\u00e2nde\u0219ti prea mult, tr\u0103ie\u0219ti doar clipa. \ud83d\ude42 Pentru restul lumii, la care pl\u0103cerea se transform\u0103 \u00eencetul cu \u00eencetul din cauza oboselii \u0219i problemelor fizice \u00eentr-o lupt\u0103 cu tine \u00eensu\u021bi, totul func\u021bioneaz\u0103 pe baz\u0103 de motiva\u021bie \u0219i voin\u021b\u0103. \u0218i mai ales s\u0103 te g\u00e2nde\u0219ti c\u0103 e\u0219ti \u00een ECHIP\u0102.<br \/>\n<em>Mai jos sunt detaliile legate de traseu, ca de obicei fiind obligatorii doar trecerea pe la punctele de control \u00een ordine \u0219i efectuarea probelor speciale unde era cazul, altfel erai penalizat cu timp de sta\u021bionare.<\/em><\/p>\n<table style=\"width: auto;\">\n<tbody>\n<tr>\n<td>[peg-image src=&#8221;https:\/\/lh3.googleusercontent.com\/-vokqf9OIhn8\/V8_D_u-ixDI\/AAAAAAAAhAU\/AFeCbNiVK1cRSk04WvaUd2GomwEfD969ACCo\/s144-o\/IMG_20160907_103620.jpg&#8221; href=&#8221;https:\/\/picasaweb.google.com\/103481498978040293448\/6327309277718115665#6327491501188367410&#8243; caption=&#8221;&#8221; type=&#8221;image&#8221; alt=&#8221;IMG_20160907_103620.jpg&#8221; image_size=&#8221;2368&#215;4208&#8243; ]<\/p>\n<p>[peg-image src=&#8221;https:\/\/lh3.googleusercontent.com\/-27LJMfYY16E\/V8_D_gNNqgI\/AAAAAAAAhAc\/kPAQtnaXjPsgcP396DoJ9ylU_WgEFy4RwCCo\/s144-o\/IMG_20160907_103629.jpg&#8221; href=&#8221;https:\/\/picasaweb.google.com\/103481498978040293448\/6327309277718115665#6327491497223367170&#8243; caption=&#8221;&#8221; type=&#8221;image&#8221; alt=&#8221;IMG_20160907_103629.jpg&#8221; image_size=&#8221;2368&#215;4208&#8243; ]<\/p>\n<p class=\"clear\">\n<\/td>\n<\/tr>\n<\/tbody>\n<\/table>\n<p>Noi aveam un mare avantaj, fata. Ea se descurca singur\u0103. \u0218i mereu cu gps-ul \u00een m\u00e2n\u0103. Doar pe urcarea de Leaota pu\u021bin am ajutat-o (mai ales Lup\u0219a) la \u00eempins bicicleta. Dar a fost doar o demonstra\u021bie scurt\u0103, c\u00e2\u021biva zeci de metri, s\u0103 vedem c\u0103 suntem o echip\u0103. Dar condi\u021biile noastre ini\u021biale nu ar\u0103tau prea bine \u0219i de aceea nu avea sens s\u0103 pomenesc sau s\u0103-mi doresc prea mult un podium. \u0218i nu neaparat din cauza concuren\u021bei, care\u00a0era puternic\u0103 &#8211; cu echipa Grind &#8220;a lui Luci&#8221; care dup\u0103 ce-am v\u0103zut punctele de control era clar \u00een mediul lor, echipa Vulcanii Noroio\u0219i &#8220;a lui Ro\u0219ioru&#8221; care c\u00e2\u0219tigase anul trecut (acum era cu Iulia G\u0103inariu \u00een componen\u021b\u0103), a echipei EcoXtrem &#8220;a lui Hajnal&#8221; \u0219i celelalte p\u00e2n\u0103 la 21, ci mai ales din cauza noastr\u0103, a b\u0103ie\u021bilor. Noi to\u021bi aveam c\u00e2te o problem\u0103 fizic\u0103 real\u0103 sau poten\u021bial\u0103: Jecan era \u00een refacere dup\u0103 o c\u0103z\u0103tur\u0103 la alpinism \u0219i la vale nu se putea pune problema de alergare, Lup\u0219a trebuie s\u0103 aib\u0103 \u0219i el grij\u0103, iar eu eram dup\u0103 UTMB, abia mar\u021bi ajunsesem \u00een Cluj dup\u0103 un drum \u00een care condusesem peste 1700km. M\u0103 sim\u021beam odihnit, dar a\u0219a se spune c\u0103 te sim\u021bi bine \u00eenainte de moarte. Nu se \u0219tie niciodat\u0103. Clar era un lucru: nu puteam spune &#8220;hai s\u0103&#8221;, doar m\u0103 puteam baza pe experien\u021ba lor \u0219i s\u0103 am \u00eencredere c\u0103 to\u021bi vom merge c\u00e2t putem de bine, iar dac\u0103 cineva r\u0103m\u00e2ne \u00een urm\u0103 e pentru c\u0103 a\u0219a e mai bine. Pentru to\u021bi.<\/p>\n<p>\u00cei mul\u021bumesc foarte mult lui Suni c\u0103 a fost al\u0103turi de noi ca suport. A renun\u021bat chiar la triatlonul de la Sf\u00e2ntu Gheorghe la care trebuia s\u0103 participe duminic\u0103. Acum, la sf\u00e2r\u0219it, sper ca to\u021bi coechipierii \u0219i el sunt mul\u021bumi\u021bi de ceea ce am f\u0103cut, de cum am fost ca echip\u0103. Eu sunt mul\u021bumit. C\u0103 am fost buni sau nu, asta pot spune ceilal\u021bi, concuren\u021bii no\u0219tri. Poate le-am dat ceva emo\u021bii, eu m-am str\u0103duit. \ud83d\ude42 <strong>Am \u00eencheiat pe locul 4, \u00een 49ore \u0219i 28min<\/strong>, adic\u0103 \u00een timpul regulamentar ini\u021bial. Pe ultima urcare spre pasul Predelu\u0219 asta ne-am propus. Cum am avut motiva\u021bie s-a v\u0103zut&#8230;<\/p>\n<table style=\"width: auto;\">\n<tbody>\n<tr>\n<td>[peg-image src=&#8221;https:\/\/lh3.googleusercontent.com\/-bfp0t4ZjZFw\/V8-Y8cbSOrI\/AAAAAAAAg8w\/SANBpjQx29YknvIB9_0HkI5uEI8STWy-QCCo\/s144-o\/2016-09-02%2B00.36.44.jpg&#8221; href=&#8221;https:\/\/picasaweb.google.com\/103481498978040293448\/6327309277718115665#6327444165669042866&#8243; caption=&#8221;2016-09-02 00.36.44.jpg&#8221; type=&#8221;image&#8221; alt=&#8221;2016-09-02 00.36.44.jpg&#8221; image_size=&#8221;3264&#215;2448&#8243; ] [peg-image src=&#8221;https:\/\/lh3.googleusercontent.com\/-KFXFS3W6J48\/V8-Y8SBgY6I\/AAAAAAAAg8w\/Qq4jiDYKylMipvnjaQV1v2NKQHetB-_KgCCo\/s144-o\/2016-09-02%2B00.36.41.jpg&#8221; href=&#8221;https:\/\/picasaweb.google.com\/103481498978040293448\/6327309277718115665#6327444162876564386&#8243; caption=&#8221;2016-09-02 00.36.41.jpg&#8221; type=&#8221;image&#8221; alt=&#8221;2016-09-02 00.36.41.jpg&#8221; image_size=&#8221;3264&#215;2448&#8243; ]<\/p>\n<p class=\"clear\">\n<\/td>\n<\/tr>\n<\/tbody>\n<\/table>\n<p>A contat foarte mult &#8221;pierderea&#8221; a 3-4 ore de somn din noaptea dinaintea startului. Am f\u0103cut \u0219edin\u021b\u0103 cu privire la viitorul traseu \u0219i vreau s\u0103 spun c\u0103 a\u0219a a r\u0103mas. Cu o singur\u0103 r\u0103zg\u00e2ndire, dat\u0103 de condi\u021biile din acel moment \u0219i de &#8230; o ultim\u0103 \u00eencercare. Meritul traseului este aproape \u00een totalitate a lui Suni \u0219i a lui Gyongyi. Eu doar mi-am pus coordonatele PC-urilor pe gps \u0219i am spus &#8220;da&#8221; ca la nevast\u0103. \ud83d\ude42<\/p>\n<p>S-au adunat mul\u021bi km &#8211; 282km, 8500m diferen\u021b\u0103 de nivel, din care 56km \u0219i 3000m au fost la trail.<br \/>\n<iframe loading=\"lazy\" src=\"https:\/\/www.strava.com\/activities\/701146195\/embed\/d90fb002536d4f8e1e018592f90a0a76b75b9dad\" width=\"590\" height=\"405\" frameborder=\"0\" scrolling=\"no\"><\/iframe><br \/>\n<iframe loading=\"lazy\" src=\"https:\/\/www.strava.com\/activities\/701147601\/embed\/af12d07efe72c2233fb3830abfc5467376c6e455\" width=\"590\" height=\"405\" frameborder=\"0\" scrolling=\"no\"><\/iframe><br \/>\n<iframe loading=\"lazy\" src=\"https:\/\/www.strava.com\/activities\/701146239\/embed\/e60a32ad546e2a2fd53af163f85536bb27225aca\" width=\"590\" height=\"405\" frameborder=\"0\" scrolling=\"no\"><\/iframe><\/p>\n<\/div>\n<p>Nu voi face o descriere a traseului ales, sunt convins c\u0103 \u0219tiu al\u021bii mai semnificativ s\u0103 o fac\u0103. Mai bine insist pe partea roman\u021bat\u0103. \u0218i se vede \u0219i pe trackuri, iar dac\u0103 sunt unele \u00eentreb\u0103ri sigur r\u0103spunsurile sunt anticipabile.<\/p>\n<table style=\"width: auto;\">\n<tbody>\n<tr>\n<td>[peg-image src=&#8221;https:\/\/lh3.googleusercontent.com\/-Tzvxf1eXDSY\/V88h58E6EhI\/AAAAAAAAg7I\/54SEA2NITYcR-lmVWdyL1lHvR13u8tZwQCCo\/s144-o\/14141608_1256700267697771_3327909323327901956_n.jpg&#8221; href=&#8221;https:\/\/picasaweb.google.com\/103481498978040293448\/6327309277718115665#6327313280741806610&#8243; caption=&#8221;&#8221; type=&#8221;image&#8221; alt=&#8221;14141608_1256700267697771_3327909323327901956_n.jpg&#8221; image_size=&#8221;960&#215;720&#8243; ]<\/td>\n<\/tr>\n<\/tbody>\n<\/table>\n<p>Prima parte de bike ne-a purtat de la Z\u0103rne\u0219ti la Pe\u0219tera Liliecilor &#8211; PC1. Acolo am intrat cu Jecan \u0219i am luat o poz\u0103 cu un liliac. Brrr&#8230; cic\u0103 o specie de noapte. Adic\u0103 e specializat&#8230; Cum \u0219i ceilal\u021bi circul\u0103 noaptea, b\u0103nui c\u0103 \u0103sta e muma lor, noaptea nop\u021bii \u0219i co\u0219marul co\u0219marurilor. \u0218i unii \u00eei iubesc. \ud83d\ude42 Am poz\u0103 cu el dar n-o pun, s\u0103 nu speriu blogul. A, da, am vrut s\u0103 scap de intrare \u00een pe\u0219ter\u0103 \u0219i s\u0103 fac o ambuscad\u0103, s\u0103 fur h\u00e2rtia de la cei care deja se \u00eentorceau. Erau \u00eens\u0103 scrise cu num\u0103r de echip\u0103.<\/p>\n<table style=\"width: auto;\">\n<tbody>\n<tr>\n<td>[peg-image src=&#8221;https:\/\/lh3.googleusercontent.com\/-RN78rMYhdj0\/V8-YrHKLSJI\/AAAAAAAAg8w\/SwHtlPCCNlYPWa4yBNanJvArvUUoX1qlwCCo\/s144-o\/14289831_1223141011070984_6355471228304544536_o.jpg&#8221; href=&#8221;https:\/\/picasaweb.google.com\/103481498978040293448\/6327309277718115665#6327443867902363794&#8243; caption=&#8221;&#8221; type=&#8221;image&#8221; alt=&#8221;14289831_1223141011070984_6355471228304544536_o.jpg&#8221; image_size=&#8221;2048&#215;1365&#8243; ] [peg-image src=&#8221;https:\/\/lh3.googleusercontent.com\/-36EtG78ehO0\/V8-YrCZYkhI\/AAAAAAAAg8w\/2qE7-y2FBwI-ItjkaaA5WBDivlFf8cmQACCo\/s144-o\/14241492_1223141791070906_1447633400413816401_o.jpg&#8221; href=&#8221;https:\/\/picasaweb.google.com\/103481498978040293448\/6327309277718115665#6327443866623971858&#8243; caption=&#8221;&#8221; type=&#8221;image&#8221; alt=&#8221;14241492_1223141791070906_1447633400413816401_o.jpg&#8221; image_size=&#8221;2048&#215;1365&#8243; ]<\/p>\n<p class=\"clear\">\n<\/td>\n<\/tr>\n<\/tbody>\n<\/table>\n<p>La PC2 D\u00e2mbovicioara a avut loc identificarea ar\u0103t\u0103rii din pe\u0219ter\u0103 \u0219i proba special\u0103 de arhitectur\u0103 din zon\u0103. Am avut de identificat o cas\u0103 dup\u0103 cum a fost construit\u0103, s\u0103 le spunem num\u0103rul, Dan Lup\u0219a a g\u0103sit-o, pe bike.<\/p>\n<table style=\"width: auto;\">\n<tbody>\n<tr>\n<td>[peg-image src=&#8221;https:\/\/lh3.googleusercontent.com\/-NjJNx2I05Ek\/V8-Zi58FOaI\/AAAAAAAAg9k\/QNUwq6yZVxIG4ktTqH0EbTPVj4AkgFRAACCo\/s144-o\/2016-09-02%2B12.07.26.jpg&#8221; href=&#8221;https:\/\/picasaweb.google.com\/103481498978040293448\/6327309277718115665#6327444826426259874&#8243; caption=&#8221;2016-09-02 12.07.26.jpg&#8221; type=&#8221;image&#8221; alt=&#8221;2016-09-02 12.07.26.jpg&#8221; image_size=&#8221;3264&#215;2448&#8243; ] [peg-image src=&#8221;https:\/\/lh3.googleusercontent.com\/-fXdnlLMJALg\/V8-Zi-wtSeI\/AAAAAAAAg9k\/_7Yc_aMPDKwYmRAMxF19lVESj5LSnln9QCCo\/s144-o\/2016-09-02%2B12.07.25-1.jpg&#8221; href=&#8221;https:\/\/picasaweb.google.com\/103481498978040293448\/6327309277718115665#6327444827720731106&#8243; caption=&#8221;2016-09-02 12.07.25-1.jpg&#8221; type=&#8221;image&#8221; alt=&#8221;2016-09-02 12.07.25-1.jpg&#8221; image_size=&#8221;3264&#215;2448&#8243; ][peg-image src=&#8221;https:\/\/lh3.googleusercontent.com\/-r8TeASY6HcM\/V8-ZuHmU11I\/AAAAAAAAg9k\/PRnVOMX916E0DZaprVQj5ZJ0pZjiWIk7QCCo\/s144-o\/2016-09-02%2B12.10.33.jpg&#8221; href=&#8221;https:\/\/picasaweb.google.com\/103481498978040293448\/6327309277718115665#6327445019071666002&#8243; caption=&#8221;2016-09-02 12.10.33.jpg&#8221; type=&#8221;image&#8221; alt=&#8221;2016-09-02 12.10.33.jpg&#8221; image_size=&#8221;3264&#215;2448&#8243; ]<\/td>\n<\/tr>\n<\/tbody>\n<\/table>\n<p>Podu D\u00e2mbovi\u021bei a fost PC3. Am mers de data aceasta fluent, ne acomodasem unii cu ceilal\u021bi \u0219i deja am avut c\u00e2teva \u00eenv\u0103\u021b\u0103minte de tras. Aici am trecut la trail.<\/p>\n<p>La PC4 Poiana Pietricica am avut de identificat ni\u0219te frunze specifice. Cred c\u0103 le-au m\u00e2ncat animalele din zon\u0103, c\u0103 noi 2\u00a0din 7 nu am g\u0103sit. Am preferat s\u0103 fim penaliza\u021bi cu 2x5min, c\u0103 tot era timp de mas\u0103. De fapt de la \u00eenceput spusesem c\u0103 concursul acesta de aventur\u0103 se poate transforma u\u0219or \u00een concurs de cine doarme mai mult dac\u0103 nu trecem probele speciale. Chiar am f\u0103cut ni\u0219te calcule. Nu \u0219tiu sigur dac\u0103 ne mai puteam \u00eencadra \u00een timp, dar sigur ne puteam \u00eengr\u0103\u0219a. \u00cen orice caz aici a ie\u0219it Jecan la ramp\u0103, a dat dou\u0103 r\u0103spunsuri corecte la \u00eentreb\u0103rile b\u0103iatului cre\u021b care ne-a povestit \u0219i de arii protejate la Babarunca. De acum preventiv am s\u0103 trec pe trotuarul cel\u0103lalt c\u00e2nd v\u0103d vreun brunet cre\u021b pe strad\u0103, s\u0103 nu-mi pun\u0103 \u00eentreb\u0103ri. Dar acum \u0219tiu c\u0103 m\u0103cri\u0219ul nu are toxine (la c\u00e2t am m\u00e2ncat, cred) \u0219i c\u0103 molidul e specia dominant\u0103 \u00een zon\u0103. Practic, degeaba cau\u021bi plante prin p\u0103dure, trebuie s\u0103 te ui\u021bi prin poieni dac\u0103 vrei ceva deosebit.<\/p>\n<p>Am ajuns \u0219i la PC5 \u0218aua Funduri. Conform fi\u0219ei de concurs, aici urma s\u0103 fim informa\u021bi dac\u0103 urm\u0103torul punct e V\u0103rful P\u0103pu\u0219a sau e un punct mai jos dac\u0103 vremea e neprielnic\u0103. Lozul a fost c\u00e2\u0219tig\u0103tor, meritam dup\u0103 at\u00e2ta lene din noi s\u0103 urc\u0103m pe P\u0103pu\u0219a. Am urmat triunghiul ro\u0219u \u0219i am ajuns \u00een valea D\u00e2mbovi\u021bei. Iar D\u00e2mbovi\u021ba&#8230;<\/p>\n<p>P\u00e2n\u0103 la V\u00e2rful P\u0103pu\u0219a am urcat \u00een ne\u0219tire. Ne-a prins noaptea, a\u0219a c\u0103 a fost bine c\u0103 la \u00eentoarcere urma s\u0103 avem aproape acela\u0219i traseu. Au fost peste 5 ore trecute de la PC5 la PC6 P\u0103pu\u0219a, mai precis de la ora 15:42 la ora 21:13. Acolo oamenii au fost bucuro\u0219i de oaspe\u021bi, nu mai v\u0103zuser\u0103 fe\u021be umane de ceva vreme. Am f\u0103cut \u0219i poze.<\/p>\n<table style=\"width: auto;\">\n<tbody>\n<tr>\n<td>[peg-image src=&#8221;https:\/\/lh3.googleusercontent.com\/-ExAaHdVMaJM\/V88eQ4hex5I\/AAAAAAAAg7I\/B1a4r1_ZG5MMfjyaWmliAERBPZ9ZBNLWgCCo\/s144-o\/IMG_20160902_211512.jpg&#8221; href=&#8221;https:\/\/picasaweb.google.com\/103481498978040293448\/6327309277718115665#6327309276878391186&#8243; caption=&#8221;pe P\u0103pu\u0219a, ora 21.15&#8243; type=&#8221;image&#8221; alt=&#8221;IMG_20160902_211512.jpg&#8221; image_size=&#8221;4208&#215;2368&#8243; ] [peg-image src=&#8221;https:\/\/lh3.googleusercontent.com\/-BsAQE16DK5w\/V88eQ76rCoI\/AAAAAAAAg7I\/_opKopRG404bj50PKGdPe89kZHfYjLeSgCCo\/s144-o\/IMG_20160902_211450.jpg&#8221; href=&#8221;https:\/\/picasaweb.google.com\/103481498978040293448\/6327309277718115665#6327309277789358722&#8243; caption=&#8221;&#8221; type=&#8221;image&#8221; alt=&#8221;IMG_20160902_211450.jpg&#8221; image_size=&#8221;4208&#215;2368&#8243; ]<\/td>\n<\/tr>\n<\/tbody>\n<\/table>\n<p>\u0218i \u00een sf\u00e2r\u0219it am ajuns la Podu D\u00e2mbovi\u021bei PC7. Gata cu trailul. A fost lung drumul, aveam interzis la alergare, doar era la vale. \ud83d\ude42 Am avut \u0219i aici o prob\u0103 special\u0103, am identificat dintr-un puzzle o specie de cerb. Denumire \u00een latin\u0103. \u0218i apoi am avut liber la echipare. Ceea ce am \u0219i f\u0103cut. Cred c\u0103 am b\u0103gat pu\u021bin \u00een sperie\u021bi concuren\u021ba aici, dar noi nu am plecat practic din Podu D\u00e2mbovi\u021bei la ora 1:30 ci la 5:15. Cam mare pauza, ne-a costat. Oricum eu n-am putut dormi, nu pot dormi p\u00e2n\u0103 nu duc o treab\u0103 la cap\u0103t. La partea asta mai trebuie s\u0103 lucrez, la pauze. N-am dormit deloc nici la UTMB. Adic\u0103 cele 39 ore plus c\u0103 startul a fost vineri la 6 seara \u0219i \u00eenapoi la pensiune\u00a0am ajuns la ora 14 duminic\u0103.<\/p>\n<table style=\"width: auto;\">\n<tbody>\n<tr>\n<td>[peg-image src=&#8221;https:\/\/lh3.googleusercontent.com\/-eS86r4gDfzQ\/V8-i38eTT8I\/AAAAAAAAg-Y\/ISyRu72t7QkQytnIdRI8UJXxBtjxLi2mgCCo\/s144-o\/2016-09-03%2B01.32.48.jpg&#8221; href=&#8221;https:\/\/picasaweb.google.com\/103481498978040293448\/6327309277718115665#6327455083488563138&#8243; caption=&#8221;2016-09-03 01.32.48.jpg&#8221; type=&#8221;image&#8221; alt=&#8221;2016-09-03 01.32.48.jpg&#8221; image_size=&#8221;3264&#215;2448&#8243; ][peg-image src=&#8221;https:\/\/lh3.googleusercontent.com\/-ecZmN0YrWA4\/V8-i3xm6gPI\/AAAAAAAAg-Y\/IAfo9aTjEdEW3og-O5aBYuRR7wRkFr-OQCCo\/s144-o\/2016-09-03%2B01.47.32.jpg&#8221; href=&#8221;https:\/\/picasaweb.google.com\/103481498978040293448\/6327309277718115665#6327455080571896050&#8243; caption=&#8221;2016-09-03 01.47.32.jpg&#8221; type=&#8221;image&#8221; alt=&#8221;2016-09-03 01.47.32.jpg&#8221; image_size=&#8221;3264&#215;2448&#8243; ]<\/p>\n<p class=\"clear\">\n<\/td>\n<\/tr>\n<\/tbody>\n<\/table>\n<p>Dac\u0103 p\u00e2n\u0103 aici pot spune c\u0103 traseul a fost greu, de aici am f\u0103cut la push bike \u00eentr-o veselie. Adic\u0103 pentru \u0219tim noi cine, a fost chiar fun. \u00cemi place Leaota la nebunie, la 4 Mun\u021bi anul acesta am avut-o de urcat dar era \u00een sens invers. Ai de urcat, dac\u0103 nu faci pauze sigur \u00ee\u021bi zboar\u0103 toate g\u00e2ndurile din cap, bune sau rele. Scapi de toate. Acum m\u0103 uitam pe trackul din iunie \u0219i cu jind la vale, pe unde cu pl\u0103cere a\u0219 fi schimbat sensul. Am ajuns \u0219i la PC8, aproape de v\u00e2rful Leaota, la intersec\u021bia dintre muchia Leaotei cu Militarca. Aici alt\u0103 prob\u0103 special\u0103, pe care am trecut-o irepro\u0219abil. Au fost \u00eentreb\u0103ri sigur cre\u021be legate de suprafa\u021ba p\u0103durilor, de mun\u021bi etc. Aici \u00een sf\u00e2r\u0219it mi-am putut ajuta coechipierii, mai \u0219tiam \u0219i eu c\u00e2te ceva, plus c\u0103 am fost la \u0219edin\u021ba de la Babarunca unde ni s-au dat ni\u0219te informa\u021bii. Iar eu numere pot \u021bine minte, nu trebuie s\u0103 aib\u0103 logic\u0103, de\u0219i ajut\u0103. Era deja ora 10.44 diminea\u021ba. Concuren\u021ba noastr\u0103 avea ore avans \u00een fa\u021b\u0103, iar de cei din urm\u0103 nu ne f\u0103ceam probleme.<\/p>\n<p><em>Cic\u0103 a\u0219a se obi\u0219nuie\u0219te \u00een \u0218aua Strunguli\u021ba, vezi Bike 4 Mountains \u0219i poza de mai jos.<\/em><\/p>\n<table style=\"width: auto;\">\n<tbody>\n<tr>\n<td>[peg-image src=&#8221;https:\/\/lh3.googleusercontent.com\/-mZSwOfnCWPI\/V88hfKxSTCI\/AAAAAAAAg7I\/MS7h_X7xe2IG9kwhj-BWDwbyO6LVrJ34ACCo\/s144-o\/14215781_1084051194976691_1707150625_o.jpg&#8221; href=&#8221;https:\/\/picasaweb.google.com\/103481498978040293448\/6327309277718115665#6327312820829572130&#8243; caption=&#8221;&#8221; type=&#8221;image&#8221; alt=&#8221;14215781_1084051194976691_1707150625_o.jpg&#8221; image_size=&#8221;1920&#215;1080&#8243; ]<\/td>\n<\/tr>\n<\/tbody>\n<\/table>\n<p>N-am crezut c\u0103 ne poate lua peste 5 ore s\u0103 ajungem la Bolboci la PC9 &#8211; ora 16.06, dar via\u021ba bate filmul. Dac\u0103 a\u0219a scrie pe h\u00e2rtie a\u0219a este. Mai c\u0103 eram \u00eengrijora\u021bi c\u0103 nu prindem proba de caiac \u00een timp util. Am f\u0103cut echip\u0103 cu Lup\u0219a pentru cele 3 repere mai \u00eendep\u0103rtate \u0219i au r\u0103mas Gyongyi cu Jecan pentru cele 2 mai apropiate. A avut o logic\u0103 alegerea aceasta, de fapt au fost mai multe motive. \u0218i acum consider c\u0103 a fost bine a\u0219a.<\/p>\n<table style=\"width: auto;\">\n<tbody>\n<tr>\n<td>[peg-image src=&#8221;https:\/\/lh3.googleusercontent.com\/-dOXecWxyNMw\/V8-aVBqSSNI\/AAAAAAAAg-A\/M_bSqqffKCMXfbVz21GItYhQe9nJfjcDwCCo\/s144-o\/2016-09-03%2B16.39.49.jpg&#8221; href=&#8221;https:\/\/picasaweb.google.com\/103481498978040293448\/6327309277718115665#6327445687492561106&#8243; caption=&#8221;2016-09-03 16.39.49.jpg&#8221; type=&#8221;image&#8221; alt=&#8221;2016-09-03 16.39.49.jpg&#8221; image_size=&#8221;3264&#215;2448&#8243; ]<\/p>\n<p>[peg-image src=&#8221;https:\/\/lh3.googleusercontent.com\/-FgtnLP-HFgk\/V8-kjBsrCWI\/AAAAAAAAg-s\/drhW3vnFClsF35eDf3tMHzZ-Uq67xyRrwCCo\/s144-o\/2016-09-03%2B17.12.31.jpg&#8221; href=&#8221;https:\/\/picasaweb.google.com\/103481498978040293448\/6327309277718115665#6327456923137018210&#8243; caption=&#8221;2016-09-03 17.12.31.jpg&#8221; type=&#8221;image&#8221; alt=&#8221;2016-09-03 17.12.31.jpg&#8221; image_size=&#8221;3264&#215;2448&#8243; ]<\/p>\n<p class=\"clear\">\n<\/td>\n<\/tr>\n<\/tbody>\n<\/table>\n<p>La ora 17.13 ridicam ancora spre PC10 grota Sf\u00e2nta Ana &#8211; Sinaia, Bucegi. Am f\u0103cut proba de rapel la crepuscul, aproape noapte \u0219i am plecat la ora 20.35.<\/p>\n<table style=\"width: auto;\">\n<tbody>\n<tr>\n<td>[peg-image src=&#8221;https:\/\/lh3.googleusercontent.com\/-M123CLGn_VU\/V8-lr7mZCcI\/AAAAAAAAg_M\/w-Ns3cQTyXkeTwsXovQ6gxVyGXSzvyBDwCCo\/s144-o\/2016-09-04%2B00.54.56.jpg&#8221; href=&#8221;https:\/\/picasaweb.google.com\/103481498978040293448\/6327309277718115665#6327458175630510530&#8243; caption=&#8221;2016-09-04 00.54.56.jpg&#8221; type=&#8221;image&#8221; alt=&#8221;2016-09-04 00.54.56.jpg&#8221; image_size=&#8221;3264&#215;2448&#8243; ][peg-image src=&#8221;https:\/\/lh3.googleusercontent.com\/-C8J4RWpOU3k\/V8-lrzzYHNI\/AAAAAAAAg_M\/l2imXAgUNwY8e5-C-gxHAztGs-PjaAiaACCo\/s144-o\/2016-09-03%2B20.09.54.jpg&#8221; href=&#8221;https:\/\/picasaweb.google.com\/103481498978040293448\/6327309277718115665#6327458173537492178&#8243; caption=&#8221;2016-09-03 20.09.54.jpg&#8221; type=&#8221;image&#8221; alt=&#8221;2016-09-03 20.09.54.jpg&#8221; image_size=&#8221;2448&#215;3264&#8243; ]<\/p>\n<p>[peg-image src=&#8221;https:\/\/lh3.googleusercontent.com\/-x-r8szHQkAI\/V8-lr5XSghI\/AAAAAAAAg_M\/IAf2H2L41dUK7FePoFF1FDOyPN3uZpQ8gCCo\/s144-o\/2016-09-03%2B20.19.32.jpg&#8221; href=&#8221;https:\/\/picasaweb.google.com\/103481498978040293448\/6327309277718115665#6327458175030297106&#8243; caption=&#8221;2016-09-03 20.19.32.jpg&#8221; type=&#8221;image&#8221; alt=&#8221;2016-09-03 20.19.32.jpg&#8221; image_size=&#8221;2448&#215;3264&#8243; ]<\/p>\n<p class=\"clear\">\n<\/td>\n<\/tr>\n<\/tbody>\n<\/table>\n<p>PC11\u00a0a fost st\u00e2na din mun\u021bii Baiului, se modificase traseul \u0219i punctul se mutase mai jos, nu pe v\u00e2rful Baiul Mare. \u0218i se schimbase \u0219i limita de 50 ore, se m\u0103rise cu vreo 3 ore, p\u00e2n\u0103 la ora 13 duminic\u0103. De \u00eentreb\u0103ri sc\u0103pasem, nu mai erau probe speciale. Se pare c\u0103 am mers bine. Ora 23.40 am bifat trecerea.\u00a0Eram la aproape 2 ore de echipa EcoXtrem, mai aveam \u0219anse, dar trebuia s\u0103 schimb\u0103m ceva. Totul sau nimic. \u0218i acea schimbare a fost traseul. Singura schimbare fa\u021b\u0103 de ceea ce stabilisem cu &#8220;da&#8221; \u00eenainte de start.<\/p>\n<p>N-a func\u021bionat pentru c\u0103 trebuia s\u0103 mergi. Bine, adic\u0103 ca la \u0219osea. Dar am \u00eencercat. Noi am luat-o prin nord, Clinciu prin sud. Aceea\u0219i logic\u0103 \u00een spate, motivele u\u0219or diferite.<br \/>\n<em>La somn \u00een municipiul S\u0103cele:<\/em><\/p>\n<table style=\"width: auto;\">\n<tbody>\n<tr>\n<td>[peg-image src=&#8221;https:\/\/lh3.googleusercontent.com\/-DjbToch0gVI\/V88eQ24CPBI\/AAAAAAAAg7o\/9q6lyOSCKZEgqrUsrfZJwFvwWmcsBTXRwCCo\/s144-o\/IMG_20160904_034247.jpg&#8221; href=&#8221;https:\/\/picasaweb.google.com\/103481498978040293448\/6327309277718115665#6327309276436118546&#8243; caption=&#8221;&#8221; type=&#8221;image&#8221; alt=&#8221;IMG_20160904_034247.jpg&#8221; image_size=&#8221;4208&#215;2368&#8243; ][peg-image src=&#8221;https:\/\/lh3.googleusercontent.com\/-I71r5TBC9yQ\/V88eQ4uGOZI\/AAAAAAAAg7o\/L4hs7g6-ki8NwFzj2ddn22A3a7TKl57wgCCo\/s144-o\/IMG_20160904_034143.jpg&#8221; href=&#8221;https:\/\/picasaweb.google.com\/103481498978040293448\/6327309277718115665#6327309276931307922&#8243; caption=&#8221;\u00een municipiul Sacele \u00eenainte de urcarea spre pasul Predelu\u0219&#8221; type=&#8221;image&#8221; alt=&#8221;IMG_20160904_034143.jpg&#8221; image_size=&#8221;4208&#215;2368&#8243; ]<\/p>\n<p class=\"clear\">\n<\/td>\n<\/tr>\n<\/tbody>\n<\/table>\n<p>C\u00e2nd urcam spre pasul Predelu\u0219 PC12 ne-am \u00eent\u00e2nit cu Hajnal \u0219i ai lui. De aici \u00eencolo a contat motiva\u021bia cu timpul sub 50 ore. Pentru c\u0103 puteam.<\/p>\n<p>Au \u00eencheiat oficial concursul 6 echipe. Bravo \u00eenving\u0103torilor! \u0218i felicit \u00een continuare toate echipele participante, nu conteaz\u0103 unde au ajuns. Anul viitor vor dori s\u0103 deslu\u0219easc\u0103 mai multe probe speciale. \u0218i la mine a func\u021bionat anul acesta. \u0218i m\u0103 bucur c\u0103 echipa Iezerele Cindrelului a ajuns a\u0219a departe \u0219i a \u00eencheiat pe locul 9, c\u00e2nd coboram de pe P\u0103pu\u0219a ne-am \u00eent\u00e2lnit, ei urcau spre bucuria c\u00e2inilor. \ud83d\ude42 O parte din inim\u0103 mi-a r\u0103mas la acea echip\u0103 atunci, a\u0219a cum o parte \u00eemi va r\u0103m\u00e2ne al\u0103turi de Pietrosul Rodnei.<\/p>\n<p>\u0218i am ales Marathon 7500 ca premiu pentru anul viitor. A\u0219a, ca s\u0103 se \u0219tie! \ud83d\ude42<\/p>\n<table style=\"width: auto;\">\n<tbody>\n<tr>\n<td>[peg-image src=&#8221;https:\/\/lh3.googleusercontent.com\/-2fjMXh7aJq4\/V88eQ8t55mI\/AAAAAAAAg7I\/b_BfrJmZZ_AAcBudR5frQLO7H-aEfZE_wCCo\/s144-o\/IMG_20160905_100318.jpg&#8221; href=&#8221;https:\/\/picasaweb.google.com\/103481498978040293448\/6327309277718115665#6327309278004242018&#8243; caption=&#8221;&#8221; type=&#8221;image&#8221; alt=&#8221;IMG_20160905_100318.jpg&#8221; image_size=&#8221;4208&#215;2368&#8243; ] [peg-image src=&#8221;https:\/\/lh3.googleusercontent.com\/-mz9_MHFeuAA\/V88eQ6yyvRI\/AAAAAAAAg7I\/0ljQ-oZtk9QDQ5Cw8MTg7mbhc_9CDfmqQCCo\/s144-o\/IMG_20160905_085520.jpg&#8221; href=&#8221;https:\/\/picasaweb.google.com\/103481498978040293448\/6327309277718115665#6327309277487873298&#8243; caption=&#8221;&#8221; type=&#8221;image&#8221; alt=&#8221;IMG_20160905_085520.jpg&#8221; image_size=&#8221;4208&#215;2368&#8243; ] [peg-image src=&#8221;https:\/\/lh3.googleusercontent.com\/-pkMsqANJ5JI\/V88eQ2eX0RI\/AAAAAAAAg7I\/ItzdWAAMoWoirTLgvXp8v8CXfWsQYvsQQCCo\/s144-o\/IMG_20160905_085454.jpg&#8221; href=&#8221;https:\/\/picasaweb.google.com\/103481498978040293448\/6327309277718115665#6327309276328481042&#8243; caption=&#8221;premiul nostru, \u00eenscriere 2 echipe&#8221; type=&#8221;image&#8221; alt=&#8221;IMG_20160905_085454.jpg&#8221; image_size=&#8221;4208&#215;2368&#8243; ] [peg-image src=&#8221;https:\/\/lh3.googleusercontent.com\/-i-HvWYi3gOM\/V88h5_eWOOI\/AAAAAAAAg7I\/7XpFT-CQBH40umGC3ikQtYmpb2VpRB-OQCCo\/s144-o\/14183780_1259218070779324_4735222476783677249_n.jpg&#8221; href=&#8221;https:\/\/picasaweb.google.com\/103481498978040293448\/6327309277718115665#6327313281653815522&#8243; caption=&#8221;&#8221; type=&#8221;image&#8221; alt=&#8221;14183780_1259218070779324_4735222476783677249_n.jpg&#8221; image_size=&#8221;960&#215;720&#8243; ] [peg-image src=&#8221;https:\/\/lh3.googleusercontent.com\/-iDIGWqq-5Lg\/V88h56D6ErI\/AAAAAAAAg7I\/JagXmmjPq6EufYP0FLfKNIkAhghMyO8qwCCo\/s144-o\/14222233_1259218560779275_4019365212820428378_n.jpg&#8221; href=&#8221;https:\/\/picasaweb.google.com\/103481498978040293448\/6327309277718115665#6327313280200741554&#8243; caption=&#8221;&#8221; type=&#8221;image&#8221; alt=&#8221;14222233_1259218560779275_4019365212820428378_n.jpg&#8221; image_size=&#8221;960&#215;720&#8243; ] [peg-image src=&#8221;https:\/\/lh3.googleusercontent.com\/-j-grkW8a1HE\/V88hfA1L7kI\/AAAAAAAAg7I\/mdontbXr5QECK6PnmocVNVDbh9HzGtjSACCo\/s144-o\/14215212_1084051141643363_2099675622_o.jpg&#8221; href=&#8221;https:\/\/picasaweb.google.com\/103481498978040293448\/6327309277718115665#6327312818161577538&#8243; caption=&#8221;&#8221; type=&#8221;image&#8221; alt=&#8221;14215212_1084051141643363_2099675622_o.jpg&#8221; image_size=&#8221;1920&#215;1080&#8243; ] [peg-image src=&#8221;https:\/\/lh3.googleusercontent.com\/-4uw0HPhcWwg\/V88hfNQrrrI\/AAAAAAAAg7I\/r4aCBKCKajkf0VovwaTNimIcKYp0ky-_QCCo\/s144-o\/14233384_1084051444976666_757500749_o.jpg&#8221; href=&#8221;https:\/\/picasaweb.google.com\/103481498978040293448\/6327309277718115665#6327312821498130098&#8243; caption=&#8221;&#8221; type=&#8221;image&#8221; alt=&#8221;14233384_1084051444976666_757500749_o.jpg&#8221; image_size=&#8221;1920&#215;1080&#8243; ] [peg-image src=&#8221;https:\/\/lh3.googleusercontent.com\/-g2YkHod7G3g\/V88h5_uSqoI\/AAAAAAAAg7I\/iZ3mwjqZG8Yj7PbBmHKgc-pLBQg8aRPzACCo\/s144-o\/14192537_1259218150779316_4305042472561848612_n.jpg&#8221; href=&#8221;https:\/\/picasaweb.google.com\/103481498978040293448\/6327309277718115665#6327313281720691330&#8243; caption=&#8221;&#8221; type=&#8221;image&#8221; alt=&#8221;14192537_1259218150779316_4305042472561848612_n.jpg&#8221; image_size=&#8221;960&#215;720&#8243; ] [peg-image src=&#8221;https:\/\/lh3.googleusercontent.com\/-DTRzeSpwfmo\/V88h5-bmG-I\/AAAAAAAAg7I\/GflycSUNLRgic7_TamcTiGoPfVJxcw4UACCo\/s144-o\/14191903_1259218227445975_1277398770097908012_n.jpg&#8221; href=&#8221;https:\/\/picasaweb.google.com\/103481498978040293448\/6327309277718115665#6327313281373838306&#8243; caption=&#8221;&#8221; type=&#8221;image&#8221; alt=&#8221;14191903_1259218227445975_1277398770097908012_n.jpg&#8221; image_size=&#8221;960&#215;720&#8243; ]<\/p>\n<p class=\"clear\">\n<\/td>\n<\/tr>\n<\/tbody>\n<\/table>\n<p>Totdeauna las un spa\u021biu \u00een timp c\u00e2nd scriu despre un eveniment ca s\u0103 fiu mai lucid, cu at\u00e2t mai mare cu c\u00e2t sunt mai obosit. Acum pot spune c\u0103 mi-a pl\u0103cut chiar dac\u0103 am avut de \u00eempins mult bicicleta, c\u0103 am avut de \u00eenv\u0103\u021bat \u0219i c\u0103 oamenii de la aceast\u0103 competi\u021bie sunt deosebi\u021bi, indiferent din care parte privesc concursul. \u0218i anul viitor sper s\u0103 ne re\u00eent\u00e2lnim \u0219i s\u0103 aib\u0103 \u00een continuare inspira\u021bie pentru probele speciale. \u0218i tot ca o concluzie, l\u0103s\u00e2nd la o parte prima parte de biciclet\u0103 care a fost mai u\u0219oar\u0103 pentru c\u0103 am fost \u0219i mai odihni\u021bi, toate celelalte treceri de la un punct de control la altul pot fi considerate\u00a0concursuri \u00een sine de trail sau MTB, unele chiar grele, gen maraton.<\/p>\n<p>Mul\u021bumesc coechipierilor pentru efortul lor, pentru timpul petrecut al\u0103turi de mine. Dac\u0103 dintre voi dori\u021bi s\u0103 scrie\u021bi aici c\u00e2teva cuvinte, m-a\u0219 bucura. S\u0103 ne vedem cu bine!<\/p>\n<p class=\"clear\"><strong><a href=\"#top\">Top<\/a><\/strong><\/p>\n<p><a name=\"Gyongyi\"><\/a>\u00a0<strong>4.<\/strong><\/p>\n<table style=\"width: auto;\">\n<tbody>\n<tr>\n<td>[peg-image src=&#8221;https:\/\/lh3.googleusercontent.com\/-kOHGeLEb-Bo\/V88hfOtckEI\/AAAAAAAAg7o\/4SEyzDxssd4ldL_YrdknJHH_097YlznxwCCo\/s144-o\/14233782_1084051241643353_1893629903_o.jpg&#8221; href=&#8221;https:\/\/picasaweb.google.com\/103481498978040293448\/6327309277718115665#6327312821887209538&#8243; caption=&#8221;&#8221; type=&#8221;image&#8221; alt=&#8221;14233782_1084051241643353_1893629903_o.jpg&#8221; image_size=&#8221;1920&#215;1080&#8243; ]<\/p>\n<p class=\"clear\">\n<\/td>\n<\/tr>\n<\/tbody>\n<\/table>\n<p><strong>Mai jos sunt cuvintele scrise de Gyongyi despre curs\u0103, mul\u021bumesc!<\/strong><\/p>\n<p>Ai avut o vara incarcata. Cum spuneam si pe traseu, nu stiu cum puteti face atatea concursuri ultra. Felicitari pentru rezultate!<br \/>\nFrumos ai descris Veze concursul Pro Park Adventure, realist pe fiecare sectiune de parcurs, doar ca ai exagerat un pic in ceea ce ma priveste pe mine. Nu am fost nu stiu ce, stiti si voi cat m-ati ajutat in sus spre Leaota, in zona no bike! unde ne-au trimis organizatorii cu bike \ud83d\ude42 , mi-ati legat bicicleta (Dan Lupsa si cu Veze) de a voastra si eu nu trebuia sa o imping pe cativa km, doar sa o tin sa nu se imburde\u2026 M-a ajuat enorm ca sa-mi revin si sa pot merge mai departe. Spre Papusa la trail la fel, eram foarte jos cu bateriile dupa ce am grabit pasul catre stana salvatoare. Aici Dan Jecan si cu tine Laurentiu ati stat si ati mers la pas moale de tot in urma mea si m-ati ajutat sa ajung pe Papusa. Ti-am gatat gelurile si apele si sandvichul lui Dan Lupsa \ud83d\ude42 . Dan Lupsa mi-a luminat drumul cu frontala lui din lateral pe toata coborarea de la CP11. Etc.<br \/>\nA fost o echipa buna spun si eu. Echilibrata. Nu ne-am certat. L-am avut langa mine pe puternicul Dan Lupsa, pe istetul si calmul Dan Jecan si pe cel \u201ccu de toate\u201d bune pentru un astfel de concurs, Vezentan Laurentiu, care tace si face \ud83d\ude42 , te sprijina la greu si ce e cel mai important, merge. Ca asa cum arata si track-ul, e mult de mers si pe Suni baba \ud83d\ude42 , el ne-a ajutat cu planuitul, eu doar am executat.<br \/>\nEu nu pot sa spun nici azi ca mi-a placut \ud83d\ude42 , prea greu pentru gustul meu, iese din categoria sport pentru mine, asa-numita \u201cbomba\u201d nu s-a recuperat nici pana azi. Dar ce pot spune e ca daca asta am zis ca facem, atunci a fost bine cum am facut noi toti. Si asta mi-a placut. Multumesc coechipierilor si lui Veze ca m-a chemat si ne-a adunat laolalta.<br \/>\nNu mai merg niciodata! \ud83d\ude42 )<\/p>\n<p class=\"clear\"><strong><a href=\"#top\">Top<\/a><\/strong><\/p>\n","protected":false},"excerpt":{"rendered":"<p>Concediu, concediu, dar ce fel de concediu? S\u0103 n-apuc s\u0103 dau cu b\u0103\u021bul deloc, s\u0103 scriu nimic? Am fost a\u0219a de prins cu relaxarea c\u0103 efectiv nu f\u0103ceam mul\u021bi pureci pe acas\u0103, fie c\u0103 &#8220;acas\u0103&#8221; \u00eensemna Crveni Vrh (Monte Rosso) &#8211; Croa\u021bia, Saint Gervais les Bains &#8211; Fran\u021ba sau Babarunca &#8211; Bra\u0219ov. Vara aceasta am avut parte de concursuri grele, care fiecare ar fi meritat o aten\u021bie special\u0103 \u0219i o pauz\u0103 corespunz\u0103toare de la unul la altul. M\u0103 uit \u00een urm\u0103 \u0219i v\u0103d \u00eens\u0103 grup\u0103ri de la o s\u0103pt\u0103m\u00e2n\u0103 la alta, pauzele fiind mai mici de o s\u0103pt\u0103m\u00e2n\u0103 datorit\u0103 faptului c\u0103 unele concursuri au fost \u0219i pe mai multe zile: Bike 4Mountains &#8211; 17-20 iunie \u0219i X-Man Romania &#8211; 25 iunie, Marathon 7500 &#8211; 15-17 iulie, Geiger tura lung\u0103 &#8211; 24 iulie, Traversarea Tarni\u021bei &#8211; 30 iulie \u0219i Triatlon Cluj &#8211; 31 iulie, iar acum UTMB &#8211; chiar proba regin\u0103 &#8211; Ultra Trail de Mont Blanc 170km cu peste 10.000m diferen\u021b\u0103 de nivel pozitiv\u0103, timp limit\u0103 46 ore &#8211; 26-28 august urmat de Propark Adventure &#8211; 01-04 septembrie, timp limit\u0103 50 ore \u0219i &#8230; Walking Month 12 septembrie &#8211; 11 octombrie. 1. Croa\u021bia &#8211; Crveni Vrh 2. Ultra Trail de Mont Blanc 3. Propark Adventure 4. Cuvintele scrise de Gyongyi despre Propark Adventure \u00a01. \u00cen drumul spre UTMB am purces cu familia \u00een Croa\u021bia, partea nordic\u0103, aproape de grani\u021ba cu Slovenia, \u00een peninsula Istria. Am stat \u00een Crveni Vrh (Monte Rosso \u00een italian\u0103), nu departe de Umag,\u00a0vizavi de Portoroz \u0219i Piran din Slovenia. Foarte fain a fost acolo, am alergat zilnic \u0219i am str\u0103b\u0103tut zona \u00een zig-zag, ajung\u00e2nd p\u00e2n\u0103 aproape de grani\u021b\u0103. E pu\u021bin mai scump ca \u00een alte locuri din Croa\u021bia, dar a fost un loc nou pentru mine \u0219i, foarte important, nu a trebuit s\u0103 m\u0103 abat prea mult de la drumul ideal spre Fran\u021ba. Ca \u0219i \u00een restul Croa\u021biei, aici e o combina\u021bie de locuri foarte bine amenajate, de lux, \u00eentret\u0103iate de por\u021biuni s\u0103lbatice, &#8220;la liber&#8221;. Ei au campingurile plasate \u00een locuri ideale, nu &#8220;remorci&#8221; la c\u00e2te o sta\u021biune &#8220;bengoas\u0103&#8221;. Chiar dac\u0103 nu am stat la camping, am fost la mare cu ei pe acolo, au putut s\u0103 joace baschet cu al\u021bi copii. Eu \u00een alerg\u0103rile mele exploram iar apoi mergeam pe gps fix \u00een loca\u021biile mai potrivite, chiar cu nisip bun de construit \u0219i intrare lin\u0103 la mare. Pun mai jos o alergare \u00een care am urm\u0103rit coasta, trec\u00e2nd de\u00a0la Umag la Crveni Vrh prin Punta, Basanija, Savudrija. Noi am mers la plaj\u0103 diminea\u021b\u0103 chiar l\u00e2ng\u0103 noi, iar \u00een rest &#8211; cu ma\u0219ina c\u00e2\u021bive km &#8211; la autocamp Veli Joze, la Savudrija, iar \u00een partea opus\u0103 la Kanegra, unde este \u0219i o plaj\u0103 FKK. Ca s\u0103 atrag \u0219i copiii la mi\u0219care \u00een restul timpului am \u00eenc\u0103rcat coordonate \u0219i am f\u0103cut \u0219i geocaching \u00een zon\u0103, ajung\u00e2nd astfel \u0219i-n locuri mai ascunse, pitore\u0219ti, la castele vechi. Ce mai e de spus, e altfel, alt\u0103 lume&#8230; Multe drumuri de \u021bar\u0103, poteci, cu indicatoare la intersec\u021bii, pentru biciclet\u0103 \u0219i drume\u021bie. Trece prin zon\u0103 \u0219i un &#8220;drum european&#8221; de biciclet\u0103, cred c\u0103 e marcat cu E1. Cum e la noi? \u0218tim! \ud83d\ude42 Avem umor&#8230; Un mic episod &#8211; cum am intrat \u00een Rom\u00e2nia, de data aceasta pe la vama Petea (am \u0219i stat acolo ca pe vremea c\u00e2nd nu eram \u00een UE, erau moldoveni la coad\u0103 care erau controla\u021bi foarte strict &#8211; ne aducem aminte \u0219i noi), s\u0103 mai schimb c\u00e2te ceva, am trecut printr-un sat din S\u0103laj, \u00een drum pre Zal\u0103u. \u0218i pe drum, un biciclist. Nu era el prea semnalizat, \u00een stil clasic. Adic\u0103 pe portbagaj fiu-meu a v\u0103zut o pisic\u0103, \u021binut\u0103 de cap de st\u0103p\u00e2n. \u00centr-o str\u0103fulgerare le-am spus: are ochi de pisic\u0103, circul\u0103 regulamentar. [peg-image src=&#8221;https:\/\/lh3.googleusercontent.com\/-s_E6Vzhkszw\/V85wU7g-TbI\/AAAAAAAAgtQ\/hATzl0KcERIP0MOhTFAtg0yAJdadDtlsACCo\/s144-o\/IMG_20160813_101125.jpg&#8221; href=&#8221;https:\/\/picasaweb.google.com\/103481498978040293448\/6327118028485685809#6327118031377812914&#8243; caption=&#8221;imagine de la pensiune &#8211; \u00een dep\u0103rtare Piran &#8211; Slovenia&#8221; type=&#8221;image&#8221; alt=&#8221;IMG_20160813_101125.jpg&#8221; image_size=&#8221;4208&#215;2368&#8243; ] [peg-image src=&#8221;https:\/\/lh3.googleusercontent.com\/-xtmh-AfM3EQ\/V85wUxWo5qI\/AAAAAAAAgtQ\/eSTk_h6av6w9oXN2fcTxB8JMNwbGhUU1gCCo\/s144-o\/IMG_20160813_105250.jpg&#8221; href=&#8221;https:\/\/picasaweb.google.com\/103481498978040293448\/6327118028485685809#6327118028650112674&#8243; caption=&#8221;&#8221; type=&#8221;image&#8221; alt=&#8221;IMG_20160813_105250.jpg&#8221; image_size=&#8221;4208&#215;2368&#8243; ] [peg-image src=&#8221;https:\/\/lh3.googleusercontent.com\/-q1fECRIqi70\/V85wmSH_qzI\/AAAAAAAAgtQ\/KVunXuLbdSUWtfpzNKPEZ6dU2UJFTd9TgCCo\/s144-o\/IMG_20160815_171730.jpg&#8221; href=&#8221;https:\/\/picasaweb.google.com\/103481498978040293448\/6327118028485685809#6327118329504836402&#8243; caption=&#8221;deasupra la campingul Kanegra&#8221; type=&#8221;image&#8221; alt=&#8221;IMG_20160815_171730.jpg&#8221; image_size=&#8221;4208&#215;2368&#8243; ] [peg-image src=&#8221;https:\/\/lh3.googleusercontent.com\/-zQ8rI_QobQY\/V85wmRMxYRI\/AAAAAAAAgtg\/P5USZvJZXW8SiCDKpHYQB_G3pWD-Gb6MACCo\/s144-o\/IMG_20160815_171918.jpg&#8221; href=&#8221;https:\/\/picasaweb.google.com\/103481498978040293448\/6327118028485685809#6327118329256435986&#8243; caption=&#8221;pe drumurile ciclabile din zon\u0103&#8221; type=&#8221;image&#8221; alt=&#8221;IMG_20160815_171918.jpg&#8221; image_size=&#8221;4208&#215;2368&#8243; ] [peg-image src=&#8221;https:\/\/lh3.googleusercontent.com\/-hU8UvpKrroQ\/V85xWm1r1iI\/AAAAAAAAgtQ\/BvwVffeCP4gD8D8H5y_PIsoiRsrQHBkagCCo\/s144-o\/IMG_20160817_165611.jpg&#8221; href=&#8221;https:\/\/picasaweb.google.com\/103481498978040293448\/6327118028485685809#6327119159698904610&#8243; caption=&#8221;schimb de juc\u0103rii &#8211; amintiri la un geocache&#8221; type=&#8221;image&#8221; alt=&#8221;IMG_20160817_165611.jpg&#8221; image_size=&#8221;4208&#215;2368&#8243; ] [peg-image src=&#8221;https:\/\/lh3.googleusercontent.com\/-L35JhMa5tpY\/V85xkExHe2I\/AAAAAAAAgtQ\/YiZ7m-ZaoEUsdczHf8uD9laxWIzsL7X2ACCo\/s144-o\/IMG_20160817_165642.jpg&#8221; href=&#8221;https:\/\/picasaweb.google.com\/103481498978040293448\/6327118028485685809#6327119391071107938&#8243; caption=&#8221;\u00eentr-o zon\u0103 mai s\u0103lbatic\u0103&#8221; type=&#8221;image&#8221; alt=&#8221;IMG_20160817_165642.jpg&#8221; image_size=&#8221;4208&#215;2368&#8243; ] [peg-image src=&#8221;https:\/\/lh3.googleusercontent.com\/-YjMvJiJ3fTY\/V85xkKY_u4I\/AAAAAAAAgtQ\/K9jhddUdXQsmNHw_GeJOYyOvUSMIjwONQCCo\/s144-o\/IMG_20160817_191808.jpg&#8221; href=&#8221;https:\/\/picasaweb.google.com\/103481498978040293448\/6327118028485685809#6327119392580549506&#8243; caption=&#8221;&#8221; type=&#8221;image&#8221; alt=&#8221;IMG_20160817_191808.jpg&#8221; image_size=&#8221;4208&#215;2368&#8243; ] [peg-image src=&#8221;https:\/\/lh3.googleusercontent.com\/-CrTOCgMIAU4\/V85xkGcxJ5I\/AAAAAAAAgtQ\/PdL40MNFg8kEMgWlbroj4ZhgaixaBmNogCCo\/s144-o\/IMG_20160818_204928.jpg&#8221; href=&#8221;https:\/\/picasaweb.google.com\/103481498978040293448\/6327118028485685809#6327119391522629522&#8243; caption=&#8221;un geocache nocturn, la o mic\u0103 bisericu\u021b\u0103 distrus\u0103, dar f\u0103r\u0103 s\u0103 fie p\u0103r\u0103sit\u0103, \u00eenc\u0103 vie&#8221; type=&#8221;image&#8221; alt=&#8221;IMG_20160818_204928.jpg&#8221; image_size=&#8221;4208&#215;2368&#8243; ] [peg-image src=&#8221;https:\/\/lh3.googleusercontent.com\/-1kFOBqSrwRE\/V85xWs5F9KI\/AAAAAAAAgtQ\/Br-XtPFi6iEM9YhWSxQnfCqNkoxefW_TACCo\/s144-o\/IMG_20160817_163112.jpg&#8221; href=&#8221;https:\/\/picasaweb.google.com\/103481498978040293448\/6327118028485685809#6327119161323812002&#8243; caption=&#8221;castel, se va renova &#8211; pentru geocaching&#8221; type=&#8221;image&#8221; alt=&#8221;IMG_20160817_163112.jpg&#8221; image_size=&#8221;4208&#215;2368&#8243; ] [peg-image src=&#8221;https:\/\/lh3.googleusercontent.com\/-BZ2MFbBj5QY\/V85xK0BrzTI\/AAAAAAAAgtQ\/ZVicNfottksZ1p4yUw_aAW-Pv9gU8yZpwCCo\/s144-o\/IMG_20160816_174543.jpg&#8221; href=&#8221;https:\/\/picasaweb.google.com\/103481498978040293448\/6327118028485685809#6327118957080464690&#8243; caption=&#8221;\u00een campingul Veli Joze&#8221; type=&#8221;image&#8221; alt=&#8221;IMG_20160816_174543.jpg&#8221; image_size=&#8221;4208&#215;2368&#8243; ] [peg-image src=&#8221;https:\/\/lh3.googleusercontent.com\/-TEhmkfiFagQ\/V85xK5BRm8I\/AAAAAAAAgtk\/8H0_aaVeSYMHsFrTq3kMapem1pojNVqNQCCo\/s144-o\/IMG_20160816_174332.jpg&#8221; href=&#8221;https:\/\/picasaweb.google.com\/103481498978040293448\/6327118028485685809#6327118958420925378&#8243; caption=&#8221;la plaj\u0103 \u00een Savudrija, la un camping, nu departe se vede farul&#8221; type=&#8221;image&#8221; alt=&#8221;IMG_20160816_174332.jpg&#8221; image_size=&#8221;4208&#215;2368&#8243; ] [peg-image src=&#8221;https:\/\/lh3.googleusercontent.com\/&#8211;0dF28tXQqw\/V85xK-PJ9fI\/AAAAAAAAgtQ\/vgbi7blHFl0pLN55fXFFixw1pK7VZd-IwCCo\/s144-o\/IMG_20160816_182024.jpg&#8221; href=&#8221;https:\/\/picasaweb.google.com\/103481498978040293448\/6327118028485685809#6327118959821321714&#8243; caption=&#8221;farul de la Savudrija&#8221; type=&#8221;image&#8221; alt=&#8221;IMG_20160816_182024.jpg&#8221; image_size=&#8221;2368&#215;4208&#8243; ] [peg-image src=&#8221;https:\/\/lh3.googleusercontent.com\/-zABHw27DxjA\/V85x3lR7CcI\/AAAAAAAAgtY\/OyEWX5VjcrI4c83HCVTqyNVi8PtSkfcRACCo\/s144-o\/IMG_20160819_165155.jpg&#8221; href=&#8221;https:\/\/picasaweb.google.com\/103481498978040293448\/6327118028485685809#6327119726216153538&#8243; caption=&#8221;a\u0219a arat\u0103 \u0219i aici indicatoarele pentru drume\u021bie \u0219i biciclet\u0103&#8221; type=&#8221;image&#8221; alt=&#8221;IMG_20160819_165155.jpg&#8221; image_size=&#8221;4208&#215;2368&#8243; ] [peg-image src=&#8221;https:\/\/lh3.googleusercontent.com\/-7TEuCDd8Bwk\/V85x_kIz4sI\/AAAAAAAAgtc\/ren58_C_BkkFZkbuNBr1EESxv2CDQ7dnQCCo\/s144-o\/IMG_20160820_192928.jpg&#8221; href=&#8221;https:\/\/picasaweb.google.com\/103481498978040293448\/6327118028485685809#6327119863348454082&#8243; caption=&#8221;&#8221; type=&#8221;image&#8221; alt=&#8221;IMG_20160820_192928.jpg&#8221; image_size=&#8221;4208&#215;2368&#8243; ] &nbsp; Top \u00a02. \u0218i acum despre UTMB. Anul trecut am stat \u00een partea italian\u0103 \u00eentr-un camping, eu particip\u00e2nd la TDS, cu startul \u00een Courmayeur. Acum ne convenea s\u0103 st\u0103m c\u00e2t mai aproape de Chamonix. Noi ne-am stabilit la Saint Gervais les Bains pentru c\u0103 acolo \u00ee\u0219i g\u0103sise loc de cazare \u0219i prietenul Gabor Sztranyiczki, care \u0219i el era cu familia. \u00cen fond, noi urm\u00e2nd s\u0103 lipsim o zi \u0219i aproximativ dou\u0103 nop\u021bi (startul la UTMB era la ora 18 \u0219i probabil unul din motive era c\u0103 estimarea de timp final pentru primii era \u00een jur de 22 ore, ace\u0219tia urm\u00e2nd s\u0103 ajung\u0103 astfel la o or\u0103 de maxim\u0103 audien\u021b\u0103), \u00een restul timpului familiile puteau\u00a0s\u0103 fie \u00eempreun\u0103, s\u0103 ne vad\u0103 c\u00e2nd trecem prin Saint Gervais (km21, al doilea punct de cronometrare \u0219i primul de alimentare, noi ajungeam acolo conform planului nostru de curs\u0103 pe la ora 21). Ne-am mai \u00eent\u00e2lnit cu prieteni rom\u00e2ni, cu Sove, cu Polgar \u00een Chamonix, dar n-am putut sta dec\u00e2t de vorb\u0103 pu\u021bin &#8211; noi ne f\u0103ceam programul \u0219i \u00een func\u021bie de ai no\u0219tri. P\u00e2n\u0103 s\u0103 vin\u0103 Gabor ne-am \u0219i ales un traseu mai u\u0219or prin care s\u0103 ne acomod\u0103m cu mun\u021bii. Am g\u0103sit \u00een locuin\u021ba noastr\u0103 mai rustic\u0103, foarte dotat\u0103 cu tot felul de accesorii de buc\u0103t\u0103rie \u0219i jocuri de societate, un ghid montan cu o mul\u021bime de trasee pentru toate v\u00e2rstele \u0219i puterile, cu startul \u00een diverse localit\u0103\u021bi din zona Chamonix. A\u0219a am ales un traseu declarat pentru familie, cu start \u00een Les Houches &#8211; la vreo 10km de Saint Gervais, care ne urca p\u00e2n\u0103 la 1533m, la Col de la Forclaz. Era recomandat \u0219i pentru pitorescul cabanelor de pe traseu. Mai jos sunt c\u00e2teva poze mai semnificative. [peg-image src=&#8221;https:\/\/lh3.googleusercontent.com\/-oHe8abfc-x8\/V86p9keUQNI\/AAAAAAAAg18\/dqDGMBXi0jsznGvHfwzxOEuYUStCc-2JgCCo\/s144-o\/IMG_20160823_144531.jpg&#8221; href=&#8221;https:\/\/picasaweb.google.com\/103481498978040293448\/6327180822061471841#6327181401730072786&#8243; caption=&#8221;intr-o excursie spre Col de la Forclaz, cu start din Les Houches, conform ghidului gasit in locuinta&#8221; type=&#8221;image&#8221; alt=&#8221;IMG_20160823_144531.jpg&#8221; image_size=&#8221;4208&#215;2368&#8243; ] [peg-image src=&#8221;https:\/\/lh3.googleusercontent.com\/-MVQ1R9bVksA\/V86p9kotCvI\/AAAAAAAAg18\/w9LyRMSxrqs0BqcA7VTafaR67MjVj1QvQCCo\/s144-o\/IMG_20160823_155211.jpg&#8221; href=&#8221;https:\/\/picasaweb.google.com\/103481498978040293448\/6327180822061471841#6327181401773640434&#8243; caption=&#8221;caldura mare&#8221; type=&#8221;image&#8221; alt=&#8221;IMG_20160823_155211.jpg&#8221; image_size=&#8221;4208&#215;2368&#8243; ] [peg-image src=&#8221;https:\/\/lh3.googleusercontent.com\/-RKUEBeIp67o\/V86p9opr2rI\/AAAAAAAAg18\/Xm629i6YsZUSZYU1HQySFFocMhg5cYJbACCo\/s144-o\/IMG_20160823_150002.jpg&#8221; href=&#8221;https:\/\/picasaweb.google.com\/103481498978040293448\/6327180822061471841#6327181402851498674&#8243; caption=&#8221;casuta pentru pasari pe perete la o casa&#8221; type=&#8221;image&#8221; alt=&#8221;IMG_20160823_150002.jpg&#8221; image_size=&#8221;4208&#215;2368&#8243; ] [peg-image src=&#8221;https:\/\/lh3.googleusercontent.com\/-R-J0RsfHl2I\/V86p9hPtCcI\/AAAAAAAAg18\/5NcTf2gFIeMJKj29WhcV6Mfe-tApr6zsQCCo\/s144-o\/IMG_20160823_170736.jpg&#8221; href=&#8221;https:\/\/picasaweb.google.com\/103481498978040293448\/6327180822061471841#6327181400863476162&#8243; caption=&#8221;am ajuns la Col de la Forclaz, destinatia noastra&#8221; type=&#8221;image&#8221; alt=&#8221;IMG_20160823_170736.jpg&#8221; image_size=&#8221;4208&#215;2368&#8243; ] [peg-image src=&#8221;https:\/\/lh3.googleusercontent.com\/-Qouvrw1kNkM\/V86p9vjhMGI\/AAAAAAAAg18\/ZHNlPhLAjWUlHmrJnQOb2DWsf0MJmT0SgCCo\/s144-o\/IMG_20160823_174008.jpg&#8221; href=&#8221;https:\/\/picasaweb.google.com\/103481498978040293448\/6327180822061471841#6327181404704682082&#8243; caption=&#8221;inapoi&#8221; type=&#8221;image&#8221; alt=&#8221;IMG_20160823_174008.jpg&#8221; image_size=&#8221;2368&#215;4208&#8243; ] [peg-image src=&#8221;https:\/\/lh3.googleusercontent.com\/-XPxcJJ4p6MI\/V86p9pLUwhI\/AAAAAAAAg18\/1JVvVG7Ak_kXVA8eOsDKDVEcfBN9EIjKACCo\/s144-o\/IMG_20160824_193952_1472105972910.jpg&#8221; href=&#8221;https:\/\/picasaweb.google.com\/103481498978040293448\/6327180822061471841#6327181402992591378&#8243; caption=&#8221;ghidul nostru de calatorie, cu trasee, gasit in dulap in locuinta din Saint Gervais&#8221; type=&#8221;image&#8221; alt=&#8221;IMG_20160824_193952_1472105972910.jpg&#8221; image_size=&#8221;720&#215;1280&#8243; ] [peg-image src=&#8221;https:\/\/lh3.googleusercontent.com\/-wT9i6hLmUms\/V86p9vF2K5I\/AAAAAAAAg18\/ChnIcqJJcSctTflNi7LNt5Z8gkFAbSnJACCo\/s144-o\/IMG_20160824_194039.jpg&#8221; href=&#8221;https:\/\/picasaweb.google.com\/103481498978040293448\/6327180822061471841#6327181404580227986&#8243; caption=&#8221;am ales traseul 34, mai usor&#8221; type=&#8221;image&#8221; alt=&#8221;IMG_20160824_194039.jpg&#8221; image_size=&#8221;4208&#215;2368&#8243; ] [peg-image src=&#8221;https:\/\/lh3.googleusercontent.com\/-Bv4QLeRpKXM\/V86p9rD97BI\/AAAAAAAAg18\/LzAX9VJroUImY4FuIKCZGCAgd-N-ugCBgCCo\/s144-o\/IMG_20160824_194111.jpg&#8221; href=&#8221;https:\/\/picasaweb.google.com\/103481498978040293448\/6327180822061471841#6327181403498605586&#8243; caption=&#8221;descrierea traseului ales de noi&#8221; type=&#8221;image&#8221; alt=&#8221;IMG_20160824_194111.jpg&#8221; image_size=&#8221;2368&#215;4208&#8243; ] A venit apoi \u0219i r\u00e2ndul unei excursii cu Gabor, a ales el un traseu unde noi ne puteam testa acomodarea cu altitudinea, urc\u00e2nd la Mont Jolie 2525m. Normal c\u0103 nu am f\u0103cut efortul s\u0103 urc\u0103m chiar de jos, era deja joi, am luat telecabinele aflate chiar l\u00e2ng\u0103 noi. 1000m diferen\u021b\u0103 de nivel tot am f\u0103cut, pe v\u00e2rf ajung\u00e2nd dintre copii doar cu fiic\u0103-mea. Pe l\u00e2ng\u0103 priveli\u0219te mi-a pl\u0103cut \u0219i placa de orientare din v\u00e2rf, care\u00a0ar\u0103ta \u00een toate punctele cardinale ce v\u00e2rfuri \u0219i obiective sunt vizibile. [peg-image src=&#8221;https:\/\/lh3.googleusercontent.com\/-gwVMaSlXFIg\/V86p9sCQ6LI\/AAAAAAAAg18\/tmPzf7txTK0WgQeFLEXoOBnSTqIPyJH6wCCo\/s144-o\/IMG_20160825_112726.jpg&#8221; href=&#8221;https:\/\/picasaweb.google.com\/103481498978040293448\/6327180822061471841#6327181403759896754&#8243; caption=&#8221;cu familiile spre Mont Jolie, poza facuta de Gabor&#8221; type=&#8221;image&#8221; alt=&#8221;IMG_20160825_112726.jpg&#8221; image_size=&#8221;4208&#215;2368&#8243; ] [peg-image src=&#8221;https:\/\/lh3.googleusercontent.com\/-gs3nXZpu_Qs\/V86p9gYDTYI\/AAAAAAAAg18\/cmE0VEVGOPU-I-0dI-j-ZGxo4zga0KzSACCo\/s144-o\/IMG_20160825_124035.jpg&#8221; href=&#8221;https:\/\/picasaweb.google.com\/103481498978040293448\/6327180822061471841#6327181400630054274&#8243; caption=&#8221;o terasa&#8221; type=&#8221;image&#8221; alt=&#8221;IMG_20160825_124035.jpg&#8221; image_size=&#8221;4208&#215;2368&#8243; ] [peg-image src=&#8221;https:\/\/lh3.googleusercontent.com\/-L5k6byvaiik\/V86p9lLXWFI\/AAAAAAAAg18\/Rr3GmmdCxUULaOr6c6RaTOk_AQST78QugCCo\/s144-o\/IMG_20160825_133738.jpg&#8221; href=&#8221;https:\/\/picasaweb.google.com\/103481498978040293448\/6327180822061471841#6327181401919019090&#8243; caption=&#8221;Mont Jolie&#8221; type=&#8221;image&#8221; alt=&#8221;IMG_20160825_133738.jpg&#8221; image_size=&#8221;4208&#215;2368&#8243; ] [peg-image src=&#8221;https:\/\/lh3.googleusercontent.com\/-z5DH9l3JSzc\/V86p9okLpqI\/AAAAAAAAg18\/Cpu6qFE3r3kLPnY5VWou0F7Y6urChyKpgCCo\/s144-o\/IMG_20160825_135904.jpg&#8221; href=&#8221;https:\/\/picasaweb.google.com\/103481498978040293448\/6327180822061471841#6327181402828416674&#8243; caption=&#8221;&#8221; type=&#8221;image&#8221; alt=&#8221;IMG_20160825_135904.jpg&#8221; image_size=&#8221;4208&#215;2368&#8243; ] [peg-image src=&#8221;https:\/\/lh3.googleusercontent.com\/-UV5EECnNplU\/V86p9s4fbWI\/AAAAAAAAg18\/boT6-VfXeeM_YpRQkTZOAzWf8OopnrQoACCo\/s144-o\/IMG_20160825_135858.jpg&#8221; href=&#8221;https:\/\/picasaweb.google.com\/103481498978040293448\/6327180822061471841#6327181403987340642&#8243; caption=&#8221;Mont Joly 2525&#8243; type=&#8221;image&#8221; alt=&#8221;IMG_20160825_135858.jpg&#8221; image_size=&#8221;4208&#215;2368&#8243; ] [peg-image src=&#8221;https:\/\/lh3.googleusercontent.com\/-ReW3ux8oyfM\/V86p9mAdqII\/AAAAAAAAg18\/26ic1q8s6WsVeb0J6PbG3hw1_McI6um-QCCo\/s144-o\/IMG_20160825_135951.jpg&#8221; href=&#8221;https:\/\/picasaweb.google.com\/103481498978040293448\/6327180822061471841#6327181402141730946&#8243; caption=&#8221;&#8221; type=&#8221;image&#8221; alt=&#8221;IMG_20160825_135951.jpg&#8221; image_size=&#8221;4208&#215;2368&#8243; ] \u0218i \u00een sf\u00e2r\u0219it a venit vremea ca noi s\u0103 ne concentr\u0103m strict pe cursa noastr\u0103. Eu aveam planul f\u0103cut, de care \u00eencercam s\u0103 m\u0103 \u021bin. Pe baza TDS-ului de anul trecut mi-am g\u0103sit o vitez\u0103 medie pe care era posibil s\u0103 o ob\u021bin \u0219i am aplicat-o pe un grafic \u00een timp f\u0103cut de un francez \u00een excel. Acolo figurau \u0219i durata pauzelor, se \u021binea cont \u0219i de \u00eencetinirea\u00a0normal\u0103 datorat\u0103 efortului pe m\u0103sur\u0103 ce te \u00eendreptai spre finish. Eu anul trecut am reu\u0219it s\u0103 m\u0103 comport mult mai bine dec\u00e2t previziona spre final, s\u0103rind din grila de finish de 25-26 ore la cea de 24 ore. Schi\u021ba cu timpii era bun\u0103 \u0219i pentru familia care m\u0103 urm\u0103rea \u0219i putea estima unde m\u0103 aflu, plus c\u0103 am tip\u0103rit \u0219i timpii la mai multe persoane care au \u00eencheiat anul trecut la interval de o or\u0103, \u00eencep\u00e2nd de la 31 ore p\u00e2n\u0103 la 36 ore. Dac\u0103 dep\u0103\u0219eam grila de 36 ore nu mai urma s\u0103 lupt a\u0219a mult pentru\u00a0rezultat, pentru timp final, \u00eensemna c\u0103 s-a \u00eent\u00e2mplat ceva, nu-s chiar ok. Pauzele le-am pus foarte scurte, de 3min, utopice, ca anul trecut de altfel, \u0219i\u00a0nu \u00eensemna c\u0103 voi \u021bine cu din\u021bii s\u0103 plec repede de la PA-uri. De terminat nu-mi f\u0103ceam probleme, \u00eemi f\u0103ceam griji \u00eens\u0103 c\u0103 trebuie s\u0103 \u00eenchei apt pentru Propark Adventure, s\u0103 nu-mi trag \u00een jos echipa. Asta \u00eensemna c\u0103 nu aveam voie s\u0103 risc la cobor\u00e2ri, s\u0103 r\u0103m\u00e2n cu sechele. Oboseala \u0219i lipsa de somn urma s\u0103 le recuperez c\u00e2t de bine m\u0103 pricep. [peg-image src=&#8221;https:\/\/lh3.googleusercontent.com\/-0Mwi2r5cA7k\/V86pbzPuF9I\/AAAAAAAAg18\/qLbUqClPavUD87JKFofhT7fVUc22QjY0ACCo\/s144-o\/planificare.png&#8221; href=&#8221;https:\/\/picasaweb.google.com\/103481498978040293448\/6327180822061471841#6327180821579831250&#8243; caption=&#8221;planul initial&#8221; type=&#8221;image&#8221; alt=&#8221;planificare.png&#8221; image_size=&#8221;881&#215;728&#8243; ] [peg-image src=&#8221;https:\/\/lh3.googleusercontent.com\/-UJNFOomxF34\/V86pb7H17nI\/AAAAAAAAg18\/PuH6rhLcwc4GODRn_CKmTY&#8211;7nPS0670ACCo\/s144-o\/rezultat.png&#8221; href=&#8221;https:\/\/picasaweb.google.com\/103481498978040293448\/6327180822061471841#6327180823694274162&#8243; caption=&#8221;evolutia mea&#8221; type=&#8221;image&#8221; alt=&#8221;rezultat.png&#8221; image_size=&#8221;1002&#215;807&#8243; ] Un scurt remember de peripe\u021bii. Mai \u00eent\u00e2i legat de cazare. Am ajuns \u00een Saint Gervais luni, cu ceva dup\u0103 ora 19 care era trecut\u0103 limit\u0103 c\u0103 g\u0103sesc gazdele\/omul de la agen\u021bie, la pensiune\/motel. A fost coad\u0103 de o or\u0103 la tunelul pe sub Mont Blanc. A\u0219a c\u0103 a trebuit s\u0103 sun, conform indica\u021biilor de pe booking. Totul ok, trebuie s\u0103 g\u0103sesc o cheie \u00eentr-un plic \u00eentr-o cutiu\u021b\u0103 po\u0219tal\u0103 cu cifru de la agen\u021bie aflat\u0103 pe strada X.\u00a0Mi s-a dat cifrul.\u00a0Coordonatele GPS erau \u00eens\u0103 gre\u0219ite, strada nu \u0219tiu din ce motiv nu era scris\u0103 nic\u0103ieri pe indicatoarele stradale (aveam s\u0103 v\u0103d c\u0103 de fapt era cea principal\u0103) \u0219i uite-a\u0219a am ajuns s\u0103 introduc codul pentru cifru la o cutiu\u021b\u0103 din preajm\u0103 &#8230; care era de la alt\u0103 agen\u021bie. Nu a mers, era \u0219i culmea. Mi-am dat seama c\u0103 de fapt nici nu mi s-a spus numele agen\u021biei, am presupus c\u0103 e totu\u0219i Interhome, am g\u0103sit-o pe google maps \u0219i dup\u0103 mult\u0103 tevatur\u0103 am reu\u0219it s\u0103 intru \u00een cas\u0103. Adic\u0103, pe scurt, parc\u0103 am f\u0103cut geocaching dar nu \u00een joac\u0103. Dar chinurile nu s-au terminat, \u00een instruc\u021biuni era trecut\u0103 parcare subteran\u0103. Am g\u0103sit-o, am v\u0103zut poarta, aveam cheia dar nu \u0219tiam unde s-o bag. Nu puteam deschide. Am studiat pere\u021bii, mi-am folosit imagina\u021bia, degeaba. Ca-n filmele cu pro\u0219ti. Nici cei din jur pe care i-am \u00eentrebat nu \u0219tiau. \u00cen fine, g\u0103se\u0219te so\u021bia locul de introducere, la metri buni de poart\u0103. Intru, loc \u00eengust, \u00een pant\u0103. Num\u0103rul de garaj 44 nu exist\u0103, numerotarea se termin\u0103 undeva la 32. Precis mai este o intrare, un alt \u0219ir de garaje. De ie\u0219it doar cu spatele, trebuie talent de \u0219ofer nu glum\u0103. Reu\u0219esc s\u0103 parchez unde trebuie. S-a dus ziua. Apoi, legat de num\u0103rul de concurs. Am fost cu Gabor miercuri s\u0103 ne ridic\u0103m pachetele de \u00eenscriere.\u00a0At\u00e2tea verific\u0103ri s-au f\u0103cut, de at\u00e2tea ori le-am ar\u0103tat plicul cu num\u0103rul primit &#8230; acas\u0103 am observat c\u0103 din toate lipseau tocmai\u00a0num\u0103rul \u0219i eticheta pentru bagajul ce urma s\u0103-l las la start pentru Courmayeur. Am sim\u021bit c\u0103 turbez. Verificasem la ie\u0219irea de la standuri, cu Gabor de fa\u021b\u0103, c\u0103 nu pot pierde nimic, c\u0103 nu mi-a c\u0103zut nimic, dar nu m-am g\u00e2ndit s\u0103 verific c\u0103 e tot ce trebuie la mine, c\u0103 am primit tot ce trebuie. \u00a0Sunt destul de tipicar \u00een astfel de situa\u021bii, prefer s\u0103 pierd timp mai mult dar s\u0103 fiu sigur c\u0103 ceea ce fac e aproape de perfec\u021biune. A fost ca-n scheciul cu Dem R\u0103dulescu \u0219i Jean Constantin, c\u0103 nu mai \u0219tii dac\u0103 ai dat ceva sau ai primit. \u0218i am rememorat, nu mi-a venit s\u0103 cred. Mi-am adus aminte c\u0103 la ultimul punct, c\u00e2nd primeam pungu\u021bele pentru gunoi \u0219i alte chi\u021bibu\u0219uri\/reclame n-am v\u0103zut s\u0103 mi se introduc\u0103 \u0219i plicul. \u0218i telefon la organizatori. Englez\u0103, stres&#8230; S-a l\u0103murit, urma s\u0103 iau un nou num\u0103r ziua urm\u0103toare. Adic\u0103 trebuia s\u0103 m\u0103 \u00eentorc la Chamonix, s\u0103 \u00eencerc s\u0103 ajung \u0219i la excursia programat\u0103 cu Gabor (se vede treaba c\u0103 am reu\u0219it). Eu \u0219tiu ce complica\u021bii pot ap\u0103rea la o schimbare de num\u0103r, ce implic\u0103, a\u0219a c\u0103 nu eram deloc lini\u0219tit. Dac\u0103 trebuia s\u0103 se \u00eentample a\u0219a ceva \u0219i reu\u0219eau s\u0103-l schimbe atunci ori eram extrem de norocos (cu totul improbabil) ori aveau o organizare nep\u0103m\u00e2ntean\u0103. \u0218i la prima or\u0103 am ajuns la Chamonix, de fapt cu jum\u0103tate de or\u0103 \u00eenainte de distribuirea de noi pachete. C\u00e2teva \u00eentreb\u0103ri \u0219i \u00een fa\u021ba mea apare plicul meu. Era acolo, nu s-a pierdut. Fuga \u00eenapoi la excursie. Cum UTMB e pentru to\u021bi, au fost \u0219i curse pentru copii, pe categorii de v\u00e2rst\u0103. Foarte \u00eenc\u00e2nta\u021bi au fost ai mei, mi-au tot adus aminte s\u0103 nu uit. Asta tot miercuri a fost, atunci drumul\u00a0la Chamonix a fost cu dublu rol: ridicare pachete \u0219i curse copii. Ai mei au fost la MiniUTMB &#8211; Tudor \u0219i MiniPTL &#8211; Andreea. Pe Andreea am \u00eenso\u021bit-o, era mai complicat ca o alergare, era \u0219i orientare. La fiecare reper avea c\u00e2teva poze cu numere pe ele \u0219i ea trebuia s\u0103 memoreze num\u0103rul din dreptul pozei corecte. Pozele erau cu sigle de la sponsorii concursului sau cu ceva legat de concursul \u00een sine. La final ob\u021bineai 4 cifre care reprezentau ceva. Noi am gre\u0219it una, dar nu conta. Doar totul era pentru spiritul UTMB.\u00a0Cele 4 cifre, rearanjate, \u00eensemnau &#8230; \u00een\u0103l\u021bimea Mont Blanc 4810m, deci era ceva semnificativ pentru concurs. Fain, acum ea vrea direct la UTMB&#8230; sau la cursa cea mai scurt\u0103 de la UTMB. M-am lini\u0219tit, n-are v\u00e2rsta, nu poate da vina pe mine. \ud83d\ude42 [peg-image src=&#8221;https:\/\/lh3.googleusercontent.com\/-LJHZAXtuUz8\/V86p9gkOflI\/AAAAAAAAg18\/MahqZ6wE18QDZeC2-Q_GdV62FeuisQafgCCo\/s144-o\/IMG_20160824_141654.jpg&#8221; href=&#8221;https:\/\/picasaweb.google.com\/103481498978040293448\/6327180822061471841#6327181400681119314&#8243; caption=&#8221;ai mei la cursele pentru copii pe categorii de varsta, fara premii, dar cu multa voie buna&#8221; type=&#8221;image&#8221; alt=&#8221;IMG_20160824_141654.jpg&#8221; image_size=&#8221;4208&#215;2368&#8243; ] [peg-image src=&#8221;https:\/\/lh3.googleusercontent.com\/-hPGiDxwXw6I\/V86p9sliR_I\/AAAAAAAAg18\/qMkqjWN9eSkd0hSJ3gAwPPcugNSbUPA0wCCo\/s144-o\/IMG_20160824_192628.jpg&#8221; href=&#8221;https:\/\/picasaweb.google.com\/103481498978040293448\/6327180822061471841#6327181403907835890&#8243; caption=&#8221;traseul de orientare al fetei, cu puncte unde trebuia sa tii minte cifre&#8221; type=&#8221;image&#8221; alt=&#8221;IMG_20160824_192628.jpg&#8221; image_size=&#8221;2368&#215;4208&#8243; ] Evolu\u021bia mea Apare o schimbare de plan pentru curs\u0103&#8230; Era o idee frumoas\u0103 s\u0103 ajungem \u00eempreun\u0103 la Saint Gervais s\u0103 ne vad\u0103 copiii, a\u0219a c\u0103 am fost de acord cu Gabor s\u0103 alerg\u0103m \u00eempreun\u0103 prima parte, primii 21km, iar apoi, dac\u0103 ritmul era asem\u0103n\u0103tor, s\u0103 continu\u0103m \u0219i noaptea ce urma. Asta \u00eensemna c\u0103 la cursa mea puteau\u00a0s\u0103 fie modific\u0103ri \u0219i de fapt am \u0219i \u00eemp\u0103r\u021bit-o la modul cum am mers \u00een 4 etape. Mai \u00eent\u00e2i c\u00e2teva poze de la start. Ne-am a\u0219ezat acolo cu mai bine de o or\u0103 \u00eenainte, s\u0103 putem privi \u0219i sim\u021bi ce \u00eenseamn\u0103 o atmosfer\u0103 ca de corrid\u0103. [peg-image src=&#8221;https:\/\/lh3.googleusercontent.com\/-t4tKZtC2aEE\/V86p9hGYcuI\/AAAAAAAAg18\/EKSNCUcfk0AgxGiAGOTsDaKpLwINgU0FQCCo\/s144-o\/IMG_20160826_170718.jpg&#8221; href=&#8221;https:\/\/picasaweb.google.com\/103481498978040293448\/6327180822061471841#6327181400824378082&#8243; caption=&#8221;in asteptarea startului de peste o ora&#8221; type=&#8221;image&#8221; alt=&#8221;IMG_20160826_170718.jpg&#8221; image_size=&#8221;4208&#215;2368&#8243; ] [peg-image src=&#8221;https:\/\/lh3.googleusercontent.com\/-Bbn5t69sZvs\/V86p9ioc3uI\/AAAAAAAAg18\/ZtRr7fDNsIwKoEuE7iNRFSLgKHbtPwITwCCo\/s144-o\/IMG_20160826_170832.jpg&#8221; href=&#8221;https:\/\/picasaweb.google.com\/103481498978040293448\/6327180822061471841#6327181401235709666&#8243; caption=&#8221;cu Gabor&#8221; type=&#8221;image&#8221; alt=&#8221;IMG_20160826_170832.jpg&#8221; image_size=&#8221;2592&#215;1920&#8243; ] [peg-image src=&#8221;https:\/\/lh3.googleusercontent.com\/-B5SoqbWUUIM\/V86p9peKaVI\/AAAAAAAAg18\/7HEt4bZIIv0v4vSVjWRf2vl6aTss4BCvwCCo\/s144-o\/IMG_20160826_164215.jpg&#8221; href=&#8221;https:\/\/picasaweb.google.com\/103481498978040293448\/6327180822061471841#6327181403071605074&#8243; caption=&#8221;la startul UTMB&#8221; type=&#8221;image&#8221; alt=&#8221;IMG_20160826_164215.jpg&#8221; image_size=&#8221;2368&#215;4208&#8243; ] Prima etap\u0103 a fost Chamonix &#8211; Saint Gervais &#8211; 21km, \u00een care am alergat al\u0103turi de Gabor. Am mai \u0219i povestit, era doar \u00eenceputul, \u00eenc\u0103lzirea. Gabor era u\u0219or mai lent pe cobor\u00e2ri, dar aveam ritm bun. La Saint Gervais am ajuns cu c\u00e2teva minute \u00eent\u00e2rziere fa\u021b\u0103 de grafic, 2h50min fa\u021b\u0103 de 2h45min. A venit a doua etap\u0103, \u00een care am alergat cu Gabor, dar nu cot la cot. De fapt el avea o \u021bint\u0103 de timp mult mai rezonabil\u0103, de 40h, nu 34h ca \u0219i mine, a\u0219a c\u0103 nu avea sens s\u0103 se gr\u0103beasc\u0103 mai ales la \u00eenceput. Era important pentru am\u00e2ndoi s\u0103 avem ritmul nostru, mai ales pe cobor\u00e2ri e o solicitare suplimentar\u0103 s\u0103 mergi mai \u00eencet, s\u0103 fr\u00e2nezi dup\u0103 ritmul altuia. A\u0219a c\u0103 am preferat mici pauze \u00een v\u00e2rfuri sau pauze suplimentare la PA-uri, deci s\u0103 po\u021bi face \u0219i ceva util \u00een a\u0219teptare. A\u0219a ne-am \u00een\u021beles, s\u0103 ne anun\u021b\u0103m c\u00e2nd \u00eencet\u0103m s\u0103 mai mergem \u00eempreun\u0103, s\u0103 nu ne stres\u0103m \u0219i s\u0103 alerg\u0103m ca iepurii unul dup\u0103 altul. A fost fain, mi-a f\u0103cut pl\u0103cere s\u0103 alerg \u00eempreun\u0103 cu el, cel pu\u021bin pe distan\u021be scurte-medii suntem apropia\u021bi ca nivel. La 7500 a mers foarte bine. La refugiul Croix de Bonhomme, km45 \u0219tiam deja c\u0103 va urma desp\u0103r\u021birea. Urma cobor\u00e2re. La Les Chapieux, km50 ne-am str\u00eens m\u00e2inile \u0219i ne-am urat succes. Porneam \u00een cea de-a treia etap\u0103, de recuperare timp, cu bun sim\u021b, dac\u0103 se putea. Din p\u0103cate euforia vitezei pe cobor\u00e2ri mi-a creat o febr\u0103 muscular\u0103 de care nu am sc\u0103pat p\u00e2n\u0103 la sf\u00e2r\u0219it. Ce s\u0103-i faci, din c\u00e2nd \u00een c\u00e2nd mai e\u0219ti copil. Am luat doar o jum\u0103tate de aspirin\u0103 o dat\u0103, mi-a f\u0103cut bine, dar cum nu mai luasem nu am vrut s\u0103 fac experimente chiar acum, am mers pe siguran\u021b\u0103 \u0219i mai lent. \u0218tiam c\u0103 sunt \u00een urm\u0103 fa\u021b\u0103 de grafic, n-am avut r\u0103bdare s\u0103 m\u0103 uit cu c\u00e2t. Acum \u0219tiu: 8h25min fa\u021b\u0103 de timpul estimat de 8h05min. To\u021bi din lista mea au fost mult mai iu\u021bi dec\u00e2t calculul h\u00e2rtiei, sub 8h, de\u0219i terminaser\u0103 unii \u00een 35-36 ore. Astfel c\u0103 am \u00eenceput aventura de unul singur destul de tare. Urma urcare. La Col de la Seigne aveam 10h41min fa\u021b\u0103 de 10h26min, recuperasem chiar mai mult dec\u00e2t se vede pentru c\u0103 la punctul precedent am \u0219i stat s\u0103 a\u0219tept. Ajunsesem pe pozi\u021bia 633, cu peste 100 pozi\u021bii recuperate. La Lac Combal, km67, dup\u0103 cobor\u00e2re, \u00eencepusem s\u0103-mi simt mu\u0219chii \u0219i a trebuit s\u0103 o iau mai \u00eencet. Cobor\u00e2rile erau \u0219i abrupte, cu bolov\u0103ni\u0219, \u0219i mai ales spre Courmayeur m-au lini\u0219tit cu totul, fiind numai trepte de p\u0103m\u00e2nt separate cu lemn sau r\u0103d\u0103cini. \u0218i asta kilometri \u00eentregi, p\u00e2n\u0103 aici cobor\u00e2nd peste 4000m diferen\u021b\u0103 de nivel. Poze de pe traseu f\u0103cute de mine: [peg-image src=&#8221;https:\/\/lh3.googleusercontent.com\/-H5hXlwJv-To\/V86p9mSZbxI\/AAAAAAAAg18\/TdEflYDAzDkeUvzDRzA0KtrXz5aReeQFQCCo\/s144-o\/IMG_20160827_150820.jpg&#8221; href=&#8221;https:\/\/picasaweb.google.com\/103481498978040293448\/6327180822061471841#6327181402216951570&#8243; caption=&#8221;poza facuta de&#8230;<\/p>\n","protected":false},"author":1,"featured_media":0,"comment_status":"open","ping_status":"open","sticky":false,"template":"","format":"standard","meta":{"ngg_post_thumbnail":0,"footnotes":""},"categories":[388,126,731,732,326,287,641,85,730,636,339,338,131,654,142,634,733,311,389,729,728,312],"tags":[392,424,737,738,603,568,652,417,736,647,616,615,655,436,645,739,591,393,735,734,592],"class_list":["post-1737","post","type-post","status-publish","format-standard","hentry","category-adventure","category-alergare","category-babarunca","category-baiului","category-brasov","category-bucegi","category-chamonix","category-croatia","category-crveni-vrh","category-franta","category-iezer-papusa","category-leaota","category-localitati-si-zone","category-mont-blanc","category-munti","category-muntii-alpi","category-neamtului","category-piatra-craiului","category-propark-adventure-race","category-saint-gervais-les-bains","category-utmb-cursa-utmb","category-zarnesti","tag-adventure","tag-alergare","tag-babarunca","tag-baiului","tag-brasov","tag-bucegi","tag-chamonix","tag-croatia","tag-crveni-vrh","tag-franta","tag-iezer-papusa","tag-leaota","tag-mont-blanc","tag-munti","tag-muntii-alpi","tag-neamtului","tag-piatra-craiului","tag-propark-adventure-race","tag-saint-gervais-les-bains","tag-utmb-cursa-utmb","tag-zarnesti"],"_links":{"self":[{"href":"https:\/\/www.unpicdetimpliber.ro\/wordpress\/wp-json\/wp\/v2\/posts\/1737","targetHints":{"allow":["GET"]}}],"collection":[{"href":"https:\/\/www.unpicdetimpliber.ro\/wordpress\/wp-json\/wp\/v2\/posts"}],"about":[{"href":"https:\/\/www.unpicdetimpliber.ro\/wordpress\/wp-json\/wp\/v2\/types\/post"}],"author":[{"embeddable":true,"href":"https:\/\/www.unpicdetimpliber.ro\/wordpress\/wp-json\/wp\/v2\/users\/1"}],"replies":[{"embeddable":true,"href":"https:\/\/www.unpicdetimpliber.ro\/wordpress\/wp-json\/wp\/v2\/comments?post=1737"}],"version-history":[{"count":53,"href":"https:\/\/www.unpicdetimpliber.ro\/wordpress\/wp-json\/wp\/v2\/posts\/1737\/revisions"}],"predecessor-version":[{"id":1740,"href":"https:\/\/www.unpicdetimpliber.ro\/wordpress\/wp-json\/wp\/v2\/posts\/1737\/revisions\/1740"}],"wp:attachment":[{"href":"https:\/\/www.unpicdetimpliber.ro\/wordpress\/wp-json\/wp\/v2\/media?parent=1737"}],"wp:term":[{"taxonomy":"category","embeddable":true,"href":"https:\/\/www.unpicdetimpliber.ro\/wordpress\/wp-json\/wp\/v2\/categories?post=1737"},{"taxonomy":"post_tag","embeddable":true,"href":"https:\/\/www.unpicdetimpliber.ro\/wordpress\/wp-json\/wp\/v2\/tags?post=1737"}],"curies":[{"name":"wp","href":"https:\/\/api.w.org\/{rel}","templated":true}]}}