{"id":2908,"date":"2019-10-09T19:24:54","date_gmt":"2019-10-09T17:24:54","guid":{"rendered":"http:\/\/www.unpicdetimpliber.ro\/?p=2908"},"modified":"2019-10-09T23:46:54","modified_gmt":"2019-10-09T21:46:54","slug":"maraton-piatra-craiului-si-alergarea-montana-ca-necesitate","status":"publish","type":"post","link":"https:\/\/www.unpicdetimpliber.ro\/wordpress\/2019\/10\/maraton-piatra-craiului-si-alergarea-montana-ca-necesitate.html","title":{"rendered":"Maraton Piatra Craiului \u0219i alergarea montan\u0103 ca necesitate"},"content":{"rendered":"<div class=\"fcbkbttn_buttons_block\" id=\"fcbkbttn_left\"><div class=\"fcbkbttn_like \"><fb:like href=\"https:\/\/www.unpicdetimpliber.ro\/wordpress\/2019\/10\/maraton-piatra-craiului-si-alergarea-montana-ca-necesitate.html\" action=\"like\" colorscheme=\"light\" layout=\"box_count\"  size=\"small\"><\/fb:like><\/div><div class=\"fb-share-button  \" data-href=\"https:\/\/www.unpicdetimpliber.ro\/wordpress\/2019\/10\/maraton-piatra-craiului-si-alergarea-montana-ca-necesitate.html\" data-type=\"button_count\" data-size=\"small\"><\/div><\/div><blockquote>\r\n<figure><iframe loading=\"lazy\" src=\"http:\/\/www.facebook.com\/plugins\/like.php?href=https:\/\/www.unpicdetimpliber.ro\/wordpress\/2019\/10\/maraton-piatra-craiului-si-alergarea-montana-ca-necesitate.html\" width=\"320\" height=\"60\"><span data-mce-type=\"bookmark\" style=\"display: inline-block; width: 0px; overflow: hidden; line-height: 0;\" class=\"mce_SELRES_start\"><span style=\"display: inline-block; width: 0px; overflow: hidden; line-height: 0;\" data-mce-type=\"bookmark\" class=\"mce_SELRES_start\">\ufeff<\/span>\ufeff<\/span><\/iframe><\/figure>\r\n<\/blockquote>\r\n<p style=\"text-align: left;\"><a href=\"https:\/\/www.unpicdetimpliber.ro\/wordpress\/wp-content\/uploads\/2019\/10\/poza.jpg\"><img loading=\"lazy\" decoding=\"async\" class=\"aligncenter size-large wp-image-2914\" src=\"https:\/\/www.unpicdetimpliber.ro\/wordpress\/wp-content\/uploads\/2019\/10\/poza-1024x687.jpg\" alt=\"\" width=\"695\" height=\"466\" srcset=\"https:\/\/www.unpicdetimpliber.ro\/wordpress\/wp-content\/uploads\/2019\/10\/poza-1024x687.jpg 1024w, https:\/\/www.unpicdetimpliber.ro\/wordpress\/wp-content\/uploads\/2019\/10\/poza-600x403.jpg 600w, https:\/\/www.unpicdetimpliber.ro\/wordpress\/wp-content\/uploads\/2019\/10\/poza-300x201.jpg 300w, https:\/\/www.unpicdetimpliber.ro\/wordpress\/wp-content\/uploads\/2019\/10\/poza-768x516.jpg 768w, https:\/\/www.unpicdetimpliber.ro\/wordpress\/wp-content\/uploads\/2019\/10\/poza-400x269.jpg 400w\" sizes=\"auto, (max-width: 695px) 100vw, 695px\" \/><\/a><em>Poz\u0103 din drume\u021bia de duminic\u0103 &#8211; dup\u0103 MPC 2013<\/em><\/p>\r\nA fost o zi trist\u0103 pentru alergarea montan\u0103. O zi care a \u00eenceput frumos, a continuat peste a\u0219tept\u0103ri p\u00e2n\u0103 la sf\u00e2r\u0219itul cursei mele \u0219i s-a \u00eencheiat cu o tragedie pe care n-am vrut s-o cred mult timp atunci. M-am tot g\u00e2ndit dac\u0103 s\u0103 scriu sau nu&#8230; Dar nu pot s\u0103 trec peste, nu pot fi ca un stru\u021b care-\u0219i \u00eengroap\u0103 capul \u00een nisip ca s\u0103 nu vad\u0103 ce nu-i convine, ce nu-i place.\r\n\r\nCondolean\u021be familiilor, au fost doi prieteni dragi pentru mine. Da, \u00een mod direct doar pe Edy \u00eel cuno\u0219team, dar \u00een lumea alerg\u0103torilor to\u021bi suntem prieteni, to\u021bi suntem uni\u021bi prin <strong>modul de via\u021b\u0103<\/strong>. \u0218tiu, mul\u021bi spun c\u0103 practic\u0103m alergarea montan\u0103 <strong>de fun<\/strong>, <strong>pentru s\u0103n\u0103tate<\/strong> si pentru c\u0103 <strong>ne place natura<\/strong>. Mi se spune c\u0103 voi tr\u0103i 100 de ani f\u0103r\u0103 repara\u021bii. De fiecare dat\u0103 \u00eens\u0103 m\u0103 g\u00e2ndesc c\u0103 nu pot s\u0103 fiu de acord \u00een totalitate cu aceste concluzii, mai precis nu e totul. Nu e at\u00e2t de simplu. \u0218i cumva e prea egoist s\u0103 crezi c\u0103 s\u0103n\u0103tatea personal\u0103 conteaz\u0103 at\u00e2t de mult. Ce dovad\u0103 mai bun\u0103 poate fi \u00een cazul meu dec\u00e2t faptul c\u0103 am aflat de schimbarea medicului meu de familie din ziare, c\u00e2nd \u00een sf\u00e2r\u0219it media aflase c\u0103 praxisul medical se vinde? C\u0103 merg la medicul actual c\u00e2nd am nevoie de paraf\u0103 pentru participare la competi\u021bii \u00een str\u0103in\u0103tate? C\u0103 nu mai \u0163in minte c\u00e2nd am facut ultima dat\u0103 analizele? Da, sunt mai s\u0103n\u0103tos, sper, dar nu acesta e aspectul cel mai important care m-a determinat s\u0103 aleg alergarea montan\u0103 acum, iar mai demult MTB, drume\u021bia etc. Mereu am ales s\u0103 fac ceva activ \u00een timpul liber, instinctual. \u0218i pozele mele reflect\u0103 cu adev\u0103rat c\u0103 nici cuv\u00e2ntul &#8220;fun&#8221;, distrac\u021bie pe rom\u00e2ne\u0219te, nu e chiar potrivit, de\u0219i \u00eentr-adev\u0103r m\u0103 simt bine. Cu privire la natur\u0103 am recunoscut c\u0103 \u00een timpul concursurilor nu pot privi \u00een jurul meu, trebuie s\u0103 fiu atent la teren, concuren\u0163i, am pulsul ridicat. Natura se observ\u0103 mai pe \u00eendelete. Mai sunt \u0219i <strong>provoc\u0103rile<\/strong>, da, de ele am uitat s\u0103 spun. \u0218i dorin\u021ba de a fi tot mai bun, de a performa. Dar nu toat\u0103 lumea alerg\u0103rii ajunge \u00een fa\u021b\u0103. \u0218i atunci, care e adev\u0103rul? Ce lipse\u0219te? Ce i-a f\u0103cut pe prietenii mei din lumea alerg\u0103rii s\u0103 p\u0103\u0219easc\u0103 pe aceast\u0103 cale? De ce nu le ajunge lumea real\u0103 pentru via\u021ba lor? De ce nu-mi ajunge? Totul poate fi exprimat \u00eentr-un singur cuv\u00e2nt: <strong>necesitate<\/strong>. \u00cen sf\u00e2r\u015fit l-am g\u0103sit, era ascuns undeva \u00een subcon\u015ftient. E modul prin care \u00eencerc s\u0103 r\u0103m\u00e2n un om normal, \u00een bunul sens al cuv\u00e2ntului. Pentru c\u0103 e greu s\u0103 r\u0103m\u00e2i un om normal \u00een aceast\u0103 lume, a\u015fa cum te-au (\u0219i m-au) \u00eenv\u0103\u0163at p\u0103rin\u0163ii.\r\n\r\n\u00cen lumea real\u0103 \u00een care te izbe\u0219ti de dezam\u0103giri, de inechit\u0103\u021bi, \u00een lumea \u00een care poate exista cazul Alexandra care pe mine m-a \u0219ocat \u00een mod deosebit \u0219i poate pe vecie pentru c\u0103 la v\u00e2rsta mea nu mai pot crede c\u0103 se va schimba ceva \u00een bine, c\u0103 voi apuca &#8230; pentru c\u0103 mi-am dat seama c\u00e2t de tare sc\u00e2r\u021b\u00e2ie sistemul \u0219i c\u00e2t valoreaz\u0103 o via\u021b\u0103 de om obi\u0219nuit&#8230; ai nevoie de ceva pentru a r\u0103m\u00e2ne \u00een echilibru, nu at\u00e2t fizic, c\u00e2t psihic. \u0218i alergarea montan\u0103 e o solu\u021bie, \u00ee\u021bi d\u0103 lini\u0219tea necesar\u0103 s\u0103 po\u021bi reveni cu for\u021be proaspete la via\u021ba de zi cu zi, s\u0103-\u021bi recape\u021bi r\u0103bdarea, s\u0103 redevii optimist \u0219i vesel, s\u0103-\u0163i faci meseria cu pl\u0103cere, s\u0103 ai energie \u00een primul r\u00e2nd pentru familie. Intri astfel \u00eentr-o lume ca o oaz\u0103, \u00een care speri c\u0103 scapi de probleme, de stres \u0219i e o alternativ\u0103 mult mai s\u0103n\u0103toas\u0103 ca lumea virtual\u0103 \u00een care din p\u0103cate intr\u0103 tot mai mul\u021bi \u0219i din care ne lupt\u0103m s\u0103-i sc\u0103p\u0103m pe ai no\u0219tri, pe copiii no\u0219tri. Pentru c\u0103 \u015fi lumea virtuala e un refugiu, o alternativ\u0103, ofer\u0103 provoc\u0103ri &#8230;\r\n\r\n\u0218i totu\u0219i \u0219i aceast\u0103 lume a alerg\u0103rii e real\u0103, vai, c\u00e2t de real\u0103! Am v\u0103zut asta la acest concurs.\r\n\r\nPentru mine la <strong>Maraton Piatra Craiului<\/strong> au fost accidente, mici gre\u015feli cu urm\u0103ri grave. \u015ei Eniko \u015fi Edy au avut experien\u021b\u0103, cum am \u0219i eu. \u015ei eu mai gresesc, mi-am v\u0103zut moartea cu ochii cum se spune, dar m-a salvat p\u00e2n\u0103 acum c\u00e2te un dram de noroc.\r\n\u00cen mod con\u015ftient poate prima situa\u0163ie grav\u0103 prin care am trecut a fost \u00eentr-o drume\u0163ie din studen\u0163ie la Huda lui Papar\u0103. Toat\u0103 lumea era \u00een tab\u0103ra de corturi, eu m\u0103 trezesc s\u0103 plec \u00een plimbare prin p\u0103dure \u015fi &#8220;s\u0103 ca\u0163\u0103r&#8221; un perete. A\u015fa, f\u0103r\u0103 un motiv special, c\u0103 era acolo \u00een fa\u021ba mea. F\u0103r\u0103 echipament, c\u0103 oricum atunci nu te prea g\u00e2ndeai s\u0103 ai a\u015fa ceva, era perioada \u00een care \u00ee\u0163i manufacturai hamul dup\u0103 un model real sau dup\u0103 pozele din c\u0103r\u0163i. \u015ei dup\u0103 c\u00e2\u0163iva metri de c\u0103\u0163\u0103rat m\u0103 blochez cu \u00eenaintarea, nu mai era funny \u015fi vreau s\u0103 cobor. \u00cencerc, nu mai pot, e prea riscant. Ce s\u0103 fac, cine \u015ftie c\u00e2nd vor vedea ceilal\u0163i c\u0103 lipsesc, n-am spus la nimeni unde m\u0103 duc, pe atunci nu erau telefoane mobile. Am norocul s\u0103 g\u0103sesc o cale s\u0103 urc, fac un fel de tragere la sor\u0163i c\u0103 nu vedeam mare lucru \u00een sus, ajung spre sear\u0103 la corturi. M-au \u00eentrebat prietenii pe unde am fost, am zis c\u0103 pe dealuri. Dar am r\u0103mas la o vorb\u0103 de care m\u0103 \u0163in \u015fi acum, cine \u015ftie p\u00e2n\u0103 c\u00e2nd: <strong>uneori e suficient s\u0103 gre\u015fe\u015fti doar o singur\u0103 dat\u0103<\/strong>. M-a\u0163i v\u0103zut c\u0103\u0163\u0103r\u00e2ndu-m\u0103 vreodat\u0103, chiar dac\u0103 fac parte \u015fi dintr-un club alpin? Poate de aceea&#8230; Au trecut zeci de ani de atunci. \u0218i s\u0103 mai zici c\u0103 trecutul unui om nu conteaz\u0103&#8230;\r\n\r\nDar acum? \u015ei acum mai scap ca prin urechile acului. De exemplu la MTB la una din edi\u0163iile <strong>Maratonului Gil\u0103ulu<\/strong>i. Da, \u015ftiu, sunt doar ni\u015fte dealuri. E suficient \u00eens\u0103 s\u0103 intre \u00een tine cineva, s\u0103 zbori pe nea\u015fteptate chiar dac\u0103 e\u015fti cu spd-uri, s\u0103 ai de ales \u00eentre pr\u0103pastie \u015fi un bolovan de care poate te vei zdrobi&#8230; dac\u0103 te po\u0163i prinde. Am avut noroc. \u015ei da, incredibil ce multe g\u00e2nduri po\u0163i cuprinde \u00een acele secunde. \u0218i imagini, nu de la fa\u021ba locului&#8230;\r\n\r\n\u015ei chiar la <strong>MPC<\/strong> \u00een 2014, c\u00e2nd ai ghinionul s\u0103 rico\u015feze aiurea o piatr\u0103 \u015fi abia s\u0103 apuci s\u0103 \u00eentorci pu\u0163in capul, piatra nimerind \u00een pometul unui obraz \u00eentre t\u00e2mpl\u0103 \u015fi ochi. Cum spuneau prietenii, ar\u0103tam ca Rambo \u015fi am fost sf\u0103tuit s\u0103 m\u0103 sp\u0103l c\u0103 speriu oamenii. A fost doar o sperietura, am \u00eencheiat chiar cu un timp bun pentru mine. Nu a fost prima edi\u0163ie pentru mine, iar <a href=\"https:\/\/www.unpicdetimpliber.ro\/wordpress\/category\/alergare\/maraton-piatra-craiului\" target=\"_blank\" rel=\"noopener noreferrer\"><strong>despre fiecare edi\u0163ie<\/strong><\/a> eu cred c\u0103 am scris frumos pentru c\u0103 mi-au pl\u0103cut.\r\n\r\nAccident\u0103rile sunt a\u015fadar din vina proprie sau a celor din jur, nu pot spune care sunt mai periculoase. Dar sunt \u00een general mici \u0219i nu le \u021bii socoteala. La <strong>2&#215;2<\/strong> o dat\u0103 mi-a intrat v\u00e2rful unui picior \u00eentre st\u00e2nci \u015fi ca de obicei mai mult m\u00e2inile au avut de suferit. Puteam s\u0103-mi rup piciorul sau s\u0103 m\u0103 lovesc cu capul de o st\u00e2nc\u0103, \u00een ultima clip\u0103 am sc\u0103pat din menghin\u0103. Eram cu papuci de ultra \u015fi ace\u015ftia erau pu\u0163in mai largi \u015fi nu eram obi\u015fnuit.\r\nS\u0103 nu pun doar curse din Rom\u00e2nia: de\u015fi am fost la pu\u0163ine pe alte meleaguri, evenimente am avut, minore \u00een general. La <a href=\"https:\/\/www.unpicdetimpliber.ro\/wordpress\/2015\/09\/vacanta-si-utmb-sur-les-traces-des-ducs-de-savoie-tds.html\" target=\"_blank\" rel=\"noopener noreferrer\"><strong>TDS<\/strong> <\/a>din Fran\u0163a \u00een 2015 am stat prea aproape de cineva, am vrut s\u0103 trec, m-am \u00eempiedicat \u015fi am c\u0103zut spre vale. Norocul meu a fost c\u0103 erau serpentine \u00een acea vale \u015fi am aterizat \u00een aceea\u015fi potec\u0103 mai jos, aleg\u00e2ndu-m\u0103 doar cu julituri.\r\n\r\nDac\u0103 fiecare dintre noi am sta s\u0103 privim \u00een urm\u0103, probabil c\u0103 nu sunt singurul &#8220;\u00eempiedicat&#8221; din lume. Nu ne place \u00eens\u0103 s\u0103 povestim despre situa\u0163iile limit\u0103. \u015ei \u00een niciuna din situa\u0163iile critice prin care am trecut nici nu mi-a trecut prin minte s\u0103 pun m\u0103car o parte din vin\u0103 pe organizatori. Nu a fost cazul. Ca de obicei am \u00eencercat s\u0103 trag concluzii, s\u0103 pot evita astfel de evenimente. Am 50 de ani, parc\u0103 cu toata experien\u0163a mea tot mai des am mici probleme, \u015fi acum am un deget de la o m\u00e2n\u0103 pe care nu-l pot \u00eendrepta, la 3 luni dup\u0103 Marathon 7500. Ar fi trebuit s\u0103-l pun \u00een ghips, dar v-am spus c\u00e2t ca des merg la medic.\r\n\r\n\u015ei totu\u015fi alergarea montan\u0103 e o necesitate pentru mine. Nu conteaz\u0103 c\u0103 mai cad. Nu e o lume ideala, dar nici nu e lumea Alexandrei. A fost invitat la un post tv un pensionar, fost \u015fef la un departament ce r\u0103spundea de siguran\u0163a cet\u0103\u0163eanului. \u015ei el a spus c\u0103 e normal s\u0103 fie sute de dispari\u0163ii pe an \u00een Rom\u00e2nia. P\u0103rea p\u00e2n\u0103 la aceste cuvinte bine documentat, c\u0103 \u015ftie ce spune. Toat\u0103 lumea a fost revoltat\u0103, inclusiv eu: cum adic\u0103, cum po\u0163i afirma \u00een ziua de ast\u0103zi a\u015fa ceva? Pentru mine era clar, cel pu\u0163in a dovedit lips\u0103 total\u0103 de tact \u015fi o folosire inacceptabil\u0103 a cuv\u00e2ntului &#8220;normal&#8221;. \u015ei, evident, c\u0103 vrea televiziunea respectiv\u0103 s\u0103 fac\u0103 audien\u0163\u0103. Dar dac\u0103 omul \u0103sta a spus din statisticile care sunt parc\u0103 &#8220;dezumanizate&#8221;, din cele de pe vremea lui? Sau de acum? Dac\u0103 a mers acas\u0103 \u00eentreb\u00e2ndu-se unde a gre\u015fit, c\u0103 el a\u015fa \u0163ine minte? Dac\u0103 are o memorie beton, c\u0103 unii chiar a\u0219a au, crede\u021bi-m\u0103!\r\n\r\nCum st\u0103m \u00een lumea alerg\u0103rii montane cu statisticile referitoare la evenimente negative? Nimic p\u00e2n\u0103 acum la noi \u00een \u0163ar\u0103&#8230; Dar la MTB, ciclism de \u015fosea, fotbal etc avem cazuri. La bunul sim\u0163 riscurile specifice alerg\u0103rii montane se adaug\u0103 la cele de la alergarea de \u015fosea. \u015etiu c\u0103 americanii sunt obseda\u0163i de statistici la orice sport \u015fi nu numai. Primul meu contact cu statisticile lor a fost la baschet, la NBA. Pentru ei oamenii sunt cifre, ca la contabilitate. Nu degeaba sunt \u015fi glume pe seama &#8220;cercet\u0103torilor americani&#8221;. Ei spun c\u0103 la maratoanele de \u015fosea moare un om la 100.000 participan\u0163i \u00een timpul sau \u00een urm\u0103toarele 24 de ore. \u00cen general cauza e infarctul datorat hiponatrenamiei. La triatloanele de tip ironman statisticile sunt mai negative. Dup\u0103 primul meu Xman de la Oradea so\u0163ia n-a mai vrut s\u0103 mai particip la altele, fiica &#8211; micu\u0163\u0103 atunci, chiar a pl\u00e2ns, deci nu ar\u0103tam prea bine. Mie mi se p\u0103rea c\u0103 sunt ok. La cel mai mare maraton din lume, la cel din New-York, se \u015ftie c\u0103 \u00een fiecare an moare cineva. Adic\u0103 c\u00e2\u015ftigi la tragerea la sor\u0163i, te duci \u00eempreun\u0103 cu cei 90.000 de participan\u0163i la concurs, te ui\u0163i la cei din jur \u015fi spui: unul din noi murim azi, iar din cei r\u0103ma\u015fi 60.000 termin\u0103 maratonul; cei cu inima slab\u0103 s\u0103 plece acas\u0103. Asta e statistica dezumanizat\u0103, dar e adev\u0103rul. Oare c\u00e2\u021bi concuren\u021bi ajung la ambulan\u021be sub diferite motive la maratoanele de \u0219osea? Cred c\u0103 ne-ar speria cifrele. \u015ei oamenii particip\u0103 \u00een continuare la concursuri, via\u0163a merge \u00eenainte.\r\n\r\nFiecare participare a mea la MPC am considerat-o o s\u0103rb\u0103toare, de fiecare dat\u0103 am \u00eencercat s\u0103 scriu ceva c\u00e2t de c\u00e2t folositor. De ce tot scriu? Scrie acolo sus pe blog \u00een col\u0163ul din dreapta, simplu cum \u00eemi place mie: <strong>s\u0103 am ce povesti nepo\u0163ilor<\/strong>. \u015etiti de unde a pornit blogul? Tot de la o experien\u0163\u0103 de via\u0163\u0103. Un unchi al cuiva a trecut prin dou\u0103 r\u0103zboaie \u015fi povestea foarte frumos \u015fi interesant, a avut o via\u021b\u0103 grea \u0219i pierderi la care nu \u0219tiu cum de a rezistat cu mintea \u00eentreag\u0103. Dar era b\u0103tr\u00e2n, iar pe zi ce trece pove\u015ftile se scurtau, le repeta pe tot mai pu\u0163ine p\u00e2n\u0103 a ajuns la una. Eu vreau s\u0103 nu-i plictisesc pe ai mei, dac\u0103 vor peste ani s\u0103 citeasc\u0103 pove\u015ftile mele al\u0103turi de mine, s\u0103 nu m\u0103 repet&#8230; Eu doresc s\u0103 fiu un om normal cu nepo\u0163i, at\u00e2t. Normalul de alt\u0103dat\u0103.\r\n\r\nMereu am apreciat ce a facut Luci Clinciu pentru comunitatea alerg\u0103torilor montani. Regulamentul de la <strong>Circuitul Carpa\u0163ilor<\/strong>, \u00eenainte cele de la cursele <strong>CarpathianMan<\/strong> le-am tot dat exemplu pentru cine m\u0103 \u00eentreba \u015fi dorea s\u0103 organizeze un concurs. Dac\u0103 li se p\u0103rea ceva nepotrivit puteau s\u0103 cear\u0103 explica\u021bii, s\u0103 modifice dup\u0103 aceea. Am scris \u015fi acum doi ani despre asta, despre faptul c\u0103 a dorit standardizarea concursurilor, asigurarea unui nivel de condi\u0163ii \u015fi siguran\u0163\u0103 astfel \u00eenc\u00e2t oricine dore\u015fte s\u0103 participe la concursurile din Circuit s\u0103 fie sigur c\u0103 nu are surprize negative. \u015ei \u00een str\u0103in\u0103tate exist\u0103 <strong>ITRA<\/strong> unde sunt membru de c\u00e2\u0163iva ani, mi s-a p\u0103rut de asemenea o idee bun\u0103, eu la acele concursuri merg care sunt \u00eenscrise la ITRA.\r\n\r\nAcum traseul a fost umed, ca urmare pe unele por\u0163iuni erai mai lent, dar pe altele erai mai rapid. Pietrele parc\u0103 erau mai lipite \u0219i nu mai fugeau a\u0219a de sub t\u0103lpi. Unii au scos recorduri personale. Corzile cu noduri suplimentare puse \u00een por\u021biunile mai dificile de pe traseul turistic pe mine m-au ajutat, m-am sim\u0163it \u00een siguran\u0163\u0103, erau \u015fi salvamonti\u015fti pe traseu. Dar c\u00e2nd e s\u0103 se \u00eent\u00e2mple, doar un pic de noroc&#8230; Trist \u015fi dureros! Nu \u015ftiu ce a fost acolo. Atunci am auzit zvonuri la finish, am ajuns repede la cazare \u015fi am citit \u00een ziarele online. M-am g\u00e2ndit la ai mei, am sunat, am \u00eencheiat cu &#8220;v\u0103 pup&#8221; \u015fi nu le-am spus nimic, mai speram. Li s-a p\u0103rut ciudat\u0103 \u00eencheierea, iar dup\u0103 ce au v\u0103zut o \u015ftire la tv m-au resunat s\u0103 \u015ftie c\u0103 sunt bine. Cam \u015ftiu ce \u015fi-au imaginat&#8230; Mult\u0103 lume a fost cu sufletul la gur\u0103, \u015fi de acolo, \u015fi din alte p\u0103r\u0163i. Nu vreau s\u0103 compar cu nimic acele ore.\r\n\r\nCe va urma nu \u015ftiu. Doar \u015ftiu c\u0103 alergarea montan\u0103 e \u00eenc\u0103 o necesitate pentru mine. Poate a fost \u015fi pentru EI. \u015etiu c\u0103 mereu \u00eemi voi aduce aminte de Eniko \u015fi Edy.\r\n\r\nCursa mea? Ar fi fost frumoas\u0103, cum am trecut de prietenii mei din categorie, cum m-am str\u0103duit ca de obicei. 4h55min, prima dat\u0103 sub 5 ore, probabil locul 3 la categorie \u015fi 33 general. Din p\u0103cate cursa nu va r\u0103m\u00e2ne cu amintirea unor rezultate. S\u0103 ne g\u00e2ndim \u0219i la ce \u015fi-ar dori ei, cei trecu\u0163i \u00een eternitate.\r\n\r\nDumnezeu s\u0103-i ierte \u015fi s\u0103-i odihneasc\u0103!<!-- \/wp:post-content -->","protected":false},"excerpt":{"rendered":"<p>\ufeff\ufeff Poz\u0103 din drume\u021bia de duminic\u0103 &#8211; dup\u0103 MPC 2013 A fost o zi trist\u0103 pentru alergarea montan\u0103. O zi care a \u00eenceput frumos, a continuat peste a\u0219tept\u0103ri p\u00e2n\u0103 la sf\u00e2r\u0219itul cursei mele \u0219i s-a \u00eencheiat cu o tragedie pe care n-am vrut s-o cred mult timp atunci. M-am tot g\u00e2ndit dac\u0103 s\u0103 scriu sau nu&#8230; Dar nu pot s\u0103 trec peste, nu pot fi ca un stru\u021b care-\u0219i \u00eengroap\u0103 capul \u00een nisip ca s\u0103 nu vad\u0103 ce nu-i convine, ce nu-i place. Condolean\u021be familiilor, au fost doi prieteni dragi pentru mine. Da, \u00een mod direct doar pe Edy \u00eel cuno\u0219team, dar \u00een lumea alerg\u0103torilor to\u021bi suntem prieteni, to\u021bi suntem uni\u021bi prin modul de via\u021b\u0103. \u0218tiu, mul\u021bi spun c\u0103 practic\u0103m alergarea montan\u0103 de fun, pentru s\u0103n\u0103tate si pentru c\u0103 ne place natura. Mi se spune c\u0103 voi tr\u0103i 100 de ani f\u0103r\u0103 repara\u021bii. De fiecare dat\u0103 \u00eens\u0103 m\u0103 g\u00e2ndesc c\u0103 nu pot s\u0103 fiu de acord \u00een totalitate cu aceste concluzii, mai precis nu e totul. Nu e at\u00e2t de simplu. \u0218i cumva e prea egoist s\u0103 crezi c\u0103 s\u0103n\u0103tatea personal\u0103 conteaz\u0103 at\u00e2t de mult. Ce dovad\u0103 mai bun\u0103 poate fi \u00een cazul meu dec\u00e2t faptul c\u0103 am aflat de schimbarea medicului meu de familie din ziare, c\u00e2nd \u00een sf\u00e2r\u0219it media aflase c\u0103 praxisul medical se vinde? C\u0103 merg la medicul actual c\u00e2nd am nevoie de paraf\u0103 pentru participare la competi\u021bii \u00een str\u0103in\u0103tate? C\u0103 nu mai \u0163in minte c\u00e2nd am facut ultima dat\u0103 analizele? Da, sunt mai s\u0103n\u0103tos, sper, dar nu acesta e aspectul cel mai important care m-a determinat s\u0103 aleg alergarea montan\u0103 acum, iar mai demult MTB, drume\u021bia etc. Mereu am ales s\u0103 fac ceva activ \u00een timpul liber, instinctual. \u0218i pozele mele reflect\u0103 cu adev\u0103rat c\u0103 nici cuv\u00e2ntul &#8220;fun&#8221;, distrac\u021bie pe rom\u00e2ne\u0219te, nu e chiar potrivit, de\u0219i \u00eentr-adev\u0103r m\u0103 simt bine. Cu privire la natur\u0103 am recunoscut c\u0103 \u00een timpul concursurilor nu pot privi \u00een jurul meu, trebuie s\u0103 fiu atent la teren, concuren\u0163i, am pulsul ridicat. Natura se observ\u0103 mai pe \u00eendelete. Mai sunt \u0219i provoc\u0103rile, da, de ele am uitat s\u0103 spun. \u0218i dorin\u021ba de a fi tot mai bun, de a performa. Dar nu toat\u0103 lumea alerg\u0103rii ajunge \u00een fa\u021b\u0103. \u0218i atunci, care e adev\u0103rul? Ce lipse\u0219te? Ce i-a f\u0103cut pe prietenii mei din lumea alerg\u0103rii s\u0103 p\u0103\u0219easc\u0103 pe aceast\u0103 cale? De ce nu le ajunge lumea real\u0103 pentru via\u021ba lor? De ce nu-mi ajunge? Totul poate fi exprimat \u00eentr-un singur cuv\u00e2nt: necesitate. \u00cen sf\u00e2r\u015fit l-am g\u0103sit, era ascuns undeva \u00een subcon\u015ftient. E modul prin care \u00eencerc s\u0103 r\u0103m\u00e2n un om normal, \u00een bunul sens al cuv\u00e2ntului. Pentru c\u0103 e greu s\u0103 r\u0103m\u00e2i un om normal \u00een aceast\u0103 lume, a\u015fa cum te-au (\u0219i m-au) \u00eenv\u0103\u0163at p\u0103rin\u0163ii. \u00cen lumea real\u0103 \u00een care te izbe\u0219ti de dezam\u0103giri, de inechit\u0103\u021bi, \u00een lumea \u00een care poate exista cazul Alexandra care pe mine m-a \u0219ocat \u00een mod deosebit \u0219i poate pe vecie pentru c\u0103 la v\u00e2rsta mea nu mai pot crede c\u0103 se va schimba ceva \u00een bine, c\u0103 voi apuca &#8230; pentru c\u0103 mi-am dat seama c\u00e2t de tare sc\u00e2r\u021b\u00e2ie sistemul \u0219i c\u00e2t valoreaz\u0103 o via\u021b\u0103 de om obi\u0219nuit&#8230; ai nevoie de ceva pentru a r\u0103m\u00e2ne \u00een echilibru, nu at\u00e2t fizic, c\u00e2t psihic. \u0218i alergarea montan\u0103 e o solu\u021bie, \u00ee\u021bi d\u0103 lini\u0219tea necesar\u0103 s\u0103 po\u021bi reveni cu for\u021be proaspete la via\u021ba de zi cu zi, s\u0103-\u021bi recape\u021bi r\u0103bdarea, s\u0103 redevii optimist \u0219i vesel, s\u0103-\u0163i faci meseria cu pl\u0103cere, s\u0103 ai energie \u00een primul r\u00e2nd pentru familie. Intri astfel \u00eentr-o lume ca o oaz\u0103, \u00een care speri c\u0103 scapi de probleme, de stres \u0219i e o alternativ\u0103 mult mai s\u0103n\u0103toas\u0103 ca lumea virtual\u0103 \u00een care din p\u0103cate intr\u0103 tot mai mul\u021bi \u0219i din care ne lupt\u0103m s\u0103-i sc\u0103p\u0103m pe ai no\u0219tri, pe copiii no\u0219tri. Pentru c\u0103 \u015fi lumea virtuala e un refugiu, o alternativ\u0103, ofer\u0103 provoc\u0103ri &#8230; \u0218i totu\u0219i \u0219i aceast\u0103 lume a alerg\u0103rii e real\u0103, vai, c\u00e2t de real\u0103! Am v\u0103zut asta la acest concurs. Pentru mine la Maraton Piatra Craiului au fost accidente, mici gre\u015feli cu urm\u0103ri grave. \u015ei Eniko \u015fi Edy au avut experien\u021b\u0103, cum am \u0219i eu. \u015ei eu mai gresesc, mi-am v\u0103zut moartea cu ochii cum se spune, dar m-a salvat p\u00e2n\u0103 acum c\u00e2te un dram de noroc. \u00cen mod con\u015ftient poate prima situa\u0163ie grav\u0103 prin care am trecut a fost \u00eentr-o drume\u0163ie din studen\u0163ie la Huda lui Papar\u0103. Toat\u0103 lumea era \u00een tab\u0103ra de corturi, eu m\u0103 trezesc s\u0103 plec \u00een plimbare prin p\u0103dure \u015fi &#8220;s\u0103 ca\u0163\u0103r&#8221; un perete. A\u015fa, f\u0103r\u0103 un motiv special, c\u0103 era acolo \u00een fa\u021ba mea. F\u0103r\u0103 echipament, c\u0103 oricum atunci nu te prea g\u00e2ndeai s\u0103 ai a\u015fa ceva, era perioada \u00een care \u00ee\u0163i manufacturai hamul dup\u0103 un model real sau dup\u0103 pozele din c\u0103r\u0163i. \u015ei dup\u0103 c\u00e2\u0163iva metri de c\u0103\u0163\u0103rat m\u0103 blochez cu \u00eenaintarea, nu mai era funny \u015fi vreau s\u0103 cobor. \u00cencerc, nu mai pot, e prea riscant. Ce s\u0103 fac, cine \u015ftie c\u00e2nd vor vedea ceilal\u0163i c\u0103 lipsesc, n-am spus la nimeni unde m\u0103 duc, pe atunci nu erau telefoane mobile. Am norocul s\u0103 g\u0103sesc o cale s\u0103 urc, fac un fel de tragere la sor\u0163i c\u0103 nu vedeam mare lucru \u00een sus, ajung spre sear\u0103 la corturi. M-au \u00eentrebat prietenii pe unde am fost, am zis c\u0103 pe dealuri. Dar am r\u0103mas la o vorb\u0103 de care m\u0103 \u0163in \u015fi acum, cine \u015ftie p\u00e2n\u0103 c\u00e2nd: uneori e suficient s\u0103 gre\u015fe\u015fti doar o singur\u0103 dat\u0103. M-a\u0163i v\u0103zut c\u0103\u0163\u0103r\u00e2ndu-m\u0103 vreodat\u0103, chiar dac\u0103 fac parte \u015fi dintr-un club alpin? Poate de aceea&#8230; Au trecut zeci de ani de atunci. \u0218i s\u0103 mai zici c\u0103 trecutul unui om nu conteaz\u0103&#8230; Dar acum? \u015ei acum mai scap ca prin urechile acului. De exemplu la MTB la una din edi\u0163iile Maratonului Gil\u0103ului. Da, \u015ftiu, sunt doar ni\u015fte dealuri. E suficient \u00eens\u0103 s\u0103 intre \u00een tine cineva, s\u0103 zbori pe nea\u015fteptate chiar dac\u0103 e\u015fti cu spd-uri, s\u0103 ai de ales \u00eentre pr\u0103pastie \u015fi un bolovan de care poate te vei zdrobi&#8230; dac\u0103 te po\u0163i prinde. Am avut noroc. \u015ei da, incredibil ce multe g\u00e2nduri po\u0163i cuprinde \u00een acele secunde. \u0218i imagini, nu de la fa\u021ba locului&#8230; \u015ei chiar la MPC \u00een 2014, c\u00e2nd ai ghinionul s\u0103 rico\u015feze aiurea o piatr\u0103 \u015fi abia s\u0103 apuci s\u0103 \u00eentorci pu\u0163in capul, piatra nimerind \u00een pometul unui obraz \u00eentre t\u00e2mpl\u0103 \u015fi ochi. Cum spuneau prietenii, ar\u0103tam ca Rambo \u015fi am fost sf\u0103tuit s\u0103 m\u0103 sp\u0103l c\u0103 speriu oamenii. A fost doar o sperietura, am \u00eencheiat chiar cu un timp bun pentru mine. Nu a fost prima edi\u0163ie pentru mine, iar despre fiecare edi\u0163ie eu cred c\u0103 am scris frumos pentru c\u0103 mi-au pl\u0103cut. Accident\u0103rile sunt a\u015fadar din vina proprie sau a celor din jur, nu pot spune care sunt mai periculoase. Dar sunt \u00een general mici \u0219i nu le \u021bii socoteala. La 2&#215;2 o dat\u0103 mi-a intrat v\u00e2rful unui picior \u00eentre st\u00e2nci \u015fi ca de obicei mai mult m\u00e2inile au avut de suferit. Puteam s\u0103-mi rup piciorul sau s\u0103 m\u0103 lovesc cu capul de o st\u00e2nc\u0103, \u00een ultima clip\u0103 am sc\u0103pat din menghin\u0103. Eram cu papuci de ultra \u015fi ace\u015ftia erau pu\u0163in mai largi \u015fi nu eram obi\u015fnuit. S\u0103 nu pun doar curse din Rom\u00e2nia: de\u015fi am fost la pu\u0163ine pe alte meleaguri, evenimente am avut, minore \u00een general. La TDS din Fran\u0163a \u00een 2015 am stat prea aproape de cineva, am vrut s\u0103 trec, m-am \u00eempiedicat \u015fi am c\u0103zut spre vale. Norocul meu a fost c\u0103 erau serpentine \u00een acea vale \u015fi am aterizat \u00een aceea\u015fi potec\u0103 mai jos, aleg\u00e2ndu-m\u0103 doar cu julituri. Dac\u0103 fiecare dintre noi am sta s\u0103 privim \u00een urm\u0103, probabil c\u0103 nu sunt singurul &#8220;\u00eempiedicat&#8221; din lume. Nu ne place \u00eens\u0103 s\u0103 povestim despre situa\u0163iile limit\u0103. \u015ei \u00een niciuna din situa\u0163iile critice prin care am trecut nici nu mi-a trecut prin minte s\u0103 pun m\u0103car o parte din vin\u0103 pe organizatori. Nu a fost cazul. Ca de obicei am \u00eencercat s\u0103 trag concluzii, s\u0103 pot evita astfel de evenimente. Am 50 de ani, parc\u0103 cu toata experien\u0163a mea tot mai des am mici probleme, \u015fi acum am un deget de la o m\u00e2n\u0103 pe care nu-l pot \u00eendrepta, la 3 luni dup\u0103 Marathon 7500. Ar fi trebuit s\u0103-l pun \u00een ghips, dar v-am spus c\u00e2t ca des merg la medic. \u015ei totu\u015fi alergarea montan\u0103 e o necesitate pentru mine. Nu conteaz\u0103 c\u0103 mai cad. Nu e o lume ideala, dar nici nu e lumea Alexandrei. A fost invitat la un post tv un pensionar, fost \u015fef la un departament ce r\u0103spundea de siguran\u0163a cet\u0103\u0163eanului. \u015ei el a spus c\u0103 e normal s\u0103 fie sute de dispari\u0163ii pe an \u00een Rom\u00e2nia. P\u0103rea p\u00e2n\u0103 la aceste cuvinte bine documentat, c\u0103 \u015ftie ce spune. Toat\u0103 lumea a fost revoltat\u0103, inclusiv eu: cum adic\u0103, cum po\u0163i afirma \u00een ziua de ast\u0103zi a\u015fa ceva? Pentru mine era clar, cel pu\u0163in a dovedit lips\u0103 total\u0103 de tact \u015fi o folosire inacceptabil\u0103 a cuv\u00e2ntului &#8220;normal&#8221;. \u015ei, evident, c\u0103 vrea televiziunea respectiv\u0103 s\u0103 fac\u0103 audien\u0163\u0103. Dar dac\u0103 omul \u0103sta a spus din statisticile care sunt parc\u0103 &#8220;dezumanizate&#8221;, din cele de pe vremea lui? Sau de acum? Dac\u0103 a mers acas\u0103 \u00eentreb\u00e2ndu-se unde a gre\u015fit, c\u0103 el a\u015fa \u0163ine minte? Dac\u0103 are o memorie beton, c\u0103 unii chiar a\u0219a au, crede\u021bi-m\u0103! Cum st\u0103m \u00een lumea alerg\u0103rii montane cu statisticile referitoare la evenimente negative? Nimic p\u00e2n\u0103 acum la noi \u00een \u0163ar\u0103&#8230; Dar la MTB, ciclism de \u015fosea, fotbal etc avem cazuri. La bunul sim\u0163 riscurile specifice alerg\u0103rii montane se adaug\u0103 la cele de la alergarea de \u015fosea. \u015etiu c\u0103 americanii sunt obseda\u0163i de statistici la orice sport \u015fi nu numai. Primul meu contact cu statisticile lor a fost la baschet, la NBA. Pentru ei oamenii sunt cifre, ca la contabilitate. Nu degeaba sunt \u015fi glume pe seama &#8220;cercet\u0103torilor americani&#8221;. Ei spun c\u0103 la maratoanele de \u015fosea moare un om la 100.000 participan\u0163i \u00een timpul sau \u00een urm\u0103toarele 24 de ore. \u00cen general cauza e infarctul datorat hiponatrenamiei. La triatloanele de tip ironman statisticile sunt mai negative. Dup\u0103 primul meu Xman de la Oradea so\u0163ia n-a mai vrut s\u0103 mai particip la altele, fiica &#8211; micu\u0163\u0103 atunci, chiar a pl\u00e2ns, deci nu ar\u0103tam prea bine. Mie mi se p\u0103rea c\u0103 sunt ok. La cel mai mare maraton din lume, la cel din New-York, se \u015ftie c\u0103 \u00een fiecare an moare cineva. Adic\u0103 c\u00e2\u015ftigi la tragerea la sor\u0163i, te duci \u00eempreun\u0103 cu cei 90.000 de participan\u0163i la concurs, te ui\u0163i la cei din jur \u015fi spui: unul din noi murim azi, iar din cei r\u0103ma\u015fi 60.000 termin\u0103 maratonul; cei cu inima slab\u0103 s\u0103 plece acas\u0103. Asta e statistica dezumanizat\u0103, dar e adev\u0103rul. Oare c\u00e2\u021bi concuren\u021bi ajung la ambulan\u021be sub diferite motive la maratoanele de \u0219osea? Cred c\u0103 ne-ar speria cifrele. \u015ei oamenii particip\u0103 \u00een continuare la concursuri, via\u0163a merge \u00eenainte. Fiecare participare a mea la MPC am considerat-o o s\u0103rb\u0103toare, de fiecare dat\u0103 am \u00eencercat s\u0103 scriu ceva c\u00e2t de c\u00e2t folositor. De ce tot scriu? Scrie acolo sus pe blog \u00een col\u0163ul din dreapta, simplu cum \u00eemi place mie: s\u0103 am ce povesti nepo\u0163ilor. \u015etiti de unde a pornit blogul? Tot de la o experien\u0163\u0103 de via\u0163\u0103. Un unchi al cuiva a trecut prin dou\u0103 r\u0103zboaie \u015fi povestea foarte frumos \u015fi interesant, a avut o via\u021b\u0103 grea \u0219i pierderi la care nu \u0219tiu cum de a rezistat cu mintea \u00eentreag\u0103. Dar era b\u0103tr\u00e2n, iar pe zi ce trece pove\u015ftile se scurtau, le repeta pe tot mai pu\u0163ine p\u00e2n\u0103 a ajuns la una. Eu vreau s\u0103 nu-i plictisesc pe ai mei, dac\u0103 vor peste ani s\u0103 citeasc\u0103 pove\u015ftile mele al\u0103turi de mine, s\u0103 nu m\u0103 repet&#8230; Eu doresc s\u0103 fiu un om normal cu nepo\u0163i, at\u00e2t. Normalul de alt\u0103dat\u0103. Mereu am apreciat ce a facut Luci Clinciu pentru comunitatea alerg\u0103torilor montani. Regulamentul de la Circuitul Carpa\u0163ilor, \u00eenainte cele de la cursele CarpathianMan le-am tot dat exemplu pentru cine m\u0103 \u00eentreba \u015fi dorea s\u0103 organizeze un concurs. Dac\u0103 li se p\u0103rea ceva nepotrivit puteau s\u0103 cear\u0103 explica\u021bii, s\u0103 modifice dup\u0103 aceea. Am scris \u015fi acum doi ani despre asta, despre faptul c\u0103 a dorit standardizarea concursurilor, asigurarea unui nivel de condi\u0163ii \u015fi siguran\u0163\u0103 astfel \u00eenc\u00e2t oricine dore\u015fte s\u0103 participe la concursurile din Circuit s\u0103 fie sigur c\u0103 nu are surprize negative. \u015ei \u00een str\u0103in\u0103tate exist\u0103 ITRA unde sunt membru de c\u00e2\u0163iva ani, mi s-a p\u0103rut de asemenea o idee bun\u0103, eu la acele concursuri merg care sunt \u00eenscrise la ITRA. Acum traseul a fost umed, ca urmare pe unele por\u0163iuni erai mai lent, dar pe altele erai mai rapid. Pietrele parc\u0103 erau mai lipite \u0219i nu mai fugeau a\u0219a de sub t\u0103lpi. Unii au scos recorduri personale. Corzile cu noduri suplimentare puse \u00een por\u021biunile mai dificile de pe traseul turistic pe mine m-au ajutat, m-am sim\u0163it \u00een siguran\u0163\u0103, erau \u015fi salvamonti\u015fti pe traseu. Dar c\u00e2nd e s\u0103 se \u00eent\u00e2mple, doar un pic de noroc&#8230; Trist \u015fi dureros! Nu \u015ftiu ce a fost acolo. Atunci am auzit zvonuri la finish, am ajuns repede la cazare \u015fi am citit \u00een ziarele online. M-am g\u00e2ndit la ai mei, am sunat, am \u00eencheiat cu &#8220;v\u0103 pup&#8221; \u015fi nu le-am spus nimic, mai speram. Li s-a p\u0103rut ciudat\u0103 \u00eencheierea, iar dup\u0103 ce au v\u0103zut o \u015ftire la tv m-au resunat s\u0103 \u015ftie c\u0103 sunt bine. Cam \u015ftiu ce \u015fi-au imaginat&#8230; Mult\u0103 lume a fost cu sufletul la gur\u0103, \u015fi de acolo, \u015fi din alte p\u0103r\u0163i. Nu vreau s\u0103 compar cu nimic acele ore. Ce va urma nu \u015ftiu. Doar \u015ftiu c\u0103 alergarea montan\u0103 e \u00eenc\u0103 o necesitate pentru mine. Poate a fost \u015fi pentru EI. \u015etiu c\u0103 mereu \u00eemi voi aduce aminte de Eniko \u015fi Edy. Cursa mea? Ar fi fost frumoas\u0103, cum am trecut de prietenii mei din categorie, cum m-am str\u0103duit ca de obicei. 4h55min, prima dat\u0103 sub 5 ore, probabil locul 3 la categorie \u015fi 33 general. Din p\u0103cate cursa nu va r\u0103m\u00e2ne cu amintirea unor rezultate. S\u0103 ne g\u00e2ndim \u0219i la ce \u015fi-ar dori ei, cei trecu\u0163i \u00een eternitate. Dumnezeu s\u0103-i ierte \u015fi s\u0103-i odihneasc\u0103!<\/p>\n","protected":false},"author":1,"featured_media":0,"comment_status":"open","ping_status":"open","sticky":false,"template":"","format":"standard","meta":{"ngg_post_thumbnail":0,"footnotes":""},"categories":[126,131,313,142,311,312],"tags":[424,593,436,591,592],"class_list":["post-2908","post","type-post","status-publish","format-standard","hentry","category-alergare","category-localitati-si-zone","category-maraton-piatra-craiului","category-munti","category-piatra-craiului","category-zarnesti","tag-alergare","tag-maraton-piatra-craiului","tag-munti","tag-piatra-craiului","tag-zarnesti"],"_links":{"self":[{"href":"https:\/\/www.unpicdetimpliber.ro\/wordpress\/wp-json\/wp\/v2\/posts\/2908","targetHints":{"allow":["GET"]}}],"collection":[{"href":"https:\/\/www.unpicdetimpliber.ro\/wordpress\/wp-json\/wp\/v2\/posts"}],"about":[{"href":"https:\/\/www.unpicdetimpliber.ro\/wordpress\/wp-json\/wp\/v2\/types\/post"}],"author":[{"embeddable":true,"href":"https:\/\/www.unpicdetimpliber.ro\/wordpress\/wp-json\/wp\/v2\/users\/1"}],"replies":[{"embeddable":true,"href":"https:\/\/www.unpicdetimpliber.ro\/wordpress\/wp-json\/wp\/v2\/comments?post=2908"}],"version-history":[{"count":23,"href":"https:\/\/www.unpicdetimpliber.ro\/wordpress\/wp-json\/wp\/v2\/posts\/2908\/revisions"}],"predecessor-version":[{"id":2932,"href":"https:\/\/www.unpicdetimpliber.ro\/wordpress\/wp-json\/wp\/v2\/posts\/2908\/revisions\/2932"}],"wp:attachment":[{"href":"https:\/\/www.unpicdetimpliber.ro\/wordpress\/wp-json\/wp\/v2\/media?parent=2908"}],"wp:term":[{"taxonomy":"category","embeddable":true,"href":"https:\/\/www.unpicdetimpliber.ro\/wordpress\/wp-json\/wp\/v2\/categories?post=2908"},{"taxonomy":"post_tag","embeddable":true,"href":"https:\/\/www.unpicdetimpliber.ro\/wordpress\/wp-json\/wp\/v2\/tags?post=2908"}],"curies":[{"name":"wp","href":"https:\/\/api.w.org\/{rel}","templated":true}]}}