{"id":3562,"date":"2021-05-22T17:53:39","date_gmt":"2021-05-22T15:53:39","guid":{"rendered":"http:\/\/www.unpicdetimpliber.ro\/?p=3562"},"modified":"2021-05-25T12:52:34","modified_gmt":"2021-05-25T10:52:34","slug":"transylvania-legends","status":"publish","type":"post","link":"https:\/\/www.unpicdetimpliber.ro\/wordpress\/2021\/05\/transylvania-legends.html","title":{"rendered":"Transylvania Legends"},"content":{"rendered":"<div class=\"fcbkbttn_buttons_block\" id=\"fcbkbttn_left\"><div class=\"fcbkbttn_like \"><fb:like href=\"https:\/\/www.unpicdetimpliber.ro\/wordpress\/2021\/05\/transylvania-legends.html\" action=\"like\" colorscheme=\"light\" layout=\"box_count\"  size=\"small\"><\/fb:like><\/div><div class=\"fb-share-button  \" data-href=\"https:\/\/www.unpicdetimpliber.ro\/wordpress\/2021\/05\/transylvania-legends.html\" data-type=\"button_count\" data-size=\"small\"><\/div><\/div>\n<p>Nu \u0219tiu de ce mi-a zburat g\u00e2ndul \u00een clipa asta la epopeea lui Ghilgame\u0219. Habar n-am, nu-i nicio leg\u0103tur\u0103, a\u0219a se plimb\u0103 el&#8230; Nici nu am ajuns nemuritor, nici legendar, nici &#8220;Trotinetist&#8221;, nici &#8220;American&#8221;&#8230; Am s\u0103 v\u0103 spun eu de unde vin cuvintele acestea. Dar clar a fost o epopee pentru mine, sau cum am mai numit-o &#8211; transhuman\u021b\u0103 de trail, circ ambulant&#8230; Dar denumite a\u0219a, cu duio\u0219ie. Alt cuv\u00e2nt mai neobi\u0219nuit pentru mine, sigur nu l-am mai folosit niciodat\u0103 pe blog.<\/p>\n\n\n\n<p>Ce a fost <a href=\"https:\/\/transylvania-legends.com\/\"><strong>Transylvania Legends<\/strong><\/a>? Cum le place s\u0103 spun\u0103 la organizatori: <em>un proiect social<\/em>. Unul dedicat copiilor de la <strong><a href=\"https:\/\/www.sfantulleontie.ro\/\">A\u0219ez\u0103m\u00e2ntul Sf\u00e2ntul Leontie din R\u0103d\u0103u\u021bi<\/a><\/strong> (e prima dat\u0103 c\u00e2nd am fost \u00een acest ora\u0219 bucovinean), un loc unde o mul\u021bime de copii sunt \u00eengriji\u021bi \u0219i sprijini\u021bi s\u0103 ajung\u0103 departe c\u00e2nd vor fi mari. Din spusele lui Florin Alexandru, la \u00eenceput un copil a dorit un co\u0219 de baschet. \u0218i apoi, pentru a face un bine, pentru a \u00eemplini un mic vis pentru unii dar mare pentru acel b\u0103iat, o m\u00e2n\u0103 de oameni inimo\u0219i au ajuns &#8230; s\u0103 str\u0103bat\u0103 jum\u0103tate de \u021bar\u0103 cu noi al\u0103turi. Le mul\u021bumesc, enum\u0103r al\u0103turi de Florin pe Florentina Paval &#8211; &#8220;profa de mate&#8221;, Adrian Paval, Ioan Coroiu, fotograful Victor \u0218tefan&#8230; \u0218i mai sunt, \u00een avalan\u0219a \u00eent\u00e2mpl\u0103rilor zilnice multe am uitat sau am sc\u0103pat, a\u0219adar &#8230; mai pot completa dac\u0103 \u00eemi scrie\u021bi.<\/p>\n\n\n\n<p>Pun mai jos o poz\u0103 cu traseul parcurs (cu verde), comparativ cu cel ini\u021bial (cu albastru). E o parte din <strong><a href=\"https:\/\/www.facebook.com\/ViaTransilvanica\/\">Via Transilvanica<\/a><\/strong>, un alt proiect pe cale de realizare al unor al\u021bi oameni cu ini\u021biativ\u0103 \u0219i idei mari pentru viitor: al celor de la T\u0103\u0219uleasa Social. Vor fi 1000km, de la M\u0103n\u0103stirea Putna la Drobeta Turnu-Severin.<br><strong>Noi am parcurs traseul de la M\u0103n\u0103stirea Putna la Media\u0219.<\/strong> Ini\u021bial planul era ca traseul s\u0103 fie de 641km lungime \u0219i peste 19000m diferen\u021b\u0103 de nivel, dar condii\u021biile meteo (Vatra Dornei), starea traseelor (Sadova), restric\u021biile (Lupeni din Harghita) au mai redus din parametri, cei care au parcurs tot traseul \u00een cele 8 etape, \u00eentre care \u0219i eu, <strong>am alergat 545km cu peste 15000m diferen\u021b\u0103 de nivel<\/strong>. Am trecut prin toate cele 4 sezoane de-a lungul acestui drum, a fost &#8230; de poveste. Am \u00eencheiat <strong>pe locul 3 la open<\/strong>, dup\u0103 adversari prea buni pentru mine &#8211; Adrian Costea \u0219i Codrea Silip. Ce e de remarcat e c\u0103 orice lucru mare, dac\u0103-l abordezi pe buc\u0103\u021bi mici, e accesibil \u0219i realizabil. Doar s\u0103 vrei, s\u0103 ai r\u0103bdare, s\u0103 ai perseveren\u021b\u0103. Am fost 6 persoane cu to\u021bii care am parcurs traseul \u0219i niciunul dintre noi nu suntem avioane. <strong><a href=\"https:\/\/transylvania-legends.com\/en\/live-tracking-2\/\">Clasamentul<\/a><\/strong> st\u0103 m\u0103rturie, au mai fost Florin, Emil Bodea \u0219i Lucian Dincea. Iar cei care au participat la toate etapele dar nu s-au \u00eencadrat uneori \u00een timpii intermediari au fost mai mul\u021bi, inclusiv femei. Bravo la to\u021bi, s\u0103 nu uit\u0103m \u00eens\u0103 c\u0103 au fost nume mari \u00een alergarea montan\u0103 de la noi care au putut participa doar la c\u00e2teva etape \u0219i \u0219i-au demonstrat valoarea, iar rolul lor \u00een cadrul proiectului probabil a fost mai mare prin notorietatea adus\u0103: Robert Hajnal, Bartha Balint, C\u0103t\u0103lin \u0218orec\u0103u, S\u0103l\u0103gean \u0218tefan, Szabolcs Takacs, Cristian Pop, Marius Iorga, Andrei Ailenei&#8230; Ei na, dac\u0103 de unii n-a\u021bi auzit, ve\u021bi auzi. <\/p>\n\n\n<div class=\"embed-gphotos  wp-caption\"><a href=\"https:\/\/photos.google.com\/share\/AF1QipMYWlQmcEn0zkWI0GNWuWypVWml4z8YjIx28AUWw_yufEELKGKYHL3HHh64VUpBQw?key=eUw4WVhsTG9jNFp5Y2htYnBjcTRCTlpoM1FXWk53\" target=\"_blank\"><img loading=\"lazy\" decoding=\"async\"    src=\"https:\/\/lh3.googleusercontent.com\/3eWawlc1rQRr8tyfeC6BJtjSkZYvuqKyjsbYkcGVVm0LrSSobQeRfV8yUzZQVwNLnyXgpQhNZOO61bdbBTJaeuB5MFIy1KoFea7AJK_96_8jkk_NRYjlNB-tQyoa_g4-MX4s_u6WF1c=w600-h1000\" width=\"600\" height=\"340\"   ><\/a><\/p>\n<p class=\"wp-caption-text\"><a href=\"https:\/\/photos.google.com\/share\/AF1QipMYWlQmcEn0zkWI0GNWuWypVWml4z8YjIx28AUWw_yufEELKGKYHL3HHh64VUpBQw?key=eUw4WVhsTG9jNFp5Y2htYnBjcTRCTlpoM1FXWk53\" target=\"_blank\">Traseu \/ Google Photos<\/a><\/p>\n<\/div>\n\n\n\n<p>A\u0219adar, ce a fost Transylvania Legends? Am scris eu multe la<strong> interviul ini\u021bial din 7 aprilie<\/strong>. Pe scurt: un proiect cu trei p\u0103r\u021bi: latura social\u0103 &#8211; dona\u021biile pentru copiii de la A\u0219ez\u0103m\u00e2nt, latura explorativ\u0103 &#8211; parcurgerea traseului Via Transilvanica \u0219i latura competi\u021bional\u0103 &#8211; s\u0103 m\u0103 lupt pentru primele locuri \u00eentr-o competi\u021bie cu 8 etape de ultradistan\u021b\u0103 (a durat 9 zile, din 22 aprilie \u00een 30 aprilie, ziua de pauz\u0103 a fost dup\u0103 etapa a IV-a).<\/p>\n\n\n\n<p id=\"RevenireInterviu\">Pun mai jos linkul la interviu, publicat pe Facebook. M-au caracterizat \u00eentr-un cuv\u00e2nt &#8211; &#8220;Tacticianul&#8221;. Mul\u021bumesc!<br>Textul este de asemenea ata\u0219at la sf\u00e2r\u0219itul post\u0103rii, e mai u\u0219or de citit &#8211; <strong><a href=\"https:\/\/www.unpicdetimpliber.ro\/wordpress\/2021\/05\/transylvania-legends.html#Interviu7Aprilie\">linkul<\/a><\/strong> .<\/p>\n\n\n<p><iframe loading=\"lazy\" src=\"https:\/\/www.facebook.com\/plugins\/post.php?href=https%3A%2F%2Fwww.facebook.com%2Flaurentiuvezentan%2Fposts%2F10224366392692455&amp;show_text=true&amp;width=500\" width=\"400\" height=\"578\" style=\"border:none;overflow:hidden\" scrolling=\"no\" frameborder=\"0\" allowfullscreen=\"true\" allow=\"autoplay; clipboard-write; encrypted-media; picture-in-picture; web-share\"><\/iframe><\/p>\n\n\n\n<p>M-am str\u0103duit ca r\u0103spunsurile s\u0103 m\u0103 reprezinte c\u00e2t mai bine, chiar s\u0103 ajute. Cum a fost la final, ce a \u00eensemnat realitatea \u0219i c\u00e2t a corespuns a\u0219tept\u0103rilor, dau mai jos linkul la interviul cu Florin. <\/p>\n\n\n<p><iframe loading=\"lazy\" src=\"https:\/\/www.facebook.com\/plugins\/video.php?height=314&#038;href=https%3A%2F%2Fwww.facebook.com%2F106284614880469%2Fvideos%2F4356121921089400%2F&#038;show_text=false&#038;width=560\" width=\"560\" height=\"314\" style=\"border:none;overflow:hidden\" scrolling=\"no\" frameborder=\"0\" allowfullscreen=\"true\" allow=\"autoplay; clipboard-write; encrypted-media; picture-in-picture; web-share\" allowFullScreen=\"true\"><\/iframe><\/p>\n\n\n\n<p>\u00cen mod clar a\u0219tept\u0103rile mele au fost dep\u0103\u0219ite sub toate aspectele, am fost impresionat. Iar locul meu final este corect, nu am a m\u0103 pl\u00e2nge, dac\u0103 e s\u0103 m\u0103 refer la partea competi\u021bional\u0103. Mi-am respectat statusul initial \u00eentre concuren\u021bii care au ales s\u0103 parcurg\u0103 toate etapele.<br>Tot la capitolul interviuri, pentru c\u0103 anul acesta a \u00eenceput mai deosebit \u0219i pentru c\u0103 are leg\u0103tur\u0103 cu alergarea, ata\u0219ez \u0219i un <strong>&#8220;Runterview&#8221; cu Peter Grezer<\/strong>. <\/p>\n\n\n<p><iframe loading=\"lazy\" width=\"560\" height=\"315\" src=\"https:\/\/www.youtube.com\/embed\/jEoTODMOU6U\" title=\"YouTube video player\" frameborder=\"0\" allow=\"accelerometer; autoplay; clipboard-write; encrypted-media; gyroscope; picture-in-picture\" allowfullscreen=\"\"><\/iframe><\/p>\n\n\n\n<p><strong>Am \u00eencheiat cu &#8230; introducerea. Am avut nevoie de un tabel s\u0103-mi trec observa\u021biile, amintirile pentru cele 8 etape. <\/strong><br><br>Cum a \u00eenceput totul? Cu o invita\u021bie a lui Florin, s\u0103 particip la competi\u021bie. S\u0103 v\u0103 spun drept, c\u00e2te ceva auzisem, mai ales c\u0103 \u00een iunie va fi un ultramaraton pe o por\u021biune din Via Transilvanica. Dar eram blocat \u00eentre Istria 100 Mile din aprilie \u0219i Balaton Ultramaraton 220km din 15 mai. \u0218i atunci mi-am scos din minte alte competi\u021bii. \u0218i&#8230; nu \u0219tiu cum, nu s-au mai \u021binut. Istria tocmai se am\u00e2nase c\u00e2nd m-a contactat Florin, iar cursa de la Balaton la fel, dar c\u00e2nd am citit mailul acela deja eram \u00een concurs la Transylvania Legends. Am fost onorat de invita\u021bie \u0219i m-am bucurat, chiar dac\u0103 eram con\u0219tient c\u0103 traseul nu m\u0103 avantajeaz\u0103, era prea rapid, nu eram preg\u0103tit pentru a\u0219a ceva, nu m\u0103 puteam &#8220;\u00eengr\u0103\u0219a&#8221; \u00een dou\u0103-trei s\u0103pt\u0103m\u00e2ni. Eu m\u0103 preg\u0103tisem pentru 170km unde era nevoie de ritm mai sc\u0103zut dar sus\u021binut pentru mai mult de 24h odat\u0103. Dar era ceva nou, era o aventur\u0103! \u0218i neaparat am dorit s\u0103 parcurg toate cele 8 etape, s\u0103 v\u0103d cele 4 \u021binuturi str\u0103b\u0103tute: Bucovina, \u021ainutul de Sus, \u021ainutul Secuiesc \u0219i \u021ainutul S\u0103sesc.<br>Dou\u0103 s\u0103pt\u0103m\u00e2ni la o competi\u021bie nu e glum\u0103. Am avut de tras s\u0103 ajung la liman cu planurile mele de acas\u0103, am fost tot pe fug\u0103 &#8230; f\u0103r\u0103 s\u0103 alerg mai deloc s\u0103pt\u0103m\u00e2nile r\u0103mase p\u00e2n\u0103 la start. \u0218i la fel sunt \u0219i acum, c\u00e2nd scriu! E deja 22 mai, construiesc ceva \u0219i m\u0103 antrenez muncind fizic!<br><br>Pauz\u0103 p\u00e2n\u0103 m\u00e2ine&#8230;<\/p>\n\n\n\n<p>Afi\u0219ez mai jos un <strong>tabel cu date tehnice despre traseu \u0219i rezultatele mele<\/strong>, pentru o vedere de ansamblu. Trebuie spus c\u0103 din momentul intr\u0103rii \u00een regim de competi\u021bie nu mi-am mai f\u0103cut loc de alte g\u00e2nduri, am \u00eencercat s\u0103 ob\u021bin maximul \u0219i asta n-am putut ob\u021bine dec\u00e2t l\u0103s\u00e2nd tot altceva la o parte. M-am desprins abia la fluierul final, dup\u0103 ultima etap\u0103 \u0219i cred c\u0103 s-a observat asta la un alt interviu, la cald, la o jum\u0103tate de or\u0103 dup\u0103 finishul celor 8 etape, unde \u00een virtutea iner\u021biei am vorbit doar despre aspectul competi\u021bional.<\/p>\n\n\n\n<figure id=\"TabelDateTehnice\" class=\"wp-block-table .wp-block-table table { min-width: 40rem; }\"><table class=\"has-subtle-pale-blue-background-color has-background\"><thead><tr><th>Etap\u0103<\/th><th>Lungime<br>ini\u021bial\/real<\/th><th>Dif nivel<br>ini\u021bial\/real<\/th><th>Timp<\/th><th>Loc etap\u0103<\/th><th>Loc general<\/th><th>Dif timp\/loc etap\u0103\/loc gen<br> Adi Costea<\/th><th>Dif timp\/loc etap\u0103\/loc gen<br>Silip<\/th><\/tr><\/thead><tbody><tr><td>1<\/td><td>80,64km<\/td><td>3356m<\/td><td><\/td><td><\/td><td><\/td><td><strong>-6min<\/strong><\/td><td><strong>-6min<\/strong><\/td><\/tr><tr><td><\/td><td>40km<\/td><td>1465m<\/td><td>4h39min<\/td><td>4\/32<\/td><td>4<\/td><td>5-6 et, 5-6 general<\/td><td>5-6 et, 5-6 gen<\/td><\/tr><tr><td>2<\/td><td>84,92km<\/td><td>2537m<\/td><td><\/td><td><\/td><td><\/td><td>+28min=22min<\/td><td>+28min=22min<\/td><\/tr><tr><td><\/td><td>51km<\/td><td>1423m<\/td><td>6h15min<\/td><td>6\/27<\/td><td>5<\/td><td>3-5 et, 2-3 gen<\/td><td>3-5 et, 2-3 gen<\/td><\/tr><tr><td>3<\/td><td>102,63km<\/td><td>2312m<\/td><td><\/td><td><\/td><td><\/td><td><strong>0min<\/strong>=22min<\/td><td><strong>0min<\/strong>=22min<\/td><\/tr><tr><td><\/td><td>91km<\/td><td>1905m<\/td><td>10h04min<\/td><td>2-4\/23<\/td><td>3<\/td><td>2-4 et, 1-2 gen<\/td><td>2-4 et, 1-2 gen<\/td><\/tr><tr><td>4<\/td><td>80km<\/td><td>2000+m<\/td><td><\/td><td><\/td><td><\/td><td>+31min=53min<\/td><td>+29min=51min<\/td><\/tr><tr><td><\/td><td>87km<\/td><td>2600m<\/td><td>10h56min<\/td><td>6\/21<\/td><td>3<\/td><td>2 et, 1 gen<\/td><td>3-4 et, 2 gen (+2min)<\/td><\/tr><tr><td>5<\/td><td>67,89km<\/td><td>2032m<\/td><td><\/td><td><\/td><td><\/td><td>+49min=1h42min<\/td><td>+39min=1h30min<\/td><\/tr><tr><td><\/td><td>64km<\/td><td>1767m<\/td><td>7h26min<\/td><td>7\/24<\/td><td>3<\/td><td>3-4 et, 1 gen<\/td><td>6 et, 2 gen (+12min)<\/td><\/tr><tr><td>6<\/td><td>86,00km<\/td><td>2000+m<\/td><td><\/td><td><\/td><td><\/td><td>+44min=2h26min<\/td><td>+45min=2h15min<\/td><\/tr><tr><td><\/td><td>68km<\/td><td>1676m<\/td><td>8h16min<\/td><td>7\/20<\/td><td>3<\/td><td>4 et, 1 gen<\/td><td>3 et, 2 gen (+11min)<\/td><\/tr><tr><td>7<\/td><td>80,00km<\/td><td>1500+m<\/td><td><\/td><td><\/td><td><\/td><td>+1h36min=4h02min<\/td><td>+1h41min=3h56min<\/td><\/tr><tr><td><\/td><td>85km<\/td><td>1991m<\/td><td>10h16min<\/td><td>6\/16<\/td><td>3<\/td><td>5 et, 1 gen<\/td><td>3-4 et, 2 gen (+6min)<\/td><\/tr><tr><td>8<\/td><td>56,03km<\/td><td>1787m<\/td><td><\/td><td><\/td><td><\/td><td>+1h37min=5h39min<\/td><td>+1h34min=5h30min<\/td><\/tr><tr><td><\/td><td>56km<\/td><td>1646m<\/td><td>7h35min<\/td><td>17\/39<\/td><td>3\/64<\/td><td>5 et, 1 gen<\/td><td>7 et, 2 gen (+9min)<\/td><\/tr><tr><td><strong>Total timp:<\/strong><\/td><td>Adrian Costea<\/td><td>loc1<br>60h28m<\/td><td>Codrea Silip<\/td><td>loc2<br>60h37m<\/td><td>Veze<\/td><td>loc3<br>66h08min<\/td><td><\/td><\/tr><tr><td><\/td><td>Florin Alexandru<\/td><td>loc4<br>73h27m<\/td><td>Emil Bodea<\/td><td>loc5<br>84h52m<\/td><td>Lucian Dincea<\/td><td>loc6<br>86h31min<\/td><td><\/td><\/tr><\/tbody><\/table><\/figure>\n\n\n\n<p>Acum, mai pe larg despre etape, \u00een parte \u0219i pe baza a ceea ce am mai scris pe facebook, dar nu \u00eenainte de a scrie un rezumat \u0219i c\u00e2teva concluzii pentru cei care se ghideaz\u0103 dup\u0103 proverbul &#8220;vorba mult\u0103, s\u0103r\u0103cia omului&#8221;.<\/p>\n\n\n\n<p><strong>Rezumat \u0219i concluzii:<\/strong><br>A fost un concurs peste a\u0219tept\u0103rile mele, eu eram preg\u0103tit pentru condi\u021bii mult mai dure, fiind con\u0219tient c\u0103 uneori s-ar putea s\u0103 nu am vreme, s\u0103 nu pot efectiv s\u0103 ajung \u00een civiliza\u021bie s\u0103-mi asigur m\u00e2ncare suplimentar\u0103, s\u0103 fac cump\u0103r\u0103turi, s\u0103 scot bani&#8230; <br>N-am sperat ca zi de zi organizatorii s\u0103 aib\u0103 grij\u0103 de noi ca \u0219i o clo\u0219c\u0103 de puii ei. <br>Pentru c\u0103 vorbesc \u00een numele meu, mie nu mi-a lipsit nimic, am avut condi\u021bii \u0219i de cazare foarte bune, o singur\u0103 dat\u0103 am dormit la cort de\u0219i m\u0103 a\u0219teptam s\u0103 fie chiar zilnic. La punctele de alimentare, ce-i drept &#8211; mai rare de cum eram obi\u0219nuit, am avut tot ce de obicei m\u0103n\u00e2nc la concursurile de ultra (p\u00e2n\u0103 la distan\u021b\u0103 de maraton nu prea m\u0103 \u00eenghesui s\u0103 m\u0103 opresc, ci doar daca-mi trebuie lichide). <br>Am fost \u00eentr-o companie fain\u0103, am mai f\u0103cut prieteni, am ajuns s\u0103 fim uni\u021bi, s\u0103 ne ajut\u0103m &#8211; de la concuren\u021bi la voluntari, fotograf (da, doar unul, dar a f\u0103cut poze foarte frumoase \u0219i a acoperit traseul) \u0219i organizatori.<br>Ca traseu am avut parte de toate, inclusiv \u0219osea. Locurile au fost pitore\u0219ti, multe cunoscute \u0219i renumite, altele izolate \u0219i lini\u0219tite. Cred c\u0103 fiecare dintre noi \u0219i-a g\u0103sit ceva s\u0103 admire, s\u0103 i se potriveasc\u0103. Am trecut prin 4 anotimpuri, am avut parte \u0219i de noroi, \u0219i de z\u0103pad\u0103, de iarb\u0103 ud\u0103, \u0219i de ploaie \u0219i soare puternic. Ne-am adaptat \u0219i noi, concuren\u021bii, dar \u0219i organizatorii, am fost ca un organism viu care se deplasa dintr-un loc \u00een altul. De aceea am spus la un moment dat c\u0103 parc\u0103 suntem un circ ambulant care \u00eenveselim localit\u0103\u021bile, sau cel pu\u021bin le mai scoatem din amor\u021beal\u0103, din rutin\u0103.<br>Am trecut prin locuri unde localnicii ne-au ajutat, ne-au \u00eencurajat, e un bun \u00eenceput pentru stilul de via\u021b\u0103 \u0219i de comportament pe care l-am \u00eent\u00e2nit \u00een concursurile mele din afara \u021b\u0103rii.<br>A ie\u0219it totul bine \u0219i pentru c\u0103 organizatorii au avut sf\u0103tuitori buni at\u00e2t \u00een timpul concursului c\u00e2t \u0219i \u00eenainte, la preg\u0103tiri, \u0219i nu au considerat c\u0103 le pic\u0103 epole\u021bii dac\u0103 \u021bin cont de sugestii \u0219i sfaturi. Un rol important au avut Robert Hajnal, care a \u0219i participat la prima etap\u0103 \u0219i s-a deplasat apoi cu noi la sediul T\u0103\u0219uleasa Social de l\u00e2ng\u0103 Piatra F\u00e2nt\u00e2nele, Tibi U\u0219eriu. <br>Sper ca \u0219i copiii de la care a pornit toat\u0103 aventura s\u0103 aib\u0103 parte de un viitor frumos, s\u0103 continue concursul care e un unicat la noi \u00een \u021bar\u0103. <br>Logistic a fost o mare provocare, sunt convins. Cheltuielile au fost mari, iar efortul cred c\u0103 e foarte greu de contabilizat. Spre compara\u021bie, cine dore\u0219te se poate uita la concursuri pe etape care asigur\u0103 de toate, pe model all inclusive. Pun dou\u0103 linkuri, nu are mare relevan\u021b\u0103 c\u0103 sunt concursuri de MTB \u0219i nu de alergare: \u00een Croa\u021bia &#8211; <strong><a href=\"https:\/\/4islands.hr\/\">4 Islands<\/a><\/strong> (4 etape), la noi <strong><a href=\"https:\/\/carpathianmtb.ro\/ro\/\">Carpathian MTB Epic<\/a><\/strong> (4 etape). <br>Sunt pu\u021bine concursuri care se \u00eentind pe aproape dou\u0103 s\u0103pt\u0103m\u00e2ni, trebuie g\u00e2ndit\u0103 din timp o participare la astfel de evenimente.<br>Pentru mine, din punct de vedere sportiv, a fost un rezultat care m-a mul\u021bumit, <strong>locul 3 la final cu 66h08min pentru cei 545km<\/strong> e \u0219i tot ceea ce am putut spera la modul cum s-au desf\u0103\u0219urat etapele. Puteam fi mai jos daca Andrei Ailenei participa la toate etapele (a lipsit doar la una), puteam fi \u0219i mai jos dac\u0103 alerg\u0103torii buni de la noi \u00ee\u0219i alocau timp pentru toate etapele. <br>Am \u00eencercat s\u0103 ob\u021bin mai mult, \u00een prima etap\u0103 am terminat \u00een fa\u021ba lui Adi Costea care a c\u00e2\u0219tigat concursul \u0219i \u00een fa\u021ba lui Silip (ceea ce la un maraton normal cum a fost prima etap\u0103 nu am reu\u0219it de mul\u021bi ani). <br>M-am resim\u021bit \u00een etapa a doua dar m-a \u0219i luat ni\u021bel pe nepreg\u0103tite scurtarea din mers a traseului, lucru care se poate \u00eent\u00e2mpla oric\u00e2nd \u0219i la cursele mari interna\u021bionale. <br>Am ap\u0103sat din nou pe accelara\u021bie \u00een etapa a treia care s-a dovedit a fi cea mai grea din concurs tocmai pentru c\u0103 eu consideram c\u0103 am \u0219anse mai mari. A fost o etap\u0103 de referin\u021b\u0103 \u00een care am \u00eencheiat pe locul 2-4 al\u0103turi de Adi \u0219i Silip, c\u0103z\u00e2nd &#8220;la pace&#8221; la finalul ei pe ultimii kilometri. Am ob\u021binut \u0219i eu un podium de etap\u0103, singurul, fiind con\u0219tient c\u0103 pe m\u0103sur\u0103 ce trec etapele \u00eemi va fi tot mai greu s\u0103 fiu \u00eentre primii, venind zilnic \u00een concurs concuren\u021bi noi mai odihni\u021bi. M-am l\u0103murit definitiv \u0219i care-mi vor fi adversarii \u00een cele 8 etape \u0219i tot definitiv c\u0103, neput\u00e2nd s\u0103 m\u0103 desprind, va trebui s\u0103 stau la p\u00e2nd\u0103, s\u0103 a\u0219tept o gre\u0219eal\u0103 \u0219i ca s\u0103 pot profita va trebui pe c\u00e2t posibil s\u0103 m\u0103 men\u021bin la sub o or\u0103 &#8211; o or\u0103 jum\u0103tate de Adi \u0219i Silip. \u00cen spatele meu Florin m\u0103 g\u00e2ndeam c\u0103 nu-mi va crea probleme, el fiind implicat \u0219i-n organizare \u0219i ca urmare de multe ori era nevoit s\u0103 \u00eencetineasc\u0103 vorbind la telefon.<br>\u00cen tabelul cu datele tehnnice se vede foarte bine evolu\u021bia mea, se vede c\u0103 oboseala m-a afectat \u00een timp mai mult \u0219i c\u0103 \u00een etapele 7 \u0219i 8 am pierdut ca timp fa\u021b\u0103 de primii doi mai mult ca dublul timpului din primele \u0219ase. Explica\u021bie e c\u0103 m-am accidentat la un picior, probabil din cauza multiplelor alunec\u0103ri pe iarba ud\u0103 la vale, a noroiului, c\u00e2nd papucii mei nu aveau aderen\u021b\u0103. Firesc, n-aveam de g\u00e2nd s\u0103 spun concuren\u021bei de problemele mele, dar timpul petrecut pe traseu a fost un indicator care n-a min\u021bit. <br>A fost fain, a fost incitant, \u00een fiecare diminea\u021b\u0103 m-am sculat cu u\u0219urin\u021b\u0103 \u0219i cu dorin\u021ba de a o lua de la cap\u0103t.<br>Felicit\u0103ri la to\u021bi, am fost ca o echip\u0103! \u0218i sper s\u0103 ne vedem cu bine anul viitor! Sunt \u00eenc\u0103 \u00een refacere, dar p\u00e2n\u0103 atunci mai e vreme \u0219i clar voi renun\u021ba la Istria 100 mile pentru cele dou\u0103 s\u0103pt\u0103m\u00e2ni de via\u021b\u0103 mai s\u0103lbatic\u0103, cu surprize \u0219i lipsit\u0103 de stereotip.<br><br><strong>Desf\u0103\u0219urarea&#8230;<\/strong><br>Voi continua&#8230; zilele urm\u0103toare. Via\u021b\u0103 fain\u0103 s\u0103 ave\u021bi, nu renun\u021ba\u021bi la provoc\u0103ri pentru ceea ce voi scrie de aici \u00eencolo.   <\/p>\n\n\n\n<p><strong>Preg\u0103tiri.<\/strong><br>Dac\u0103 e s\u0103 fie aventur\u0103&#8230; atunci s\u0103 nu ne \u00eencurc\u0103m \u00een am\u0103nunte! Sub acest dicton din momentul \u00een care am fost contactat de Florin, cred c\u0103 a fost vineri 2 aprilie, mi-am \u00eendreptat toate for\u021bele s\u0103-mi rezolv &#8220;neterminatele&#8221; \u0219i, a\u0219a cum am promis, \u00een 7 aprilie am confirmat prezen\u021ba mea la concurs, dat\u0103 la care a ap\u0103rut \u0219i interviul de la finalul post\u0103rii.<br>Miercuri, 21 aprilie, m-am \u00eenfiin\u021bat la R\u0103d\u0103u\u021bi la A\u0219ez\u0103m\u00e2ntul Sf\u00e2ntul Leontie, unde era \u00eent\u00e2lnirea, primirea pachetelor de start \u0219i unde urma s\u0103 \u00eennopt\u0103m, fiind preg\u0103tit pentru cort. Referitor la cort, \u00een glum\u0103 scriam \u00een timp ce lucram \u00een gr\u0103din\u0103 c\u0103 m\u0103 preg\u0103tesc specific dormind \u00een condi\u021bii similare. Datorit\u0103 restric\u021biilor de la noi \u0219i fiind nevoit s\u0103 m\u0103 \u00eentorc p\u00e2n\u0103 la ora 20 acas\u0103, am decis ca \u00een unele nop\u021bi s\u0103 dorm \u00een gr\u0103din\u0103, s\u0103 nu pierd ore de lumin\u0103. Ce a urmat, se vede \u00een poza de mai jos \u0219i eram doar la c\u00e2\u021biva kilometri de Cluj. Nu v\u0103 speria\u021bi, cortul cu care am fost la concurs era cort de munte \u0219i era instalat \u00een cortul de mare.<\/p>\n\n\n<div class=\"embed-gphotos  wp-caption\"><a href=\"https:\/\/photos.google.com\/share\/AF1QipNFBpUuBpOe_HDJQzz7vI1JFEVSJMg1iOMCe_PzSl5gNR0YamON6kjsBCET0wiLtQ?key=ek1DaEZZekktcW96Z1UwVUZ6MmZWbndNbjBqNTNB\" target=\"_blank\"><img loading=\"lazy\" decoding=\"async\"    src=\"https:\/\/lh3.googleusercontent.com\/zWua1QomdRJuvSqzNqYc1uf-1TxC_2bzsZTaH_poAUZ-wE63QqjG6ZRXb5uWKfLsaPPt_wAjBuMrW0xZxDLGplT1s4XiAatHZqSCysXdB1HjzIiX3OtZ_9CxLvv2ipg1KyUYuy7oWl4=w400-h1000\" width=\"400\" height=\"225\"   ><\/a><\/p>\n<p class=\"wp-caption-text\"><a href=\"https:\/\/photos.google.com\/share\/AF1QipNFBpUuBpOe_HDJQzz7vI1JFEVSJMg1iOMCe_PzSl5gNR0YamON6kjsBCET0wiLtQ?key=ek1DaEZZekktcW96Z1UwVUZ6MmZWbndNbjBqNTNB\" target=\"_blank\">Cort \/ Google Photos<\/a><\/p>\n<\/div>\n\n\n\n<div class=\"wp-block-columns is-layout-flex wp-container-core-columns-is-layout-9d6595d7 wp-block-columns-is-layout-flex\">\n<div class=\"wp-block-column is-layout-flow wp-block-column-is-layout-flow\" style=\"flex-basis:100%\">\n<div class=\"wp-block-group\"><div class=\"wp-block-group__inner-container is-layout-flow wp-block-group-is-layout-flow\"><p><iframe loading=\"lazy\" src=\"https:\/\/www.facebook.com\/plugins\/video.php?height=314&amp;href=https%3A%2F%2Fwww.facebook.com%2Flaurentiuvezentan%2Fvideos%2F10224436144156198%2F&amp;show_text=false&amp;width=560\" width=\"560\" height=\"314\" style=\"border:none;overflow:hidden\" scrolling=\"no\" frameborder=\"0\" allowfullscreen=\"true\" allow=\"autoplay; clipboard-write; encrypted-media; picture-in-picture; web-share\"><\/iframe><\/p>\n<\/div><\/div>\n<\/div>\n<\/div>\n\n\n\n<p>Cum am spus, nu m-am \u00eencurcat \u00een am\u0103nunte. Am venit cu o ma\u0219in\u0103 nepreten\u021bioas\u0103 la care singura preg\u0103tire a fost c\u0103 mi-am pus suportul de biciclet\u0103 \u00een ideea c\u0103 dac\u0103 se g\u0103se\u0219te cineva s-o foloseasc\u0103 m\u0103car primele etape \u0219i s\u0103 mi-o duc\u0103 c\u00e2t mai aproape la finish, la Media\u0219, nu-mi va fi greu s\u0103 vin s-o recuperez venind cu bicicleta dup\u0103 ea. P\u00e2n\u0103 la urm\u0103 ma\u0219ina a r\u0103mas la A\u0219ez\u0103m\u00e2nt \u0219i m-au dus organizatorii dup\u0103 ea s\u00e2mb\u0103t\u0103, c\u00e2nd s-au \u00eentors \u0219i ei.<br>Am dormit la A\u0219ez\u0103m\u00e2nt \u00een condi\u021bii foarte bune, deja \u00eencepuser\u0103 surprizele pl\u0103cute.<br><br><strong>Etapa I. <\/strong><br>M\u0103n\u0103stirea Putna &#8211; Vatra Moldovi\u021bei, locul 4 etap\u0103, 4 general, 4h39min pentru 40km cu 1500m diferen\u021b\u0103 de nivel<br><br>Deja, de pe drumul cu ma\u0219ina, eram cu gura c\u0103scat\u0103 a mirare, cum de era a\u0219a de curat \u0219i a\u0219a ordine dincolo de mun\u021bi, \u00een Bucovina. \u00cen loc de s\u0103r\u0103cie, de s\u0103lb\u0103ticie, ardeleanul din mine a trebuit s\u0103 recunoasc\u0103: la R\u0103d\u0103u\u021bi \u0219i p\u00e2n\u0103 acolo sunt gospod\u0103rii frumoase, nu sunt gunoaie \u00een v\u0103ile apelor. Spre deosebire de stilul de la noi, din Ardeal, unde oamenii se simt falnici dac\u0103 au biserici m\u0103re\u021be, dar casele lor sunt de multe ori de doamne-ajut\u0103, \u00een Bucovina bun\u0103starea oamenilor, casele lor, se reflect\u0103 \u00een m\u0103n\u0103stiri. Am mai fost \u00een Moldova, am fost \u00een vizit\u0103 \u0219i la m\u0103n\u0103stiri, dar n-am acordat aten\u021bie unor astfel de am\u0103nunte \u00eenainte.<br><br>Ce am scris pe FB atunci, am s\u0103 pun \u00eentre ghilimele \u0219i la fel va fi pentru etapele urm\u0103toare. E pulsul la cald de atunci, are relevan\u021b\u0103.<br><em>&#8220;Incredibil ce curat si ordine e in Bucovina. Apele sunt curate, n-am vazut deseuri, nici nu stiu unde le pun. Casele sunt mari si frumoase, de manastiri ce sa mai zic.<\/em>&#8220;<br><br>La ora 7 am luat startul la o scurt\u0103 alergare cu copiii \u00een incinta A\u0219ez\u0103m\u00e2ntului, s\u0103 ne sim\u021bim aproape de ei, s\u0103 ne vedem.<br>La ora 9 deja eram la m\u0103n\u0103stirea Putna, du\u0219i cu autocarul la start. <br>Datorit\u0103 informa\u021biilor c\u0103 pe traseu, \u00een zona de munte de la Sadova, este z\u0103pad\u0103 \u0219i de un metru, care ne-ar fi \u00eent\u00e2rziat prea mult (\u00een cel mai bun caz pierdeam 1h-1h30min pentru 3km), dat fiind \u0219i startul la ora 9, organizatorii ne-au spus de la \u00eenceput c\u0103 vom avea de parcurs traseul de la M\u0103n\u0103stirea Putna la Vatra Moldovi\u021bei (40km) \u0219i nu p\u00e2n\u0103 la Pasul Mestec\u0103ni\u0219, trec\u00e2nd prin Sadova.<br>A\u0219adar am avut un singur PA &#8211; la Sucevi\u021ba, iar dup\u0103 final ne-au transportat la Pasul Mestec\u0103ni\u0219 la pensiunea Luceaf\u0103rul, care avea \u0219i c\u0103su\u021be. Eu am dormit \u00eentr-o c\u0103su\u021b\u0103, era destul de frig afar\u0103, ploua \u0219i hainele\/papucii nu s-au putut usca, nicio problema, aveam patru schimburi (c\u00e2t pentru primele 4 etape p\u00e2n\u0103 la ziua pauz\u0103).<br><br>Am alergat bine, m\u0103 sim\u021beam eliberat dup\u0103 at\u00e2tea zile \u00een care n-am reu\u0219it s\u0103-mi fac timp s\u0103 alerg. <strong>Am terminat pe locul 4, dup\u0103 Hajnal, \u0218tefan S\u0103l\u0103gean \u0219i Bartha Balint.<\/strong> <strong>A fost singura etap\u0103 c\u00e2nd am fost mai bun ca adversarii mei care au parcurs toate etapele integral &#8211; Adrian Costea \u0219i Codrea Silip.<\/strong> Ei au \u00eencheiat \u00eempreun\u0103, pe locurile 5-6, la 6 minute de mine. Timpul meu a fost <strong>4h39min<\/strong>.<br><\/p>\n\n\n<div class=\"embed-gphotos  wp-caption\"><a href=\"https:\/\/photos.google.com\/share\/AF1QipOLOMwOFYmJDDdLIRxprYy7dt6FQP_5dwQl6-hKZReHyHyqo58QdWT-DhJtURJuPg?key=RGJMYkMtUGNqdVVWamMxTjhwWkIzcGh6MFAteDJn\" target=\"_blank\"><img loading=\"lazy\" decoding=\"async\"    src=\"https:\/\/lh3.googleusercontent.com\/2IQbALilN55NTm7_No4v8EBsnYcsRSV5F9-nSOkeAIrPgsP2_D_dMTSjv60hQnh8GijINJbl9CDAFiUFjwdKUMb6z8dJRUemriuUBuvCAaBn7Xt9QquDhq7muWHZhNVLrrP63cjO1uo=w400-h1000\" width=\"400\" height=\"225\"   ><\/a><\/p>\n<p class=\"wp-caption-text\"><a href=\"https:\/\/photos.google.com\/share\/AF1QipOLOMwOFYmJDDdLIRxprYy7dt6FQP_5dwQl6-hKZReHyHyqo58QdWT-DhJtURJuPg?key=RGJMYkMtUGNqdVVWamMxTjhwWkIzcGh6MFAteDJn\" target=\"_blank\">etapa1 \/ Google Photos<\/a><\/p>\n<\/div>\n<div class=\"embed-gphotos  wp-caption\"><a href=\"https:\/\/photos.google.com\/share\/AF1QipMxzs1ZXtlPLhWSTkIsAzN471nI6YlZQv_d170UdrF-C-JiIEburn3l_uy6ewV3iQ?key=WkpwWmctZWFPM2FmWHI3eWlEc2xhYjdEbU1uSmJn\" target=\"_blank\"><img loading=\"lazy\" decoding=\"async\"    src=\"https:\/\/lh3.googleusercontent.com\/c3mo_5T-VMgF9Q-VXLVaBWHoWHALcc3YvN2zhjnNo4hr5EU9adT_iSUtCmz0B-QCSOMHkNBi0tRkHlUOAi4P89QkgiRtHTD43cggdzLJYczoPgrIOlBbwRwHLcwCkK2EXp7XzKBqWjM=w400-h1000\" width=\"400\" height=\"225\"   ><\/a><\/p>\n<p class=\"wp-caption-text\"><a href=\"https:\/\/photos.google.com\/share\/AF1QipMxzs1ZXtlPLhWSTkIsAzN471nI6YlZQv_d170UdrF-C-JiIEburn3l_uy6ewV3iQ?key=WkpwWmctZWFPM2FmWHI3eWlEc2xhYjdEbU1uSmJn\" target=\"_blank\">etapa1 \/ Google Photos<\/a><\/p>\n<\/div>\n<div class=\"embed-gphotos  wp-caption\"><a href=\"https:\/\/photos.google.com\/share\/AF1QipPhPZ0wqCRXt_KA3ix8bYeURqU1iv0wuOrvwE2jX6FsjfqD92RjX88-LuKwkgQtJg?key=UnJRRnlFXzZ2OUlzcGlpc2ZuVXZWWDRsU29kd0t3\" target=\"_blank\"><img loading=\"lazy\" decoding=\"async\"    src=\"https:\/\/lh3.googleusercontent.com\/ihMNTag8TCDpjdYect87qKF3yB6bBcFvI5GcYCIkqXpKeA84EiVMFQHJluyHPNDT3rdWfN5F-R_4JXh4tOIyKl6nH4eSoggpj82rDLEddp_LAiqILYW4yiq5UQ84mhpg8WMeKl2IcPw=w400-h1000\" width=\"400\" height=\"225\"   ><\/a><\/p>\n<p class=\"wp-caption-text\"><a href=\"https:\/\/photos.google.com\/share\/AF1QipPhPZ0wqCRXt_KA3ix8bYeURqU1iv0wuOrvwE2jX6FsjfqD92RjX88-LuKwkgQtJg?key=UnJRRnlFXzZ2OUlzcGlpc2ZuVXZWWDRsU29kd0t3\" target=\"_blank\">etapa1 \/ Google Photos<\/a><\/p>\n<\/div>\n<div class=\"embed-gphotos  wp-caption\"><a href=\"https:\/\/photos.google.com\/share\/AF1QipMB3oTqSwL8lGipe3SDzWW7_TOE4dAN2kxGWxHEPp4ZQEX9qxLwbXoCuGDjlJsp_w?key=UWdUeV9nZXNaYV9ZRjdBZXlIdHlXS1JidlgzM0NR\" target=\"_blank\"><img loading=\"lazy\" decoding=\"async\"    src=\"https:\/\/lh3.googleusercontent.com\/SrL_SeuRvLFYyw-dWnCrWTnQwfN6QRFr0NSB26YJikJ__OHnfu2qN-b4_ekZmIPZiyescmmZ64HlnZ42cTANKYTrGledNqlgbJmHEUetFXZtOlyIC9N2IpclsSTMo4cYBSBqDgP4Iyo=w400-h1000\" width=\"400\" height=\"267\"   ><\/a><\/p>\n<p class=\"wp-caption-text\"><a href=\"https:\/\/photos.google.com\/share\/AF1QipMB3oTqSwL8lGipe3SDzWW7_TOE4dAN2kxGWxHEPp4ZQEX9qxLwbXoCuGDjlJsp_w?key=UWdUeV9nZXNaYV9ZRjdBZXlIdHlXS1JidlgzM0NR\" target=\"_blank\">etapa1 \/ Google Photos<\/a><\/p>\n<\/div>\n\n\n\n<p><strong>Evenimente etapa I<\/strong><br>\u00cen primul r\u00e2nd, chiar dac\u0103 traseul nu impunea, fiind vorba de un maraton, eu mi-am f\u0103cut un dropbag, s\u0103 fie. \u0218i acel dropbag a fost luat din gre\u0219eal\u0103 \u0219i a ajuns \u00een camera lui Adi Cr\u0103ciunescu, Mihaela \u0219i Eva Hochbauer. Chiar dac\u0103 am dat sfoar\u0103 \u00een \u021bar\u0103, ei nu au auzit c\u0103 \u00eel caut \u0219i abia diminea\u021b\u0103, \u00eenainte de etapa a II-a, mi l-au \u00eenapoiat. De ce era a\u0219a important pentru mine? Nu pentru papucii care erau \u00een el, pentru alte am\u0103nunte, dar l\u0103sasem be\u021bele de trail \u0219i acelea chiar le consideram indispensabile pentru a rezista at\u00e2tea etape cu at\u00e2t mai mult cu c\u00e2t vremea \u0219i traseul erau imprevizibile. De exemplu pentru etapa a II-a spre T\u0103\u0219uleasa Social se anun\u021ba ninsoare \u0219i z\u0103pad\u0103 \u00een zona Vatra Dornei \u0219i se punea problema din nou s\u0103 se scurteze traseul. <br>Apoi, \u00eel trec la evenimente, dar e vorba de o prim\u0103 modificare nu la traseu, ci privitoare la ora de start. Pentru c\u0103 erau puncte intermediare cu timpi limit\u0103 destul de duri dac\u0103 se are \u00een vedere c\u0103 unii dintre noi vor alerga toate etapele, la solicitarea alerg\u0103torilor mai len\u021bi s-a schimbat startul de la ora 9 la ora 8. Foarte bine, am fost \u0219i eu pentru din solidaritate, de\u0219i modificarea afecta pe organizatori, trebuiau s\u0103 urgenteze unele lucruri \u0219i&#8230; cum s-a v\u0103zut uneori \u0219i poate alerg\u0103torii au resim\u021bit &#8211; masa de diminea\u021b\u0103 nu s-a putut lua \u00een principiu dec\u00e2t de la ora 7, ori acest lucru nu era optim pentru un start in for\u021b\u0103, prima or\u0103 de alergare putea fi mai lent\u0103. Eu am rezolvat acest aspect m\u00e2nc\u00e2nd pe la ora 6 (cum mai glumeam &#8211; sl\u0103nina de acas\u0103, adic\u0103 m\u00e2ncarea mai &#8220;grea&#8221;) \u0219i complet\u00e2nd numai cu masa oficial\u0103.<br>Un alt aspect mai simpatic, alerg\u0103torii, inclusiv eu, am cam str\u00e2mbat din nas la scurt\u0103rile de trasee, c\u0103 &#8220;noi ne-am preg\u0103tit pentru altceva&#8221;. Asta la \u00eenceput, c\u00e2nd eram cu for\u021be proaspete \u0219i gata s\u0103 rupem norii. Apoi, vorba ceea, &#8220;dup\u0103 ce e\u0219ti s\u0103tul nu mai vrei a m\u00e2nca&#8221;, n-am mai auzit o vorb\u0103 \u00een acest sens \u00een ultimele etape. M\u0103 g\u00e2ndeam c\u0103 dac\u0103 primele etape erau complete, cu evidenta posibilitate ca \u00eenc\u0103 de la \u00eenceput majoritatea dintre noi s\u0103 nu putem parcurge toate etapele integral, mult\u0103 lume n-ar fi ajuns la final. Estimam c\u0103 poate am fi fost 4 persoane din lista celor cu \u021binta 8 etape care s\u0103 se \u00eencadreze \u00een timpii intermediari la fiecare etap\u0103.<\/p>\n\n\n\n<p><strong>Primele concluzii.<\/strong><br>M\u0103 simt bine, pauza nu m-a afectat, doar c\u0103 ritmul de maraton nu e de mine \u0219i voi fi ni\u021bel afectat ziua urm\u0103toare. Nu-i nimic, bucuria alerg\u0103rii compenseaz\u0103.<br>Cum am fost tot ocupat, nu eram familiarizat cu anumite am\u0103nunte legate de \u00eenscriere. Am aflat c\u0103 unii participau \u00een echip\u0103, urm\u00e2nd s\u0103 alerge \u00een principiu alternativ \u00een etape, c\u0103 te mai po\u021bi r\u0103zg\u00e2ndi \u0219i s\u0103 participi la toate etapele chiar dac\u0103 la \u00eenceput figurai doar cu c\u00e2teva, c\u0103 po\u021bi participa simultan \u0219i la individual 8 etape \u0219i \u00een echip\u0103. Toate acestea \u00eensemnau incertitudine cu privire la adversarii mei pentru 8 etape, nu \u0219tiam \u00eenc\u0103 sigur cu cine concurez \u0219i ca urmare, cum s\u0103-mi dozez efortul.<br>P\u00e2n\u0103 la final au fost trei echipe mai importante: CSM Odorheiul Secuiesc (cu Bartha Balint, Szilard Gabos, Szabolcs Takacs, Biborka Fazakas) care a \u0219i c\u00e2\u0219tigat la echipe, echipa cu Silip \u0219i S\u0103l\u0103gean (locul 2 final) \u0219i echipa Mihaela Bodnariu &#8211; Adrian Cr\u0103ciunescu (o echip\u0103 &#8220;de familie&#8221;, locul 3 final).<br>Echipa din Odorhei s-a comportat profesionist, s-au ajutat \u0219i ne-au ajutat, au ar\u0103tat a echip\u0103 adev\u0103rat\u0103. Se sf\u0103tuiau \u00eentre ei. Gabos e t\u00e2n\u0103r \u0219i nu-l \u0219tiam, dup\u0103 ce am alergat al\u0103turi de el mult timp \u00een etapa a 2-a am c\u00e2\u0219tigat un prieten. \u00cen ultima etap\u0103 au alergat \u00eempreun\u0103 to\u021bi, cum am f\u0103cut \u0219i noi, Rupicapra Team, la ultima tur\u0103 de la <a href=\"https:\/\/www.unpicdetimpliber.ro\/wordpress\/2019\/07\/avionul-terminatul-closca-si-puiul-sau-povestea-echipei-rupicapra-boys-la-stafeta-mures-24h.html\"><strong>Mure\u0219 24h<\/strong><\/a>. Le mul\u021bumesc \u00een mod deosebit! Chiar de la \u00eenceput Balint mi-a \u00eemprumutat un cablu de \u00eenc\u0103rcare pentru ceas, din cauza grabei \u00eel uitasem acas\u0103 dup\u0103 ce \u00eenc\u0103rcasem trackurile de etape, o sc\u0103pare care nu-mi e caracteristic\u0103. Apoi, pe l\u00e2ng\u0103 ajutorul, \u00eencuraj\u0103rile de pe parcursul etapelor, am avut parc\u0103 rezervat\u0103 c\u00e2te o bere la final de la ei.<br>Ca adversar principal \u00eel consideram pe Adi Costea, era singurul pe care-l \u0219tiam ca fiind foarte bun \u0219i rezistent \u0219i declarat pentru 8 etape. Silip s-a hot\u0103r\u00e2t pe parcurs, eu deja \u00eemi puneam \u00eentreb\u0103ri despre el datorit\u0103 flexibilit\u0103\u021bii de la \u00eenscrieri.<\/p>\n\n\n\n<p>Poate pentru mul\u021bi <strong>Adi Costea<\/strong> e o surpriz\u0103. E drept, fiind multivalent la sporturi, nu se obose\u0219te dec\u00e2t rar s\u0103 vin\u0103 la concursuri de alergare. Pentru c\u0103 am pomenit de Mure\u0219 24h (inten\u021bionat de altfel) v\u0103 invit s\u0103 v\u0103 uita\u021bi \u0219i la clasamentul de la acel concurs, la individual alergare &#8211; <strong><a href=\"http:\/\/www.cronometraj.ro\/rezultate-live\/\">Mures 24h 2019<\/a><\/strong>. A \u00eencheiat pe locul 3, dup\u0103 Daniel Antonaru (poate nici pe el nu-l \u0219ti\u021bi la alergare trail) \u0219i Alex Petru\u021b (pe el dac\u0103 nu-l \u0219ti\u021bi sunte\u021bi varz\u0103 la cunoa\u0219terea alerg\u0103torilor de ultra rom\u00e2ni dar care stau mai mult \u00een str\u0103in\u0103tate) \u0219i \u00eenaintea lui Nenu Mariana (o femeie ambi\u021bioas\u0103, aici nu ave\u021bi scuze dac\u0103 n-a\u021bi auzit de ea). E doar o referin\u021b\u0103 acest concurs, cine dore\u0219te caut\u0103 \u0219i altele.<br>Ce mai doresc s\u0103 spun e c\u0103 la T\u00e2rgu-Mure\u0219, de unde e \u0219i Costea, e un centru de triatlon mare, poate cel mai serios din \u021bar\u0103. \u00cen orice caz de aici a pornit o ini\u021biativ\u0103 care a dus la un salt brusc \u00een triatlonul de la noi &#8211; un om care a ajuns s\u0103 conduc\u0103 cu succes Federa\u021bia de Triatlon &#8211; Peter Klosz &#8211; RIP. \u0218i c\u0103 la noi \u00een \u021bar\u0103 te po\u021bi pomeni cu sportivi foarte buni de care n-a auzit nimeni, numai ce vezi c\u0103 ajung pe podium chiar dac\u0103 nu te impresioneaz\u0103 la \u00eenceput pentru c\u0103 nu au echipament superperformant \u0219i nu fac parte dintr-un club de renume. Pe scurt, \u00ee\u021bi stric\u0103 toate planurile un Ion pe care dac\u0103-l \u00eentrebi cum a ajuns aici \u00ee\u021bi spune c\u0103 a auzit c\u0103 e un concurs \u00een zon\u0103. \u0218i dac\u0103-l \u00eentrebi ce-l recomand\u0103, ce performan\u021be are, \u00ee\u021bi arat\u0103 a\u0219a \u00een zare ni\u0219te dealuri pe care le-a cosit unde se v\u0103d turme de oi pe care le mulge zilnic. Bine, exagerez, dar \u00een\u021belege\u021bi ideea: noi suntem pe undeva, eu consider de exemplu c\u0103 sunt un amator cu preten\u021bii. S\u0103 nu cumva s\u0103 \u00een\u021belege\u021bi c\u0103-l compar pe Adi cu Ion, at\u00e2ta mai lipse\u0219te, dup\u0103 ce a mai fost taxat cu at\u00e2tea porecle. Ce s\u0103-i faci, undeva trebuie s\u0103 fie un echilibru, nu le po\u021bi avea pe toate.<\/p>\n\n\n\n<p><strong>Etapa a-II-a.<\/strong><br>Pasul Mestec\u0103ni\u0219 &#8211; Poiana Stampei, loc 6 in etap\u0103, 5 general, 6h15min pt 51km cu 1400m+ dif nivel.<br><br>A fost o etap\u0103 cu ninsoare, z\u0103pad\u0103, practic iarn\u0103. Am pornit mai lent, am auzit pe parcurs c\u0103 se va scurta etapa pentru c\u0103 nu sunt condi\u021bii bune de traseu spre T\u0103\u0219uleasa Social \u0219i la PA-ul de la Podul Ilvei nu pot ajunge ma\u0219inile organizatorilor. Deja \u00een fa\u021ba mea se formase un grup mai m\u0103ri\u0219or care se dep\u0103rtase, eu am alergat \u00eempreun\u0103 cu Gabos de la CSM Odorheiul Secuiesc p\u00e2n\u0103 spre final.<br><br>PA-uri au fost la Vatra Dornei \u0219i Poiana Negrii. P\u00e2n\u0103 la urm\u0103 de la scurtarea la 62km s-a ajuns la cea de 51km \u0219i eu n-am mai putut face nimic, am \u00eencheiat la 28minute de Adi \u0219i Silip. Per total eram \u00een spatele lor la 22min.<br><br>Am fost transporta\u021bi apoi l\u00e2ng\u0103 Piatra F\u00e2nt\u00e2nele, la sediul T\u0103\u0219uleasa Social. Super condi\u021bii au fost acolo, mul\u021bumesc, iar m\u00e2ncarea, a\u0219a cum deja \u00eencepusem s\u0103 m\u0103 obi\u0219nuiesc, foarte bun\u0103 \u0219i la discre\u021bie.<br><br>&#8220;<em>Au fost insa 51km, de la Pasul Mestecanis la Poiana Stampei. A nins aproape pe tot traseul, a fost alergare prin zapada. Pe parcurs s-a hotarat scurtarea etapei, era greu de ajuns la Tasuleasa si PA3 de la Lunca Ilvei nu era accesibil pentru masinile organizatorilor.<\/em> <br><em>N-am facut poze pe traseu, m-am gandit ca am inca multa vreme pana la km80.<\/em>&#8220;<\/p>\n\n\n<div class=\"embed-gphotos  wp-caption\"><a href=\"https:\/\/photos.google.com\/share\/AF1QipPvDZHqQlVFM983cYyt5e_GAzpdXJ2CeWsHL0hA4BTe1UsnfewT8FsnBjfsi0RMVQ?key=Qjk4OUVUUmhQOEhoSHBQRTZjeHI5bXlLWlh4cDl3\" target=\"_blank\"><img loading=\"lazy\" decoding=\"async\"    src=\"https:\/\/lh3.googleusercontent.com\/Oq8gRODREvlGtFWqCvFI4uhD_yAVrvpBliIyZLtqBLi4HKknr_pHnhXu6EiWt0LNffxvIZ86uBJiIYWHfkSclXUAx7QR5q1IIIyUeRHoPEn1hqoaMTHfJxxBlETw58i3h-81Zrq2BaQ=w400-h1000\" width=\"400\" height=\"533\"   ><\/a><\/p>\n<p class=\"wp-caption-text\"><a href=\"https:\/\/photos.google.com\/share\/AF1QipPvDZHqQlVFM983cYyt5e_GAzpdXJ2CeWsHL0hA4BTe1UsnfewT8FsnBjfsi0RMVQ?key=Qjk4OUVUUmhQOEhoSHBQRTZjeHI5bXlLWlh4cDl3\" target=\"_blank\">etapa2 \/ Google Photos<\/a><\/p>\n<\/div>\n<div class=\"embed-gphotos  wp-caption\"><a href=\"https:\/\/photos.google.com\/share\/AF1QipOsabSk3LqHsouazWNmyq0kl6auc_w1k7UQBIz35eXmQZL9YL_h7GJJHyrSzbaLDQ?key=b2ZuRHlaMll5NzZrQXhOZ0laaG4zamhzenRGdWRR\" target=\"_blank\"><img loading=\"lazy\" decoding=\"async\"    src=\"https:\/\/lh3.googleusercontent.com\/pxDQSMfXnZz6jTKcZxefxaIm3tceH1Ao_cZXF4jJIgsqAzP5A9qXJVHmKAanLZs062Wnjp7qAdDJJki98QfBGcQbXrel7uZx1rrZAjVCnasG1vQRIVXydZVrTdugXrwmVnGiPCa5hz4=w400-h1000\" width=\"400\" height=\"267\"   ><\/a><\/p>\n<p class=\"wp-caption-text\"><a href=\"https:\/\/photos.google.com\/share\/AF1QipOsabSk3LqHsouazWNmyq0kl6auc_w1k7UQBIz35eXmQZL9YL_h7GJJHyrSzbaLDQ?key=b2ZuRHlaMll5NzZrQXhOZ0laaG4zamhzenRGdWRR\" target=\"_blank\">etapa2 \/ Google Photos<\/a><\/p>\n<\/div>\n<div class=\"embed-gphotos  wp-caption\"><a href=\"https:\/\/photos.google.com\/share\/AF1QipMIjRgcNn0g2O87IH73PygSnBYB3cnr7bpI6_8bo9JtI5zndo6IJFfM0qzUEiDHXA?key=bjR1NGZXTlY3NWRZSU9KdVA1NU13NHhvU2wxdzFR\" target=\"_blank\"><img loading=\"lazy\" decoding=\"async\"    src=\"https:\/\/lh3.googleusercontent.com\/sNUobKujbAu2dWs8gtKYaxxMjVzQw-gDOUEq-1mkiBk8x2fD69r5Y4Do-cXWvMQUVl96AbhQ8LZzWyZKCEz4X2oqI05ARospNfDUlbaB-ivAnBB1lJkgSc_3oCYt0tEsDi7BnQEFQzg=w400-h1000\" width=\"400\" height=\"267\"   ><\/a><\/p>\n<p class=\"wp-caption-text\"><a href=\"https:\/\/photos.google.com\/share\/AF1QipMIjRgcNn0g2O87IH73PygSnBYB3cnr7bpI6_8bo9JtI5zndo6IJFfM0qzUEiDHXA?key=bjR1NGZXTlY3NWRZSU9KdVA1NU13NHhvU2wxdzFR\" target=\"_blank\">etapa2 \/ Google Photos<\/a><\/p>\n<\/div>\n<div class=\"embed-gphotos  wp-caption\"><a href=\"https:\/\/photos.google.com\/share\/AF1QipMb6lS71aj8ovS3Z0FTjB2EyNVPsuRX9OA-nsIe4V-3ozM72Dr7MiSzJdIg8igZjg?key=R05MRFM3dDJaZHN5U3BhNHMzUmxROXp4eDkzVXpn\" target=\"_blank\"><img loading=\"lazy\" decoding=\"async\"    src=\"https:\/\/lh3.googleusercontent.com\/H1IFc0Wa7STfacHu2DAh50pfi2N51xxtHb-Y-lSlZs142SZ3USZT4Usvs2fFuggK_GaPkxqbjjzYBbAIiYItIhKlI4i5Ps9wz5oa-4QHLNYe-cpUx9JtNiopUWZg7eePITtmnzSuQVQ=w400-h1000\" width=\"400\" height=\"267\"   ><\/a><\/p>\n<p class=\"wp-caption-text\"><a href=\"https:\/\/photos.google.com\/share\/AF1QipMb6lS71aj8ovS3Z0FTjB2EyNVPsuRX9OA-nsIe4V-3ozM72Dr7MiSzJdIg8igZjg?key=R05MRFM3dDJaZHN5U3BhNHMzUmxROXp4eDkzVXpn\" target=\"_blank\">etapa2 \/ Google Photos<\/a><\/p>\n<\/div>\n\n\n\n<p><strong>Evenimente etapa a II-a:<\/strong><br>Am ratat PA2 Poiana Negrii. Trackul era diferit de marcaj pe cobor\u00e2re, eu am luat-o pe track \u0219i Gabo\u0219 dup\u0103 mine. De altfel nici n-am observat c\u0103 marcajul lipse\u0219te, probabil a fost o scurt\u0103 por\u021biune. Cert e c\u0103 trecusem de un kilometru c\u00e2t spusese Ioan Coroiu c\u0103 mai este p\u00e2n\u0103 la PA (ne \u00eent\u00e2lnisem cu el), am intrat \u00een Poiana Negrii \u0219i am \u00eenceput s\u0103 sun organizatorii \u0219i pe Balint (\u0219i pentru c\u0103 era Gabo\u0219 cu mine). Abia la ie\u0219ire din Poiana Negrii am aflat de la Balint c\u0103 trecusem, nu era \u00eens\u0103 o problem\u0103, \u0219i cu vreo 3-4km \u00eenainte de finalul etapei am primit un nou telefon s\u0103 m\u0103 anun\u021be c\u0103 vor fi 51km. <br>S-a anun\u021bat c\u0103 premiul cel mare pentru finisherii celor 8 etape va fi o trotinet\u0103 electric\u0103. C\u00e2\u0219tig\u0103torul, conform regulamentului, era cel care \u00eencheie cursa cu cei mai mul\u021bi kilometri parcur\u0219i, iar \u00een caz de egalitate va conta timpul total al fiec\u0103ruia.<br><br><strong>Concluzii:<\/strong><br>Partea cu scurtarea la 51km pu\u021bin m-a bulversat, dar sunt etape multe \u0219i totul depinde mai ales de mine. <br>A\u0219a cum am mai spus, am c\u00e2\u0219tigat un prieten, pe Gabo\u0219. \u0218i e cel mai mare c\u00e2\u0219tig.<br>Pentru c\u0103 la sf\u00e2r\u0219itul etapelor se anun\u021bau podiumurile la etape, nu \u0219i la general, m-am g\u00e2ndit c\u0103 dac\u0103 doresc un podium de etap\u0103 ar fi mai bine mai repede, c\u00e2t sunt mai odihnit, s\u0103 m\u0103 pot compara cu cei nou veni\u021bi.<br>Anun\u021barea trotinetei ca premiu am considerat-o un mare dezavantaj, un stimul pentru nehot\u0103r\u00e2\u021bi. \u0218i cu at\u00e2t mai mult trebuia s\u0103 fac ceva s\u0103 \u0219tiu sigur cine dore\u0219te s\u0103 mearg\u0103 p\u00e2n\u0103 la cap\u0103t \u0219i cine nu.<br>Urma una dintre etapele cele mai grele \u0219i lungi, cu noroi la \u00eenceput. \u00cen sf\u00e2r\u0219it ceva unde poate am ceva de spus, unde pot s\u0103-mi dau seama cum stau ca preg\u0103tire la distan\u021be lungi fa\u021b\u0103 de ceilal\u021bi. \u0218tiam c\u0103 Silip nu mai alergase peste 80km la concursuri. Odat\u0103 cu T\u0103\u0219uleasa am trecut din Bucovina cu mun\u021bii ei \u00een \u021ainutul de Sus, \u00een B\u00e2rgaiele lui \u0218tefan S\u0103l\u0103gean.<br>Trebuia numai s\u0103 m\u0103 simt bine, \u00een tot r\u0103ul este \u0219i un bine &#8211; etapa a doua poate m-a afectat mai pu\u021bin ca pe cei din fa\u021b\u0103 care au tras tare la final.<br><br><strong>Etapa a III-a.<\/strong><br>T\u0103\u0219uleasa Social &#8211; \u0218ieu\u021b, loc 2-4 in etap\u0103, 3 general, 10h04min pt 95km cu 1900m+ dif nivel.<br><br>Chiar dac\u0103 primii pa\u0219i au fost mai pruden\u021bi, am v\u0103zut c\u0103 iar se formeaz\u0103 un grup \u00een fa\u021b\u0103 \u0219i&#8230; chiar m\u0103 sim\u021beam bine. Era timpul s\u0103 l\u0103muresc necunoscutele. \u0218i, dup\u0103 Szabolcs Takacs aflat la prima etap\u0103, am trecut \u00een fa\u021b\u0103 ori de c\u00e2te ori ritmul mi se p\u0103rea c\u0103 se las\u0103 \u0219i concuren\u021bii se apuc\u0103 de povestit. Am vrut lini\u0219te, fiecare pentru el. Cine e s\u0103 se rup\u0103, s\u0103 se rup\u0103. S\u0103 \u0219tiu cine merge pentru 8 etape.<br>A\u0219a c\u0103 am continuat metodic, am considerat c\u0103 \u00eencep s\u0103 am succes c\u00e2nd Silip \u0219i \u0218tefan alergau la c\u00e2\u021biva metri unul de altul. \u0218tefan era afectat de zilele precedente, c\u00e2nd a alergat extraordinar, termin\u00e2nd de exemplu nu departe de Robert Hajnal \u00een prima etap\u0103. <br>A trecut PA1 Bistri\u021ba B\u00e2rg\u0103ului \u0219i am stat foarte pu\u021bin acolo, acum m-am str\u0103duit chiar mai mult ca de obicei. Eram un grup format din Adi, Silip, \u0218tefan \u0219i cu mine. Ailenei lipsea, avusese un eveniment. Urma urcare pe \u0219osea, eu posibil s\u0103 fi plecat mai repede dec\u00e2t ei de la PA cu 2 minute. Dar acele minute au \u00eensemnat aproximativ 15-20km \u00een care am alergat singur, abia c\u00e2nd a venit valea lipsa mea de antrenament de vitez\u0103 s-a sim\u021bit \u0219i m-au ajuns.<br>Speram s\u0103 trag\u0103 unul de altul, s\u0103 for\u021beze p\u00e2n\u0103 m\u0103 ajung, ne\u0219tiind exact c\u00e2t de \u00een fa\u021b\u0103 sunt. Din p\u0103cate, socoteala aceasta nu mi-a ie\u0219it, ma\u0219ina lui \u0218tefan ne-a \u00eenso\u021bit cu bune inten\u021bii de altfel, dar pentru mine era clar c\u0103 nu pot avea secrete, c\u0103 \u0219tiau unde sunt, la c\u00e2t timp \u00een fa\u021b\u0103. Ma\u0219ina parca \u00een fa\u021ba mea \u0219i apoi \u0219i ei, dar \u0219i eu, puteam estima dup\u0103 c\u00e2t de repede m\u0103 ajunge cam c\u00e2t timp e \u00eentre noi (ei \u0219tiau evident mai exact). Era ca un buzdugan aruncat de zmei \u00een fa\u021b\u0103. \u0218i gata prima evadare. Dar m\u0103car am \u00eencercat.<br>La PA2 Petri\u0219, trec\u00e2nd de 50km, \u0218tefan a \u00eenceput s\u0103 r\u0103m\u00e2n\u0103 \u00een urm\u0103. Am plecat rapid, iar de data aceasta Adi \u0219i Silip nu m-au mai l\u0103sat s\u0103-mi fac de cap. \u00cen 500m m-au ajuns \u0219i am alergat \u00eempreun\u0103. La ultimul PA &#8211; Jeica, a venit propunerea lui Silip s\u0103 nu mai tragem unii de al\u021bii, c\u0103 mai sunt zile. \u0218i am \u00eencheiat \u00eempreun\u0103 to\u021bi trei. <br>Ca glum\u0103 spuneam c\u0103, la c\u00e2t sunt de obosit, de aceea au dorit s\u0103 fie cu mine c\u0103 eram singurul cu ceas cu track func\u021bional, la Silip se descarcase acumulatorul \u0219i Adi nu avea track \u0219i era \u00eentr-o stare de disperare c\u0103 mereu se r\u0103t\u0103cea (a\u0219tepta sa primeasc\u0103 unul din etapa urm\u0103toare). Realitatea e c\u0103 ne-am cam dat seama fiecare de punctele tari \u0219i slabe, traseul urma s\u0103 fie pe poteci, prin p\u0103dure, am \u0219i luat-o gre\u0219it o dat\u0103 cu toate c\u0103 aveam track. Silip se dovedise foarte bun pe urc\u0103ri, Adi pe cobor\u00e2ri, era mai \u00eenalt ca noi \u0219i avea un compas mare. Eu am dovedit ambi\u021bie, am fost motorul p\u00e2n\u0103 atunci \u0219i &#8230; nu se \u0219tie. Cum se va termina tura? \u00cen urcare, \u00een cobor\u00e2re? Va fi potec\u0103 clar\u0103? Mai bine pace.<br><strong>Am \u00eencheiat a\u0219adar etapa al\u0103turi de Adi \u0219i Silip. Podium la etapa, locul 2.<\/strong><br><br>Am \u00eennoptat la pensiunea Maria din \u0218ieu\u021b, prima \u0219i singura noapte la cort. Silip \u0219i Adi plecaser\u0103 la Bistri\u021ba, Adi ca s\u0103 ia \u0219i un ceas.<\/p>\n\n\n\n<p>&#8220;<em>De la inceput am vazut ca ma simt bine si m-am gandit ca de data aceasta sa sparg gasca de alergatori buni din fata. In plus, dat fiind ca traseul se anunta cu noroi in primii 20km, erau bine de parcurs cat mai repede, cat noroiul e inghetat.<\/em><br><em>Dupa <\/em><a href=\"https:\/\/www.facebook.com\/szabi.takacs?__cft__%5b0%5d=AZUI09qVeFN3A5woPy2SwYxsbw5LBHEBxsuxYRkV2iaGU9oHPuyhVs2DgreF2TgYM5LxasTGVTah8lncQvYAvNuVn4Rr4wI9vMKIMvuGvUedlszCNL4E4wsCBA_pfvjjEmBN20f6fdopVSzEqoeZDNAs&amp;__tn__=-%5dK-R\"><em>Szabi Takacs<\/em><\/a><em> care era mai odihnit si nu aveam cum sa-l ajung, am incercat sa fiu mereu in fata, sa nu las ritmul de grup sa se aseze, sa se rupa oricine&#8230; chiar si eu. Sa ajung la km 40, 50, sa se termine si distantele obisnuite pentru care se antreneaza alergatorii.<\/em>&#8220;<\/p>\n\n\n\n<p>&#8220;<strong><em>Azi se doarme la cort<\/em><\/strong><em>. Scanteile din spatele cortului pozat sunt de la foc. Momentan ca muzica e Mike Oldfield. Se mai vede si o bere, nu stiu de care, nu-i important.<\/em>&#8220;<br><\/p>\n\n\n<div class=\"embed-gphotos  wp-caption\"><a href=\"https:\/\/photos.google.com\/share\/AF1QipPa7Ap1H-YhT4WqZHREPYAmUVIsF7BhcWT1TEg_O-ssozrl2k6E9xwcV6ida1M1Iw?key=OGdtRmtzdi1lLXlUVE1CMFlCMG0ydUFsVHZOV3Vn\" target=\"_blank\"><img loading=\"lazy\" decoding=\"async\"    src=\"https:\/\/lh3.googleusercontent.com\/pMZAHY0Y7_EdHyLm1ka28XrEP2N_OYDWf0RIQ_bdpjDvzlBC2YfTyuP5lHv90BbKhnONYWGRi3sWLoFXG2nnijekdMNtHWuuMTy-hgDoxWtHlW6rdi4YDIUh-sWLLA2DyzZySo2r7jc=w400-h1000\" width=\"400\" height=\"266\"   ><\/a><\/p>\n<p class=\"wp-caption-text\"><a href=\"https:\/\/photos.google.com\/share\/AF1QipPa7Ap1H-YhT4WqZHREPYAmUVIsF7BhcWT1TEg_O-ssozrl2k6E9xwcV6ida1M1Iw?key=OGdtRmtzdi1lLXlUVE1CMFlCMG0ydUFsVHZOV3Vn\" target=\"_blank\">etapa3 \/ Google Photos<\/a><\/p>\n<\/div>\n<div class=\"embed-gphotos  wp-caption\"><a href=\"https:\/\/photos.google.com\/share\/AF1QipMRTg2ONZ8dIj-Rrk58UWBJ8StLr9YArKjaHaZb4R0J15SRWmzbjxvz4H87M8exAg?key=NEJJOTh5bGFmWEhYSXdUY3lmUHg3Wkc2Ykp4SkVB\" target=\"_blank\"><img loading=\"lazy\" decoding=\"async\"    src=\"https:\/\/lh3.googleusercontent.com\/cHcw7GhK6AqbIJY1ImG4eqoRZ8AT2ofaUFxZ-EAmPetG_0MV-4bguRKJrOGiDUad-arlOrCxEwxw_ABRy29xpbh9L4wHJ1XKkZjjMv_QqnGOUXzqa4HFTuY7JpTJDI8WtLTM9XlLDOs=w400-h1000\" width=\"400\" height=\"599\"   ><\/a><\/p>\n<p class=\"wp-caption-text\"><a href=\"https:\/\/photos.google.com\/share\/AF1QipMRTg2ONZ8dIj-Rrk58UWBJ8StLr9YArKjaHaZb4R0J15SRWmzbjxvz4H87M8exAg?key=NEJJOTh5bGFmWEhYSXdUY3lmUHg3Wkc2Ykp4SkVB\" target=\"_blank\">etapa3 \/ Google Photos<\/a><\/p>\n<\/div>\n<div class=\"embed-gphotos  wp-caption\"><a href=\"https:\/\/photos.google.com\/share\/AF1QipOiOquvSo-hIxXsRfZnUC3TUENFmvz660Hz2BIzseJBZtTEXm5MuhABIX39rVmlAQ?key=RXQ5Y1R4Q0VRT1hCQ0xMN2w2Ny1EeG1fTmtDMXBn\" target=\"_blank\"><img loading=\"lazy\" decoding=\"async\"    src=\"https:\/\/lh3.googleusercontent.com\/30ep5esGPy-VYUCQAny_VCx-f267l_5zCsvQYpQiqy7-9FBnCy_L3D0Ak6wOhBTzQqpc5QOGq-MoF6EHRYB3OL91E5IaH6Wk-sosW5cnjb9Q29gBlp_wlvJW7aXifdwK8mg5e1_-fYY=w400-h1000\" width=\"400\" height=\"225\"   ><\/a><\/p>\n<p class=\"wp-caption-text\"><a href=\"https:\/\/photos.google.com\/share\/AF1QipOiOquvSo-hIxXsRfZnUC3TUENFmvz660Hz2BIzseJBZtTEXm5MuhABIX39rVmlAQ?key=RXQ5Y1R4Q0VRT1hCQ0xMN2w2Ny1EeG1fTmtDMXBn\" target=\"_blank\">etapa3 \/ Google Photos<\/a><\/p>\n<\/div>\n\n\n\n<p><br><strong>Evenimente etapa a III-a.<\/strong><br>Am dormit la cort dar tot restul am avut asigurat la pensiune. Aveam sac de puf, n-am suferit de frig.<br>Era foc de tab\u0103r\u0103, organizatorii \u00eencercau s\u0103 ne creeze \u0219i o atmosfer\u0103 pe m\u0103sur\u0103 cum e la sf\u00e2r\u0219it de zi \u00een drume\u021bii, cu pove\u0219ti, c\u00e2ntece&#8230; Dar la un concurs care nu s-a \u00eencheiat&#8230; mai greu s\u0103 se mobilizeze concuren\u021bii, mai ales c\u0103 etapa a fost grea \u0219i unii au avut nevoie \u0219i de 13h, adic\u0103 au ajuns la pensiune la ora 21! A fost una din pu\u021binele etape \u00een care o parte din concuren\u021bi nu s-au \u00eencadrat \u00een timpul intermediar, \u00een special ultimul de la Jeica. Nicio fat\u0103 nu a trecut de Jeica. Eva ce a fost pe baricade la focul de tab\u0103r\u0103, restul ne cam lingeam r\u0103nile. <br>Apropo de dormitul la cort la concursuri, e cu dus \u0219i \u00eentors. Am avut experien\u021be mai pu\u021bin odihnitoare \u00een special la triatloane. \u00cemi aduc aminte \u0219i acum de triatlonul de la Reci, unde am stat \u00een camping, sau de triatlonul de la Bezid, unde am stat pe malul lacului, loc neamenajat. Ideea e c\u0103 \u00een principiu \u00een locurile amenajate po\u021bi avea vecini care n-au nicio treab\u0103 cu concursul, iar dac\u0103 e \u0219i weekend e evident c\u0103 vor face nop\u021bi lungi cu muzic\u0103 la maxim. La Reci pur \u0219i simplu a venit cineva cu o furgonet\u0103 seara, a pus boxele la maxim \u0219i a deschis u\u0219ile. Nimeni din jur nimic, eu fiind cu familia am stat mai cuminte. Dar, ca o for\u021b\u0103 a naturii ce sunt, pe la dou\u0103 noaptea m-am dus \u0219i l-am luat la rost \u0219i apoi au s\u0103rit \u0219i al\u021bii. Pe la 4 diminea\u021ba a \u00eencetat, n-aveai ce-i face. La 7 a fost startul la concurs, am dormit o gr\u0103mad\u0103. \u00cenotul a fost la 7 pentru a nu ocupa apa c\u00e2nd oamenii vor s\u0103 se scalde c\u00e2nd se face mai cald. La Bezid \u00een schimb am auzit toat\u0103 noaptea pove\u0219ti pesc\u0103re\u0219ti \u0219i amintiri din armat\u0103 din cortul vecin.<br>Dar aici eram doar noi \u00eentre noi, eu am dormit bini\u0219or&#8230;<br><br><strong>Concluzii.<\/strong><br>A fost etapa decisiv\u0103 pentru tot concursul, din punctul meu de vedere. \u0218tiam sigur c\u0103 \u0219i Silip va parcurge 8 etape \u0219i faptul c\u0103 n-am putut s\u0103 m\u0103 desprind de ei, de\u0219i consideram c\u0103 mai bine de at\u00e2t nu pot, mi-a ar\u0103tat c\u0103 voi depinde de ei, de gre\u0219elile lor, pentru a reu\u0219i un loc care de fapt nu mi s-ar cuveni. Tot la 22min de ei am r\u0103mas dup\u0103 aceast\u0103 etap\u0103.<br>Am reu\u0219it \u00eens\u0103 s\u0103-l desprind pe \u0218tefan care a \u00eencheiat la peste o or\u0103 de noi. Asta a ar\u0103tat \u0219i c\u00e2t de volatil poate fi timpul, c\u00e2t de mult conteaz\u0103 s\u0103 nu ai c\u0103deri, s\u0103 fii constant. \u0218i c\u0103 o or\u0103 diferen\u021b\u0103 se poate reduce la 0 oric\u00e2nd.  <br><strong>\u00cen sf\u00e2r\u0219it am fost pe podium la etap\u0103. Singurul.<\/strong><br><br><strong>Etapa a IV-a.<\/strong><br>\u0218ieu\u021b &#8211; C\u00e2mpu Cet\u0103\u021bii, loc 6 in etap\u0103, 3 general, 10h56min pt 87km cu 2600m+ dif nivel.<br><br>E duminic\u0103, 25 aprilie. Dup\u0103 aceast\u0103 etap\u0103 urmeaz\u0103 pauza de o zi. Oare cum vor fi Adi \u0219i Silip fa\u021b\u0103 de mine dup\u0103 etapa precedent\u0103? Au fost buni, cel care s-a resim\u021bit cel mai mult am fost eu. <strong>Adi avea \u0219i track \u0219i poate \u0219i de aceea a trecut pentru prima dat\u0103 \u00een fa\u021ba lui Silip \u00een clasament, termin\u00e2nd \u00een fa\u021ba lui cu 2 minute. \u00cen continuarea etapelor, pentru to\u021bi cei din jur, cred c\u0103 cel mai interesant a fost s\u0103 urm\u0103reasc\u0103 lupta dintre ei. <\/strong>Eu am pierdut \u00een aceast\u0103 etap\u0103 29 minute fa\u021b\u0103 de Silip \u0219i 31 minute fa\u021b\u0103 de Adi. Podiumul \u00eencepea s\u0103 se contureze, eu aveam un loc 3 clar \u0219i \u00eenc\u0103 speram ca prin minimizarea pierderilor s\u0103-mi p\u0103strez \u0219anse pentru un loc 2. \u00cen niciun caz nu mai puteam c\u00e2\u0219tiga, era cu totul improbabil ca doi oameni cu experien\u021ba lor s\u0103 fac\u0103 un pas gre\u0219it.<br><br>Etapa a pornit din \u0218ieu\u021b, adic\u0103 p\u00e2n\u0103 la Monor unde ar fi trebuit s\u0103 fie popasul \u00een ziua dinainte am mers pe trackul din ziua precedent\u0103. Evident, eu \u00eenc\u0103rcasem trackul din ziua curent\u0103, n-am vrut s\u0103 risc s\u0103 se blocheze ceasul prin schimbarea naviga\u021biei de la un track la altul, a\u0219a c\u0103 primii 10-12km i-am f\u0103cut &#8220;pe neve&#8221;, f\u0103r\u0103 track, depinz\u00e2nd de marcaje \u0219i pe spiritul de observa\u021bie al celor din jurul meu.<br><br>\u00cenceputul a fost bun, am fost \u00een fa\u021ba lui Adi, dar m-a ajuns c\u00e2nd am luat-o gre\u0219it la o intersec\u021bie. Aici am fost ni\u021bel frustrat pentru c\u0103 nu e prima dat\u0103 c\u00e2nd se \u00eentampl\u0103 la un concurs s\u0103 nu am cu cine vorbi de\u0219i sunt cu concuren\u021bi \u00een jur. Degeaba strig, \u00eentreb, gesticulez, nu m\u0103 aude \u0219i nu se uit\u0103 nimeni, parc\u0103 a\u0219 fi \u00eentr-un univers paralel. \u0218i asta pentru  c\u0103 sunt concuren\u021bi care poart\u0103 c\u0103\u0219ti \u0219i ascult\u0103 muzic\u0103. Nu zic c\u0103 nu-i ajut\u0103 la p\u0103strarea ritmului, dar dac\u0103 traseul e cu probleme pot alerga mult \u0219i bine dar \u00een direc\u021bie gre\u0219it\u0103. Dac\u0103 am un concurent \u00een fa\u021b\u0103, c\u0103 aveam \u0219i m\u0103 luasem dup\u0103 el, v\u0103d c\u0103 o ia gre\u0219it \u0219i strig la el degeaba, ce s\u0103 fac? Intervale s\u0103-l ajung? Am a\u0219teptat pu\u021bin s\u0103 v\u0103d ce fac cei din spate, s\u0103 nu m\u0103 obosesc s\u0103 scot telefonul s\u0103 v\u0103d pe unde e trackul, nici cu ei n-am avut ce discuta. P\u00e2n\u0103 la Adi \u0219i Florin. <br>\u00cen prima etap\u0103 o luase gre\u0219it Balint, dar era destul de departe \u00een fa\u021ba mea, n-aveam cum s\u0103-l ajung fiind \u0219i urcare, \u0219i nu m-a auzit. L-am sunat, c\u0103-i \u0219tiam num\u0103rul de la alte concursuri! A trecut ceva vreme p\u00e2n\u0103 m-a ajuns \u0219i a \u00eencheiat etapa \u00een fa\u021ba mea.<br><br>Puncte de alimentare au fost la Br\u00e2ncovene\u0219ti (de unde dac\u0103 dori\u021bi pute\u021bi cump\u0103ra schiuri second \u0219i echipament), Ca\u0219va \u0219i Br\u0103d\u0103\u021bel. <br>Finishul etapei a fost la Hanul Pesc\u0103resc din C\u00e2mpu Cet\u0103\u021bii, o loca\u021bie foarte fain\u0103 unde am stat \u00een c\u0103su\u021be spa\u021bioase cu toate condi\u021biile, ca la un hotel. Aici am r\u0103mas \u0219i ziua urm\u0103toare.<br><br>Ce am scris atunci:<br><em>&#8220;Etapa a IV-a a fost mai greu, m-am resimtit dupa ziua precedenta. Locul 6 in etapa, din fata mea Silip si Costea au parcurs toate etapele.Traseul a fost frumos, valurit, cu urcari puternice uneori, trecand prin zone putin umblate. Sunt din ce in ce mai impresionat de traseul Via Transilvanica. Si am confirmarea ca e posibil ca o mana de oameni care pun suflet pot realiza un concurs de asa anvergura ca <a href=\"https:\/\/www.facebook.com\/Transylvania-Legends-106284614880469\/?__cft__[0]=AZVlE1rplnhWLKnERjy6iS_GJAsseLou2CZwXGDvRxzutJ-2xzPVj0k9vP0Uy_scqTPwA2XIifNQ5Cgl_mRtXDfwNSI9Vlw6TqOV_jSVtVROktYq-ge0E6og6SqoJOyKhfLPORhDenA-yIya4AEE5P9i&amp;__tn__=kK-R\">Transylvania Legends<\/a> .<br>Azi e zi de pauza, de spalat si uscat echipament. Mai sunt 4 etape pana la Medias, care strabat Transilvania nu pe calea cea mai scurta, ci pe una pitoreasca.<br>Din intamplarile de etapa? Costea a mers foarte bine, m-a depasit o data la inceput, inainte de PA1. Apoi, pe cand credeam ca incep sa-mi revin si sa am ritm acceptabil, aud in spate tropot de pasi asa, de nicaieri. Era tot el cu doi alergatori, se ratacisera. Glumeam apoi spunand ca si-a luat un cal harnic dar nepriceput, adica un prieten care avea track dar nu l-a salvat de ratacire. Le-am spus ca macar sa stie care-i numele localitatii de finish.<br>In orice caz, au disparut la vale, trecand pe langa mine ca MIG-urile, si asa mi-am dat seama ca nu sunt chiar asa de bine pe cum am crezut. <img loading=\"lazy\" decoding=\"async\" height=\"16\" width=\"16\" alt=\"\ud83d\ude42\" src=\"https:\/\/static.xx.fbcdn.net\/images\/emoji.php\/v9\/ta5\/1.5\/16\/1f642.png\"><br>In rest, urme de urs, peisaje deosebite, pe unele coborari pe iarba uda era sa pic pe spate de nenumarate ori.Pozele doar cu apa si podul sunt ale mele, restul sunt de la concurenti.&#8221;<\/em><\/p>\n\n\n\n<p> <\/p>\n\n\n<div class=\"embed-gphotos  wp-caption\"><a href=\"https:\/\/photos.google.com\/share\/AF1QipNh1xtD5jgqnkd8Dc2q37Tnhp6pqfWeXaWXP186Rxgjo959yMEH-gRHhpJ8allgCg?key=UzlEd0ZDU1N4c2YwZVZvWDBVdTJZNkVObE5sZzZB\" target=\"_blank\"><img loading=\"lazy\" decoding=\"async\"    src=\"https:\/\/lh3.googleusercontent.com\/TFP3PDwAv2Nlt_ZrdW3RsbU_uhe9xHvTyobJBxOPZ3C_av2hSqHI0g1PQWUc6rcizBmo5IYbJoGCKkct-wTfyduo7q3RagM_ZUISDeHLn5lRToMHq_-JlhkN10sZmDGLlbMQLZpCQJQ=w400-h1000\" width=\"400\" height=\"267\"   ><\/a><\/p>\n<p class=\"wp-caption-text\"><a href=\"https:\/\/photos.google.com\/share\/AF1QipNh1xtD5jgqnkd8Dc2q37Tnhp6pqfWeXaWXP186Rxgjo959yMEH-gRHhpJ8allgCg?key=UzlEd0ZDU1N4c2YwZVZvWDBVdTJZNkVObE5sZzZB\" target=\"_blank\">etapa4 \/ Google Photos<\/a><\/p>\n<\/div>\n<div class=\"embed-gphotos  wp-caption\"><a href=\"https:\/\/photos.google.com\/share\/AF1QipPHN-HnwsdLztrGekaCB1wnI-WWN7QLFiR_UHuevFkTXGEBnG8U2j4zPTbHjGHdNA?key=aW9hMWotck95ZkZzalZyU1FnNnVCR1RiWTZZY1Rn\" target=\"_blank\"><img loading=\"lazy\" decoding=\"async\"    src=\"https:\/\/lh3.googleusercontent.com\/WdwP4daMiE3WjsmRzSJroq84sdQrUxZdaY1dvyGsfXGiG8pIsoEGWrmOpFhENfdY089yobY2T584KGrW16DfM7Acdm8-Eu4Q4aP3bnMFjNwQOXBmol6-HpMKhzNylsirJIYaKtacun4=w400-h1000\" width=\"400\" height=\"266\"   ><\/a><\/p>\n<p class=\"wp-caption-text\"><a href=\"https:\/\/photos.google.com\/share\/AF1QipPHN-HnwsdLztrGekaCB1wnI-WWN7QLFiR_UHuevFkTXGEBnG8U2j4zPTbHjGHdNA?key=aW9hMWotck95ZkZzalZyU1FnNnVCR1RiWTZZY1Rn\" target=\"_blank\">etapa4 \/ Google Photos<\/a><\/p>\n<\/div>\n<div class=\"embed-gphotos  wp-caption\"><a href=\"https:\/\/photos.google.com\/share\/AF1QipP4-WsR6S6wZikKQR44SrTIg0c45NavpQ-V48_gElnWgKZ0IPzXmIiuhE91WaOAnw?key=ejZ0WWdWQXBBMzhFNFh2ejlraDYyRzZCMW53WDBB\" target=\"_blank\"><img loading=\"lazy\" decoding=\"async\"    src=\"https:\/\/lh3.googleusercontent.com\/yGUlZ2XgASHaqxP6-zp7rwtJUlRyo8ET3kbhKSKjzeB-CxYNnAMX0EF7QjNGe90aDERt5LcZSipZKPOT8sJn0_KE2kaGrNCNSG_3Qs7tynuOTAyhIsIn7DdOqx6K_R8loj0RyqrBbqA=w400-h1000\" width=\"400\" height=\"599\"   ><\/a><\/p>\n<p class=\"wp-caption-text\"><a href=\"https:\/\/photos.google.com\/share\/AF1QipP4-WsR6S6wZikKQR44SrTIg0c45NavpQ-V48_gElnWgKZ0IPzXmIiuhE91WaOAnw?key=ejZ0WWdWQXBBMzhFNFh2ejlraDYyRzZCMW53WDBB\" target=\"_blank\">etapa4 \/ Google Photos<\/a><\/p>\n<\/div>\n\n\n\n<p><strong>Evenimente etapa a IV-a.<\/strong><br>\u00cen afar\u0103 de episodul r\u0103t\u0103cirii care doar m-a stresat pu\u021bin, a mai fost episodul amuzant c\u00e2nd m-a ajuns din nou din urm\u0103 Adi, despre care am scris mai sus. Mai pot completa c\u0103 vorbele lui Costea c\u0103tre cei din grupul lui au fost ceva de genul: &#8220;M\u0103i, dac\u0103-i mai v\u0103d spatele lui Veze o dat\u0103&#8230;&#8221;. <br><br><strong>Concluzii.<\/strong><br>M\u0103 voi str\u0103dui s\u0103 alerg c\u00e2t mai bine \u00een continuare, cursa e abia la jum\u0103tate, dar momentan oboseala m-a afectat mai mult ca pe primii doi. Ei sunt \u00eenc\u0103 \u00een stare s\u0103 fie pe podium de etap\u0103, eu nu. Plus c\u0103 am febr\u0103 muscular\u0103. Sunt la 51min de Silip, \u00eenc\u0103 sub o or\u0103, deci am \u0219anse.<br><br><strong>Etapa a V-a.<\/strong><br>C\u00e2mpu Cet\u0103\u021bii &#8211; Lupeni, loc 7 in etap\u0103, 3 general, 7h26min pt 64km cu 1700m+ dif nivel.<br><br>E mar\u021bi, timpul s\u0103 o lu\u0103m din nou din loc. A f\u0103cut bine sau r\u0103u pauza? \u00cen orice caz, e ordine \u00een toate lucrurile mele. Traseul a fost ni\u021bel scurtat, la Lupeni sunt restric\u021bii \u0219i e mai bine s\u0103 nu \u00eel str\u0103batem.<br>PA-uri au fost la Sovata, Praid \u0219i Atia. Foarte frumos \u0219i \u00een \u021ainutul Secuiesc! \u0218i am fost surprins s\u0103 v\u0103d \u00een parcul de l\u00e2ng\u0103 lacul Ursu de la Sovata purcelu\u0219i de porc mistre\u021b alerg\u00e2nd printre b\u0103ncu\u021be! <br><br>Cazarea a fost la un hotel, nu \u021bin minte exact unde. Dar aici a fost episodul fain cu Adi &#8211; &#8220;Americanul&#8221;. Am s\u0103 scriu mai jos, la evenimentele etapei. <br><br><em>&#8220;Eu zic ca am alergat bine. Atata ca primii au fost mai rapizi. <img loading=\"lazy\" decoding=\"async\" height=\"16\" width=\"16\" alt=\"\ud83d\ude42\" src=\"https:\/\/static.xx.fbcdn.net\/images\/emoji.php\/v9\/ta5\/1.5\/16\/1f642.png\"> Loc 7 etapa, probabil.<br>Traseul de aproximativ 64km (n-am ochelari) a pornit de la Campu Cetatii si s-a incheiat in Lupeni (de Odorhei), fiind deja in Tinutul Secuiesc.<br>Am trecut prin Sovata, inconjurand lacul Ursu. Nu pot sa ma plang, vremea a fost perfecta, innorat, noroi placut, nu iarba uda pe care patinam acum doua zile si numai in zig-zag alergam la vale.<br>Am vazut doi purcelusi de mistret foarte faini, vargati, care mi-au taiat calea in parcul de la Sovata, m-am linistit cand m-am gandit ca mistreata sigur trecuse.<br>Fiind un traseu rapid, a fost fara poze, astept pe Victor fotograful sa la posteze.<br>Ce mai e de remarcat e ca pe la km52, intr-un mic satut a fost cineva cu un PA ad-hoc, ca s-a gandit ca avem nevoie si regulamentul nu interzice. Fain baiatul, am baut un pahar de cola si am luat doua pastile de dextro. Sigur nu era strain de sportul de performanta. Multumesc!<br>Incetul cu incetul lumea mai afla de noi si ne ajuta. Pentru normalitate!&#8221;<\/em><\/p>\n\n\n<div class=\"embed-gphotos  wp-caption\"><a href=\"https:\/\/photos.google.com\/share\/AF1QipNy-QoAYQqTdxuJhCpq8HU3CKOmSRgZ2KLgdvLLml9hIs48VB_p8hK6LkJAXtQlOA?key=T0hYN0NUWjhzeFFob2s1SThxTnRpaWRWZGZWM2NB\" target=\"_blank\"><img loading=\"lazy\" decoding=\"async\"    src=\"https:\/\/lh3.googleusercontent.com\/itSTdVcUOCmvRZ9Xi5TD3pQ5gd6UMGXybwTCttM2cytzx9rAPP_ApDnRBz2zyyG-WbBUC3i40-RHzv_4W1GgIIH6kLHp_4uWrYIaWAyfnHhOJtqsOqlE8tSghNlV5dXt3ILTAYD21HY=w400-h1000\" width=\"400\" height=\"267\"   ><\/a><\/p>\n<p class=\"wp-caption-text\"><a href=\"https:\/\/photos.google.com\/share\/AF1QipNy-QoAYQqTdxuJhCpq8HU3CKOmSRgZ2KLgdvLLml9hIs48VB_p8hK6LkJAXtQlOA?key=T0hYN0NUWjhzeFFob2s1SThxTnRpaWRWZGZWM2NB\" target=\"_blank\">etapa5 \/ Google Photos<\/a><\/p>\n<\/div>\n<div class=\"embed-gphotos  wp-caption\"><a href=\"https:\/\/photos.google.com\/share\/AF1QipOGK3fSGMwSAiB0P2T5VubWeffPxpcbzxPyHfow3m9_iKFh_xT4D68B5YtBg_apQg?key=NGkyek12TkhqUjZWb2xmUzlWbUdfV0c0bU9RdlJn\" target=\"_blank\"><img loading=\"lazy\" decoding=\"async\"    src=\"https:\/\/lh3.googleusercontent.com\/2T_yVlhyrvpbTKbpOmaWmZ9vuEFNCsncDP6J_NcQRUsmwdIaPB6vH0trVSPf3K0wVLHN3jKDp6buJ6PfjBnAN2b2bL9sbLfa6Y3Y-jgM262rUGxGBG_dj83BQvStO9eHHKtHYu7aUtE=w400-h1000\" width=\"400\" height=\"267\"   ><\/a><\/p>\n<p class=\"wp-caption-text\"><a href=\"https:\/\/photos.google.com\/share\/AF1QipOGK3fSGMwSAiB0P2T5VubWeffPxpcbzxPyHfow3m9_iKFh_xT4D68B5YtBg_apQg?key=NGkyek12TkhqUjZWb2xmUzlWbUdfV0c0bU9RdlJn\" target=\"_blank\">etapa5 \/ Google Photos<\/a><\/p>\n<\/div>\n<div class=\"embed-gphotos  wp-caption\"><a href=\"https:\/\/photos.google.com\/share\/AF1QipMg3X9UxSKXfb6J733ykCCaX81_S_lvu2ehmDAHFU0ftweD2vTmtYT1h-nwXgfRtA?key=Vi01TE5VcF8zMVBzSU1KSDhQMDN5UW40akFXLTV3\" target=\"_blank\"><img loading=\"lazy\" decoding=\"async\"    src=\"https:\/\/lh3.googleusercontent.com\/lwSGeMEw5XYN5Y7_sTk7gV-Llsevh-oNcOnbVPdjaOL6GNK9s9oEYTRZsN4Shcv-SkSZHYuUoePguVwXyEd7qgKfGFOZVbqWh4_3GSR58Tn9kMqhiWHhAGIRNpdnikzsmLdt44DNiak=w400-h1000\" width=\"400\" height=\"267\"   ><\/a><\/p>\n<p class=\"wp-caption-text\"><a href=\"https:\/\/photos.google.com\/share\/AF1QipMg3X9UxSKXfb6J733ykCCaX81_S_lvu2ehmDAHFU0ftweD2vTmtYT1h-nwXgfRtA?key=Vi01TE5VcF8zMVBzSU1KSDhQMDN5UW40akFXLTV3\" target=\"_blank\">etapa5 \/ Google Photos<\/a><\/p>\n<\/div>\n<div class=\"embed-gphotos  wp-caption\"><a href=\"https:\/\/photos.google.com\/share\/AF1QipMqyrx3fOJh5vyAXGeZN4yo3XQ6s0UUm1qB7OJxRgwBnV2ddZkYIVJLBdZh7twjHw?key=SFN5eDdKRTJsZmlTOXZ5MkVCa1Y4eEREd3RMbUpB\" target=\"_blank\"><img loading=\"lazy\" decoding=\"async\"    src=\"https:\/\/lh3.googleusercontent.com\/fAMlQlrf-T3WlFdnRAER8rpsaAJPPP8xwwW4UjkaTaw0Ei6Z6qyxgEiNXjDi_ebUwupjzzH0pMwJHjgJBewwiDM2Wgb0pHzb0gOREi5TGjr1iZ3z8rFsIKddmzR-Kk6nZ1SpmaB_6zw=w400-h1000\" width=\"400\" height=\"267\"   ><\/a><\/p>\n<p class=\"wp-caption-text\"><a href=\"https:\/\/photos.google.com\/share\/AF1QipMqyrx3fOJh5vyAXGeZN4yo3XQ6s0UUm1qB7OJxRgwBnV2ddZkYIVJLBdZh7twjHw?key=SFN5eDdKRTJsZmlTOXZ5MkVCa1Y4eEREd3RMbUpB\" target=\"_blank\">etapa5 \/ Google Photos<\/a><\/p>\n<\/div>\n\n\n\n<p><strong>Evenimente etapa a V-a.<\/strong><br>Doar lucruri faine au fost. \u00cent\u00e2lnirea cu purcelu\u0219ii \u0219i PA-ul ad-hoc al b\u0103iatului de la \u00cenl\u0103ceni. <br>A, \u0219i s\u0103 nu uit! A fost etapa alergat\u0103 de <strong>Biborka<\/strong> de la echipa CSM Odorheiul Secuiesc! Ca s\u0103 ne aducem aminte de asta, am tot v\u0103zut mici panouri de \u00eencurajare cu numele ei! Hajra! A \u00eencheiat etapa pe primul loc la fete, normal, \u0219i pe locul 5 per total, \u00een fa\u021ba lui Silip. De fapt, cu Silip a alergat cred mai tot traseul! Vede\u021bi, deja chibi\u021bez!<br><br><strong>Despre &#8220;Americanul&#8221;. <\/strong>La hotelul unde ne-am cazat era o recep\u021bioner\u0103 simpatic\u0103, un fel de factotum: adic\u0103 \u0219i f\u0103cea caz\u0103ri, \u0219i servea la bar, \u0219i tot de ea ne-am izbit c\u00e2nd am luat masa seara \u0219i diminea\u021ba. Ei, \u0219i Adi, fiind b\u0103iat fain cu ochi alba\u0219tri, \u00eenalt etc, pe scurt idealul b\u0103rb\u0103tesc, normal c\u0103 sensibilizeaz\u0103 partea feminin\u0103 \u0219i &#8230; \u0219tie \u0219i el asta foarte bine. Pentru c\u0103 eram \u00een secuime, normal c\u0103 doamna vorbea maghiar\u0103, mai ales maghiar\u0103. \u0218i Adi&#8230; c\u00e2t putea, s\u0103 ating\u0103 \u00eenc\u0103 o coard\u0103 sensibil\u0103. Doar e din T\u00e2rgu-Mure\u0219, acolo ar fi \u0219i p\u0103cat s\u0103 nu \u0219tii s\u0103 o rupi \u00een maghiar\u0103. Problema lui era c\u0103 nu avea lei ci &#8230; euro. Iar cititorul de carduri nu func\u021biona. De ce avea euro? Pentru o furc\u0103! V-am spus c\u0103 Adi e multivalent, umbl\u0103 \u0219i cu bi\u021ba. A\u0219a, \u00eenc\u0103 n-am spus tot contextul. Etapa aceasta \u00een sf\u00e2r\u0219it a reu\u0219it s\u0103 se distan\u021beze c\u00e2t dec\u00e2t de Silip, mai ad\u0103ug\u00e2nd 10min la diferen\u021ba dintre ei. \u0218i b\u0103nuiesc c\u0103 \u0219i de aceea a dorit s\u0103 fac\u0103 cinste. <br>Ca s\u0103 fie clar, sigur c\u0103 a pl\u0103tit, dar nu fix atunci. Doamna nu accepta&#8230; euro. \u0218i de aici &#8230; cineva a pronun\u021bat cuv\u00e2ntul &#8211; &#8220;Americanul&#8221;. A\u0219a i-a r\u0103mas numele \u00een continuare, p\u00e2n\u0103 a mai primit o porecl\u0103 s\u0103-i at\u00e2rne ca o tinichea &#8220;de coad\u0103&#8221;: &#8220;Trotinetistul&#8221;. Da, oamenii sunt r\u0103i \u0219i invidio\u0219i \u00een special pe cei buni. A\u0219a c\u0103 atunci c\u00e2nd recep\u021bionera \u00eentreba de el, punctam: &#8220;Americanul?&#8221;. \u0218i a\u0219a a ajuns s\u0103 i se adreseze \u0219i ea.<br><br><strong>Concluzii.<\/strong><br>E prima etap\u0103 c\u00e2nd \u00eenchei la mai mult de jum\u0103tate de or\u0103 de adversarii mei, mai precis la 39min de Silip, \u0219i ca urmare bariera ultim\u0103 de 1h30min dintre mine \u0219i el a fost atins\u0103. Lucrurile sunt clare. <strong>Deja am trecut \u00een regimul de chibi\u021bare a luptei dintre Silip \u0219i Adi, \u00een aceast\u0103 etap\u0103 Adi s-a distan\u021bat cu \u00eenc\u0103 10min \u0219i diferen\u021ba dintre ei a ajuns la 12min.<\/strong><br><br>Ce mai e de spus? \u00cen aceast\u0103 etap\u0103 o mare parte a Via Transilvanica a coincis cu Via Mariae. Eu tot c\u0103utasem \u00eenainte de concurs puncte comune\/trasee comune \u00eentre concursurile mele de MTB \u0219i alergare \u0219i traseul Via Transilvanica, \u00een dorin\u021ba de a avea m\u0103car un avantaj moral fa\u021b\u0103 de concuren\u021b\u0103. P\u00e2n\u0103 acum n-a fost mare lucru, partea de la Sadova ar fi trecut pe la Fundu Moldovei unde am fost la ultra-ul tot pe etape &#8211; Ultrabug.<br><br>Precum vede\u021bi, am \u00eenceput s\u0103 fiu mai concis. Partea competi\u021bional\u0103 s-a cam \u00eencheiat, \u00eencep s\u0103 admir peisajul.<br><br><strong>Etapa a VI-a.<\/strong><br>Lupeni &#8211; D\u00e2rjiu, loc 7 in etap\u0103, 3 general, 8h16min pt 68km cu 1600m+ dif nivel.<br><br>Au fost 2 PA-uri, la Odorheiul Secuiesc \u0219i M\u0103rtini\u0219. Odorheiul Secuiesc l-am str\u0103b\u0103tut \u00een parte pe o alee frumoas\u0103 folosit\u0103 \u0219i ca pist\u0103 de biciclet\u0103. Ca s\u0103 ajungem la start am fost  transporta\u021bi c\u00e2\u021biva kilometri, iar finishul la D\u00e2rjiu a fost o mic\u0103 modificare fa\u021b\u0103 de planul ini\u021bial \u00een care figura Archita ca destina\u021bie.<br><br>Cazarea la D\u00e2rjiu a fost la un localnic l\u00e2ng\u0103 biserica de unde am luat startul ziua urm\u0103toare. Foarte bune condi\u021bii, m\u00e2ncare, avea o curte mare unde am \u00eenc\u0103put cu to\u021bii, inclusiv soarele. <\/p>\n\n\n\n<p><em>&#8220;Azi, miercuri, a fost etapa a VI-a de la Lupeni la D\u00e2rjiu, 68km. Un loc 7 pe etapa, raman pe locul 3 general la numar de kilometri parcursi si timp general, dupa <a href=\"https:\/\/www.facebook.com\/costea.adrian1?__cft__[0]=AZWn72hGVx_iLGdCMhaCoAl0u0WUV1F4HD8TQMN8aO2IhcQg5TKCmIi0uO5au4gRFs7tezaSlnd6PuTd3ZJb4XO2wXJRwyVVa9vkJi9MoV1-PHAFhuSN0csiooVdu8nXSDaOVrzYDm8x6KxkaKhQVL6vrC-BRa6JAd5rjEZRkwLTQG-Ae_CaPYXqNuEPAsa3urg&amp;__tn__=-]K-R\">Costea Adrian<\/a> si <a href=\"https:\/\/www.facebook.com\/codrea.gheorghe?__cft__[0]=AZWn72hGVx_iLGdCMhaCoAl0u0WUV1F4HD8TQMN8aO2IhcQg5TKCmIi0uO5au4gRFs7tezaSlnd6PuTd3ZJb4XO2wXJRwyVVa9vkJi9MoV1-PHAFhuSN0csiooVdu8nXSDaOVrzYDm8x6KxkaKhQVL6vrC-BRa6JAd5rjEZRkwLTQG-Ae_CaPYXqNuEPAsa3urg&amp;__tn__=-]K-R\">Codrea Gheorghe Silip<\/a> .<br>Dupa un inceput pe ploaie usoara, vremea s-a indreptat suficient sa fie optima pentru alergat. Traseul, chiar daca a avut pe alocuri noroi, a fost alergabil si banuiesc ca alergatorii care nu au avut de parcurs toate etapele au putut alerga tot. Frumos in secuime, traseul Via Transilvanica a traversat Odorheiul Secuiesc si &#8230; localitatea Daia. De ce? D&#8217;aia! <img loading=\"lazy\" decoding=\"async\" height=\"16\" width=\"16\" alt=\"\ud83d\ude42\" src=\"https:\/\/static.xx.fbcdn.net\/images\/emoji.php\/v9\/t4c\/1\/16\/1f642.png\"><br>Va aduceti aminte de cormoranii unui fost ministru al agriculturii? <br>Un traseu linistit, pustiu, putine sate pe zeci de kilometri. Doar eu si natura, foarte putin am alergat alaturi de altii. Asta e, am un ritm unic. <img loading=\"lazy\" decoding=\"async\" height=\"16\" width=\"16\" alt=\"\ud83d\ude42\" src=\"https:\/\/static.xx.fbcdn.net\/images\/emoji.php\/v9\/t4c\/1\/16\/1f642.png\"><br>Am trecut pe la statuia lui Isus, am remarcat inscriptiile diferite de pe pietrele care marcheaza traseul Via Transilvanica, uneori cu motive specifice zonei.<br>Sunt multumit de cum am mers, m-am straduit ca de obicei ca, oricat de slab am inceput, finishul &#8211; ultimii 20-30km, sa fie mai bun.<br>Ai mei, Silip cu Adrian, se tot lupta. Eu astept&#8230; activ. Nu pot face mai mult. Dar alergarea e chiar o placere, trag dar am si perioade de adormire, desprindere de concurs.Uneori ma gandesc ca suntem ca un circ ambulant care se deplaseaza de la o locatie la alta, cu catel si purcel. E drept, inca n-am adoptat caini si pisici de pe drum. <img loading=\"lazy\" decoding=\"async\" height=\"16\" width=\"16\" alt=\"\ud83d\ude42\" src=\"https:\/\/static.xx.fbcdn.net\/images\/emoji.php\/v9\/t4c\/1\/16\/1f642.png\">Dar cred ca gazdele noastre s-au bucurat de &#8230; veselia noastra. <img loading=\"lazy\" decoding=\"async\" height=\"16\" width=\"16\" alt=\"\ud83d\ude42\" src=\"https:\/\/static.xx.fbcdn.net\/images\/emoji.php\/v9\/t4c\/1\/16\/1f642.png\"><br>Mai sunt doua etape, incep sa ma simt ca la inceput, sa ma adaptez. Cam atat&#8230;&#8221;<\/em><\/p>\n\n\n<div class=\"embed-gphotos  wp-caption\"><a href=\"https:\/\/photos.google.com\/share\/AF1QipPNpI47p_vOaJ73EkguIS5mdDD0fnBFNIgxGyZHj1M0_IktZdCUSeWDvJ7aNROWkA?key=WHhZM0hvalA0eC1MM1lTVHVRaXZ1V25NcTNYa253\" target=\"_blank\"><img loading=\"lazy\" decoding=\"async\"    src=\"https:\/\/lh3.googleusercontent.com\/xxRS_ZLXGS_QDhNGhjM6LpMs6mDM6nGqocydKRQ0352feSwP7YbEt0SFf4aUxdHWcLVfk-JogiW-iK_ZzVnP_aDNn1QuQK5IoTLeyjrf3O71jVMQT1zJshcJxqHAVboT1sqwCTms7t8=w400-h1000\" width=\"400\" height=\"533\"   ><\/a><\/p>\n<p class=\"wp-caption-text\"><a href=\"https:\/\/photos.google.com\/share\/AF1QipPNpI47p_vOaJ73EkguIS5mdDD0fnBFNIgxGyZHj1M0_IktZdCUSeWDvJ7aNROWkA?key=WHhZM0hvalA0eC1MM1lTVHVRaXZ1V25NcTNYa253\" target=\"_blank\">etapa6 \/ Google Photos<\/a><\/p>\n<\/div>\n<div class=\"embed-gphotos  wp-caption\"><a href=\"https:\/\/photos.google.com\/share\/AF1QipN7Y-IiuG6BtIYqoI-I4aG6-TEXDZ9d1rr6rF9EI6U6Tdpu_Cday285lc3ivOkyjA?key=Zy1FclNHUzJKWmoyOHpUSURSYXhLVUdkUENRX3Fn\" target=\"_blank\"><img loading=\"lazy\" decoding=\"async\"    src=\"https:\/\/lh3.googleusercontent.com\/mGGqSBVw1okCShbzSm5HUWkkP8jct-8Og9dm-68bq_VXUHsS53Puf2tAd56a3JBgUWZjkq1MyizFNHG_5NC5pDgPwtCdMWN58XLzhbulPpQ_Ygu70MPFmILv8Xt7sHsmM8w4Or1y5fY=w400-h1000\" width=\"400\" height=\"267\"   ><\/a><\/p>\n<p class=\"wp-caption-text\"><a href=\"https:\/\/photos.google.com\/share\/AF1QipN7Y-IiuG6BtIYqoI-I4aG6-TEXDZ9d1rr6rF9EI6U6Tdpu_Cday285lc3ivOkyjA?key=Zy1FclNHUzJKWmoyOHpUSURSYXhLVUdkUENRX3Fn\" target=\"_blank\">etapa6 \/ Google Photos<\/a><\/p>\n<\/div>\n<div class=\"embed-gphotos  wp-caption\"><a href=\"https:\/\/photos.google.com\/share\/AF1QipMxbpYcLGH58W3sDESF6GoTirJcK9cnlyw7N1W85-uMawwwNWAgEUlt1cw8VEGbDg?key=OHVtS28zYlFuTkVicm5kbkNHTEROem00M2tzZ2p3\" target=\"_blank\"><img loading=\"lazy\" decoding=\"async\"    src=\"https:\/\/lh3.googleusercontent.com\/K-YSI7l9u2zsIhyynDkNvbHehyIXBJ8EHI0uW4z-PWZQuxETeLBHYNKd1SAsx0g4ORzsoa8yfqSPbUwfX5KW1wCZ2c0AQkop0S_Ef4we6tZqXme-uCoFd-1NskXGWfrpAWvsAxHDauU=w400-h1000\" width=\"400\" height=\"266\"   ><\/a><\/p>\n<p class=\"wp-caption-text\"><a href=\"https:\/\/photos.google.com\/share\/AF1QipMxbpYcLGH58W3sDESF6GoTirJcK9cnlyw7N1W85-uMawwwNWAgEUlt1cw8VEGbDg?key=OHVtS28zYlFuTkVicm5kbkNHTEROem00M2tzZ2p3\" target=\"_blank\">etapa6 \/ Google Photos<\/a><\/p>\n<\/div>\n<div class=\"embed-gphotos  wp-caption\"><a href=\"https:\/\/photos.google.com\/share\/AF1QipMapFcquKsMzpA8tYw6NH3vjfDsyS6K9GtN5ih0nPG13RlKwts-xXqN4OsO-6bLgQ?key=T2hFMlRRY08wMG9fVGtJdF9OclBYM1NCdkF4NURB\" target=\"_blank\"><img loading=\"lazy\" decoding=\"async\"    src=\"https:\/\/lh3.googleusercontent.com\/oRm54zTF5x8MzuZwGyYBGSOJBPSspR4iNzfq6ALvnTJ5QuAq01oRC-45TknWOChatLlR2dQgl7UBL70nUqrdvNir1ziYUMZrC6knijLOc-pysH3hg6gq8OVAmOZjF58vHCou6O0PvxU=w400-h1000\" width=\"400\" height=\"267\"   ><\/a><\/p>\n<p class=\"wp-caption-text\"><a href=\"https:\/\/photos.google.com\/share\/AF1QipMapFcquKsMzpA8tYw6NH3vjfDsyS6K9GtN5ih0nPG13RlKwts-xXqN4OsO-6bLgQ?key=T2hFMlRRY08wMG9fVGtJdF9OclBYM1NCdkF4NURB\" target=\"_blank\">etapa6 \/ Google Photos<\/a><\/p>\n<\/div>\n\n\n\n<p><br><strong>Evenimente etapa a VI-a.<\/strong><br>Surpriza a fost din partea lui Robike, un MTB-ist foarte bun \u0219i prieten bun cu Adi Costea. A venit la noi, la D\u00e2rjiu, special s\u0103-i fac\u0103 masaj lui Adi, s\u0103-l ajute la recuperare \u00een lupta lui cu Silip. \u0218i atunci am mai \u00eenc\u0103put \u0219i eu, \u0219i al\u021bii &#8211; inclusiv Ailenei, pe m\u00e2inile lui. \u0218i s-a priceput. <br>Ziua urm\u0103toare n-am mai avut febr\u0103 muscular\u0103, \u00eens\u0103 din p\u0103cate am constatat c\u0103 am o problem\u0103 de inflamare \u00een zona tibiei \u0219i, ca s\u0103 m\u0103 protejez, va trebui s\u0103 alerg mai lent, cu aten\u021bie s\u0103  nu fac mi\u0219c\u0103ri bru\u0219te \u00een lateral. Adic\u0103 brusc am devenit fan al asfaltului, al drumurilor f\u0103r\u0103 provoc\u0103ri.<br><br><strong>Concluzii<\/strong>.<br>Pierd tot mai mult timp raportat la primii, \u00een aceast\u0103 etap\u0103 45min diferen\u021b\u0103 fa\u021b\u0103 de Silip, 2h15min diferen\u021b\u0103 total\u0103. Silip a recuperat un minut fa\u021b\u0103 de Adi, a\u0219a c\u0103 situa\u021bia r\u0103m\u00e2ne str\u00e2ns\u0103 \u00eentre ei, 11min.<br>Fire\u0219te, n-am f\u0103cut tam-tam cu problema mea fizic\u0103, dar eram \u00eengrijorat.<br><br><strong>Etapa a VII-a.<\/strong><br>D\u00e2rjiu &#8211; Sighi\u0219oara, loc 6 in etap\u0103, 3 general, 10h16min pt 85km cu 1900m+ dif nivel.<br><br>Plec\u00e2nd de la D\u00e2rjiu, nu de la Archita, etapa urma s\u0103 fie chiar monstruos de lung\u0103 dac\u0103 \u00eencheiam la Stej\u0103renii, prelungindu-se cu por\u021biunea D\u00e2rjiu &#8211; Archita. Pur \u0219i simplu, alerg\u00e2nd \u0219i mai \u00eencet, timpul trecea greu \u0219i la Sighi\u0219oara c\u00e2nd am ajuns, afl\u00e2nd c\u0103 nu e doar PA ci chiar finish de etap\u0103 nu mi-a p\u0103rut r\u0103u. De acolo la Stej\u0103renii urma o urcare lung\u0103.<br><br>A\u0219adar puncte de alimentare au fost: PA1 Archita, PA2 Saschiz \u0219i PA3 S\u0103p\u00e2rtoc.<br>Dac\u0103 la Archita a fost un PA cu stilul cu care ne-am obi\u0219nuit, la Saschiz am fost \u00eent\u00e2mpinat de produse tradi\u021bionale, am gustat \u0219i eu din b\u0103utura cu r\u0103b\u0103rbar, am m\u00e2ncat prajituri&#8230; S-au al\u0103turat la acel punct o comunitate de femei din Saschiz \u0219i ne-au ajutat. Mul\u021bumim! Saschizul este una din localit\u0103\u021bile care \u0219tie cum s\u0103 arate ospitalitatea, nu degeaba acolo e \u0219i startul unei curse cunoscute de MTB &#8211; TBT (Transylvania Bike Trails) Race, care promoveaz\u0103 turismul \u00een zon\u0103, traseul trec\u00e2nd pe la localit\u0103\u021bi cunoscute din zon\u0103. Noi am fost pe o por\u021biune din acel traseu, eu am participat la vreo dou\u0103 edi\u021bii, este marcaj specific.<br>A fost foarte cald, noroc cu ci\u0219melele de la marginea drumului, multe func\u021bionale. \u0218i la Saschiz Ioan Coroiu mi-a turnat ap\u0103 pe cap cu g\u0103leata.<br>Pentru cazare \u0219i start ne-au transportat la Stej\u0103renii.<br><br><em>&#8220;Astazi a fost etapa a VII-a, penultima, de la Darjiu la Sighisoara, 85km cu 2000m dif. nivel.<\/em><br><em>Pentru mine a fost foarte greu, o caldura mare cu care nu am fost obisnuit. S-a mai strans si oboseala, toata stima la primii ca au facut fata la astfel de conditii.<\/em><br><em>Eu am tot vizitat cismelele, mi-am udat sapca si capul&#8230;<\/em><br><em>Si azi, din nou, am trecut prin satul Daia. Dar Daia ce tine de comuna Apold. Trebuie sa studiez aspectul, de ce s-a ales numele acesta.<\/em><br><em>10h16min, locul 6 in etapa, cam asta am realizat. La general tot pe 3 am ramas.<\/em><br><em>A fost o lupta dura pentru minute intre Adrian si Silip, Silip a mai redus din diferenta, e cam la 6 min de Adrian. Maine&#8230; o vor lua de la capat. Eu sunt simplu spectator alergator, chibitez pe la PA-uri dupa ce aflu diferentele intermediare dintre ei.<\/em><br><em>Multumesc lui Robike pentru masaj, mi-a prins bine chiar daca rezultatul cursei a fost mai slab. Multumesc ca de obicei prietenilor de la clubul din Odorheiu Secuiesc pentru sprijin, pentru bere. <img loading=\"lazy\" decoding=\"async\" height=\"16\" width=\"16\" alt=\"\ud83d\ude42\" src=\"https:\/\/static.xx.fbcdn.net\/images\/emoji.php\/v9\/t4c\/1\/16\/1f642.png\"><\/em><br><em>Si multumesc organizatorilor, voluntarilor si fotografilor pentru efort.<\/em><br><em>Foarte fain traseul, de unde ieri au fost portiuni in comun cu Via Mariae astazi, fiind in Tinutul Sasesc, trecand pe la Saschiz am vazut marcaj de TBT Race de MTB. Si am si coborat pe o poteca amenajata pentru downhill, doar ca se vedea ca n-a fost intretinuta de ceva timp.&#8221;<\/em><\/p>\n\n\n<div class=\"embed-gphotos  wp-caption\"><a href=\"https:\/\/photos.google.com\/share\/AF1QipOnq24G-xdX6r-H2IJTKwnBrP2AUaX68tY91or7PrTYO27TD0ZgPmtpNsQHXwaFIg?key=YlFNZzE3WjJDVjUxeVVZWndhMU4tT0ZZTjVKVDZ3\" target=\"_blank\"><img loading=\"lazy\" decoding=\"async\"    src=\"https:\/\/lh3.googleusercontent.com\/EmBRNi1xciU1GiEVegCwiS5tNc8i5mYoC4jbgQIL-RTuY9uvJRlKboDcufHAxSUbi5sulNqOJlVIb4cg8Pf1JWpW9VWtTghx0zJ3PUJyFqS9yDHzSexKW5DvVBrdvOq9yDDbGG8Gn2M=w400-h1000\" width=\"400\" height=\"267\"   ><\/a><\/p>\n<p class=\"wp-caption-text\"><a href=\"https:\/\/photos.google.com\/share\/AF1QipOnq24G-xdX6r-H2IJTKwnBrP2AUaX68tY91or7PrTYO27TD0ZgPmtpNsQHXwaFIg?key=YlFNZzE3WjJDVjUxeVVZWndhMU4tT0ZZTjVKVDZ3\" target=\"_blank\">etapa7 \/ Google Photos<\/a><\/p>\n<\/div>\n<div class=\"embed-gphotos  wp-caption\"><a href=\"https:\/\/photos.google.com\/share\/AF1QipPuylCsEW-_3I_DD9VuYI0y0U6tqG4pQ5v62cJJSFvDJKfIT5mb6Fh2b26uRxdlWw?key=VDQ0RHY3REJfYXFWZTNqU0JqTEpybDhzaVFaME9n\" target=\"_blank\"><img loading=\"lazy\" decoding=\"async\"    src=\"https:\/\/lh3.googleusercontent.com\/J103ktJOMWiAhx7BxYF9joggVYWQ_kjKsHQynPCyxlYKt9Skg_37VdIiosTss07kmjPoxO9rDYrBt8ZJ1rKwveMo2IuJlYFQ8Ve1smxzh5xeQGxQ35DRXReZhD_IgMiN5VJSng4dtk4=w400-h1000\" width=\"400\" height=\"267\"   ><\/a><\/p>\n<p class=\"wp-caption-text\"><a href=\"https:\/\/photos.google.com\/share\/AF1QipPuylCsEW-_3I_DD9VuYI0y0U6tqG4pQ5v62cJJSFvDJKfIT5mb6Fh2b26uRxdlWw?key=VDQ0RHY3REJfYXFWZTNqU0JqTEpybDhzaVFaME9n\" target=\"_blank\">etapa7 \/ Google Photos<\/a><\/p>\n<\/div>\n<div class=\"embed-gphotos  wp-caption\"><a href=\"https:\/\/photos.google.com\/share\/AF1QipM_KVKxsDVngJyDWo0M-Q5M-ZIymM4i89aDB5H1eAYYnP01cdVj8K7mHAln_Lg6ag?key=cUc3aDFYTDF6Ni1WZDlrVnp2Z2xNQVVqcmtiQ2lB\" target=\"_blank\"><img loading=\"lazy\" decoding=\"async\"    src=\"https:\/\/lh3.googleusercontent.com\/SUQudqrjP7rG5tZxTLD3uWQLdvc5_Cywi0tLWbbwDxvTiLJWgPcjYEp74yEN5olNrvCrRv0e3NHNrN_HQK2nPjrtW-Z-1zdVUk87cz8xdzqzxGhafP3PWbccF51Dl_4zbODaITsxEYA=w400-h1000\" width=\"400\" height=\"267\"   ><\/a><\/p>\n<p class=\"wp-caption-text\"><a href=\"https:\/\/photos.google.com\/share\/AF1QipM_KVKxsDVngJyDWo0M-Q5M-ZIymM4i89aDB5H1eAYYnP01cdVj8K7mHAln_Lg6ag?key=cUc3aDFYTDF6Ni1WZDlrVnp2Z2xNQVVqcmtiQ2lB\" target=\"_blank\">etapa7 \/ Google Photos<\/a><\/p>\n<\/div>\n\n\n\n<p><strong>Evenimente etapa a VII-a.<\/strong><br>C\u0103ldur\u0103 mare \u0219i la propriu, \u0219i la figurat. La partea de figurat m\u0103 refer la ajutorul localnicelor de la Saschiz \u0219i chiar la lupta dintre Silip \u0219i Adi. Silip chiar s-a str\u0103duit \u0219i a reu\u0219it s\u0103 reduc\u0103 la aproape jum\u0103tate diferen\u021ba fa\u021b\u0103 de Adi, fiind acum la doar 6 minute de el.<br><br><strong>Concluzii:<\/strong><br>Greu \u0219i lung pentru mine. Noroc cu traseul fain. 1h41min pierdute fa\u021b\u0103 de Silip, cu toate acestea cei de dup\u0103 mine au \u00eencheiat la 1h30 diferen\u021b\u0103 \u0219i am fost pe locul 6 \u00een etap\u0103. Fetele s-au oprit la S\u0103p\u00e2rtoc, nu s-au \u00eencadrat \u00een timp. Iar Eva&#8230; a ales s\u0103 viziteze localit\u0103\u021bile s\u0103se\u0219ti, m-am pomenit cu ea parc\u0103 chiar la biserica din Saschiz. Nu m-am putut ab\u021bine s\u0103 nu scap o \u00een\u021bep\u0103tur\u0103, mai ales c\u0103 ea a fost una din vocile care a protestat la scurt\u0103rile de traseu din etapele de \u00eenceput.<br><br><strong>Etapa a VIII-a \u0219i ultima.<\/strong><br>Stej\u0103renii &#8211; Media\u0219, loc 17 in etap\u0103, 3 general, 07h35min pt 56km cu 1600m+ dif nivel.<br><br>Chiar  fost un ultra \u00een etape \u0219i la scris!<br>Traseul a trecut prin Cri\u0219, M\u0103l\u00e2ncrav (PA1), Noul S\u0103sesc \u0219i Biertan (PA2) \u0219i a fost surprinz\u0103tor de v\u0103lurit. O mare por\u021biune a fost pe traseu de MTB, curat \u0219i \u00eentortocheat, pe culme \u00een p\u0103dure &#8211; traseul de MBM (Media\u0219 Bike Marathon).<br>Am alergat \u00een partea final\u0103 cu Adrian St\u0103nescu, mul\u021bumesc de companie. El era la prima competi\u021bie de trail a\u0219a de lung\u0103. Acum v\u0103d \u00een clasament c\u0103 figureaz\u0103 la 10min de mine, dar am terminat \u00eempreun\u0103.<br>A fost \u00eenc\u0103 1h34min ad\u0103gat\u0103 \u00eentre mine \u0219i Silip, \u00een total 5h30min. E ceva diferen\u021b\u0103! Ultimele dou\u0103 etape au f\u0103cut mai mult dec\u00e2t s\u0103 dubleze diferen\u021ba de p\u00e2n\u0103 atunci. Eu am r\u0103mas \u00een statusul de refacere&#8230;<br>Silip nu a reu\u0219it s\u0103 mai reduc\u0103 din diferen\u021b\u0103, pierz\u00e2nd \u00eenc\u0103 3 minute, dar cele 9 minute de la final dup\u0103 at\u00e2tea zile \u0219i at\u00e2\u021bia kilometri au ar\u0103tat intensitatea luptei lor. Bravo lor!<br><strong>De aici vine \u0219i porecla ad\u0103ugat\u0103 lui Adi &#8211; &#8220;Trotinetistul&#8221;. A\u0219tept o poz\u0103 cu ea Adi! <\/strong><br>Locul 1 Adrian Costea &#8211; 60h28min<br>Locul 2 Codrea Silip &#8211; 60h37min<br>Locul 3 Veze &#8211; 66h08min<br>Locul 4 Florin Alexandru &#8211; 73h27min<br>C\u00e2nd nu mai era mult p\u00e2n\u0103 la final m-am \u00eent\u00e2lnit cu cineva \u00een p\u0103dure. Am r\u0103mas surprins. Dar dac\u0103 a vrut discre\u021bie, a\u0219a s\u0103 r\u0103m\u00e2n\u0103.<br><br><strong>\u00cen loc de concluziile \u0219i evenimentele de etap\u0103, e de ajuns ce am scris atunci:<\/strong><br><br><em>&#8220;S-a incheiat concursul <a href=\"https:\/\/www.facebook.com\/Transylvania-Legends-106284614880469\/?__cft__[0]=AZWepK1R7W71Gzl70tq3bRnWy08x_e9MqUZkFhKpIAFFATyA4QgGUA5IlHD3jv2IhbCXLesWiEw0wzOu6Ai90kp-aqyflJ1yZ5ljfCDsbYzdoMg6jTuTrBhO_jqmExY8znnunPbVJ-ui-2ZLsk6l9VPJ&amp;__tn__=kK-R\">Transylvania Legends<\/a> . <br>Ultima etapa a fost de la Stejarenii de langa Sighisoara la Medias, trecand pe la impresionantul Biertan, cam 56km cu 1700m diferenta de nivel.<br>Daca in ziua precedenta traseul a mai coincis in zona Saschiz cu TBT Race, adica Transilvania Bike Trails de MTB, acum o mare parte de traseu, din zona Biertan la Medias, Via Transilvanica a urmarit o creasta sinuoasa in general prin padure de la MBM, adica Medias Bike Marathon. A fost un traseu superb curatat ca de MTB, tot un sus-jos. &#8230; Singurul regret e ca nu l-am putut alerga cum trebuie, sa-mi dau drumul la vale si din viteza sa ma joc \u00eencerc\u00e2nd sa urc cat mai mult din panta ce urmeaza. Limitarile de la glezna unui picior mi-au facut kilometri interminabili, dar macar am putut vedea privelistile ce se deschideau printre ramurile copacilor.<br>La un moment dat am mers pe sensul invers maratonului, s-a sesizat foarte usor din pantele care deveneau mai abrupte si coborarile mai line.<br>Din ce stiu 8 persoane au reusit sa participe la toate etapele, din care 6 le-au parcurs integral. Lupta stransa dintre <a href=\"https:\/\/www.facebook.com\/codrea.gheorghe?__cft__[0]=AZWepK1R7W71Gzl70tq3bRnWy08x_e9MqUZkFhKpIAFFATyA4QgGUA5IlHD3jv2IhbCXLesWiEw0wzOu6Ai90kp-aqyflJ1yZ5ljfCDsbYzdoMg6jTuTrBhO_jqmExY8znnunPbVJ-ui-2ZLsk6l9VPJ&amp;__tn__=-]K-R\">Codrea Gheorghe Silip<\/a> si <a href=\"https:\/\/www.facebook.com\/costea.adrian1?__cft__[0]=AZWepK1R7W71Gzl70tq3bRnWy08x_e9MqUZkFhKpIAFFATyA4QgGUA5IlHD3jv2IhbCXLesWiEw0wzOu6Ai90kp-aqyflJ1yZ5ljfCDsbYzdoMg6jTuTrBhO_jqmExY8znnunPbVJ-ui-2ZLsk6l9VPJ&amp;__tn__=-]K-R\">Costea Adrian<\/a> s-a incheiat cu victoria muncita a lui Adrian, dupa vreo 545km au fost 9 min intre ei. Bravo la toti, in special lor si fetelor care au rezistat atatea etape!<br>Eu am fost pe 3 la general, aproximativ 66 ore am petrecut pe trasee, pe undeva la 5h30min de ei. In etapa 8 am fost pe locul 17, cu 7h39min pentru 56km, au venit multi oameni noi. Catalin Sorecau a castigat etapa, au fost multi buni, iar de la echipa CSM Odorheiul Secuiesc au participat toti care au parcurs etape in zilele precedente.<br>Daca merita sa mergeti pe Via Transilvanica? Sigur ca da! Alaturi de Via Maria este un traseu care strabate Romania, cu deosebirea ca daca Via Maria era conceput pentru pelerinaj, Transilvanica e mai modern, gandit special sa urmeze traseele cat mai pitoresti si cu istoric din tara, sa aiba si cursivitate.Merita sa veniti la concursul de ultra pe etape Transylvania Legends? Da! E gandit si pentru cei care nu fac toate etapele integral, alegand sa mai viziteze locurile. Pentru mine organizatorii au fost ca o echipa de sprijin in tot ce a insemnat logistica, m-au incurajat si m-au ajutat cat au putut de bine. S-au straduit sa fie bine pentru toti, au ales locatii unde ne-am putut odihni si cu mancare buna. Si s-au adaptat din mers si la conditiile de cursa si au tinut cont de problemele concurentilor. Multumesc!<br>Le multumesc la toti care au fost in jurul meu atatea zile, de la participanti la fotograf, organizatori si voluntari si de asemenea celor care m-au urmarit si sprijinit cu cuvinte frumoase, unele cu umor.<br>Eu atat am putut face, a fost distractiv, ca un joc real, un concediu &#8220;transhumantic&#8221;.<br>A durat cam mult scrisul, iar raman in urma! <img loading=\"lazy\" decoding=\"async\" height=\"16\" width=\"16\" alt=\"\ud83d\ude42\" src=\"https:\/\/static.xx.fbcdn.net\/images\/emoji.php\/v9\/t4c\/1\/16\/1f642.png\">&#8220;<\/em><br>Pozele selectat sunt puse \u00een <strong><a href=\"https:\/\/photos.app.goo.gl\/JcAwJc22dAgrqhQj7\">album<\/a><\/strong>. <\/p>\n\n\n<div class=\"embed-gphotos  wp-caption\"><a href=\"https:\/\/photos.google.com\/share\/AF1QipMA8FIJziDPRIr55b4RPgNOZglibNXSg78swU8B91FUssMqGS--1NeAKKvabKdsuw?key=ZGFJWmM5WjdEZDE1c2d3WlV1UW1XYWdnSUtTdE1n\" target=\"_blank\"><img loading=\"lazy\" decoding=\"async\"    src=\"https:\/\/lh3.googleusercontent.com\/0ujvdYKINfj6ocC9qzthQl28rRmjzbKceXsOIq7anypLl540HYBTcD9noWjDGBpoHVDH31A8-xyoxan76gCNQuPX0Ch9p3maLDHIvaryA6c5zhk7qQJmq4VGlPoCXIMg5oOy2kETbjQ=w400-h1000\" width=\"400\" height=\"267\"   ><\/a><\/p>\n<p class=\"wp-caption-text\"><a href=\"https:\/\/photos.google.com\/share\/AF1QipMA8FIJziDPRIr55b4RPgNOZglibNXSg78swU8B91FUssMqGS--1NeAKKvabKdsuw?key=ZGFJWmM5WjdEZDE1c2d3WlV1UW1XYWdnSUtTdE1n\" target=\"_blank\">etapa8 \/ Google Photos<\/a><\/p>\n<\/div>\n<div class=\"embed-gphotos  wp-caption\"><a href=\"https:\/\/photos.google.com\/share\/AF1QipOlO8FT3OycNIbXdnb9zcRUmhkop7j8qw_PN1upC3HGHDVegJ-A4Clrqdw3Qpu6Sw?key=UDRYOVNKWlJ6NkRiX2JMU3BUVGdkaXppQVB3WEhR\" target=\"_blank\"><img loading=\"lazy\" decoding=\"async\"    src=\"https:\/\/lh3.googleusercontent.com\/5qKNT2Zi1df4lYVQ-r_ChUepHS-jRxtX1fTTPaXiHshq5u9UMAYLHqsAIP8SF3e0CflPDggE8D0rmtd1bchuJVO-j8p9w2henDkDbpuVzXYMU8doemIqi2AOidjMCc-V3nsr42kXeEE=w400-h1000\" width=\"400\" height=\"267\"   ><\/a><\/p>\n<p class=\"wp-caption-text\"><a href=\"https:\/\/photos.google.com\/share\/AF1QipOlO8FT3OycNIbXdnb9zcRUmhkop7j8qw_PN1upC3HGHDVegJ-A4Clrqdw3Qpu6Sw?key=UDRYOVNKWlJ6NkRiX2JMU3BUVGdkaXppQVB3WEhR\" target=\"_blank\">etapa8 \/ Google Photos<\/a><\/p>\n<\/div>\n<div class=\"embed-gphotos  wp-caption\"><a href=\"https:\/\/photos.google.com\/share\/AF1QipMeO_VD1dT_CLkGxJhaUCj0PbE9jB7gvCqxXaXRSVf-ZF2omwUSPXrcK-xKQ3TO3A?key=dGJrRXJUY2ZOVFFTbGNteFRRMTBNNDJiaW9ybFF3\" target=\"_blank\"><img loading=\"lazy\" decoding=\"async\"    src=\"https:\/\/lh3.googleusercontent.com\/bceFZ6ssmrWfxeG0lqR5YqvufD-zuATTSAaWTFnQW4Mg18faCmI7R0m1tie4vvVBEDmiFhEfQURQzG9_PbQzlQ1Fvgi34iFrJeSpNUIj1hFz3fXoL0U_VP9Z844gCCVJxQgHV7TDEN8=w400-h1000\" width=\"400\" height=\"267\"   ><\/a><\/p>\n<p class=\"wp-caption-text\"><a href=\"https:\/\/photos.google.com\/share\/AF1QipMeO_VD1dT_CLkGxJhaUCj0PbE9jB7gvCqxXaXRSVf-ZF2omwUSPXrcK-xKQ3TO3A?key=dGJrRXJUY2ZOVFFTbGNteFRRMTBNNDJiaW9ybFF3\" target=\"_blank\">etapa8 \/ Google Photos<\/a><\/p>\n<\/div>\n<div class=\"embed-gphotos  wp-caption\"><a href=\"https:\/\/photos.google.com\/share\/AF1QipM3EeECLBFnEXQ3vguGLZ8FZKzQCBRkKHc89vCNFOqEWLEq_HuiHn8YJFXXCE5PIQ?key=RkFxNXJSMjRBbDRNMHlkVFZtT3hHYmdCSzVva0tR\" target=\"_blank\"><img loading=\"lazy\" decoding=\"async\"    src=\"https:\/\/lh3.googleusercontent.com\/K3v2vnStegDe3jhyqPQaBcb5om7o8GJwsifT7kbpdRlhfCeWLc1ziBiIz6xTb0wk4wnzQ82EiK1x9YRNktp-m9bRV2a-TI1Mme4tyaPUxvX_ZA01CdYFuK8kWa2fN3krst6tSZe0fYc=w400-h1000\" width=\"400\" height=\"267\"   ><\/a><\/p>\n<p class=\"wp-caption-text\"><a href=\"https:\/\/photos.google.com\/share\/AF1QipM3EeECLBFnEXQ3vguGLZ8FZKzQCBRkKHc89vCNFOqEWLEq_HuiHn8YJFXXCE5PIQ?key=RkFxNXJSMjRBbDRNMHlkVFZtT3hHYmdCSzVva0tR\" target=\"_blank\">final \/ Google Photos<\/a><\/p>\n<\/div>\n<div class=\"embed-gphotos  wp-caption\"><a href=\"https:\/\/photos.google.com\/share\/AF1QipNGvCmaeNP6NwfqGxuMU9Y3QnBuWvzb-te_pR9dCdz7Asc0ODX8pvzmQ-AB3mzg3A?key=S3B4Vm1JQ0pPRGZKaDUtZEkwbk4wbXl3Ymc0bXhR\" target=\"_blank\"><img loading=\"lazy\" decoding=\"async\"    src=\"https:\/\/lh3.googleusercontent.com\/NMcRNSpS97TFmOTyC1L97IyfiBZe4VdJldqaOFg_qZL42fviEc3m1o2N-KDGOHTgLWjsf_LNdR7RfSw0NS80ADA93tsJMJnbxGDoHCUaXh4wA3TmDobyh_2sSeqH48sWtWpKZCRq-5s=w400-h1000\" width=\"400\" height=\"267\"   ><\/a><\/p>\n<p class=\"wp-caption-text\"><a href=\"https:\/\/photos.google.com\/share\/AF1QipNGvCmaeNP6NwfqGxuMU9Y3QnBuWvzb-te_pR9dCdz7Asc0ODX8pvzmQ-AB3mzg3A?key=S3B4Vm1JQ0pPRGZKaDUtZEkwbk4wbXl3Ymc0bXhR\" target=\"_blank\">final \/ Google Photos<\/a><\/p>\n<\/div>\n<div class=\"embed-gphotos  wp-caption\"><a href=\"https:\/\/photos.google.com\/share\/AF1QipO2yypbReEslNscUyvoqMJ7lpaj3Y_VRLCZcp3Q3_XKuLbxh17QPgkx93oIQ5nMBQ?key=NkhDWGZRRWpsN3IwVVd0UjdsSmg5VVEtbkNTWm53\" target=\"_blank\"><img loading=\"lazy\" decoding=\"async\"    src=\"https:\/\/lh3.googleusercontent.com\/oKSqd0x8l5i_2ca0sTMJ5Dh-SqMadoK76GXAsBi9hT0Wk36yfXyUBMeceLWvlar7h8JbVsba0tIYdNmjRntKXfWhmh3ETTM8koVXETEGzhonhECeOXpxqWhI8AdtQWW5SEpBehNNKw4=w400-h1000\" width=\"400\" height=\"267\"   ><\/a><\/p>\n<p class=\"wp-caption-text\"><a href=\"https:\/\/photos.google.com\/share\/AF1QipO2yypbReEslNscUyvoqMJ7lpaj3Y_VRLCZcp3Q3_XKuLbxh17QPgkx93oIQ5nMBQ?key=NkhDWGZRRWpsN3IwVVd0UjdsSmg5VVEtbkNTWm53\" target=\"_blank\">final \/ Google Photos<\/a><\/p>\n<\/div>\n\n\n\n<p><br><\/p>\n\n\n\n<figure id=\"Interviu7Aprilie\" class=\"wp-block-table .wp-block-table table { min-width: 40rem; }\"><table class=\"has-subtle-pale-blue-background-color has-background\"><thead><tr><th>Nume<\/th><th>Interviul din 7 aprilie<\/th><\/tr><\/thead><tbody><tr><td>Intro<\/td><td>Vezentan Lauren\u021biu, este un om fain \u0219i plin de via\u021b\u0103, un binecunoscut ultramaratonist care se al\u0103tur\u0103 proiectului Transylvania Legends.<br>De\u0219i a participat \u0219i \u00eenc\u0103 continu\u0103 s\u0103 participe la cele mai provocatoare maratoane \u0219i ultramaratoane at\u00e2t din \u021bar\u0103 c\u00e2t \u0219i din str\u0103in\u0103tate, Lauren\u021biu (Veze) se consider\u0103 un alerg\u0103tor amator.<br>De ce? Spune c\u0103 vrea s\u0103 p\u0103streze acest hobby ca unul practicat cu pl\u0103cere, \u00een care se bucur\u0103 de alergat, de frumuse\u021bea locurilor str\u0103b\u0103tute, de oamenii pe care \u00eei \u00eent\u00e2lne\u0219te la aceste competi\u021bii, de sentimentul \u00een\u0103l\u021b\u0103tor pe care alergarea \u00een sine i le ofer\u0103. Acest lucru nu \u00eenseamn\u0103 \u00eens\u0103 c\u0103 nu lupt\u0103 s\u0103 ob\u0163in\u0103 maximul \u00een condi\u0163iile date, preg\u0103tirea avut\u0103.<br>Pasionat de \u0219ah \u0219i mountain bike, \u00een toamna anului 2010 Lauren\u021biu se hot\u0103r\u0103\u0219te s\u0103 participe la primul semimaraton din via\u021ba lui, F\u0103get Tour de la Cluj. Experien\u0163a lui \u00een alergare mai cuprinsese c\u00e2teva triatloane, dar alergarea nu era proba lui forte.<br>Un an mai t\u00e2rziu, \u00een 2011 particip\u0103 la prima edi\u0163ie a Maratonului Intena\u0163ional Cluj &#8211; \u015fosea \u015fi apoi la Hercules Maraton, 45 km.<br>Iar de atunci, a continuat an de an s\u0103 fie prezent \u0219i s\u0103 termine cele mai cunoscute competi\u021bii de alergare.<br>\u00cei plac foarte mult concursurile pe echipe, de unde a \u00eenv\u0103\u0163at multe mai ales din situa\u0163iile critice. Ce trebuie remarcat este progresul s\u0103u \u00een timp care nu \u0163ine cont de v\u00e2rst\u0103.<br><br>2016 &#8211; 38h58min loc 432 \u0219i 2018 &#8211; 32h16min loc 199 &#8211; Ultra-Trail du Mont-Blanc (UTMB) Fran\u0163a, 171 km<br>2014 &#8211; \u00eentrerupere concurs, 2015 &#8211; 24h52min loc 9 open, 2016, 2017, 2018 &#8211; 22h07min loc 2 open, 2019 &#8211; 18h33min loc 3 open, 1 master, prima dat\u0103 sub 20h &#8211; Marathon 7500 &#8211; echipe, 90 km<br>2017 &#8211; 27h33min loc 44, 2018 &#8211; 25h42min loc 29, 2019 24h52min loc 32 &#8211; 100 Miles of Istria Croa\u0163ia, 170 km<br>2017 &#8211; 26h41min loc 5-6, traseu de rezerv\u0103, 2018 &#8211; 38h17min loc 4-5 &#8211; Pirin Ultra 160km Bulgaria<br>2019 &#8211; 28h41min loc 1, 2020 &#8211; 25h53min loc 1- Apuseni Ultra Race 180 km<br>2013, 2014, 2015, 2017, 2019 &#8211; 4h55min, prima dat\u0103 sub 5h &#8211; Maraton Piatra Craiului<br>2015 &#8211; singurul abandon, 2016 &#8211; 49h28min loc 4, 2017 &#8211; 38h50min loc 2 &#8211; Propark Adventure &#8211; echipe<br>2011 &#8211; 4h22min, 2012 &#8211; 3h38min, 2013 &#8211; 3h25min, 2014 &#8211; 3h06min, 2015 &#8211; 3h06min, 2016 &#8211; 3h10min &#8211; Maraton Interna\u0163ional Cluj &#8211; \u015fosea<br>2015 &#8211; 12h28min, 2016 &#8211; 14h02min X-Man (triatlon tip IronMan) Oradea<br>Martie 2021 &#8211; Rupicapra Challenge ski de tur\u0103 &#8211; 10k Vertical, adic\u0103 10000 diferen\u021b\u0103 pozitiv\u0103 de nivel \u00eentr-o curs\u0103 cu schiurile parcurs\u0103 \u00een 24h, cu un timp efectiv sub 20h<br><br>Lista este par\u021bial\u0103, dar Veze, a\u0219a cum \u00eel \u0219tim cu to\u021bii, este un ultra\u0219 \u00eendr\u0103gostit de munte \u0219i competi\u021bie. Conform clasamentului ITRA pe \u0163ar\u0103, a ajuns pe locul 65 general \u015fi 2 la cursele lungi XXL, dup\u0103 Robert Hajnal, cu un coeficient individual de 691.<br>Despre competi\u0163ii \u015fi nu numai, scrie pe blogul <a rel=\"noreferrer noopener\" href=\"https:\/\/l.facebook.com\/l.php?u=https%3A%2F%2Fwww.unpicdetimpliber.ro%2Fwordpress%2F%3Ffbclid%3DIwAR3PscRXqwS90zkBfX5sqoyDA2omuN4bNWxrQIlJJm-dtc4Mh71XfqBra3E&amp;h=AT1U5KmX2N6FiJcChgyGBcqGz8Rc_bgqHT3yCHnWI-ZRoucYBhqPSgBykWXB341wItzRp6GYPM3JA0giPHRTgw_CPE8LKlONrTU46CffVz2u5KIOa33oQGxHlttE1rpz&amp;__tn__=-UK-R&amp;c%5b0%5d=AT31BNm7QNG7G8aoU_OXK6nLr59q2CrkGQb61DVHC9jDasDs6uvL776D_7fN_f70E3BUunLUri8yMc1u2-CE1WYOi8UlFlZM0g5nLJYghtMDsaz7-34UboJfGyFKlBwVM3xfWC6RHtZ2FQVERLEQn706_kQdn10FoFLeRqCDYeXLeg\" target=\"_blank\">https:\/\/www.unpicdetimpliber.ro\/wordpress\/<\/a> . De anul trecut a \u00eenceput s\u0103 fac\u0103 alerg\u0103ri de grup s\u0103pt\u0103m\u00e2nale pe trail cu scopul ini\u0163ial de antrenament pentru Maraton Apuseni \u015fi, deoarece a considerat c\u0103 este nevoie de ele \u00een aceste vremuri deosebite, le-a continuat <a rel=\"noreferrer noopener\" href=\"https:\/\/l.facebook.com\/l.php?u=http%3A%2F%2Fsportulpentruamatori.unpicdetimpliber.ro%2F%3Ffbclid%3DIwAR0tvKYV6nh1xKmtWXuPAsnlgK6CJLPrRXJkzEK0nxFkot26BeElsBASKxA&amp;h=AT0UHC0CDY8mYJuEz-Cm4DJl3g-snrbTHgjtlODzmrUaVTEpoQ03eRm91Aqg62RHpP4gq0ed40gOw2rIBmIdkdzGSizEdIfABqoaHKavx0L__gXjZsqUr-DSgZVBnjWi&amp;__tn__=-UK-R&amp;c%5b0%5d=AT31BNm7QNG7G8aoU_OXK6nLr59q2CrkGQb61DVHC9jDasDs6uvL776D_7fN_f70E3BUunLUri8yMc1u2-CE1WYOi8UlFlZM0g5nLJYghtMDsaz7-34UboJfGyFKlBwVM3xfWC6RHtZ2FQVERLEQn706_kQdn10FoFLeRqCDYeXLeg\" target=\"_blank\">http:\/\/sportulpentruamatori.unpicdetimpliber.ro\/<\/a> . Pasiunea din \u015fah o continu\u0103 sub forma emisiunii s\u0103pt\u0103m\u00e2nale \u201cRegi \u015fi Pioni\u201d de pe canalul regional TVR Cluj <a rel=\"noreferrer noopener\" href=\"http:\/\/www.regisipioni.ro\/?fbclid=IwAR05nq7gX2_6DEaSrmnVQuKx2rcVKT9Ez7Xboiieer-6Wu57hLp1ebswJsE\" target=\"_blank\">http:\/\/www.regisipioni.ro\/<\/a> , numele \u201eRegi \u015fi Pioni\u201d fiind folosit de altfel la unele competi\u0163ii pe echipe.<br>Este unul dintre cei mai buni tacticieni c\u00e2nd vine vorba de Ultramaraton.<br>Iar pe 22 Aprilie 2021, va participa la cea mai spectaculoas\u0103 \u0219i provocatoare competi\u021bie din Rom\u00e2nia &#8211; proiectul Transylvania Legends, proiect social dedicat copiilor de la A\u0219ez\u0103m\u00e2ntul Sf. Leontie din R\u0103d\u0103u\u021bi.<br>Pentru Veze, aceast\u0103 competi\u021bie realizat\u0103 \u00een scop social, nu este prima la care particip\u0103 \u0219i \u00een care se implic\u0103.<br>Din anul 2015, an de an, el a mai participat la Walking Month, o competi\u021bie sportiv\u0103 caritabil\u0103 \u00een care dona\u021biile au mers c\u0103tre diverse cauze, de exemplu \u00een 2020 \u201cMasa pe ro\u0163i\u201d c\u0103tre b\u0103tr\u00e2nii singuri, \u00een 2016 \u201cP\u0103\u015fim pentru ca ei s\u0103 poat\u0103 p\u0103\u015fi\u201d c\u0103tre copiii cu deficien\u021be locomotorii afla\u021bi \u00een grija Serviciului de Ajutor Maltez din Rom\u00e2nia.<\/td><\/tr><tr><td>Transylv. Legends:<\/td><td><strong>De ce ai spus \u201eDA\u201d acestui proiect Lauren\u021biu?<\/strong><\/td><\/tr><tr><td>Lauren\u021biu<\/td><td>\u00cemi place foarte mult \u0163ara asta \u015fi ori de c\u00e2te ori pot o explorez nu numai ca \u2026 relief. Ceea ce m-a atras \u00een mod specific e c\u0103 acest eveniment este multivalent: are ca scop principal proiectul social \u015fi apoi lansarea\/descoperirea traseului turistic Via Transilvanica pe noi tronsoane amenajate. La ora la care scriu \u015ftiu c\u0103 a\u0163i cooptat ca alerg\u0103tori personalit\u0103\u0163i \u015fi aceasta m\u0103 onoreaz\u0103. Voi \u00eencerca s\u0103 fac fa\u0163\u0103 onorabil provoc\u0103rii competi\u0163ionale, care este a III-a latur\u0103 a evenimentului. Voi \u0163ine \u00eens\u0103 cont de acest aspect.<\/td><\/tr><tr><td>TL:<\/td><td><strong>Ce te motiveaz\u0103 Lauren\u021biu s\u0103 nu renun\u021bi la parcurgerea tuturor acestor competi\u021bii provocatoare? Cum reu\u0219e\u0219ti s\u0103-\u021bi men\u021bii focusul atunci c\u00e2nd sim\u021bi c\u0103 nu mai po\u021bi?<\/strong><\/td><\/tr><tr><td>VL:<\/td><td>Eu mereu m\u0103 pornesc greu c\u00e2nd vreau s\u0103 fac ceva pentru c\u0103 \u015ftiu c\u0103 felul meu de a fi este s\u0103 nu renun\u0163 \u015fi s\u0103 nu m\u0103 mul\u0163umesc cu pu\u0163in. \u015ei mai ales c\u0103 nu-mi plac jum\u0103t\u0103\u0163ile de m\u0103sur\u0103. Se vede poate \u015fi \u00een felul cum \u00eencep un concurs, nu sunt fanul \u00eenceputului puternic \u015fi sf\u00e2r\u015fitului lamentabil.<br>A\u015fadar, c\u00e2nd iau o hot\u0103r\u00e2re sunt perseverent, a\u015f zice c\u0103 la a\u015fa nivel \u00eenc\u00e2t sunt adus la limit\u0103 \u015fi tocmai acest fapt m\u0103 determin\u0103 s\u0103 m\u0103 g\u00e2ndesc mult \u00eenainte \u015fi s\u0103 g\u0103sesc suficiente motive de care s\u0103 m\u0103 ancorez c\u00e2nd am nevoie.<br>C\u00e2nd simt c\u0103 nu mai pot\u2026 nu fac dec\u00e2t s\u0103-mi aduc aminte de ce am hot\u0103r\u00e2t s\u0103 m\u0103 implic. Ca \u015fi cu deciziile din via\u0163\u0103. Asta c\u00e2nd am ajuns la limita limitelor. Acesta este pragul de sus. Zona obi\u015fnuit\u0103 este c\u00e2nd am puterea s\u0103 privesc \u00een jur, s\u0103 m\u0103 pot g\u00e2ndi la rezultat, c\u00e2nd \u00eemi g\u0103sesc motiva\u0163ii ad-hoc, atunci \u00een general m\u0103 ajut de concuren\u0163\u0103. Indiferent de rezultat, pute\u0163i fi convins c\u0103 eu am f\u0103cut efectiv tot ce-am putut, c\u0103 m-am implicat sub toate aspectele.<\/td><\/tr><tr><td>TL:<\/td><td><strong>De ce alergi astfel de distan\u021be?<\/strong><\/td><\/tr><tr><td>VL:<\/td><td>Consider c\u0103 alerg\u0103rile lungi pun la \u00eencercare un om obi\u015fnuit sub mai multe aspecte. Cu c\u00e2t provoc\u0103rile sunt mai lungi cu at\u00e2t aspectul fizic se estompeaz\u0103 \u00een defavoarea celui psihic. Concursurile lungi sunt o via\u0163\u0103 \u00een alt\u0103 via\u0163\u0103. Se spune c\u0103 dac\u0103 vrei s\u0103 cuno\u015fti un om cu adev\u0103rat atunci trebuie s\u0103 mergi cu el pe munte. De aceea \u00eemi plac \u015fi competi\u0163iile pe echipe, am certitudinea c\u0103 \u00eemi c\u00e2\u015ftig prietenii adev\u0103rate.<br>La stilul practic, eu alerg aproape zilnic mult, m\u0103 ajut\u0103 s\u0103 m\u0103 deta\u015fez \u015fi s\u0103-mi pun ordine \u00een g\u00e2nduri. Pentru mine nu e timp pierdut alergatul prin p\u0103dure. Eu sunt genul care m\u0103 g\u00e2ndesc la o problem\u0103 f\u0103r\u0103 s\u0103 am nevoie de h\u00e2rtie \u015fi pix, s\u0103 m\u0103 uit la monitor. Dar asta \u00eenseamn\u0103 c\u0103 nu pot alerga tare \u015fi mi-e greu s\u0103 m\u0103 antrenez pentru \u015fosea.<br>\u00cen plus, consider c\u0103 alergarea \u00een regim de vitez\u0103 mai sc\u0103zut e mai pu\u0163in invaziv\u0103 ca alergarea \u201cla ro\u015fu\u201d. Pentru partea de cardio, de cre\u015ftere a plusului, folosesc MTB sau indoor cycling.<\/td><\/tr><tr><td>TL:<\/td><td><strong>C\u00e2te etape vei alerga Lauren\u021biu?<\/strong><\/td><\/tr><tr><td>VL:<\/td><td>Doresc s\u0103 alerg toate etapele. Va fi greu, nu sunt obi\u015fnuit cu distan\u0163ele acestea care implic\u0103 vitez\u0103 de regim mai mare.<br>\u015etiu c\u0103 nu se ajunge la altitudini mari, maxim 1100m, ori acest lucru \u00eenseamn\u0103 c\u0103 voi avea mult de interac\u0163ionat cu localnicii, voi str\u0103bate multe a\u015fez\u0103ri. Nici cu acest lucru nu sunt obi\u015fnuit, eu m\u0103 simt mai \u00een siguran\u0163\u0103 singur \u00een p\u0103dure.<br>M-am uitat \u201epar avion\u201d la traseu, cu drume\u0163ia, concursurile mele de alergare, MTB, aventur\u0103, am atins multe din zonele str\u0103b\u0103tute. Unele por\u0163iuni m\u0103 a\u015ftept s\u0103 fie dificile, diferen\u0163a de nivel de pe h\u00e2rtie nu se va sim\u0163i \u00een realitate la fel.<\/td><\/tr><tr><td>TL:<\/td><td><strong>Ne spui ce tactic\u0103 vei aborda Veze? :)))<\/strong><\/td><\/tr><tr><td>VL:<\/td><td>\u00cen parte reiese din ce am spus \u00eenainte. Voi tatona la \u00eenceput, mai ales c\u0103 \u00een condi\u0163iile de acum e mai greu s\u0103-\u0163i dai seama de forma de moment. \u00cenainte m\u0103 testam la concursuri.<br>Voi a\u015ftepta cu r\u0103bdare s\u0103 m\u0103 motiveze \u015fi concuren\u0163ii. \u015etiu c\u0103 m\u0103 pot baza pe ei! M\u0103 voi ag\u0103\u0163a de ei cu un elastic invizibil. \u015etiu c\u0103 elasticul se va rupe dac\u0103 \u00eencerc s\u0103 m\u0103 prind de Robert, de Balint. \u00cemi \u015ftiu locul \u015fi voi \u00eencerca \u2026 cel pu\u0163in s\u0103 mi-l p\u0103strez.<br>\u015etiu c\u0103 nu e o curs\u0103 obi\u015fnuit\u0103, nu e a\u015fa de simplu, chiar \u015fi concuren\u0163ii vor avea scopuri diferite \u00een func\u0163ie de c\u00e2te etape vor s\u0103 alerge de exemplu.<br>Sunt multe de spus. Voi g\u00e2ndi \u015fi specific \u00een func\u0163ie de cum m\u0103 voi sim\u0163i dup\u0103 fiecare etap\u0103.<br>\u015ei\u2026 voi sacrifica la nevoie UltraBalaton 220km din 15 mai. E mai prioritar\u0103 cursa aceasta.<\/td><\/tr><tr><td>TL:<\/td><td><strong>Cui ai mai recomanda o astfel de competi\u021bie cum este Transylvania Legends Lauren\u021biu?<\/strong><\/td><\/tr><tr><td>VL:<\/td><td>E simplu! Dori\u0163i s\u0103 v\u0103 cunoa\u015fte\u0163i cu adev\u0103rat \u0163ara, s\u0103 vede\u0163i cum sunt \u015fi tr\u0103iesc oamenii simpli? Dori\u0163i s\u0103 vede\u0163i diversitate, s\u0103 ave\u0163i parte de o ospitalitate de la cine nu v\u0103 a\u015ftepta\u0163i? Dori\u0163i concomitent s\u0103 face\u0163i \u015fi o fapt\u0103 bun\u0103? S\u0103 ave\u0163i parte de autocunoa\u015ftere la alt nivel?<br>Pentru mine va fi ceva nou, \u015fi asta cred c\u0103 spune multe.<br>Sunt convins c\u0103 fiecare \u00ee\u015fi va g\u0103si \u00een aceast\u0103 \u201etranshuman\u0163\u0103\u201d o parte care s\u0103-l mul\u0163umeasc\u0103. \u015ei sigur vom avea parte de multe surprize.<\/td><\/tr><tr><td>TL:<\/td><td><strong>Mul\u021bumim \u0219i ne vedem la start \u00een scurt\u0103 vreme!<\/strong><\/td><\/tr><tr><td>VL:<\/td><td>V\u0103 mul\u0163umesc pentru oportunitate, de la \u00eenceput am sim\u0163it aceast\u0103 curs\u0103 apropiat\u0103 de suflet. R\u0103m\u00e2ne s\u0103 descop\u0103r de ce. Am acum subiect nou \u00een alerg\u0103rile mele. S\u0103 ne vedem cu bine!<\/td><\/tr><tr><td>Final<\/td><td>Vino \u0219i tu la linia de start pe 22 Aprilie al\u0103turi de Lauren\u021biu \u0219i mul\u021bi al\u021bi oameni pasiona\u021bi de via\u021b\u0103, alergare, sus\u021binerea cauzelor sociale \u0219i aventuri de neuitat!<br>\u00censcrie-te \u00eentr-o c\u0103l\u0103torie incredibil\u0103 \u00een care vei alerga c\u00e2t jum\u0103tate de Rom\u00e2nie \u0219i al\u0103tur\u0103-te legendelor care nu contenesc \u00een a-\u0219i tr\u0103i visul clip\u0103 de clip\u0103:<br><a rel=\"noreferrer noopener\" href=\"https:\/\/transylvania-legends.com\/?fbclid=IwAR3-3B4bZcIxVlD09VdTH-o76VRX_z9zeLarnQZy5gMZKIHdV9e9eKPYDig\" target=\"_blank\">https:\/\/transylvania-legends.com<\/a><br>Transylvania Legends &#8211; Tr\u0103ie\u0219te aventura!<\/td><\/tr><\/tbody><\/table><\/figure>\n\n\n\n<p><a href=\"https:\/\/www.unpicdetimpliber.ro\/wordpress\/2021\/05\/transylvania-legends.html#RevenireInterviu\">Revenire din tabel<\/a> <\/p>\n\n\n\n<p><\/p>\n","protected":false},"excerpt":{"rendered":"<p>Nu \u0219tiu de ce mi-a zburat g\u00e2ndul \u00een clipa asta la epopeea lui Ghilgame\u0219. Habar n-am, nu-i nicio leg\u0103tur\u0103, a\u0219a se plimb\u0103 el&#8230; Nici nu am ajuns nemuritor, nici legendar, nici &#8220;Trotinetist&#8221;, nici &#8220;American&#8221;&#8230; Am s\u0103 v\u0103 spun eu de unde vin cuvintele acestea. Dar clar a fost o epopee pentru mine, sau cum am mai numit-o &#8211; transhuman\u021b\u0103 de trail, circ ambulant&#8230; Dar denumite a\u0219a, cu duio\u0219ie. Alt cuv\u00e2nt mai neobi\u0219nuit pentru mine, sigur nu l-am mai folosit niciodat\u0103 pe blog. Ce a fost Transylvania Legends? Cum le place s\u0103 spun\u0103 la organizatori: un proiect social. Unul dedicat copiilor de la A\u0219ez\u0103m\u00e2ntul Sf\u00e2ntul Leontie din R\u0103d\u0103u\u021bi (e prima dat\u0103 c\u00e2nd am fost \u00een acest ora\u0219 bucovinean), un loc unde o mul\u021bime de copii sunt \u00eengriji\u021bi \u0219i sprijini\u021bi s\u0103 ajung\u0103 departe c\u00e2nd vor fi mari. Din spusele lui Florin Alexandru, la \u00eenceput un copil a dorit un co\u0219 de baschet. \u0218i apoi, pentru a face un bine, pentru a \u00eemplini un mic vis pentru unii dar mare pentru acel b\u0103iat, o m\u00e2n\u0103 de oameni inimo\u0219i au ajuns &#8230; s\u0103 str\u0103bat\u0103 jum\u0103tate de \u021bar\u0103 cu noi al\u0103turi. Le mul\u021bumesc, enum\u0103r al\u0103turi de Florin pe Florentina Paval &#8211; &#8220;profa de mate&#8221;, Adrian Paval, Ioan Coroiu, fotograful Victor \u0218tefan&#8230; \u0218i mai sunt, \u00een avalan\u0219a \u00eent\u00e2mpl\u0103rilor zilnice multe am uitat sau am sc\u0103pat, a\u0219adar &#8230; mai pot completa dac\u0103 \u00eemi scrie\u021bi. Pun mai jos o poz\u0103 cu traseul parcurs (cu verde), comparativ cu cel ini\u021bial (cu albastru). E o parte din Via Transilvanica, un alt proiect pe cale de realizare al unor al\u021bi oameni cu ini\u021biativ\u0103 \u0219i idei mari pentru viitor: al celor de la T\u0103\u0219uleasa Social. Vor fi 1000km, de la M\u0103n\u0103stirea Putna la Drobeta Turnu-Severin.Noi am parcurs traseul de la M\u0103n\u0103stirea Putna la Media\u0219. Ini\u021bial planul era ca traseul s\u0103 fie de 641km lungime \u0219i peste 19000m diferen\u021b\u0103 de nivel, dar condii\u021biile meteo (Vatra Dornei), starea traseelor (Sadova), restric\u021biile (Lupeni din Harghita) au mai redus din parametri, cei care au parcurs tot traseul \u00een cele 8 etape, \u00eentre care \u0219i eu, am alergat 545km cu peste 15000m diferen\u021b\u0103 de nivel. Am trecut prin toate cele 4 sezoane de-a lungul acestui drum, a fost &#8230; de poveste. Am \u00eencheiat pe locul 3 la open, dup\u0103 adversari prea buni pentru mine &#8211; Adrian Costea \u0219i Codrea Silip. Ce e de remarcat e c\u0103 orice lucru mare, dac\u0103-l abordezi pe buc\u0103\u021bi mici, e accesibil \u0219i realizabil. Doar s\u0103 vrei, s\u0103 ai r\u0103bdare, s\u0103 ai perseveren\u021b\u0103. Am fost 6 persoane cu to\u021bii care am parcurs traseul \u0219i niciunul dintre noi nu suntem avioane. Clasamentul st\u0103 m\u0103rturie, au mai fost Florin, Emil Bodea \u0219i Lucian Dincea. Iar cei care au participat la toate etapele dar nu s-au \u00eencadrat uneori \u00een timpii intermediari au fost mai mul\u021bi, inclusiv femei. Bravo la to\u021bi, s\u0103 nu uit\u0103m \u00eens\u0103 c\u0103 au fost nume mari \u00een alergarea montan\u0103 de la noi care au putut participa doar la c\u00e2teva etape \u0219i \u0219i-au demonstrat valoarea, iar rolul lor \u00een cadrul proiectului probabil a fost mai mare prin notorietatea adus\u0103: Robert Hajnal, Bartha Balint, C\u0103t\u0103lin \u0218orec\u0103u, S\u0103l\u0103gean \u0218tefan, Szabolcs Takacs, Cristian Pop, Marius Iorga, Andrei Ailenei&#8230; Ei na, dac\u0103 de unii n-a\u021bi auzit, ve\u021bi auzi. A\u0219adar, ce a fost Transylvania Legends? Am scris eu multe la interviul ini\u021bial din 7 aprilie. Pe scurt: un proiect cu trei p\u0103r\u021bi: latura social\u0103 &#8211; dona\u021biile pentru copiii de la A\u0219ez\u0103m\u00e2nt, latura explorativ\u0103 &#8211; parcurgerea traseului Via Transilvanica \u0219i latura competi\u021bional\u0103 &#8211; s\u0103 m\u0103 lupt pentru primele locuri \u00eentr-o competi\u021bie cu 8 etape de ultradistan\u021b\u0103 (a durat 9 zile, din 22 aprilie \u00een 30 aprilie, ziua de pauz\u0103 a fost dup\u0103 etapa a IV-a). Pun mai jos linkul la interviu, publicat pe Facebook. M-au caracterizat \u00eentr-un cuv\u00e2nt &#8211; &#8220;Tacticianul&#8221;. Mul\u021bumesc!Textul este de asemenea ata\u0219at la sf\u00e2r\u0219itul post\u0103rii, e mai u\u0219or de citit &#8211; linkul . M-am str\u0103duit ca r\u0103spunsurile s\u0103 m\u0103 reprezinte c\u00e2t mai bine, chiar s\u0103 ajute. Cum a fost la final, ce a \u00eensemnat realitatea \u0219i c\u00e2t a corespuns a\u0219tept\u0103rilor, dau mai jos linkul la interviul cu Florin. \u00cen mod clar a\u0219tept\u0103rile mele au fost dep\u0103\u0219ite sub toate aspectele, am fost impresionat. Iar locul meu final este corect, nu am a m\u0103 pl\u00e2nge, dac\u0103 e s\u0103 m\u0103 refer la partea competi\u021bional\u0103. Mi-am respectat statusul initial \u00eentre concuren\u021bii care au ales s\u0103 parcurg\u0103 toate etapele.Tot la capitolul interviuri, pentru c\u0103 anul acesta a \u00eenceput mai deosebit \u0219i pentru c\u0103 are leg\u0103tur\u0103 cu alergarea, ata\u0219ez \u0219i un &#8220;Runterview&#8221; cu Peter Grezer. Am \u00eencheiat cu &#8230; introducerea. Am avut nevoie de un tabel s\u0103-mi trec observa\u021biile, amintirile pentru cele 8 etape. Cum a \u00eenceput totul? Cu o invita\u021bie a lui Florin, s\u0103 particip la competi\u021bie. S\u0103 v\u0103 spun drept, c\u00e2te ceva auzisem, mai ales c\u0103 \u00een iunie va fi un ultramaraton pe o por\u021biune din Via Transilvanica. Dar eram blocat \u00eentre Istria 100 Mile din aprilie \u0219i Balaton Ultramaraton 220km din 15 mai. \u0218i atunci mi-am scos din minte alte competi\u021bii. \u0218i&#8230; nu \u0219tiu cum, nu s-au mai \u021binut. Istria tocmai se am\u00e2nase c\u00e2nd m-a contactat Florin, iar cursa de la Balaton la fel, dar c\u00e2nd am citit mailul acela deja eram \u00een concurs la Transylvania Legends. Am fost onorat de invita\u021bie \u0219i m-am bucurat, chiar dac\u0103 eram con\u0219tient c\u0103 traseul nu m\u0103 avantajeaz\u0103, era prea rapid, nu eram preg\u0103tit pentru a\u0219a ceva, nu m\u0103 puteam &#8220;\u00eengr\u0103\u0219a&#8221; \u00een dou\u0103-trei s\u0103pt\u0103m\u00e2ni. Eu m\u0103 preg\u0103tisem pentru 170km unde era nevoie de ritm mai sc\u0103zut dar sus\u021binut pentru mai mult de 24h odat\u0103. Dar era ceva nou, era o aventur\u0103! \u0218i neaparat am dorit s\u0103 parcurg toate cele 8 etape, s\u0103 v\u0103d cele 4 \u021binuturi str\u0103b\u0103tute: Bucovina, \u021ainutul de Sus, \u021ainutul Secuiesc \u0219i \u021ainutul S\u0103sesc.Dou\u0103 s\u0103pt\u0103m\u00e2ni la o competi\u021bie nu e glum\u0103. Am avut de tras s\u0103 ajung la liman cu planurile mele de acas\u0103, am fost tot pe fug\u0103 &#8230; f\u0103r\u0103 s\u0103 alerg mai deloc s\u0103pt\u0103m\u00e2nile r\u0103mase p\u00e2n\u0103 la start. \u0218i la fel sunt \u0219i acum, c\u00e2nd scriu! E deja 22 mai, construiesc ceva \u0219i m\u0103 antrenez muncind fizic! Pauz\u0103 p\u00e2n\u0103 m\u00e2ine&#8230; Afi\u0219ez mai jos un tabel cu date tehnice despre traseu \u0219i rezultatele mele, pentru o vedere de ansamblu. Trebuie spus c\u0103 din momentul intr\u0103rii \u00een regim de competi\u021bie nu mi-am mai f\u0103cut loc de alte g\u00e2nduri, am \u00eencercat s\u0103 ob\u021bin maximul \u0219i asta n-am putut ob\u021bine dec\u00e2t l\u0103s\u00e2nd tot altceva la o parte. M-am desprins abia la fluierul final, dup\u0103 ultima etap\u0103 \u0219i cred c\u0103 s-a observat asta la un alt interviu, la cald, la o jum\u0103tate de or\u0103 dup\u0103 finishul celor 8 etape, unde \u00een virtutea iner\u021biei am vorbit doar despre aspectul competi\u021bional. Etap\u0103 Lungimeini\u021bial\/real Dif nivelini\u021bial\/real Timp Loc etap\u0103 Loc general Dif timp\/loc etap\u0103\/loc gen Adi Costea Dif timp\/loc etap\u0103\/loc genSilip 1 80,64km 3356m -6min -6min 40km 1465m 4h39min 4\/32 4 5-6 et, 5-6 general 5-6 et, 5-6 gen 2 84,92km 2537m +28min=22min +28min=22min 51km 1423m 6h15min 6\/27 5 3-5 et, 2-3 gen 3-5 et, 2-3 gen 3 102,63km 2312m 0min=22min 0min=22min 91km 1905m 10h04min 2-4\/23 3 2-4 et, 1-2 gen 2-4 et, 1-2 gen 4 80km 2000+m +31min=53min +29min=51min 87km 2600m 10h56min 6\/21 3 2 et, 1 gen 3-4 et, 2 gen (+2min) 5 67,89km 2032m +49min=1h42min +39min=1h30min 64km 1767m 7h26min 7\/24 3 3-4 et, 1 gen 6 et, 2 gen (+12min) 6 86,00km 2000+m +44min=2h26min +45min=2h15min 68km 1676m 8h16min 7\/20 3 4 et, 1 gen 3 et, 2 gen (+11min) 7 80,00km 1500+m +1h36min=4h02min +1h41min=3h56min 85km 1991m 10h16min 6\/16 3 5 et, 1 gen 3-4 et, 2 gen (+6min) 8 56,03km 1787m +1h37min=5h39min +1h34min=5h30min 56km 1646m 7h35min 17\/39 3\/64 5 et, 1 gen 7 et, 2 gen (+9min) Total timp: Adrian Costea loc160h28m Codrea Silip loc260h37m Veze loc366h08min Florin Alexandru loc473h27m Emil Bodea loc584h52m Lucian Dincea loc686h31min Acum, mai pe larg despre etape, \u00een parte \u0219i pe baza a ceea ce am mai scris pe facebook, dar nu \u00eenainte de a scrie un rezumat \u0219i c\u00e2teva concluzii pentru cei care se ghideaz\u0103 dup\u0103 proverbul &#8220;vorba mult\u0103, s\u0103r\u0103cia omului&#8221;. Rezumat \u0219i concluzii:A fost un concurs peste a\u0219tept\u0103rile mele, eu eram preg\u0103tit pentru condi\u021bii mult mai dure, fiind con\u0219tient c\u0103 uneori s-ar putea s\u0103 nu am vreme, s\u0103 nu pot efectiv s\u0103 ajung \u00een civiliza\u021bie s\u0103-mi asigur m\u00e2ncare suplimentar\u0103, s\u0103 fac cump\u0103r\u0103turi, s\u0103 scot bani&#8230; N-am sperat ca zi de zi organizatorii s\u0103 aib\u0103 grij\u0103 de noi ca \u0219i o clo\u0219c\u0103 de puii ei. Pentru c\u0103 vorbesc \u00een numele meu, mie nu mi-a lipsit nimic, am avut condi\u021bii \u0219i de cazare foarte bune, o singur\u0103 dat\u0103 am dormit la cort de\u0219i m\u0103 a\u0219teptam s\u0103 fie chiar zilnic. La punctele de alimentare, ce-i drept &#8211; mai rare de cum eram obi\u0219nuit, am avut tot ce de obicei m\u0103n\u00e2nc la concursurile de ultra (p\u00e2n\u0103 la distan\u021b\u0103 de maraton nu prea m\u0103 \u00eenghesui s\u0103 m\u0103 opresc, ci doar daca-mi trebuie lichide). Am fost \u00eentr-o companie fain\u0103, am mai f\u0103cut prieteni, am ajuns s\u0103 fim uni\u021bi, s\u0103 ne ajut\u0103m &#8211; de la concuren\u021bi la voluntari, fotograf (da, doar unul, dar a f\u0103cut poze foarte frumoase \u0219i a acoperit traseul) \u0219i organizatori.Ca traseu am avut parte de toate, inclusiv \u0219osea. Locurile au fost pitore\u0219ti, multe cunoscute \u0219i renumite, altele izolate \u0219i lini\u0219tite. Cred c\u0103 fiecare dintre noi \u0219i-a g\u0103sit ceva s\u0103 admire, s\u0103 i se potriveasc\u0103. Am trecut prin 4 anotimpuri, am avut parte \u0219i de noroi, \u0219i de z\u0103pad\u0103, de iarb\u0103 ud\u0103, \u0219i de ploaie \u0219i soare puternic. Ne-am adaptat \u0219i noi, concuren\u021bii, dar \u0219i organizatorii, am fost ca un organism viu care se deplasa dintr-un loc \u00een altul. De aceea am spus la un moment dat c\u0103 parc\u0103 suntem un circ ambulant care \u00eenveselim localit\u0103\u021bile, sau cel pu\u021bin le mai scoatem din amor\u021beal\u0103, din rutin\u0103.Am trecut prin locuri unde localnicii ne-au ajutat, ne-au \u00eencurajat, e un bun \u00eenceput pentru stilul de via\u021b\u0103 \u0219i de comportament pe care l-am \u00eent\u00e2nit \u00een concursurile mele din afara \u021b\u0103rii.A ie\u0219it totul bine \u0219i pentru c\u0103 organizatorii au avut sf\u0103tuitori buni at\u00e2t \u00een timpul concursului c\u00e2t \u0219i \u00eenainte, la preg\u0103tiri, \u0219i nu au considerat c\u0103 le pic\u0103 epole\u021bii dac\u0103 \u021bin cont de sugestii \u0219i sfaturi. Un rol important au avut Robert Hajnal, care a \u0219i participat la prima etap\u0103 \u0219i s-a deplasat apoi cu noi la sediul T\u0103\u0219uleasa Social de l\u00e2ng\u0103 Piatra F\u00e2nt\u00e2nele, Tibi U\u0219eriu. Sper ca \u0219i copiii de la care a pornit toat\u0103 aventura s\u0103 aib\u0103 parte de un viitor frumos, s\u0103 continue concursul care e un unicat la noi \u00een \u021bar\u0103. Logistic a fost o mare provocare, sunt convins. Cheltuielile au fost mari, iar efortul cred c\u0103 e foarte greu de contabilizat. Spre compara\u021bie, cine dore\u0219te se poate uita la concursuri pe etape care asigur\u0103 de toate, pe model all inclusive. Pun dou\u0103 linkuri, nu are mare relevan\u021b\u0103 c\u0103 sunt concursuri de MTB \u0219i nu de alergare: \u00een Croa\u021bia &#8211; 4 Islands (4 etape), la noi Carpathian MTB Epic (4 etape). Sunt pu\u021bine concursuri care se \u00eentind pe aproape dou\u0103 s\u0103pt\u0103m\u00e2ni, trebuie g\u00e2ndit\u0103 din timp o participare la astfel de evenimente.Pentru mine, din punct de vedere sportiv, a fost un rezultat care m-a mul\u021bumit, locul 3 la final cu 66h08min pentru cei 545km e \u0219i tot ceea ce am putut spera la modul cum s-au desf\u0103\u0219urat etapele. Puteam fi mai jos daca Andrei Ailenei participa la toate etapele (a lipsit doar la una), puteam fi \u0219i mai jos dac\u0103 alerg\u0103torii buni de la noi \u00ee\u0219i alocau timp pentru toate etapele. Am \u00eencercat s\u0103 ob\u021bin mai mult, \u00een prima etap\u0103 am terminat \u00een fa\u021ba lui Adi Costea care a c\u00e2\u0219tigat concursul \u0219i \u00een fa\u021ba lui Silip (ceea ce la un maraton normal cum a fost prima etap\u0103 nu am reu\u0219it de mul\u021bi ani). M-am resim\u021bit \u00een etapa a doua dar m-a \u0219i luat ni\u021bel pe nepreg\u0103tite scurtarea din mers a traseului, lucru care se poate \u00eent\u00e2mpla oric\u00e2nd \u0219i la cursele mari interna\u021bionale. Am ap\u0103sat din nou pe accelara\u021bie \u00een etapa a treia care s-a dovedit a fi cea mai grea din concurs tocmai pentru c\u0103 eu consideram c\u0103 am \u0219anse mai mari. A fost o etap\u0103 de referin\u021b\u0103 \u00een care am \u00eencheiat pe locul 2-4 al\u0103turi de Adi \u0219i Silip, c\u0103z\u00e2nd &#8220;la pace&#8221; la finalul ei pe ultimii kilometri. Am ob\u021binut \u0219i eu un podium de etap\u0103, singurul, fiind con\u0219tient c\u0103 pe m\u0103sur\u0103 ce trec etapele \u00eemi va fi tot mai greu s\u0103 fiu \u00eentre primii, venind zilnic \u00een concurs concuren\u021bi noi mai odihni\u021bi. M-am l\u0103murit definitiv \u0219i care-mi vor fi adversarii \u00een cele 8 etape \u0219i tot definitiv c\u0103, neput\u00e2nd s\u0103 m\u0103 desprind, va trebui s\u0103 stau la p\u00e2nd\u0103, s\u0103 a\u0219tept o gre\u0219eal\u0103 \u0219i ca s\u0103 pot profita va trebui pe c\u00e2t posibil s\u0103 m\u0103 men\u021bin la sub o or\u0103 &#8211; o or\u0103 jum\u0103tate de Adi \u0219i Silip. \u00cen spatele meu Florin m\u0103 g\u00e2ndeam c\u0103 nu-mi va crea probleme, el fiind implicat \u0219i-n organizare \u0219i ca urmare de multe ori era nevoit s\u0103 \u00eencetineasc\u0103 vorbind la telefon.\u00cen tabelul cu datele tehnnice se vede foarte bine evolu\u021bia mea, se vede c\u0103 oboseala m-a afectat \u00een timp mai mult \u0219i c\u0103 \u00een etapele 7 \u0219i 8 am pierdut ca timp fa\u021b\u0103 de primii doi mai mult ca dublul timpului din primele \u0219ase. Explica\u021bie e c\u0103 m-am accidentat la un picior, probabil din cauza multiplelor alunec\u0103ri pe iarba ud\u0103 la vale, a noroiului, c\u00e2nd papucii mei nu aveau aderen\u021b\u0103. Firesc, n-aveam de g\u00e2nd s\u0103 spun concuren\u021bei de problemele mele, dar timpul petrecut pe traseu a fost un indicator care n-a min\u021bit. A fost fain, a fost incitant, \u00een fiecare diminea\u021b\u0103 m-am sculat cu u\u0219urin\u021b\u0103 \u0219i cu dorin\u021ba de a o lua de la cap\u0103t.Felicit\u0103ri la to\u021bi, am fost ca o echip\u0103! \u0218i sper s\u0103 ne vedem cu bine anul viitor! Sunt \u00eenc\u0103 \u00een refacere, dar p\u00e2n\u0103 atunci mai e vreme \u0219i clar voi renun\u021ba la Istria 100 mile pentru cele dou\u0103 s\u0103pt\u0103m\u00e2ni de via\u021b\u0103 mai s\u0103lbatic\u0103, cu surprize \u0219i lipsit\u0103 de stereotip. Desf\u0103\u0219urarea&#8230;Voi continua&#8230; zilele urm\u0103toare. Via\u021b\u0103 fain\u0103 s\u0103 ave\u021bi, nu renun\u021ba\u021bi la provoc\u0103ri pentru ceea ce voi scrie de aici \u00eencolo. Preg\u0103tiri.Dac\u0103 e s\u0103 fie aventur\u0103&#8230; atunci s\u0103 nu ne \u00eencurc\u0103m \u00een am\u0103nunte! Sub acest dicton din momentul \u00een care am fost contactat de Florin, cred c\u0103 a fost vineri 2 aprilie, mi-am \u00eendreptat toate for\u021bele s\u0103-mi rezolv &#8220;neterminatele&#8221; \u0219i, a\u0219a cum am promis, \u00een 7 aprilie am confirmat prezen\u021ba mea la concurs, dat\u0103 la care a ap\u0103rut \u0219i interviul de la finalul post\u0103rii.Miercuri, 21 aprilie, m-am \u00eenfiin\u021bat la R\u0103d\u0103u\u021bi la A\u0219ez\u0103m\u00e2ntul Sf\u00e2ntul Leontie, unde era \u00eent\u00e2lnirea, primirea pachetelor de start \u0219i unde urma s\u0103 \u00eennopt\u0103m, fiind preg\u0103tit pentru cort. Referitor la cort, \u00een glum\u0103 scriam \u00een timp ce lucram \u00een gr\u0103din\u0103 c\u0103 m\u0103 preg\u0103tesc specific dormind \u00een condi\u021bii similare. Datorit\u0103 restric\u021biilor de la noi \u0219i fiind nevoit s\u0103 m\u0103 \u00eentorc p\u00e2n\u0103 la ora 20 acas\u0103, am decis ca \u00een unele nop\u021bi s\u0103 dorm \u00een gr\u0103din\u0103, s\u0103 nu pierd ore de lumin\u0103. Ce a urmat, se vede \u00een poza de mai jos \u0219i eram doar la c\u00e2\u021biva kilometri de Cluj. Nu v\u0103 speria\u021bi, cortul cu care am fost la concurs era cort de munte \u0219i era instalat \u00een cortul de mare. Cum am spus, nu m-am \u00eencurcat \u00een am\u0103nunte. Am venit cu o ma\u0219in\u0103 nepreten\u021bioas\u0103 la care singura preg\u0103tire a fost c\u0103 mi-am pus suportul de biciclet\u0103 \u00een ideea c\u0103 dac\u0103 se g\u0103se\u0219te cineva s-o foloseasc\u0103 m\u0103car primele etape \u0219i s\u0103 mi-o duc\u0103 c\u00e2t mai aproape la finish, la Media\u0219, nu-mi va fi greu s\u0103 vin s-o recuperez venind cu bicicleta dup\u0103 ea. P\u00e2n\u0103 la urm\u0103 ma\u0219ina a r\u0103mas la A\u0219ez\u0103m\u00e2nt \u0219i m-au dus organizatorii dup\u0103 ea s\u00e2mb\u0103t\u0103, c\u00e2nd s-au \u00eentors \u0219i ei.Am dormit la A\u0219ez\u0103m\u00e2nt \u00een condi\u021bii foarte bune, deja \u00eencepuser\u0103 surprizele pl\u0103cute. Etapa I. M\u0103n\u0103stirea Putna &#8211; Vatra Moldovi\u021bei, locul 4 etap\u0103, 4 general, 4h39min pentru 40km cu 1500m diferen\u021b\u0103 de nivel Deja, de pe drumul cu ma\u0219ina, eram cu gura c\u0103scat\u0103 a mirare, cum de era a\u0219a de curat \u0219i a\u0219a ordine dincolo de mun\u021bi, \u00een Bucovina. \u00cen loc de s\u0103r\u0103cie, de s\u0103lb\u0103ticie, ardeleanul din mine a trebuit s\u0103 recunoasc\u0103: la R\u0103d\u0103u\u021bi \u0219i p\u00e2n\u0103 acolo sunt gospod\u0103rii frumoase, nu sunt gunoaie \u00een v\u0103ile apelor. Spre deosebire de stilul de la noi, din Ardeal, unde oamenii se simt falnici dac\u0103 au biserici m\u0103re\u021be, dar casele lor sunt de multe ori de doamne-ajut\u0103, \u00een Bucovina bun\u0103starea oamenilor, casele lor, se reflect\u0103 \u00een m\u0103n\u0103stiri. Am mai fost \u00een Moldova, am fost \u00een vizit\u0103 \u0219i la m\u0103n\u0103stiri, dar n-am acordat aten\u021bie unor astfel de am\u0103nunte \u00eenainte. Ce am scris pe FB atunci, am s\u0103 pun \u00eentre ghilimele \u0219i la fel va fi pentru etapele urm\u0103toare. E pulsul la cald de atunci, are relevan\u021b\u0103.&#8220;Incredibil ce curat si ordine e in Bucovina. Apele sunt curate, n-am vazut deseuri, nici nu stiu unde le pun. Casele sunt mari si frumoase, de manastiri ce sa mai zic.&#8220; La ora 7 am luat startul la o scurt\u0103 alergare cu copiii \u00een incinta A\u0219ez\u0103m\u00e2ntului, s\u0103 ne sim\u021bim aproape de ei, s\u0103 ne vedem.La ora 9 deja eram la m\u0103n\u0103stirea Putna, du\u0219i cu autocarul la start. Datorit\u0103 informa\u021biilor c\u0103 pe traseu, \u00een zona de munte de la Sadova, este z\u0103pad\u0103 \u0219i de un metru, care ne-ar fi \u00eent\u00e2rziat prea mult (\u00een cel mai bun caz pierdeam 1h-1h30min pentru 3km), dat fiind \u0219i startul la ora 9, organizatorii ne-au spus de la \u00eenceput c\u0103 vom avea de parcurs traseul de la M\u0103n\u0103stirea Putna la Vatra Moldovi\u021bei (40km) \u0219i nu p\u00e2n\u0103 la Pasul Mestec\u0103ni\u0219, trec\u00e2nd prin Sadova.A\u0219adar am avut un singur PA &#8211; la Sucevi\u021ba, iar dup\u0103 final ne-au transportat la Pasul Mestec\u0103ni\u0219 la pensiunea Luceaf\u0103rul, care avea \u0219i c\u0103su\u021be. Eu am dormit \u00eentr-o c\u0103su\u021b\u0103, era destul de frig afar\u0103, ploua \u0219i hainele\/papucii nu s-au putut usca, nicio problema, aveam patru schimburi (c\u00e2t pentru primele 4 etape p\u00e2n\u0103 la ziua pauz\u0103). Am alergat bine, m\u0103 sim\u021beam eliberat dup\u0103 at\u00e2tea zile \u00een care n-am reu\u0219it s\u0103-mi fac timp s\u0103 alerg. Am terminat pe locul 4, dup\u0103 Hajnal, \u0218tefan S\u0103l\u0103gean \u0219i Bartha Balint. A fost singura etap\u0103 c\u00e2nd am fost mai bun ca adversarii mei care au parcurs toate etapele integral &#8211; Adrian Costea \u0219i Codrea Silip. Ei au \u00eencheiat \u00eempreun\u0103, pe locurile 5-6, la 6 minute&#8230;<\/p>\n","protected":false},"author":1,"featured_media":3565,"comment_status":"closed","ping_status":"open","sticky":false,"template":"","format":"standard","meta":{"ngg_post_thumbnail":0,"footnotes":""},"categories":[1054,1059,1027,1037,923,672,1036,1040,1048,1031,131,1041,1055,1013,148,142,845,1063,1058,1049,1019,1029,1024,1021,1045,1012,937,1033,1051,1043,1062,1017,1025,1011,935,1015],"tags":[424,1053,1060,1028,1038,926,675,1035,1039,1047,1032,1042,1056,440,436,846,1064,1057,1050,1020,1030,1023,1022,1046,1014,946,1034,1052,1044,1061,1018,1026,944,1016],"class_list":["post-3562","post","type-post","status-publish","format-standard","has-post-thumbnail","hentry","category-archita","category-biertan","category-bistrita-bargaului","category-brancovenesti","category-bucovina","category-calimani","category-campu-cetatii","category-casva","category-darjiu","category-jeica","category-localitati-si-zone","category-lupeni-harghita","category-malancrav","category-manastirea-putna","category-medias","category-munti","category-muntii-bargaului","category-muntii-harghitei","category-noul-sasesc","category-odorheiul-secuiesc","category-pasul-mestecanis","category-petris","category-poiana-negrii","category-poiana-stampei","category-praid","category-radauti","category-saschiz","category-sieut","category-sighisoara","category-sovata","category-stejarenii","category-sucevita","category-tasuleasa-social","category-transylvania-legends","category-vatra-dornei","category-vatra-moldovitei","tag-alergare","tag-archita","tag-biertan","tag-bistrita-bargaului","tag-brancovenesti","tag-bucovina","tag-calimani","tag-campu-cetatii","tag-casva","tag-darjiu","tag-jeica","tag-lupeni-harghita","tag-malancrav","tag-medias","tag-munti","tag-muntii-bargaului","tag-muntii-harghitei","tag-noul-sasesc","tag-odorheiul-secuiesc","tag-pasul-mestecanis","tag-petris","tag-poiana-negrii","tag-poiana-stampei","tag-praid","tag-radauti","tag-saschiz","tag-sieut","tag-sighisoara","tag-sovata","tag-stejarenii","tag-sucevita","tag-tasuleasa-social","tag-vatra-dornei","tag-vatra-moldovitei"],"_links":{"self":[{"href":"https:\/\/www.unpicdetimpliber.ro\/wordpress\/wp-json\/wp\/v2\/posts\/3562","targetHints":{"allow":["GET"]}}],"collection":[{"href":"https:\/\/www.unpicdetimpliber.ro\/wordpress\/wp-json\/wp\/v2\/posts"}],"about":[{"href":"https:\/\/www.unpicdetimpliber.ro\/wordpress\/wp-json\/wp\/v2\/types\/post"}],"author":[{"embeddable":true,"href":"https:\/\/www.unpicdetimpliber.ro\/wordpress\/wp-json\/wp\/v2\/users\/1"}],"replies":[{"embeddable":true,"href":"https:\/\/www.unpicdetimpliber.ro\/wordpress\/wp-json\/wp\/v2\/comments?post=3562"}],"version-history":[{"count":50,"href":"https:\/\/www.unpicdetimpliber.ro\/wordpress\/wp-json\/wp\/v2\/posts\/3562\/revisions"}],"predecessor-version":[{"id":3672,"href":"https:\/\/www.unpicdetimpliber.ro\/wordpress\/wp-json\/wp\/v2\/posts\/3562\/revisions\/3672"}],"wp:featuredmedia":[{"embeddable":true,"href":"https:\/\/www.unpicdetimpliber.ro\/wordpress\/wp-json\/wp\/v2\/media\/3565"}],"wp:attachment":[{"href":"https:\/\/www.unpicdetimpliber.ro\/wordpress\/wp-json\/wp\/v2\/media?parent=3562"}],"wp:term":[{"taxonomy":"category","embeddable":true,"href":"https:\/\/www.unpicdetimpliber.ro\/wordpress\/wp-json\/wp\/v2\/categories?post=3562"},{"taxonomy":"post_tag","embeddable":true,"href":"https:\/\/www.unpicdetimpliber.ro\/wordpress\/wp-json\/wp\/v2\/tags?post=3562"}],"curies":[{"name":"wp","href":"https:\/\/api.w.org\/{rel}","templated":true}]}}