{"id":4213,"date":"2024-02-03T16:58:06","date_gmt":"2024-02-03T14:58:06","guid":{"rendered":"http:\/\/www.unpicdetimpliber.ro\/?p=4213"},"modified":"2024-02-03T16:59:01","modified_gmt":"2024-02-03T14:59:01","slug":"retrospectiva-2023-aprilie-turul-balatonului-cu-bicicleta-explorari-pe-muntele-mare-si-un-nou-prezentator-la-sah","status":"publish","type":"post","link":"https:\/\/www.unpicdetimpliber.ro\/wordpress\/2024\/02\/retrospectiva-2023-aprilie-turul-balatonului-cu-bicicleta-explorari-pe-muntele-mare-si-un-nou-prezentator-la-sah.html","title":{"rendered":"Retrospectiva 2023 &#8211; aprilie &#8211; Turul Balatonului cu bicicleta, explor\u0103ri pe Muntele Mare \u015fi un nou prezentator la \u015fah"},"content":{"rendered":"<div class=\"fcbkbttn_buttons_block\" id=\"fcbkbttn_left\"><div class=\"fcbkbttn_like \"><fb:like href=\"https:\/\/www.unpicdetimpliber.ro\/wordpress\/2024\/02\/retrospectiva-2023-aprilie-turul-balatonului-cu-bicicleta-explorari-pe-muntele-mare-si-un-nou-prezentator-la-sah.html\" action=\"like\" colorscheme=\"light\" layout=\"box_count\"  size=\"small\"><\/fb:like><\/div><div class=\"fb-share-button  \" data-href=\"https:\/\/www.unpicdetimpliber.ro\/wordpress\/2024\/02\/retrospectiva-2023-aprilie-turul-balatonului-cu-bicicleta-explorari-pe-muntele-mare-si-un-nou-prezentator-la-sah.html\" data-type=\"button_count\" data-size=\"small\"><\/div><\/div><p>M\u0103 tot uit la ce a fost anul trecut, ce am scris&#8230; Cum de n-am avut timp s\u0103 scriu pe blog, \u00een fapt mereu eram prea obosit sau aveam ceva considerat mai important de f\u0103cut.<br \/>\nDar m\u0103 bucur c\u0103 oglinda v\u00e2rfului aisbergului ce este pe facebook este suficient de interesant\u0103 ca s\u0103 recitesc cu pl\u0103cere ce a fost.<\/p>\n<p><strong>Cea mai important\u0103 activitate a lunii aprilie 2023<\/strong> a fost activitatea CAR organizat\u0103 de Lu\u015fu \u00een Ungaria, generic spus <strong>Turul Balatonului cu bicicleta<\/strong>, dar \u00een acea s\u0103pt\u0103m\u00e2n\u0103 \u00een primele dou\u0103 zile am fost \u00een jurul &#8220;lacului&#8221; Tisza, alegere datorat\u0103 vremii ploioase. Am pozat, am filmat, o parte din imagini au ajuns reel-uri, dar nici de ele n-am avut vreme s\u0103 m\u0103 ocup, concretiz\u00e2ndu-se doar primele dou\u0103 zile.<br \/>\nE drept, am scris pe blogul CAR cum a fost, voi ata\u015fa \u015fi aici textul.<\/p>\n<p><strong>O alt\u0103 referin\u0163\u0103,<\/strong> chiar dac\u0103 nu am pomenit-o \u00een retrospectiva pe luna martie, este legat\u0103 de <strong>emisiunea de \u015fah<\/strong> care va \u00eemplini \u00een 2024 \u00een iunie 20 de ani &#8211; <strong>Regi \u015fi Pioni<\/strong>.<br \/>\nDin luna martie a \u00eenceput \u00een mod consecvent s\u0103 prezinte emisiunile Mircea \u0162\u0103lu, \u00een locul lui Alin Toma.<br \/>\nMircea este unul din fo\u015ftii elevi prezen\u0163i la emisiune (prima dat\u0103 \u00een 2011).<br \/>\nMarchez aceast\u0103 lun\u0103, a pred\u0103rii de \u015ftafet\u0103, dup\u0103 aproape 19 de ani de colaborare cu Alin, care ne va ajuta \u00een continuare.<br \/>\n<a href=\"http:\/\/www.regisipioni.ro\/\">http:\/\/www.regisipioni.ro\/<\/a><br \/>\n<a href=\"https:\/\/www.youtube.com\/regisipioni\">https:\/\/www.youtube.com\/regisipioni<\/a><\/p>\n<p>S\u0103 precizez tot pentru aceast\u0103 lun\u0103 c\u0103 am renun\u0163at la <strong>alerg\u0103rile s\u0103pt\u0103m\u00e2nale de grup de joi seara<\/strong> (conform Strava au fost doar dou\u0103, \u00een 2 februarie \u015fi \u00een 2 martie), ca activit\u0103\u0163i consecvente \u00een cadrul CAR. Urma s\u0103 m\u0103 adaptez la evenimentele sportive ce urmau, inclusiv recunoa\u015fteri de trasee pentru Maraton Apuseni, explor\u0103ri pe Muntele Mare.<\/p>\n<p>Ce am mai f\u0103cut deosebit? <strong>Drume\u0163iile-alergare prin z\u0103pad\u0103 pe Muntele Mare<\/strong>, pentru noile trasee Maraton Apuseni, c\u0103ut\u00e2nd leg\u0103turi pe baza vizitelor din anii preceden\u0163i pentru diverse concursuri de MTB \u015fi alergare<br \/>\n<a href=\"https:\/\/www.strava.com\/activities\/8944862171\">https:\/\/www.strava.com\/activities\/8944862171<\/a><br \/>\n<a href=\"https:\/\/www.strava.com\/activities\/8979212055\">https:\/\/www.strava.com\/activities\/8979212055<\/a><\/p>\n<p>Am umblat pe ruta Buscat &#8211; Muntele Mare &#8211; \u015eesu Lup\u015fanului &#8211; Dealu C\u00e2nepi\u015ftilor &#8211; Creasta St\u00e2ncoas\u0103, am explorat \u00een zona \u015eesu Lup\u015fanului si a v\u0103ilor Lup\u015fa, Po\u015faga, Cre\u0163oaia.<br \/>\nLinkul la \u00eentregul album (am pus doar c\u00e2teva poze din zecile f\u0103cute):<\/p>\n<div class=\"embed-gphotos  wp-caption\"><a href=\"https:\/\/photos.google.com\/share\/AF1QipMuN2G-QxSPBdyXexKAdeB02qT1DPPhGGz4pgy6YdSxN5m-y3asgyiN_31KqLIl1g?key=SlVNamd4QTlOVVBwbWZSQ3RoVkp5TlpoZlZJODNn\" target=\"_blank\"><img loading=\"lazy\" decoding=\"async\"    src=\"https:\/\/lh3.googleusercontent.com\/pw\/ABLVV84P4R-KpdrAKkEu4knZ8Qf4YD8dz_GCmhXsJral5wSLhI2xPvurowRVhafuM8dFx8wd4w9eiJxTLZwbiH0KQf4UCBuRo0O5xLRb6o0T27HLqBGvG8H0=w400-h1000\" width=\"400\" height=\"300\"   ><\/a><\/p>\n<p class=\"wp-caption-text\"><a href=\"https:\/\/photos.google.com\/share\/AF1QipMuN2G-QxSPBdyXexKAdeB02qT1DPPhGGz4pgy6YdSxN5m-y3asgyiN_31KqLIl1g?key=SlVNamd4QTlOVVBwbWZSQ3RoVkp5TlpoZlZJODNn\" target=\"_blank\">\u201dAlbumBalatonBike\u201d \/ Google Photos<\/a><\/p>\n<\/div>\n<p>&nbsp;<\/p>\n<div class=\"embed-gphotos  wp-caption\"><a href=\"https:\/\/photos.google.com\/share\/AF1QipOaZc3sWQqtEMYYD5TwwyGiEevpi_A5vgvBjWkZ538704MTzeezbarJCdKOmuHLQQ?key=eUI2S2tHTnJ2WmJ2aDhTWTU4Z2gybDBsOFRHU2FB\" target=\"_blank\"><img loading=\"lazy\" decoding=\"async\"    src=\"https:\/\/lh3.googleusercontent.com\/pw\/ABLVV8556YS7yOO-gEkndsrhKoeSS494AmhmDvbTdN2v9UMbP12k7ucKGLQ5u-ssP2mVpJsvEQ1Ehc3BzKrfkZmAHu_wfHja4nWLYgl3XfTaKZsquGDevZj1=w400-h1000\" width=\"400\" height=\"225\"   ><\/a><\/p>\n<p class=\"wp-caption-text\"><a href=\"https:\/\/photos.google.com\/share\/AF1QipOaZc3sWQqtEMYYD5TwwyGiEevpi_A5vgvBjWkZ538704MTzeezbarJCdKOmuHLQQ?key=eUI2S2tHTnJ2WmJ2aDhTWTU4Z2gybDBsOFRHU2FB\" target=\"_blank\">\u201dLaBalaton\u201d \/ Google Photos<\/a><\/p>\n<\/div>\n<p><strong>Turul Balatonului, versiunea de pe blogul CAR.<\/strong><br \/>\nE timpul pentru o poveste. Nu lunga, mi-a precizat Lu\u0219u.<br \/>\nA\u0219a c\u0103 nu vorbesc despre vreme \u0219i coduri &#8211; secolul codurilor, pentru digitalizare mai u\u0219oar\u0103. Fac un efort \u0219i nu scriu despre ce ar fi trebuit f\u0103cut, potrivit tradi\u021biilor, \u00een S\u0103pt\u0103m\u00e2na Patimilor. Cum se spune, pune\u021bi m\u00e2na \u0219i citi\u021bi.<br \/>\nAm fost unsprezece \u0219i am r\u0103mas unsprezece. Asta apropo la paralela lui Lu\u0219u, cu \u201d10 negri mititei\u201d, dup\u0103 ce ploile au \u00eenceput s\u0103 ne \u00eempr\u0103\u0219tie dorin\u021bele. Oare cum s-o mai intitula acum romanul? Da, am fost o trup\u0103 dinamic\u0103 \u0219i \u201delastic\u0103\u201d. Ne-am grupat dup\u0103 cum am considerat mai bine pentru fiecare, f\u0103c\u00e2nd \u00een principiu dou\u0103 grupuri, fiecare cu obiectivele \u0219i traseele lui.<br \/>\n\u0218i am f\u0103cut turul Balatonului, unii integral, \u00een trei zile, iar al\u021bii au ales vizitarea mai am\u0103nun\u021bit\u0103 a unor obiective, cu ture \u00een jurul unor ora\u0219e.<\/p>\n<p>Date fiind ploile ce se anun\u021bau \u00een jurul Balatonului, dou\u0103 zile am r\u0103mas \u00een Tiszaf\u00fcred \u0219i am parcurs trasee \u00een jurul \u201dlacului\u201d Tisza &#8211; lac de acumulare pe r\u00e2ul cu acela\u0219i nume. Ca urmare, pentru turul Balatonului au r\u0103mas doar trei zile \u00eentregi, devenind o provocare, date fiind \u0219i ploile zilnice, lini\u0219tite dar deranjante pentru biciclet\u0103. Partea mai negativ\u0103 a fost c\u0103 grupa turului Balaton \u0219i-a permis doar escapade mai scurte \u0219i mai pu\u021bine pentru vizitare, a trebuit s\u0103 aleag\u0103 cu aten\u021bie pauzele. Sub acest aspect a fost mai c\u00e2\u0219tigat\u0103 grupa turi\u0219tilor pe bike \u00een ora\u0219e. Dar&#8230;<br \/>\nCum am v\u0103zut scris pe un panou informativ la una din cet\u0103\u021bile vizitate, parte dintr-un lan\u021b de obiective turistice, \u00een descrierea Muzeului Helikon (Festetics) din Keszthely se spune c\u0103 trebuie alocat\u0103 o zi. \u00cen concluzie, cu to\u021bii cred c\u0103 am r\u0103mas cu dorin\u021ba de a revizita Balaton \u0219i \u00eemprejurimile, pentru a \u201dvindeca r\u0103nile deschise\u201d de lipsa de timp.<br \/>\n\u0218i pun o \u00eentrebare: ce fel de turist sunte\u021bi? Ce v\u0103 intereseaz\u0103? Printre noi am avut pe cineva interesat de vinurile de soi \u0219i ne-am ab\u0103tut regulat la astfel de magazine unde se puteau face \u0219i degust\u0103ri.<\/p>\n<p>Balatonul e locul de vacan\u021b\u0103 al ungurilor, a\u0219a a fost demult. De aceea e \u00eenconjurat de castele, locuri de pescuit, case de vacan\u021b\u0103, aquaparcuri, este chiar \u0219i teren de golf. Se organizeaz\u0103 o mul\u021bime de evenimente. Doar c\u0103, la fel ca sta\u021biunile nostre de la Marea Neagr\u0103, are \u201dvia\u021b\u0103\u201d patru luni pe an, iar la vizita noastr\u0103 abia se deschideau localurile. Nu a fost a\u0219a acum c\u00e2\u021biva ani. \u021ain minte \u0219i am \u0219i scris c\u0103 am participat la <a href=\"https:\/\/www.unpicdetimpliber.ro\/wordpress\/2015\/03\/spuri-balaton-szupermaraton-ungaria-si-alte-evenimente-din-2015.html\" target=\"_blank\" rel=\"noopener\"><strong>Spuri Balaton Szupermarathon,<\/strong><\/a> adic\u0103 turul Balatonului \u00een alergare \u00een trei zile, \u00een preajma zilei de 15 aprilie. \u0218i sunt at\u00e2tea altele, \u00een diverse formate. Nu mai vorbesc de alte probe ca \u00eenotul. Supermaratonul nu se mai \u021bine, motive economice, criz\u0103 energetic\u0103.<br \/>\n\u00cen ziua \u00eent\u00e2i am avut dup\u0103-amiaza la dispozi\u021bie s\u0103 facem un tur al lacului mare Tisza, adic\u0103 spre avalul r\u00e2ului. Am pornit cu to\u021bii dar am \u00eenconjurat lacul trec\u00e2nd barajul doar trei, restul f\u0103c\u00e2nd dus-\u00eentors. Au fost 66km, greu de f\u0103cut pe lumin\u0103 pornind abia la ora 16. \u00cenc\u0103 din prima zi au \u00eenceput grup\u0103rile \u0219i tradi\u021bia de a \u00eencheia pe \u00eentuneric. A fost \u0219i prilej de a verifica echipamentul, n-au fost surprize.<\/p>\n<p>Ziua 2. Pentru c\u0103 Balatonul era tot sub ocupa\u021bia ploilor, am decis s\u0103 mai r\u0103m\u00e2nem o zi la Tisa \u0219i am f\u0103cut o tur\u0103 a lacului mic, spre amonte. Am trecut r\u00e2ul cu bacul la \u00c1rokt\u0151, cel g\u00e2ndit ini\u021bial, la Tiszadorogma, fiind sezonier \u0219i nefunc\u021bional. Au ajuns ploile \u0219i aici \u0219i, combinat cu lungimea de traseu care a devenit de 70km, cu planul de a \u00eennopta la Zamardi la Balaton, s-a ajuns la planul B stabilit \u201dad locum\u201d. Cei r\u0103ma\u0219i \u201dacas\u0103\u201d au venit cu ma\u0219ina la \u201dcules\u201d de bicicli\u0219ti.<\/p>\n<p>Ziua 3. Suntem la Zamardi, de unde vom \u00eencepe marele tur al Balatonului. Foarte hot\u0103r\u00e2t\u0103 Bianca s\u0103 \u00eencheie turul, contrar vremii potrivnice. A\u0219a c\u0103 nici nu se putea un avocat mai bun pentru a ne motiva pe to\u021bi s\u0103 facem ce ne-am propus, dar cu modific\u0103ri: acea \u00eemp\u0103r\u021bire pe dou\u0103 grupuri mari, flexibile ca \u0219i componen\u021b\u0103. A fost un avantaj mare faptul c\u0103 am avut practic ma\u0219ini de \u00eenso\u021bire care s\u0103 ne a\u0219tepte la finalul zilei cu bagajele noastre cu de toate. Am \u0219i avut de dus pe biciclet\u0103 greutate mai mic\u0103. Noaptea am petrecut-o la Heviz, o sta\u021biune cunoscut\u0103 pentru b\u0103ile termale, o mic\u0103 deviere de la traseu din Keszthely.<br \/>\nDac\u0103 grupul \u201dturist\u201d a avut timp pentru plimbare prin Heviz, prin p\u0103durea de l\u00e2ng\u0103, grupul \u201dtur\u201d a avut de parcurs 80km pe ploaie u\u0219oar\u0103 cu scurte opriri. Timpul l-a petrecut poz\u00e2nd pe digurile din Balaton, iar traseul spre cazare a trecut prin p\u0103dure pe l\u00e2ng\u0103 lacul termal. A fost \u00eencurajator s\u0103 vedem c\u00e2\u021biva alerg\u0103tori \u0219i bicicli\u0219ti pe traseu, nu eram singurii. Trebuie spus c\u0103, separat de pista de biciclet\u0103, ori de c\u00e2te ori dori\u021bi pute\u021bi s\u0103 v\u0103 abate\u021bi pe aleile amenajate la malul lacului \u00een sta\u021biuni. Pentru c\u0103 \u00een trecerile anterioare pe la Balaton am fost impresionat de Kesthely, am propus s\u0103-i aloc\u0103m vizit\u0103rii c\u00e2teva minute \u00een plus ziua urm\u0103toare.<\/p>\n<p>Ziua 4. Trebuie s\u0103 ajungem la Balatonakali, 68km. Am avut timp \u201ds\u0103 d\u0103m o tur\u0103\u201d prin Keszthely, prin curtea palatului-muzeu Festetics. Sunt c\u00e2teva mici muzee \u00een Keszthely, unele mai pu\u021bin obi\u0219nuite: Erotikus Panoptikum, Baba Puppe. Da, limba german\u0103 e mai folosit\u0103 ca limb\u0103 str\u0103in\u0103 \u00een aceast\u0103 zon\u0103. De aici grupul \u201dtur\u201d \u0219i-a mai permis o singur\u0103 deviere mai mare, la cetatea de la Szigliget. Dup\u0103 o mic\u0103 gustare mexican\u0103 la o teras\u0103 de la drum, am urcat la cetate \u0219i am v\u0103zut un local cu degust\u0103ri de vinuri. A\u0219a c\u0103 am l\u0103sat &#8230;vizita \u00een cetate pentru data urm\u0103toare, c\u00e2nd vom avea mai mult timp.<br \/>\nZiua 5, 79km p\u00e2n\u0103 la Siofok. Prilej de a vizita cu to\u021bii peninsula aflat\u0103 vizavi de Zamardi, cap\u0103tul c\u0103l\u0103toriei noastre. Peninsula se remarc\u0103 prin \u00een\u0103l\u021bimile ei, cu st\u00e2nci \u0219i abrupturi. Nu am intrat in Sajkod, cunoscut \u0219i pentru plaja sa, dar am urcat cu toate bagajele noastre p\u00e2n\u0103 la turnul de observa\u021bie \u0219i de acolo am trecut pe l\u00e2ng\u0103 aba\u021bia de la Tihany \u0219i ne-am oprit la un restaurant. \u00cen sf\u00e2r\u0219it altceva dec\u00e2t lango\u0219e \u0219i gust\u0103ri. Aici ne-am desp\u0103r\u021bit, grupul \u201dtur\u201d fiind str\u00e2ns cu timpul. Vremea a devenit frumoas\u0103.<\/p>\n<p>Ziua 6, 12km p\u00e2n\u0103 la Zamardi. Special au fost l\u0103sa\u021bi ace\u0219ti kilometri pentru ziua plec\u0103rii, s\u0103 nu ne lenevim \u0219i s\u0103 ne facem ziua 5 mai rezonabil\u0103.<\/p>\n<p>R\u0103mas bun Balaton, s\u0103 ne revedem cu bine!<\/p>\n<p>Pentru conformitate, linkurile la trasee pe Strava, activitate \u015fi blog pe CAR:<br \/>\n<a href=\"https:\/\/carcluj.ro\/activitati\/inconjurul-lacului-balaton-pe-bicicleta\" target=\"_blank\" rel=\"noopener\">https:\/\/carcluj.ro\/activitati\/inconjurul-lacului-balaton-pe-bicicleta<\/a><br \/>\n<a href=\"https:\/\/carcluj.ro\/blog\/inconjurul-lacului-balaton-pe-bicicleta\" target=\"_blank\" rel=\"noopener\">https:\/\/carcluj.ro\/blog\/inconjurul-lacului-balaton-pe-bicicleta<\/a><br \/>\n<a href=\"https:\/\/www.strava.com\/activities\/8885865027\" target=\"_blank\" rel=\"noopener\">https:\/\/www.strava.com\/activities\/8885865027<\/a><br \/>\n<a href=\"https:\/\/www.strava.com\/activities\/8889386569\" target=\"_blank\" rel=\"noopener\">https:\/\/www.strava.com\/activities\/8889386569<\/a><br \/>\n<a href=\"https:\/\/www.strava.com\/activities\/8889539785\" target=\"_blank\" rel=\"noopener\">https:\/\/www.strava.com\/activities\/8889539785<\/a><br \/>\n<a href=\"https:\/\/www.strava.com\/activities\/8896334857\" target=\"_blank\" rel=\"noopener\">https:\/\/www.strava.com\/activities\/8896334857<\/a><br \/>\n<a href=\"https:\/\/www.strava.com\/activities\/8905347742\" target=\"_blank\" rel=\"noopener\">https:\/\/www.strava.com\/activities\/8905347742<\/a><br \/>\n<a href=\"https:\/\/www.strava.com\/activities\/8911697183\" target=\"_blank\" rel=\"noopener\">https:\/\/www.strava.com\/activities\/8911697183<\/a><br \/>\n<a href=\"https:\/\/www.strava.com\/activities\/8911699357\" target=\"_blank\" rel=\"noopener\">https:\/\/www.strava.com\/activities\/8911699357<\/a><\/p>\n","protected":false},"excerpt":{"rendered":"<p>M\u0103 tot uit la ce a fost anul trecut, ce am scris&#8230; Cum de n-am avut timp s\u0103 scriu pe blog, \u00een fapt mereu eram prea obosit sau aveam ceva considerat mai important de f\u0103cut. Dar m\u0103 bucur c\u0103 oglinda v\u00e2rfului aisbergului ce este pe facebook este suficient de interesant\u0103 ca s\u0103 recitesc cu pl\u0103cere ce a fost. Cea mai important\u0103 activitate a lunii aprilie 2023 a fost activitatea CAR organizat\u0103 de Lu\u015fu \u00een Ungaria, generic spus Turul Balatonului cu bicicleta, dar \u00een acea s\u0103pt\u0103m\u00e2n\u0103 \u00een primele dou\u0103 zile am fost \u00een jurul &#8220;lacului&#8221; Tisza, alegere datorat\u0103 vremii ploioase. Am pozat, am filmat, o parte din imagini au ajuns reel-uri, dar nici de ele n-am avut vreme s\u0103 m\u0103 ocup, concretiz\u00e2ndu-se doar primele dou\u0103 zile. E drept, am scris pe blogul CAR cum a fost, voi ata\u015fa \u015fi aici textul. O alt\u0103 referin\u0163\u0103, chiar dac\u0103 nu am pomenit-o \u00een retrospectiva pe luna martie, este legat\u0103 de emisiunea de \u015fah care va \u00eemplini \u00een 2024 \u00een iunie 20 de ani &#8211; Regi \u015fi Pioni. Din luna martie a \u00eenceput \u00een mod consecvent s\u0103 prezinte emisiunile Mircea \u0162\u0103lu, \u00een locul lui Alin Toma. Mircea este unul din fo\u015ftii elevi prezen\u0163i la emisiune (prima dat\u0103 \u00een 2011). Marchez aceast\u0103 lun\u0103, a pred\u0103rii de \u015ftafet\u0103, dup\u0103 aproape 19 de ani de colaborare cu Alin, care ne va ajuta \u00een continuare. http:\/\/www.regisipioni.ro\/ https:\/\/www.youtube.com\/regisipioni S\u0103 precizez tot pentru aceast\u0103 lun\u0103 c\u0103 am renun\u0163at la alerg\u0103rile s\u0103pt\u0103m\u00e2nale de grup de joi seara (conform Strava au fost doar dou\u0103, \u00een 2 februarie \u015fi \u00een 2 martie), ca activit\u0103\u0163i consecvente \u00een cadrul CAR. Urma s\u0103 m\u0103 adaptez la evenimentele sportive ce urmau, inclusiv recunoa\u015fteri de trasee pentru Maraton Apuseni, explor\u0103ri pe Muntele Mare. Ce am mai f\u0103cut deosebit? Drume\u0163iile-alergare prin z\u0103pad\u0103 pe Muntele Mare, pentru noile trasee Maraton Apuseni, c\u0103ut\u00e2nd leg\u0103turi pe baza vizitelor din anii preceden\u0163i pentru diverse concursuri de MTB \u015fi alergare https:\/\/www.strava.com\/activities\/8944862171 https:\/\/www.strava.com\/activities\/8979212055 Am umblat pe ruta Buscat &#8211; Muntele Mare &#8211; \u015eesu Lup\u015fanului &#8211; Dealu C\u00e2nepi\u015ftilor &#8211; Creasta St\u00e2ncoas\u0103, am explorat \u00een zona \u015eesu Lup\u015fanului si a v\u0103ilor Lup\u015fa, Po\u015faga, Cre\u0163oaia. Linkul la \u00eentregul album (am pus doar c\u00e2teva poze din zecile f\u0103cute): &nbsp; Turul Balatonului, versiunea de pe blogul CAR. E timpul pentru o poveste. Nu lunga, mi-a precizat Lu\u0219u. A\u0219a c\u0103 nu vorbesc despre vreme \u0219i coduri &#8211; secolul codurilor, pentru digitalizare mai u\u0219oar\u0103. Fac un efort \u0219i nu scriu despre ce ar fi trebuit f\u0103cut, potrivit tradi\u021biilor, \u00een S\u0103pt\u0103m\u00e2na Patimilor. Cum se spune, pune\u021bi m\u00e2na \u0219i citi\u021bi. Am fost unsprezece \u0219i am r\u0103mas unsprezece. Asta apropo la paralela lui Lu\u0219u, cu \u201d10 negri mititei\u201d, dup\u0103 ce ploile au \u00eenceput s\u0103 ne \u00eempr\u0103\u0219tie dorin\u021bele. Oare cum s-o mai intitula acum romanul? Da, am fost o trup\u0103 dinamic\u0103 \u0219i \u201delastic\u0103\u201d. Ne-am grupat dup\u0103 cum am considerat mai bine pentru fiecare, f\u0103c\u00e2nd \u00een principiu dou\u0103 grupuri, fiecare cu obiectivele \u0219i traseele lui. \u0218i am f\u0103cut turul Balatonului, unii integral, \u00een trei zile, iar al\u021bii au ales vizitarea mai am\u0103nun\u021bit\u0103 a unor obiective, cu ture \u00een jurul unor ora\u0219e. Date fiind ploile ce se anun\u021bau \u00een jurul Balatonului, dou\u0103 zile am r\u0103mas \u00een Tiszaf\u00fcred \u0219i am parcurs trasee \u00een jurul \u201dlacului\u201d Tisza &#8211; lac de acumulare pe r\u00e2ul cu acela\u0219i nume. Ca urmare, pentru turul Balatonului au r\u0103mas doar trei zile \u00eentregi, devenind o provocare, date fiind \u0219i ploile zilnice, lini\u0219tite dar deranjante pentru biciclet\u0103. Partea mai negativ\u0103 a fost c\u0103 grupa turului Balaton \u0219i-a permis doar escapade mai scurte \u0219i mai pu\u021bine pentru vizitare, a trebuit s\u0103 aleag\u0103 cu aten\u021bie pauzele. Sub acest aspect a fost mai c\u00e2\u0219tigat\u0103 grupa turi\u0219tilor pe bike \u00een ora\u0219e. Dar&#8230; Cum am v\u0103zut scris pe un panou informativ la una din cet\u0103\u021bile vizitate, parte dintr-un lan\u021b de obiective turistice, \u00een descrierea Muzeului Helikon (Festetics) din Keszthely se spune c\u0103 trebuie alocat\u0103 o zi. \u00cen concluzie, cu to\u021bii cred c\u0103 am r\u0103mas cu dorin\u021ba de a revizita Balaton \u0219i \u00eemprejurimile, pentru a \u201dvindeca r\u0103nile deschise\u201d de lipsa de timp. \u0218i pun o \u00eentrebare: ce fel de turist sunte\u021bi? Ce v\u0103 intereseaz\u0103? Printre noi am avut pe cineva interesat de vinurile de soi \u0219i ne-am ab\u0103tut regulat la astfel de magazine unde se puteau face \u0219i degust\u0103ri. Balatonul e locul de vacan\u021b\u0103 al ungurilor, a\u0219a a fost demult. De aceea e \u00eenconjurat de castele, locuri de pescuit, case de vacan\u021b\u0103, aquaparcuri, este chiar \u0219i teren de golf. Se organizeaz\u0103 o mul\u021bime de evenimente. Doar c\u0103, la fel ca sta\u021biunile nostre de la Marea Neagr\u0103, are \u201dvia\u021b\u0103\u201d patru luni pe an, iar la vizita noastr\u0103 abia se deschideau localurile. Nu a fost a\u0219a acum c\u00e2\u021biva ani. \u021ain minte \u0219i am \u0219i scris c\u0103 am participat la Spuri Balaton Szupermarathon, adic\u0103 turul Balatonului \u00een alergare \u00een trei zile, \u00een preajma zilei de 15 aprilie. \u0218i sunt at\u00e2tea altele, \u00een diverse formate. Nu mai vorbesc de alte probe ca \u00eenotul. Supermaratonul nu se mai \u021bine, motive economice, criz\u0103 energetic\u0103. \u00cen ziua \u00eent\u00e2i am avut dup\u0103-amiaza la dispozi\u021bie s\u0103 facem un tur al lacului mare Tisza, adic\u0103 spre avalul r\u00e2ului. Am pornit cu to\u021bii dar am \u00eenconjurat lacul trec\u00e2nd barajul doar trei, restul f\u0103c\u00e2nd dus-\u00eentors. Au fost 66km, greu de f\u0103cut pe lumin\u0103 pornind abia la ora 16. \u00cenc\u0103 din prima zi au \u00eenceput grup\u0103rile \u0219i tradi\u021bia de a \u00eencheia pe \u00eentuneric. A fost \u0219i prilej de a verifica echipamentul, n-au fost surprize. Ziua 2. Pentru c\u0103 Balatonul era tot sub ocupa\u021bia ploilor, am decis s\u0103 mai r\u0103m\u00e2nem o zi la Tisa \u0219i am f\u0103cut o tur\u0103 a lacului mic, spre amonte. Am trecut r\u00e2ul cu bacul la \u00c1rokt\u0151, cel g\u00e2ndit ini\u021bial, la Tiszadorogma, fiind sezonier \u0219i nefunc\u021bional. Au ajuns ploile \u0219i aici \u0219i, combinat cu lungimea de traseu care a devenit de 70km, cu planul de a \u00eennopta la Zamardi la Balaton, s-a ajuns la planul B stabilit \u201dad locum\u201d. Cei r\u0103ma\u0219i \u201dacas\u0103\u201d au venit cu ma\u0219ina la \u201dcules\u201d de bicicli\u0219ti. Ziua 3. Suntem la Zamardi, de unde vom \u00eencepe marele tur al Balatonului. Foarte hot\u0103r\u00e2t\u0103 Bianca s\u0103 \u00eencheie turul, contrar vremii potrivnice. A\u0219a c\u0103 nici nu se putea un avocat mai bun pentru a ne motiva pe to\u021bi s\u0103 facem ce ne-am propus, dar cu modific\u0103ri: acea \u00eemp\u0103r\u021bire pe dou\u0103 grupuri mari, flexibile ca \u0219i componen\u021b\u0103. A fost un avantaj mare faptul c\u0103 am avut practic ma\u0219ini de \u00eenso\u021bire care s\u0103 ne a\u0219tepte la finalul zilei cu bagajele noastre cu de toate. Am \u0219i avut de dus pe biciclet\u0103 greutate mai mic\u0103. Noaptea am petrecut-o la Heviz, o sta\u021biune cunoscut\u0103 pentru b\u0103ile termale, o mic\u0103 deviere de la traseu din Keszthely. Dac\u0103 grupul \u201dturist\u201d a avut timp pentru plimbare prin Heviz, prin p\u0103durea de l\u00e2ng\u0103, grupul \u201dtur\u201d a avut de parcurs 80km pe ploaie u\u0219oar\u0103 cu scurte opriri. Timpul l-a petrecut poz\u00e2nd pe digurile din Balaton, iar traseul spre cazare a trecut prin p\u0103dure pe l\u00e2ng\u0103 lacul termal. A fost \u00eencurajator s\u0103 vedem c\u00e2\u021biva alerg\u0103tori \u0219i bicicli\u0219ti pe traseu, nu eram singurii. Trebuie spus c\u0103, separat de pista de biciclet\u0103, ori de c\u00e2te ori dori\u021bi pute\u021bi s\u0103 v\u0103 abate\u021bi pe aleile amenajate la malul lacului \u00een sta\u021biuni. Pentru c\u0103 \u00een trecerile anterioare pe la Balaton am fost impresionat de Kesthely, am propus s\u0103-i aloc\u0103m vizit\u0103rii c\u00e2teva minute \u00een plus ziua urm\u0103toare. Ziua 4. Trebuie s\u0103 ajungem la Balatonakali, 68km. Am avut timp \u201ds\u0103 d\u0103m o tur\u0103\u201d prin Keszthely, prin curtea palatului-muzeu Festetics. Sunt c\u00e2teva mici muzee \u00een Keszthely, unele mai pu\u021bin obi\u0219nuite: Erotikus Panoptikum, Baba Puppe. Da, limba german\u0103 e mai folosit\u0103 ca limb\u0103 str\u0103in\u0103 \u00een aceast\u0103 zon\u0103. De aici grupul \u201dtur\u201d \u0219i-a mai permis o singur\u0103 deviere mai mare, la cetatea de la Szigliget. Dup\u0103 o mic\u0103 gustare mexican\u0103 la o teras\u0103 de la drum, am urcat la cetate \u0219i am v\u0103zut un local cu degust\u0103ri de vinuri. A\u0219a c\u0103 am l\u0103sat &#8230;vizita \u00een cetate pentru data urm\u0103toare, c\u00e2nd vom avea mai mult timp. Ziua 5, 79km p\u00e2n\u0103 la Siofok. Prilej de a vizita cu to\u021bii peninsula aflat\u0103 vizavi de Zamardi, cap\u0103tul c\u0103l\u0103toriei noastre. Peninsula se remarc\u0103 prin \u00een\u0103l\u021bimile ei, cu st\u00e2nci \u0219i abrupturi. Nu am intrat in Sajkod, cunoscut \u0219i pentru plaja sa, dar am urcat cu toate bagajele noastre p\u00e2n\u0103 la turnul de observa\u021bie \u0219i de acolo am trecut pe l\u00e2ng\u0103 aba\u021bia de la Tihany \u0219i ne-am oprit la un restaurant. \u00cen sf\u00e2r\u0219it altceva dec\u00e2t lango\u0219e \u0219i gust\u0103ri. Aici ne-am desp\u0103r\u021bit, grupul \u201dtur\u201d fiind str\u00e2ns cu timpul. Vremea a devenit frumoas\u0103. Ziua 6, 12km p\u00e2n\u0103 la Zamardi. Special au fost l\u0103sa\u021bi ace\u0219ti kilometri pentru ziua plec\u0103rii, s\u0103 nu ne lenevim \u0219i s\u0103 ne facem ziua 5 mai rezonabil\u0103. R\u0103mas bun Balaton, s\u0103 ne revedem cu bine! Pentru conformitate, linkurile la trasee pe Strava, activitate \u015fi blog pe CAR: https:\/\/carcluj.ro\/activitati\/inconjurul-lacului-balaton-pe-bicicleta https:\/\/carcluj.ro\/blog\/inconjurul-lacului-balaton-pe-bicicleta https:\/\/www.strava.com\/activities\/8885865027 https:\/\/www.strava.com\/activities\/8889386569 https:\/\/www.strava.com\/activities\/8889539785 https:\/\/www.strava.com\/activities\/8896334857 https:\/\/www.strava.com\/activities\/8905347742 https:\/\/www.strava.com\/activities\/8911697183 https:\/\/www.strava.com\/activities\/8911699357<\/p>\n","protected":false},"author":1,"featured_media":4214,"comment_status":"open","ping_status":"open","sticky":false,"template":"","format":"standard","meta":{"ngg_post_thumbnail":0,"footnotes":""},"categories":[1187,280,1093,1183,1185,642,145,142,1182,1184,61,1186,128,1188],"tags":[1192,564,1194,458,434,518,1191,439,1189,416,1195,1190,1193],"class_list":["post-4213","post","type-post","status-publish","format-standard","has-post-thumbnail","hentry","category-arokto","category-balaton","category-buscat","category-explorari-pe-muntele-mare-si-un-nou-prezentator-la-sah","category-explorari-pe-muntele-mare-si-un-nou-prezentator-la-sah-cicloturism","category-kesthely","category-muntele-mare","category-munti","category-retrospectiva-2023-aprilie-turul-balatonului-cu-bicicleta","category-retrospectiva-2023-aprilie-turul-balatonului-cu-bicicleta-cicloturism","category-sah","category-tiszafured","category-ungaria","category-zamardi","tag-arokto","tag-balaton","tag-balatonakali","tag-cicloturism","tag-drumetie","tag-emisiune-sah","tag-keszthely","tag-muntele-mare","tag-retrospectiva","tag-sah","tag-szigliget","tag-tiszafured","tag-zamardi"],"_links":{"self":[{"href":"https:\/\/www.unpicdetimpliber.ro\/wordpress\/wp-json\/wp\/v2\/posts\/4213","targetHints":{"allow":["GET"]}}],"collection":[{"href":"https:\/\/www.unpicdetimpliber.ro\/wordpress\/wp-json\/wp\/v2\/posts"}],"about":[{"href":"https:\/\/www.unpicdetimpliber.ro\/wordpress\/wp-json\/wp\/v2\/types\/post"}],"author":[{"embeddable":true,"href":"https:\/\/www.unpicdetimpliber.ro\/wordpress\/wp-json\/wp\/v2\/users\/1"}],"replies":[{"embeddable":true,"href":"https:\/\/www.unpicdetimpliber.ro\/wordpress\/wp-json\/wp\/v2\/comments?post=4213"}],"version-history":[{"count":2,"href":"https:\/\/www.unpicdetimpliber.ro\/wordpress\/wp-json\/wp\/v2\/posts\/4213\/revisions"}],"predecessor-version":[{"id":4216,"href":"https:\/\/www.unpicdetimpliber.ro\/wordpress\/wp-json\/wp\/v2\/posts\/4213\/revisions\/4216"}],"wp:featuredmedia":[{"embeddable":true,"href":"https:\/\/www.unpicdetimpliber.ro\/wordpress\/wp-json\/wp\/v2\/media\/4214"}],"wp:attachment":[{"href":"https:\/\/www.unpicdetimpliber.ro\/wordpress\/wp-json\/wp\/v2\/media?parent=4213"}],"wp:term":[{"taxonomy":"category","embeddable":true,"href":"https:\/\/www.unpicdetimpliber.ro\/wordpress\/wp-json\/wp\/v2\/categories?post=4213"},{"taxonomy":"post_tag","embeddable":true,"href":"https:\/\/www.unpicdetimpliber.ro\/wordpress\/wp-json\/wp\/v2\/tags?post=4213"}],"curies":[{"name":"wp","href":"https:\/\/api.w.org\/{rel}","templated":true}]}}