{"id":4227,"date":"2024-02-04T09:38:13","date_gmt":"2024-02-04T07:38:13","guid":{"rendered":"http:\/\/www.unpicdetimpliber.ro\/?p=4227"},"modified":"2024-02-04T09:50:21","modified_gmt":"2024-02-04T07:50:21","slug":"retrospectiva-2023-august-septembrie-utmb-mpc-retezat-mountain-run-si-despre-mtb-odyssey","status":"publish","type":"post","link":"https:\/\/www.unpicdetimpliber.ro\/wordpress\/2024\/02\/retrospectiva-2023-august-septembrie-utmb-mpc-retezat-mountain-run-si-despre-mtb-odyssey.html","title":{"rendered":"Retrospectiva 2023 &#8211; august, septembrie &#8211; UTMB, MPC, Retezat Mountain Run \u015fi despre MTB Odyssey"},"content":{"rendered":"<div class=\"fcbkbttn_buttons_block\" id=\"fcbkbttn_left\"><div class=\"fcbkbttn_like \"><fb:like href=\"https:\/\/www.unpicdetimpliber.ro\/wordpress\/2024\/02\/retrospectiva-2023-august-septembrie-utmb-mpc-retezat-mountain-run-si-despre-mtb-odyssey.html\" action=\"like\" colorscheme=\"light\" layout=\"box_count\"  size=\"small\"><\/fb:like><\/div><div class=\"fb-share-button  \" data-href=\"https:\/\/www.unpicdetimpliber.ro\/wordpress\/2024\/02\/retrospectiva-2023-august-septembrie-utmb-mpc-retezat-mountain-run-si-despre-mtb-odyssey.html\" data-type=\"button_count\" data-size=\"small\"><\/div><\/div><div class=\"embed-gphotos  wp-caption\"><a href=\"https:\/\/photos.google.com\/share\/AF1QipODPRoGjeLxoQ26jPNlX7AkRKqcAK1_ZPtscIx6GqC4gIHM6lOibdJ49pn9VKPAIw?key=Unl3OHhWVW1xYVNQTmxDZENrUWRlM2xPQW0wUjJB\" target=\"_blank\"><img loading=\"lazy\" decoding=\"async\"    src=\"https:\/\/lh3.googleusercontent.com\/pw\/ABLVV874wLsH8tEluBHwsMfFWn6CJD6AvAEac0QcNijxCFhRXU-yqyeeTCgUTczm6JK7ZM6pHzyfrX8VTph2bS8zbtpLFdo3ZcvPSzVs8v6GMTgt8MDZw3OD=w400-h1000\" width=\"400\" height=\"266\"   ><\/a><\/p>\n<p class=\"wp-caption-text\"><a href=\"https:\/\/photos.google.com\/share\/AF1QipODPRoGjeLxoQ26jPNlX7AkRKqcAK1_ZPtscIx6GqC4gIHM6lOibdJ49pn9VKPAIw?key=Unl3OHhWVW1xYVNQTmxDZENrUWRlM2xPQW0wUjJB\" target=\"_blank\">\u201dRetroAugSep\u201d \/ Google Photos<\/a><\/p>\n<\/div>\n<p>\u00cen ordine cronologic\u0103<\/p>\n<div class=\"embed-gphotos  wp-caption\"><a href=\"https:\/\/photos.google.com\/share\/AF1QipO6r-CT2gHZKmfr030Sqjh_E0zF6K5iNHuCVUGGOE4Ynf2M8HkU2-vcWsNPs2DM-g?key=UWVyT3lWR0piX0lnLVBQTUJKUm5TYjQ2S2dYNFJR\" target=\"_blank\"><img loading=\"lazy\" decoding=\"async\"    src=\"https:\/\/lh3.googleusercontent.com\/pw\/ABLVV84x0WJyI4FhnhiLB26yztdDYpZoGA8amVXPYLh9r803Cg2Y8PNnyJyQP3lq-1LZd6fYYOysq7ZLo42bldioYd_xTYgbMFF-g6161k1_oXk97GmyGb9n=w200-h1000\" width=\"200\" height=\"267\"   ><\/a><\/p>\n<p class=\"wp-caption-text\"><a href=\"https:\/\/photos.google.com\/share\/AF1QipO6r-CT2gHZKmfr030Sqjh_E0zF6K5iNHuCVUGGOE4Ynf2M8HkU2-vcWsNPs2DM-g?key=UWVyT3lWR0piX0lnLVBQTUJKUm5TYjQ2S2dYNFJR\" target=\"_blank\">\u201dRetezat\u201d \/ Google Photos<\/a><\/p>\n<\/div>\n<p><strong>Retezat Mountain Run &#8211; 12 august &#8211; loc 5 categorie, 38 general, 8h50min.<\/strong><\/p>\n<div class=\"xdj266r x11i5rnm xat24cr x1mh8g0r x1vvkbs x126k92a\">\n<div dir=\"auto\"><a class=\"x1i10hfl xjbqb8w x1ejq31n xd10rxx x1sy0etr x17r0tee x972fbf xcfux6l x1qhh985 xm0m39n x9f619 x1ypdohk xt0psk2 xe8uvvx xdj266r x11i5rnm xat24cr x1mh8g0r xexx8yu x4uap5 x18d9i69 xkhd6sd x16tdsg8 x1hl2dhg xggy1nq x1a2a7pz xt0b8zv x1fey0fg xo1l8bm\" tabindex=\"0\" role=\"link\" href=\"https:\/\/www.facebook.com\/retezatmountainrun?__cft__[0]=AZVT_qBKCzQJfFXs-SeEEfUXt4pPC5GfW-jthyzAtgthPnUrvWjykaCC2zlW7DFRhc-X83IX9BV_4mchn5O-GDtZ88z8TMMZV7fXITjUDzC1KCdZM2Zw0lPdFMNJtLm7IM0IUJsmgTEeyi-xPOkVXoo-Jy63auunhjZm1_NxnYu3pwKwTgIP0gy9DdZDYpei9c8&amp;__tn__=-]K-R\"><span class=\"xt0psk2\">Retezat Mountain Run<\/span><\/a>, versiunea noua a Retezat Maraton, acum parte si din <a class=\"x1i10hfl xjbqb8w x1ejq31n xd10rxx x1sy0etr x17r0tee x972fbf xcfux6l x1qhh985 xm0m39n x9f619 x1ypdohk xt0psk2 xe8uvvx xdj266r x11i5rnm xat24cr x1mh8g0r xexx8yu x4uap5 x18d9i69 xkhd6sd x16tdsg8 x1hl2dhg xggy1nq x1a2a7pz xt0b8zv x1fey0fg xo1l8bm\" tabindex=\"0\" role=\"link\" href=\"https:\/\/www.facebook.com\/profile.php?id=100057177381397&amp;__cft__[0]=AZVT_qBKCzQJfFXs-SeEEfUXt4pPC5GfW-jthyzAtgthPnUrvWjykaCC2zlW7DFRhc-X83IX9BV_4mchn5O-GDtZ88z8TMMZV7fXITjUDzC1KCdZM2Zw0lPdFMNJtLm7IM0IUJsmgTEeyi-xPOkVXoo-Jy63auunhjZm1_NxnYu3pwKwTgIP0gy9DdZDYpei9c8&amp;__tn__=-]K-R\"><span class=\"xt0psk2\">Circuitul Carpatilor<\/span><\/a>.<\/div>\n<div dir=\"auto\">Fata de anul 2017 (cu negru) este diferenta in zona Custura, acum s-a urcat pe acolo. Ca si parametri, in 2017 aproximativ 39km cu 3067m dif nivel, in 2023 (cu rosu) 41km cu 3445m dif nivel. Trackul oficial 2023, cu albastru, are doar o mica diferenta la final, nici nu se vede la scala hartii din poza.<\/div>\n<div dir=\"auto\">2023 <a class=\"x1i10hfl xjbqb8w x1ejq31n xd10rxx x1sy0etr x17r0tee x972fbf xcfux6l x1qhh985 xm0m39n x9f619 x1ypdohk xt0psk2 xe8uvvx xdj266r x11i5rnm xat24cr x1mh8g0r xexx8yu x4uap5 x18d9i69 xkhd6sd x16tdsg8 x1hl2dhg xggy1nq x1a2a7pz xt0b8zv x1fey0fg\" tabindex=\"0\" role=\"link\" href=\"https:\/\/www.strava.com\/activities\/9633153944\/overview?fbclid=IwAR0yOt-xtlp_es89l9IQISZa1DECAeEXte5O1FLLZsbDi0BYGXD-0ZAKGTQ\" target=\"_blank\" rel=\"nofollow noopener noreferrer\">https:\/\/www.strava.com\/activities\/9633153944\/overview<\/a><\/div>\n<div dir=\"auto\">2017 <a class=\"x1i10hfl xjbqb8w x1ejq31n xd10rxx x1sy0etr x17r0tee x972fbf xcfux6l x1qhh985 xm0m39n x9f619 x1ypdohk xt0psk2 xe8uvvx xdj266r x11i5rnm xat24cr x1mh8g0r xexx8yu x4uap5 x18d9i69 xkhd6sd x16tdsg8 x1hl2dhg xggy1nq x1a2a7pz xt0b8zv x1fey0fg\" tabindex=\"0\" role=\"link\" href=\"https:\/\/www.strava.com\/activities\/1120420704\/overview?fbclid=IwAR1sKZ7XxagpnYuZU-y0W7deGTB1cgUnlKzqv89BSfCJBEkPgraiVjBWs9c\" target=\"_blank\" rel=\"nofollow noopener noreferrer\">https:\/\/www.strava.com\/activities\/1120420704\/overview<\/a><\/div>\n<div dir=\"auto\">A fost fain, greu pentru mine mai ales la inceput, apoi m-am&#8230; obisnuit. Primul maraton din acest an, am avut cam putine curse si acelea mai lungi, aveam timp si sa visez.<\/div>\n<div dir=\"auto\">Din segmentele Strava reiese ca am mers mai slab cu minute bune in general fata de 2017, dar la sfarsit, dupa lacul Bucura, am castigat secunde. Am si avut mai multa motivatie spre final, m-am putut concentra si &#8230; m-am cam desprins de lumea din jur, vedeam prietenii voluntari doar la reluare. Scuze! <span class=\"x3nfvp2 x1j61x8r x1fcty0u xdj266r xhhsvwb xat24cr xgzva0m xxymvpz xlup9mm x1kky2od\"><img loading=\"lazy\" decoding=\"async\" class=\"xz74otr\" src=\"https:\/\/static.xx.fbcdn.net\/images\/emoji.php\/v9\/t4c\/1\/16\/1f642.png\" alt=\"\ud83d\ude42\" width=\"16\" height=\"16\" \/><\/span><\/div>\n<\/div>\n<div class=\"x11i5rnm xat24cr x1mh8g0r x1vvkbs xtlvy1s x126k92a\">\n<div dir=\"auto\">Cum in general ma intereseaza ca referinta viteza medie (pace-ul mediu), stiu ca pana ce am trecut de Custura am &#8230; mers cu viteza medie debordanta de 4km\/h. Se poate asadar sa parcurgi o distanta de semimaraton in peste 5h? Sigur, am dovezi, nu doar o data, doar ca acum e prima oara cand se intampla la inceputul cursei!<\/div>\n<\/div>\n<div class=\"x11i5rnm xat24cr x1mh8g0r x1vvkbs xtlvy1s x126k92a\">\n<div dir=\"auto\">Foarte multa lume prin Retezat, si nu ma refer aici doar la alergatori, voluntari etc ci la turisti, fericiti ca se pot bucura de vreme buna si peisaje deosebite.<\/div>\n<div dir=\"auto\">La un moment dat pe o urcare unde aveam un ritm de turist mai sprinten, se dau la o parte trei baieti si dupa ce trec aud discutie:<\/div>\n<div dir=\"auto\">Ce faci?<\/div>\n<div dir=\"auto\">Pai stau!<\/div>\n<div dir=\"auto\">Si ce astepti, sa se astearna praful?! Asta am luat-o ca apropo la ritmul meu. <span class=\"x3nfvp2 x1j61x8r x1fcty0u xdj266r xhhsvwb xat24cr xgzva0m xxymvpz xlup9mm x1kky2od\"><img loading=\"lazy\" decoding=\"async\" class=\"xz74otr\" src=\"https:\/\/static.xx.fbcdn.net\/images\/emoji.php\/v9\/t4c\/1\/16\/1f642.png\" alt=\"\ud83d\ude42\" width=\"16\" height=\"16\" \/><\/span><\/div>\n<\/div>\n<div class=\"x11i5rnm xat24cr x1mh8g0r x1vvkbs xtlvy1s x126k92a\">\n<div dir=\"auto\">De pe Strava flyby se vede cum au mers unii alergatori, o referinta buna este Ilie Iloiu care a incheiat intre primii trei. 1h20min i-au trebuit sa ajunga pe varful Retezat, atunci Szabi si Toma Valentin erau in fata lui cu vreo 2min, asadar nu-i departe de adevar ca primii au urcat in 1h15min. Ca si comparatie, eu am ajuns acolo abia dupa 1h50min (1h39min in 2017).<\/div>\n<div dir=\"auto\"><a class=\"x1i10hfl xjbqb8w x1ejq31n xd10rxx x1sy0etr x17r0tee x972fbf xcfux6l x1qhh985 xm0m39n x9f619 x1ypdohk xt0psk2 xe8uvvx xdj266r x11i5rnm xat24cr x1mh8g0r xexx8yu x4uap5 x18d9i69 xkhd6sd x16tdsg8 x1hl2dhg xggy1nq x1a2a7pz xt0b8zv x1fey0fg\" tabindex=\"0\" role=\"link\" href=\"https:\/\/labs.strava.com\/flyby\/viewer\/?fbclid=IwAR1sR53dnsCLrSgCNUwvTPpcZ--rNti8zyANJ-SnPOGwvtRCrrzPaQmIkls#9633153944?c=u804pvp3&amp;z=H&amp;t=1aroq_&amp;a=mEMuPhwMZz617mY-\" target=\"_blank\" rel=\"nofollow noopener noreferrer\">https:\/\/labs.strava.com\/flyby\/viewer\/&#8230;<\/a><\/div>\n<\/div>\n<div class=\"x11i5rnm xat24cr x1mh8g0r x1vvkbs xtlvy1s x126k92a\">\n<div dir=\"auto\">Foarte multi prieteni la acest concurs, ma bucur ca am venit! Am ramas si la petrecerea de la ora 22, un fel de cursa &#8220;revenge&#8221;, prilej sa dovedesti ca macar mai poti chiar daca la concurs ai fost pe la urma. <span class=\"x3nfvp2 x1j61x8r x1fcty0u xdj266r xhhsvwb xat24cr xgzva0m xxymvpz xlup9mm x1kky2od\"><img loading=\"lazy\" decoding=\"async\" class=\"xz74otr\" src=\"https:\/\/static.xx.fbcdn.net\/images\/emoji.php\/v9\/t4c\/1\/16\/1f642.png\" alt=\"\ud83d\ude42\" width=\"16\" height=\"16\" \/><\/span><\/div>\n<div dir=\"auto\">Felicitari <a class=\"x1i10hfl xjbqb8w x1ejq31n xd10rxx x1sy0etr x17r0tee x972fbf xcfux6l x1qhh985 xm0m39n x9f619 x1ypdohk xt0psk2 xe8uvvx xdj266r x11i5rnm xat24cr x1mh8g0r xexx8yu x4uap5 x18d9i69 xkhd6sd x16tdsg8 x1hl2dhg xggy1nq x1a2a7pz xt0b8zv x1fey0fg xo1l8bm\" tabindex=\"0\" role=\"link\" href=\"https:\/\/www.facebook.com\/dan.lupsa?__cft__[0]=AZVT_qBKCzQJfFXs-SeEEfUXt4pPC5GfW-jthyzAtgthPnUrvWjykaCC2zlW7DFRhc-X83IX9BV_4mchn5O-GDtZ88z8TMMZV7fXITjUDzC1KCdZM2Zw0lPdFMNJtLm7IM0IUJsmgTEeyi-xPOkVXoo-Jy63auunhjZm1_NxnYu3pwKwTgIP0gy9DdZDYpei9c8&amp;__tn__=-]K-R\"><span class=\"xt0psk2\">Dan Lupsa<\/span><\/a> , <a class=\"x1i10hfl xjbqb8w x1ejq31n xd10rxx x1sy0etr x17r0tee x972fbf xcfux6l x1qhh985 xm0m39n x9f619 x1ypdohk xt0psk2 xe8uvvx xdj266r x11i5rnm xat24cr x1mh8g0r xexx8yu x4uap5 x18d9i69 xkhd6sd x16tdsg8 x1hl2dhg xggy1nq x1a2a7pz xt0b8zv x1fey0fg xo1l8bm\" tabindex=\"0\" role=\"link\" href=\"https:\/\/www.facebook.com\/croitoriu.dragos?__cft__[0]=AZVT_qBKCzQJfFXs-SeEEfUXt4pPC5GfW-jthyzAtgthPnUrvWjykaCC2zlW7DFRhc-X83IX9BV_4mchn5O-GDtZ88z8TMMZV7fXITjUDzC1KCdZM2Zw0lPdFMNJtLm7IM0IUJsmgTEeyi-xPOkVXoo-Jy63auunhjZm1_NxnYu3pwKwTgIP0gy9DdZDYpei9c8&amp;__tn__=-]K-R\"><span class=\"xt0psk2\">Croitoriu Dragos<\/span><\/a> pentru organizare! I-am numit pe ei pentru ca s-au implicat foarte mult sa fie bine si mi s-au parut suflete mai sensibile. <span class=\"x3nfvp2 x1j61x8r x1fcty0u xdj266r xhhsvwb xat24cr xgzva0m xxymvpz xlup9mm x1kky2od\"><img loading=\"lazy\" decoding=\"async\" class=\"xz74otr\" src=\"https:\/\/static.xx.fbcdn.net\/images\/emoji.php\/v9\/t4c\/1\/16\/1f642.png\" alt=\"\ud83d\ude42\" width=\"16\" height=\"16\" \/><\/span> Multumesc pentru poze <a class=\"x1i10hfl xjbqb8w x1ejq31n xd10rxx x1sy0etr x17r0tee x972fbf xcfux6l x1qhh985 xm0m39n x9f619 x1ypdohk xt0psk2 xe8uvvx xdj266r x11i5rnm xat24cr x1mh8g0r xexx8yu x4uap5 x18d9i69 xkhd6sd x16tdsg8 x1hl2dhg xggy1nq x1a2a7pz xt0b8zv x1fey0fg xo1l8bm\" tabindex=\"0\" role=\"link\" href=\"https:\/\/www.facebook.com\/stefeli?__cft__[0]=AZVT_qBKCzQJfFXs-SeEEfUXt4pPC5GfW-jthyzAtgthPnUrvWjykaCC2zlW7DFRhc-X83IX9BV_4mchn5O-GDtZ88z8TMMZV7fXITjUDzC1KCdZM2Zw0lPdFMNJtLm7IM0IUJsmgTEeyi-xPOkVXoo-Jy63auunhjZm1_NxnYu3pwKwTgIP0gy9DdZDYpei9c8&amp;__tn__=-]K-R\"><span class=\"xt0psk2\">Stelu Harsan<\/span><\/a> !<\/div>\n<\/div>\n<div class=\"x11i5rnm xat24cr x1mh8g0r x1vvkbs xtlvy1s x126k92a\">\n<div dir=\"auto\">Pentru ce m-am luptat? Un loc 38 la general, 5 la categorie, 8h50min. Mi-am facut misiunea mai usoara in anii ce vin, cum era daca as fi castigat?! <span class=\"x3nfvp2 x1j61x8r x1fcty0u xdj266r xhhsvwb xat24cr xgzva0m xxymvpz xlup9mm x1kky2od\"><img loading=\"lazy\" decoding=\"async\" class=\"xz74otr\" src=\"https:\/\/static.xx.fbcdn.net\/images\/emoji.php\/v9\/t4c\/1\/16\/1f642.png\" alt=\"\ud83d\ude42\" width=\"16\" height=\"16\" \/><\/span><\/div>\n<\/div>\n<div class=\"x11i5rnm xat24cr x1mh8g0r x1vvkbs xtlvy1s x126k92a\">\n<div dir=\"auto\">\n<p><a class=\"x1i10hfl xjbqb8w x1ejq31n xd10rxx x1sy0etr x17r0tee x972fbf xcfux6l x1qhh985 xm0m39n x9f619 x1ypdohk xt0psk2 xe8uvvx xdj266r x11i5rnm xat24cr x1mh8g0r xexx8yu x4uap5 x18d9i69 xkhd6sd x16tdsg8 x1hl2dhg xggy1nq x1a2a7pz xt0b8zv x1fey0fg\" tabindex=\"0\" role=\"link\" href=\"https:\/\/l.facebook.com\/l.php?u=https%3A%2F%2Fretezatmountainrun.ro%2Frezultate%2F2023%3Ffbclid%3DIwAR1E_IaANH6pxfta8eMX4WWOwuQr_esT_4_vm-Hf4GwWJ-ZI6to0bk6SQbg&amp;h=AT22FDouWynAPnO4wG_ag-G7qkANq1E9Tn0FH-k5aCt3YNCV4_C7gv2fLz6H1ECuv73Gs6uVNXLa3lztU0hu3fTqm-Sq6XsvTRUl0hO7e2VJEdimtchwm1Q18fy27EyiZA&amp;__tn__=-UK-R&amp;c[0]=AT2KCTj64uaB7w2daIs2MhJx8uid2nYcuWTVHSB0vD7ctXSiuu63eujPWQoxeXrtXs3-9cZ5H8vCKaVEkva_0VWMmKdxFNteeYQqNP3SSaWXQSqtz71t-1g-FptIFNUP5Akualuk9uMru33n9e0evXT1ML-CCdrZFB6DMbiJGJXhTljZiBh4wN59xx4plkBSmSCX4E2O_C8Z_0U\" target=\"_blank\" rel=\"nofollow noopener noreferrer\">https:\/\/retezatmountainrun.ro\/rezultate\/2023<\/a><\/p>\n<p><a href=\"https:\/\/www.strava.com\/activities\/9633153944\/overview\">https:\/\/www.strava.com\/activities\/9633153944\/overview<\/a><\/p>\n<div class=\"embed-gphotos  wp-caption\"><a href=\"https:\/\/photos.google.com\/share\/AF1QipMkuvXaJf-MbwvaM0dxtmhCUrRjE3x53FGuzgAS9HFoQ973e0gLTcGx5UhPpYGdng?key=N2loTzJTS2xWWU8tQjNXQVNvVEc2NDhoR1FrQmd3\" target=\"_blank\"><img loading=\"lazy\" decoding=\"async\"    src=\"https:\/\/lh3.googleusercontent.com\/pw\/ABLVV86-fARVD2rN2JAtjDE3H1iBAkeZ820YVOBgmnFvq17Xc89tkemNMiWqCYj0LC1LUlKC_LttXujFGr6F97QEubWIOmseommGUxWbeoae4jRvvKOHBjPP=w400-h1000\" width=\"400\" height=\"266\"   ><\/a><\/p>\n<p class=\"wp-caption-text\"><a href=\"https:\/\/photos.google.com\/share\/AF1QipMkuvXaJf-MbwvaM0dxtmhCUrRjE3x53FGuzgAS9HFoQ973e0gLTcGx5UhPpYGdng?key=N2loTzJTS2xWWU8tQjNXQVNvVEc2NDhoR1FrQmd3\" target=\"_blank\">\u201dUTMB\u201d \/ Google Photos<\/a><\/p>\n<\/div>\n<p><strong>UTMB 170km cu 10000m diferen\u0163\u0103 de nivel, 35h50min, 30 categorie , loc 475\/2693 general<\/strong><\/p>\n<div class=\"xdj266r x11i5rnm xat24cr x1mh8g0r x1vvkbs x126k92a\">\n<div dir=\"auto\">A patra participare pentru mine la cursa <a class=\"x1i10hfl xjbqb8w x1ejq31n xd10rxx x1sy0etr x17r0tee x972fbf xcfux6l x1qhh985 xm0m39n x9f619 x1ypdohk xt0psk2 xe8uvvx xdj266r x11i5rnm xat24cr x1mh8g0r xexx8yu x4uap5 x18d9i69 xkhd6sd x16tdsg8 x1hl2dhg xggy1nq x1a2a7pz xt0b8zv x1fey0fg xo1l8bm\" tabindex=\"0\" role=\"link\" href=\"https:\/\/www.facebook.com\/events\/1317089715748439\/?__cft__[0]=AZV2EmhuAOZ1rli56rzqF35iXZ5teGYUf-d7PER_Ptgt-NxZsp3MQunLGBvVvxaSo6cJ-Xa_hsUcdIo-cHx9vLWQ8IDG_VAG8FuVQEMQ9btU_3yPIH9r9pjsKcYNfPvrrNue4nUwEHE1cEKH8jL8U8gfQIRa7qGuc1wrajJAQGVPkWVzViiD3Oet-BVZHGDMydY&amp;__tn__=-UK-R\"><span class=\"xt0psk2\">UTMB 2023 | UTMB Mont-Blanc<\/span><\/a> , al treilea rezultat cu 35h49min, locul 475\/2688 general si 30 categorie.<\/div>\n<\/div>\n<div class=\"x11i5rnm xat24cr x1mh8g0r x1vvkbs xtlvy1s x126k92a\">\n<div dir=\"auto\">In 2015 am fost pentru prima data la o cursa din seria UTMB, la TDS. De atunci pot spune ca din reflex m-am tot inscris dar la cursa UTMB de 170km cu 10.000m diferenta de nivel pozitiva, fiind prezent cand au dorit sortii, adica in 2016, 2018, 2021 si acum.<\/div>\n<\/div>\n<div class=\"x11i5rnm xat24cr x1mh8g0r x1vvkbs xtlvy1s x126k92a\">\n<div dir=\"auto\">Mereu UTMB m-a atras in primul rand prin unicitatea numarului de alergatori prezenti la start si a miilor de spectatori care ne incurajeaza pe traseu si carora le spun multumesc. Bineinteles va multumesc si voua, celor de acasa, cu atat mai mult cu cat ne cunoastem si stim ce inseamna efortul unei astfel de curse pentru unii ca noi.<\/div>\n<div dir=\"auto\">In acest an au fost aproape 2700 participanti la cursa UTMB, a fost editia cu numarul 20 care s-a dorit a fi speciala si prin aceea ca e un fel de campionat mondial de alergare montana la trei distante: 50k prin OCC, 100k prin CCC si 170k prin UTMB. S-au inscris multi alergatori buni, in mod precis a fost o sortare si dupa coeficientul ITRA, cel mai jos a fost 500. Prin transmisiile live se confirma in acest an echivalenta cu ceea ce inseamna &#8220;Tour de France&#8221; in ciclismul de sosea si cursele din seria &#8220;IronMan&#8221; la triatlonul de distanta lunga.<\/div>\n<div dir=\"auto\">Au fost 931 de abandonuri, destul de multe pentru o vreme&#8230; buna. Ceea ce inseamna ca vremea buna, care sigur a influentat, este departe de perfectiune. Sigur, au fost si alte aspecte, incluzand faptul ca au fost multi alergatori de top dar fara experienta unor curse asa de lungi.<\/div>\n<div dir=\"auto\">Pentru mine a fost foarte cald, doar la muntii peste 2400m am folosit putin foita de vant si la sfarsit la iesirea din punctele de alimentare. Cum simteam nevoia sa beau apa nelimitat, ca sa nu intru in probleme de genul hiponatrenamie, mereu ma udam si in umezeam gura. Fiind de atatea ori mai tineam minte si unde gasesc prin localitati apa rece.<\/div>\n<\/div>\n<div class=\"x11i5rnm xat24cr x1mh8g0r x1vvkbs xtlvy1s x126k92a\">\n<div dir=\"auto\">Al doilea aspect prin care m-a tot atras UTMB e faptul ca de fiecare data apare imprevizibilitatea, ceva provocator care aproape ma scoate din cursa. Anul acesta a fost pentru prima data de cand am devent constient in lume cand am .. debordat, ca sa spun frumos, imediat dupa iesirea din Champex- Lac, km 127. Asa ca vreo 16km, incluzand urcarea de La Giete (Bovine), am ramas cu stomacul gol, surprinzator fara sa am senzatia de foame. Apoi tot restul cursei am trait doar cu supa si, dupa ce mi-am facut ceva curaj, am diversificat cu biscuiti.<\/div>\n<\/div>\n<div class=\"x11i5rnm xat24cr x1mh8g0r x1vvkbs xtlvy1s x126k92a\">\n<div dir=\"auto\">A treia simpatie care o am pentru aceasta cursa deriva si din precedenta. Fiecare om are obiective si probabil de doua tipuri mari: minune si realiste. La cele minune eu am inclus sa obtin un timp de sub 32h, mai bine de atat n-am obtinut nici cand eram mai bine pregatit. Sigur, la minunea-minunilor am inclus sa castig cursa, dar dupa ce m-am gandit putin mi-am zis ca ar trebui totusi sa fie odata si odata anul lui <a class=\"x1i10hfl xjbqb8w x1ejq31n xd10rxx x1sy0etr x17r0tee x972fbf xcfux6l x1qhh985 xm0m39n x9f619 x1ypdohk xt0psk2 xe8uvvx xdj266r x11i5rnm xat24cr x1mh8g0r xexx8yu x4uap5 x18d9i69 xkhd6sd x16tdsg8 x1hl2dhg xggy1nq x1a2a7pz xt0b8zv x1fey0fg xo1l8bm\" tabindex=\"0\" role=\"link\" href=\"https:\/\/www.facebook.com\/walmsleyruns?__cft__[0]=AZV2EmhuAOZ1rli56rzqF35iXZ5teGYUf-d7PER_Ptgt-NxZsp3MQunLGBvVvxaSo6cJ-Xa_hsUcdIo-cHx9vLWQ8IDG_VAG8FuVQEMQ9btU_3yPIH9r9pjsKcYNfPvrrNue4nUwEHE1cEKH8jL8U8gfQIRa7qGuc1wrajJAQGVPkWVzViiD3Oet-BVZHGDMydY&amp;__tn__=-]K-R\"><span class=\"xt0psk2\">Jim Walmsley<\/span><\/a> , a luptat atatia ani pana la epuizare sa castige. Asa a fost, a castigat cu un timp de 19h37min, am dat acest reper ca sa vedeti pe unde sunt eu.<\/div>\n<div dir=\"auto\">La obiectivele realiste am avut ambitia sa inchei in primii 500 de participanti si cat mai aproape de acele 32h, sa nu depasesc 38h cat am facut la prima participare. Faptul ca am incheiat sub 36h a fost un obiectiv de moment. De ce 500? Pentru ca eu aveam numarul de concurs 1521. In mod normal la coeficientul meu ITRA ce-l aveam de 677 ar fi trebuit sa mi se atribuie numar de concurs pe la 500. Cand mi-au scris ai mei ca sunt pe la pozitia 500 am inceput sa am probleme de motivatie.<\/div>\n<\/div>\n<div class=\"x11i5rnm xat24cr x1mh8g0r x1vvkbs xtlvy1s x126k92a\">\n<div dir=\"auto\">Nu e cadrul sa povestesc multe de pe traseu, dau ca reper faptul ca la primul punct, la Col de Voza abia am fost pe locul 1224, la Saint Gervais la km21 locul 910 si la Courmayeur km80 in sfarsit am ajuns printre &#8220;ai mei&#8221;, locul 494. E usor de observat cand esti cu cei de valoarea ta, te lupti sa tii pasul cu cei din jur. Iar daca ai o cadere fizica pierzi teren constant, iti mentii locul doar prin conjunctura abandonurilor altora mai rapizi din fata.<\/div>\n<\/div>\n<div class=\"x11i5rnm xat24cr x1mh8g0r x1vvkbs xtlvy1s x126k92a\">\n<div dir=\"auto\">Dintre romani m-am tot intalnit cu Viktor Kotai, ultima data la Champex Lac, a mers bine acum, bravo lui!<\/div>\n<div dir=\"auto\">Partea nostima a inceput cand eram destul de descurajat la Trient (km143), dupa patania de la Champex-Lac. M-am asezat langa un asiatic, cu supa in fata din care gustam pe indelete. Incepuse epoca cu pauze lungi la punctele de alimentare.<\/div>\n<div dir=\"auto\">Si ma roaga &#8230; italianul Gonzalo sa-l trezesc cand plec. Il trag de maneca peste 10 minute si incepe o noua etapa pentru mine. Simpatic, ultra-vorbaret, doreste sa mergem impreuna. Incerc sa-l descurajez, sa aleaga pe altcineva, imposibil de refuzat. Imi spune ca are un prieten roman din Brasov, a alergat cu el dar acesta a ramas mult in urma. Poate stiti cine e baiatul nostru. In orice caz eu nu eram in stare sa vorbesc prea multe si partea aceasta a rezolvat-o &#8230; natural, povestea cu cei din jurul nostru. De altfel am observat la punctele de alimentare ca in jur de jumate din populatia alergatoare il stia pe nume.<\/div>\n<div dir=\"auto\">Ma tineam de el cum puteam, pe urcari ma mai astepta iar la coborari mergeam in spate la vreo zece metri, tinand ritmul lui si a celor cu care povestea fara sa fiu nevoit sa alerg decat din cand in cand. Ma deranjau scuturaturile si cautam sa ma misc optim si constant.<\/div>\n<div dir=\"auto\">Una peste alta la Vallorcine km154 mi-am mai revenit, am si stat vreo 30minute si la iesire a venit o noua surpriza: Gonzalo a marit grupul nostru cu o irlandeza &#8211; Ellen, si ea cu ceva probleme de sanatate inca dinainte de start. Cred ca a simtit el dorinta mea de a protesta si si-a manifestat scopul sa incheiem in 35 ore, maxim 36h. I-am raspuns ca la ora 1.30 abia am iesit din punct, stiu traseul si e imposibil sa incheiem pana la 5 dimineata, si de fapt si ora 6 e greu de obtinut, la stadiul nostru 4h30min pentru mai mult de 19km e o performanta. Cumva discutia a ambitionat-o pe Ellen.<\/div>\n<div dir=\"auto\">Aveam timp sa povestim, ca doar stateam si incercam sa ajutam pe cineva ce ramasese fara lumina. Am scos bateriile din frontala de rezerva, i-as fi dat-o dar era din cele bune sa te uiti la ea cum iti lumineaza mainile. Intre timp mai aparuse cineva cu Petzl si i-a imprumutat acumulatorul de rezerva, ca ar fi mai bun. Nu am mai avut starea necesara sa-i explic ca nu-i asa din multe motive, asa ca peste doua ore cand se pare ca acelasi concurent a ramas fara lumina n-am mai oprit, s-a ocupat Gonzalo sa-i gaseasca pe cineva mai amabil.<\/div>\n<div dir=\"auto\">Spre consternarea mea, Ellen, parca fara efort, urca de abia ma tineam de ea pe ascensiunea 26 din 27 conform ceasului, de 250m diferenta de nivel, cea dinainte de La Flegere de 440m. Ma si gandeam ca n-o sa rezist la acelasi ritm la sfarsit. A incetinit totusi sa ma intrebe daca poate lua un gel, ca a avut probleme cu cateva zile inainte. Abia intelegeam ce spune in graiul ei, a trebuit sa repete aproape silabisind si folosind cuvinte de abecedar. Ce sa spun, daca trebuie &#8211; trebuie. Pot sa-i dau batoane, ca si asa le car degeaba.<\/div>\n<div dir=\"auto\">Am ajuns sus La Flegere, urma coborarea spre Chamonix, spre 8km, aveam la dispozitie o ora si cinci minute pentru a ne incadra in 36h. Evident ca am inceput promitator, cu o pauza de schimbat baterii\/acumulatori la Ellen si Gonzalo. Dupa vreo 2-3km am primit liber de la Ellen si am trecut linia de finish alaturi de Gonzalo, depasind intre timp o multime de concurenti.<\/div>\n<div dir=\"auto\">Ne-au asteptat cu drag ai lui si ai mei, am avut astfel rasplata maxima &#8211; ca sa parafrazez niste versuri &#8211; &#8220;in bratele lor nu a trebuit sa dovedesc ca sunt barbat&#8221;. <span class=\"x3nfvp2 x1j61x8r x1fcty0u xdj266r xhhsvwb xat24cr xgzva0m xxymvpz xlup9mm x1kky2od\"><img loading=\"lazy\" decoding=\"async\" class=\"xz74otr\" src=\"https:\/\/static.xx.fbcdn.net\/images\/emoji.php\/v9\/t4c\/1\/16\/1f642.png\" alt=\"\ud83d\ude42\" width=\"16\" height=\"16\" \/><\/span><\/div>\n<div dir=\"auto\">Frumos la Chamonix, in completare adolescentii mei au fost la cursele lor YCC la fel ca acum multi ani, cand erau copii. Poate daca vor dori ei ma voi mai intoarce, dar pana atunci trei cuvinte pentru cei care si-au lasat o farama de suflet si timp pe la acest concurs&#8230; multumiri, bravo si felicitari!<br \/>\nUTMB &#8211; incheiere cu un italian vesel Gonzalo si cu o irlandeza relaxata Ellen<br \/>\n<a href=\"https:\/\/www.strava.com\/activities\/9776939517\/overview\">https:\/\/www.strava.com\/activities\/9776939517\/overview<\/a><\/p>\n<div class=\"embed-gphotos  wp-caption\"><a href=\"https:\/\/photos.google.com\/share\/AF1QipOg7wnYq-tKRLZMEuTM1QDZtmOUD6BWzhpIlF2Xt6wYzBd5YO51VvWKuCUgGunRsQ?key=YWdLRG04bGZKekJESW4wMFJXVWdPaUEtZ0ZNWkZR\" target=\"_blank\"><img loading=\"lazy\" decoding=\"async\"    src=\"https:\/\/lh3.googleusercontent.com\/pw\/ABLVV85lzhEFLdcJrWC2vsvY7C8N_kEBuaTO1UnOhlJAodoJ8_inoxCT7kWZeGbMQut8173t7Dcacl2AFSet1jBbxYW85t-APpkfzW--mUQ9DNY_G0suQyWf=w400-h1000\" width=\"400\" height=\"266\"   ><\/a><\/p>\n<p class=\"wp-caption-text\"><a href=\"https:\/\/photos.google.com\/share\/AF1QipOg7wnYq-tKRLZMEuTM1QDZtmOUD6BWzhpIlF2Xt6wYzBd5YO51VvWKuCUgGunRsQ?key=YWdLRG04bGZKekJESW4wMFJXVWdPaUEtZ0ZNWkZR\" target=\"_blank\">\u201dMPC\u201d \/ Google Photos<\/a><\/p>\n<\/div>\n<p><strong>Maraton Piatra Craiului, 5h29min, loc 6 categorie, 46 general<\/strong>Concurs de tradi\u0163ie, de suflet, cu carte cadou, cu oameni calzi, cu bucuria re\u00eent\u00e2lnirii&#8230; Doar c\u00e2teva cuvinte de ast\u0103 dat\u0103, dar sper s\u0103 \u00eensemne mult.<br \/>\nDac\u0103 la UTMB copiii mei au participat la probele lor, mai scurte, conform v\u00e2rstei, aici, la MPC, pe Tudor l-am rugat s\u0103 plece \u00een drume\u0163ie dup\u0103 start la jum\u0103tate de or\u0103, s\u0103 vad\u0103 zona, mun\u0163ii. M\u0103 g\u00e2ndeam c\u0103 pe la Plaiul Foii se va a\u015feza \u015fi voi merge dup\u0103 el. Nu-i el cu alerg\u0103rile lungi, practic\u0103 alt sport, dar s-a ambi\u0163ionat \u015fi a \u00eencheiat tot traseul \u00een aproximativ opt ore. Adic\u0103 a \u015fi alergat.<br \/>\nM\u0103 bucur pentru el \u015fi &#8230; i-am f\u0103cut un cadou pentru c\u00e2nd va \u00eemplini 18 ani: s\u0103 vin\u0103 cu mine la Istria \u015fi s\u0103 participe la proba de maraton de acolo. De fun&#8230; Dar s\u0103 \u015fti\u0163i c\u0103 a \u00eenceput s\u0103 se antreneze.<\/p>\n<p><a href=\"https:\/\/www.strava.com\/activities\/9948510823\/overview\">https:\/\/www.strava.com\/activities\/9948510823\/overview<\/a><br \/>\n<strong><br \/>\nMTB Odyseey 23 septembrie<br \/>\n<\/strong>Mult am tot umblat pe Muntele Mare, eu sper c\u0103 a ie\u015fit bine. Mai frumos e s\u0103 povesteasc\u0103 al\u0163ii.<br \/>\nDin istoric: pe Muntele Mare pe la Saua Prislop, valea Ratoiul Mic si valea Podurilor,<br \/>\nstabilit traseele scurt \u015fi mediu, curatare Valea Galbenei,<br \/>\n<a href=\"https:\/\/www.strava.com\/activities\/9587633613\">https:\/\/www.strava.com\/activities\/9587633613<\/a><br \/>\n<a href=\"https:\/\/www.strava.com\/activities\/9645213926\">https:\/\/www.strava.com\/activities\/9645213926<\/a><br \/>\n<a href=\"https:\/\/www.strava.com\/activities\/9673303573\">https:\/\/www.strava.com\/activities\/9673303573<\/a><br \/>\n<a href=\"https:\/\/www.strava.com\/activities\/9687771124\">https:\/\/www.strava.com\/activities\/9687771124<\/a><\/p>\n<p>curatare scurt si e-bike, marcare, creare segmente Strava, verificare&#8230;<br \/>\n<a href=\"https:\/\/www.strava.com\/activities\/9834776333\">https:\/\/www.strava.com\/activities\/9834776333<\/a><\/p>\n<p>&nbsp;<\/p>\n<\/div>\n<\/div>\n<\/div>\n<\/div>\n","protected":false},"excerpt":{"rendered":"<p>\u00cen ordine cronologic\u0103 Retezat Mountain Run &#8211; 12 august &#8211; loc 5 categorie, 38 general, 8h50min. Retezat Mountain Run, versiunea noua a Retezat Maraton, acum parte si din Circuitul Carpatilor. Fata de anul 2017 (cu negru) este diferenta in zona Custura, acum s-a urcat pe acolo. Ca si parametri, in 2017 aproximativ 39km cu 3067m dif nivel, in 2023 (cu rosu) 41km cu 3445m dif nivel. Trackul oficial 2023, cu albastru, are doar o mica diferenta la final, nici nu se vede la scala hartii din poza. 2023 https:\/\/www.strava.com\/activities\/9633153944\/overview 2017 https:\/\/www.strava.com\/activities\/1120420704\/overview A fost fain, greu pentru mine mai ales la inceput, apoi m-am&#8230; obisnuit. Primul maraton din acest an, am avut cam putine curse si acelea mai lungi, aveam timp si sa visez. Din segmentele Strava reiese ca am mers mai slab cu minute bune in general fata de 2017, dar la sfarsit, dupa lacul Bucura, am castigat secunde. Am si avut mai multa motivatie spre final, m-am putut concentra si &#8230; m-am cam desprins de lumea din jur, vedeam prietenii voluntari doar la reluare. Scuze! Cum in general ma intereseaza ca referinta viteza medie (pace-ul mediu), stiu ca pana ce am trecut de Custura am &#8230; mers cu viteza medie debordanta de 4km\/h. Se poate asadar sa parcurgi o distanta de semimaraton in peste 5h? Sigur, am dovezi, nu doar o data, doar ca acum e prima oara cand se intampla la inceputul cursei! Foarte multa lume prin Retezat, si nu ma refer aici doar la alergatori, voluntari etc ci la turisti, fericiti ca se pot bucura de vreme buna si peisaje deosebite. La un moment dat pe o urcare unde aveam un ritm de turist mai sprinten, se dau la o parte trei baieti si dupa ce trec aud discutie: Ce faci? Pai stau! Si ce astepti, sa se astearna praful?! Asta am luat-o ca apropo la ritmul meu. De pe Strava flyby se vede cum au mers unii alergatori, o referinta buna este Ilie Iloiu care a incheiat intre primii trei. 1h20min i-au trebuit sa ajunga pe varful Retezat, atunci Szabi si Toma Valentin erau in fata lui cu vreo 2min, asadar nu-i departe de adevar ca primii au urcat in 1h15min. Ca si comparatie, eu am ajuns acolo abia dupa 1h50min (1h39min in 2017). https:\/\/labs.strava.com\/flyby\/viewer\/&#8230; Foarte multi prieteni la acest concurs, ma bucur ca am venit! Am ramas si la petrecerea de la ora 22, un fel de cursa &#8220;revenge&#8221;, prilej sa dovedesti ca macar mai poti chiar daca la concurs ai fost pe la urma. Felicitari Dan Lupsa , Croitoriu Dragos pentru organizare! I-am numit pe ei pentru ca s-au implicat foarte mult sa fie bine si mi s-au parut suflete mai sensibile. Multumesc pentru poze Stelu Harsan ! Pentru ce m-am luptat? Un loc 38 la general, 5 la categorie, 8h50min. Mi-am facut misiunea mai usoara in anii ce vin, cum era daca as fi castigat?! https:\/\/retezatmountainrun.ro\/rezultate\/2023 https:\/\/www.strava.com\/activities\/9633153944\/overview UTMB 170km cu 10000m diferen\u0163\u0103 de nivel, 35h50min, 30 categorie , loc 475\/2693 general A patra participare pentru mine la cursa UTMB 2023 | UTMB Mont-Blanc , al treilea rezultat cu 35h49min, locul 475\/2688 general si 30 categorie. In 2015 am fost pentru prima data la o cursa din seria UTMB, la TDS. De atunci pot spune ca din reflex m-am tot inscris dar la cursa UTMB de 170km cu 10.000m diferenta de nivel pozitiva, fiind prezent cand au dorit sortii, adica in 2016, 2018, 2021 si acum. Mereu UTMB m-a atras in primul rand prin unicitatea numarului de alergatori prezenti la start si a miilor de spectatori care ne incurajeaza pe traseu si carora le spun multumesc. Bineinteles va multumesc si voua, celor de acasa, cu atat mai mult cu cat ne cunoastem si stim ce inseamna efortul unei astfel de curse pentru unii ca noi. In acest an au fost aproape 2700 participanti la cursa UTMB, a fost editia cu numarul 20 care s-a dorit a fi speciala si prin aceea ca e un fel de campionat mondial de alergare montana la trei distante: 50k prin OCC, 100k prin CCC si 170k prin UTMB. S-au inscris multi alergatori buni, in mod precis a fost o sortare si dupa coeficientul ITRA, cel mai jos a fost 500. Prin transmisiile live se confirma in acest an echivalenta cu ceea ce inseamna &#8220;Tour de France&#8221; in ciclismul de sosea si cursele din seria &#8220;IronMan&#8221; la triatlonul de distanta lunga. Au fost 931 de abandonuri, destul de multe pentru o vreme&#8230; buna. Ceea ce inseamna ca vremea buna, care sigur a influentat, este departe de perfectiune. Sigur, au fost si alte aspecte, incluzand faptul ca au fost multi alergatori de top dar fara experienta unor curse asa de lungi. Pentru mine a fost foarte cald, doar la muntii peste 2400m am folosit putin foita de vant si la sfarsit la iesirea din punctele de alimentare. Cum simteam nevoia sa beau apa nelimitat, ca sa nu intru in probleme de genul hiponatrenamie, mereu ma udam si in umezeam gura. Fiind de atatea ori mai tineam minte si unde gasesc prin localitati apa rece. Al doilea aspect prin care m-a tot atras UTMB e faptul ca de fiecare data apare imprevizibilitatea, ceva provocator care aproape ma scoate din cursa. Anul acesta a fost pentru prima data de cand am devent constient in lume cand am .. debordat, ca sa spun frumos, imediat dupa iesirea din Champex- Lac, km 127. Asa ca vreo 16km, incluzand urcarea de La Giete (Bovine), am ramas cu stomacul gol, surprinzator fara sa am senzatia de foame. Apoi tot restul cursei am trait doar cu supa si, dupa ce mi-am facut ceva curaj, am diversificat cu biscuiti. A treia simpatie care o am pentru aceasta cursa deriva si din precedenta. Fiecare om are obiective si probabil de doua tipuri mari: minune si realiste. La cele minune eu am inclus sa obtin un timp de sub 32h, mai bine de atat n-am obtinut nici cand eram mai bine pregatit. Sigur, la minunea-minunilor am inclus sa castig cursa, dar dupa ce m-am gandit putin mi-am zis ca ar trebui totusi sa fie odata si odata anul lui Jim Walmsley , a luptat atatia ani pana la epuizare sa castige. Asa a fost, a castigat cu un timp de 19h37min, am dat acest reper ca sa vedeti pe unde sunt eu. La obiectivele realiste am avut ambitia sa inchei in primii 500 de participanti si cat mai aproape de acele 32h, sa nu depasesc 38h cat am facut la prima participare. Faptul ca am incheiat sub 36h a fost un obiectiv de moment. De ce 500? Pentru ca eu aveam numarul de concurs 1521. In mod normal la coeficientul meu ITRA ce-l aveam de 677 ar fi trebuit sa mi se atribuie numar de concurs pe la 500. Cand mi-au scris ai mei ca sunt pe la pozitia 500 am inceput sa am probleme de motivatie. Nu e cadrul sa povestesc multe de pe traseu, dau ca reper faptul ca la primul punct, la Col de Voza abia am fost pe locul 1224, la Saint Gervais la km21 locul 910 si la Courmayeur km80 in sfarsit am ajuns printre &#8220;ai mei&#8221;, locul 494. E usor de observat cand esti cu cei de valoarea ta, te lupti sa tii pasul cu cei din jur. Iar daca ai o cadere fizica pierzi teren constant, iti mentii locul doar prin conjunctura abandonurilor altora mai rapizi din fata. Dintre romani m-am tot intalnit cu Viktor Kotai, ultima data la Champex Lac, a mers bine acum, bravo lui! Partea nostima a inceput cand eram destul de descurajat la Trient (km143), dupa patania de la Champex-Lac. M-am asezat langa un asiatic, cu supa in fata din care gustam pe indelete. Incepuse epoca cu pauze lungi la punctele de alimentare. Si ma roaga &#8230; italianul Gonzalo sa-l trezesc cand plec. Il trag de maneca peste 10 minute si incepe o noua etapa pentru mine. Simpatic, ultra-vorbaret, doreste sa mergem impreuna. Incerc sa-l descurajez, sa aleaga pe altcineva, imposibil de refuzat. Imi spune ca are un prieten roman din Brasov, a alergat cu el dar acesta a ramas mult in urma. Poate stiti cine e baiatul nostru. In orice caz eu nu eram in stare sa vorbesc prea multe si partea aceasta a rezolvat-o &#8230; natural, povestea cu cei din jurul nostru. De altfel am observat la punctele de alimentare ca in jur de jumate din populatia alergatoare il stia pe nume. Ma tineam de el cum puteam, pe urcari ma mai astepta iar la coborari mergeam in spate la vreo zece metri, tinand ritmul lui si a celor cu care povestea fara sa fiu nevoit sa alerg decat din cand in cand. Ma deranjau scuturaturile si cautam sa ma misc optim si constant. Una peste alta la Vallorcine km154 mi-am mai revenit, am si stat vreo 30minute si la iesire a venit o noua surpriza: Gonzalo a marit grupul nostru cu o irlandeza &#8211; Ellen, si ea cu ceva probleme de sanatate inca dinainte de start. Cred ca a simtit el dorinta mea de a protesta si si-a manifestat scopul sa incheiem in 35 ore, maxim 36h. I-am raspuns ca la ora 1.30 abia am iesit din punct, stiu traseul si e imposibil sa incheiem pana la 5 dimineata, si de fapt si ora 6 e greu de obtinut, la stadiul nostru 4h30min pentru mai mult de 19km e o performanta. Cumva discutia a ambitionat-o pe Ellen. Aveam timp sa povestim, ca doar stateam si incercam sa ajutam pe cineva ce ramasese fara lumina. Am scos bateriile din frontala de rezerva, i-as fi dat-o dar era din cele bune sa te uiti la ea cum iti lumineaza mainile. Intre timp mai aparuse cineva cu Petzl si i-a imprumutat acumulatorul de rezerva, ca ar fi mai bun. Nu am mai avut starea necesara sa-i explic ca nu-i asa din multe motive, asa ca peste doua ore cand se pare ca acelasi concurent a ramas fara lumina n-am mai oprit, s-a ocupat Gonzalo sa-i gaseasca pe cineva mai amabil. Spre consternarea mea, Ellen, parca fara efort, urca de abia ma tineam de ea pe ascensiunea 26 din 27 conform ceasului, de 250m diferenta de nivel, cea dinainte de La Flegere de 440m. Ma si gandeam ca n-o sa rezist la acelasi ritm la sfarsit. A incetinit totusi sa ma intrebe daca poate lua un gel, ca a avut probleme cu cateva zile inainte. Abia intelegeam ce spune in graiul ei, a trebuit sa repete aproape silabisind si folosind cuvinte de abecedar. Ce sa spun, daca trebuie &#8211; trebuie. Pot sa-i dau batoane, ca si asa le car degeaba. Am ajuns sus La Flegere, urma coborarea spre Chamonix, spre 8km, aveam la dispozitie o ora si cinci minute pentru a ne incadra in 36h. Evident ca am inceput promitator, cu o pauza de schimbat baterii\/acumulatori la Ellen si Gonzalo. Dupa vreo 2-3km am primit liber de la Ellen si am trecut linia de finish alaturi de Gonzalo, depasind intre timp o multime de concurenti. Ne-au asteptat cu drag ai lui si ai mei, am avut astfel rasplata maxima &#8211; ca sa parafrazez niste versuri &#8211; &#8220;in bratele lor nu a trebuit sa dovedesc ca sunt barbat&#8221;. Frumos la Chamonix, in completare adolescentii mei au fost la cursele lor YCC la fel ca acum multi ani, cand erau copii. Poate daca vor dori ei ma voi mai intoarce, dar pana atunci trei cuvinte pentru cei care si-au lasat o farama de suflet si timp pe la acest concurs&#8230; multumiri, bravo si felicitari! UTMB &#8211; incheiere cu un italian vesel Gonzalo si cu o irlandeza relaxata Ellen https:\/\/www.strava.com\/activities\/9776939517\/overview Maraton Piatra Craiului, 5h29min, loc 6 categorie, 46 generalConcurs de tradi\u0163ie, de suflet, cu carte cadou, cu oameni calzi, cu bucuria re\u00eent\u00e2lnirii&#8230; Doar c\u00e2teva cuvinte de ast\u0103 dat\u0103, dar sper s\u0103 \u00eensemne mult. Dac\u0103 la UTMB copiii mei au participat la probele lor, mai scurte, conform v\u00e2rstei, aici, la MPC, pe Tudor l-am rugat s\u0103 plece \u00een drume\u0163ie dup\u0103 start la jum\u0103tate de or\u0103, s\u0103 vad\u0103 zona, mun\u0163ii. M\u0103 g\u00e2ndeam c\u0103 pe la Plaiul Foii se va a\u015feza \u015fi voi merge dup\u0103 el. Nu-i el cu alerg\u0103rile lungi, practic\u0103 alt sport, dar s-a ambi\u0163ionat \u015fi a \u00eencheiat tot traseul \u00een aproximativ opt ore. Adic\u0103 a \u015fi alergat. M\u0103 bucur pentru el \u015fi &#8230; i-am f\u0103cut un cadou pentru c\u00e2nd va \u00eemplini 18 ani: s\u0103 vin\u0103 cu mine la Istria \u015fi s\u0103 participe la proba de maraton de acolo. De fun&#8230; Dar s\u0103 \u015fti\u0163i c\u0103 a \u00eenceput s\u0103 se antreneze. https:\/\/www.strava.com\/activities\/9948510823\/overview MTB Odyseey 23 septembrie Mult am tot umblat pe Muntele Mare, eu sper c\u0103 a ie\u015fit bine. Mai frumos e s\u0103 povesteasc\u0103 al\u0163ii. Din istoric: pe Muntele Mare pe la Saua Prislop, valea Ratoiul Mic si valea Podurilor, stabilit traseele scurt \u015fi mediu, curatare Valea Galbenei, https:\/\/www.strava.com\/activities\/9587633613 https:\/\/www.strava.com\/activities\/9645213926 https:\/\/www.strava.com\/activities\/9673303573 https:\/\/www.strava.com\/activities\/9687771124 curatare scurt si e-bike, marcare, creare segmente Strava, verificare&#8230; https:\/\/www.strava.com\/activities\/9834776333 &nbsp;<\/p>\n","protected":false},"author":1,"featured_media":4229,"comment_status":"open","ping_status":"open","sticky":false,"template":"","format":"standard","meta":{"ngg_post_thumbnail":0,"footnotes":""},"categories":[126,641,636,131,124,313,654,1214,1215,116,145,142,634,311,342,832,728,899,312],"tags":[424,593,1217,834,1216,734,906],"class_list":["post-4227","post","type-post","status-publish","format-standard","has-post-thumbnail","hentry","category-alergare","category-chamonix","category-franta","category-localitati-si-zone","category-maraton-mtb","category-maraton-piatra-craiului","category-mont-blanc","category-mtb-odyssey","category-mtb-odyssey-maraton-mtb","category-muntele-baisorii","category-muntele-mare","category-munti","category-muntii-alpi","category-piatra-craiului","category-retezat","category-retezat-maraton","category-utmb-cursa-utmb","category-voluntariat","category-zarnesti","tag-alergare","tag-maraton-piatra-craiului","tag-mtb-odyssey","tag-retezat-maraton","tag-retezat-mountain-run","tag-utmb-cursa-utmb","tag-voluntariat"],"_links":{"self":[{"href":"https:\/\/www.unpicdetimpliber.ro\/wordpress\/wp-json\/wp\/v2\/posts\/4227","targetHints":{"allow":["GET"]}}],"collection":[{"href":"https:\/\/www.unpicdetimpliber.ro\/wordpress\/wp-json\/wp\/v2\/posts"}],"about":[{"href":"https:\/\/www.unpicdetimpliber.ro\/wordpress\/wp-json\/wp\/v2\/types\/post"}],"author":[{"embeddable":true,"href":"https:\/\/www.unpicdetimpliber.ro\/wordpress\/wp-json\/wp\/v2\/users\/1"}],"replies":[{"embeddable":true,"href":"https:\/\/www.unpicdetimpliber.ro\/wordpress\/wp-json\/wp\/v2\/comments?post=4227"}],"version-history":[{"count":4,"href":"https:\/\/www.unpicdetimpliber.ro\/wordpress\/wp-json\/wp\/v2\/posts\/4227\/revisions"}],"predecessor-version":[{"id":4232,"href":"https:\/\/www.unpicdetimpliber.ro\/wordpress\/wp-json\/wp\/v2\/posts\/4227\/revisions\/4232"}],"wp:featuredmedia":[{"embeddable":true,"href":"https:\/\/www.unpicdetimpliber.ro\/wordpress\/wp-json\/wp\/v2\/media\/4229"}],"wp:attachment":[{"href":"https:\/\/www.unpicdetimpliber.ro\/wordpress\/wp-json\/wp\/v2\/media?parent=4227"}],"wp:term":[{"taxonomy":"category","embeddable":true,"href":"https:\/\/www.unpicdetimpliber.ro\/wordpress\/wp-json\/wp\/v2\/categories?post=4227"},{"taxonomy":"post_tag","embeddable":true,"href":"https:\/\/www.unpicdetimpliber.ro\/wordpress\/wp-json\/wp\/v2\/tags?post=4227"}],"curies":[{"name":"wp","href":"https:\/\/api.w.org\/{rel}","templated":true}]}}