{"id":4599,"date":"2024-10-09T17:28:23","date_gmt":"2024-10-09T15:28:23","guid":{"rendered":"https:\/\/www.unpicdetimpliber.ro\/?p=4599"},"modified":"2024-10-09T21:14:35","modified_gmt":"2024-10-09T19:14:35","slug":"pe-via-transilvanica-medias-bazna-tarnava-tarnavioara-copsa-mica","status":"publish","type":"post","link":"https:\/\/www.unpicdetimpliber.ro\/wordpress\/2024\/10\/pe-via-transilvanica-medias-bazna-tarnava-tarnavioara-copsa-mica.html","title":{"rendered":"Pe Via Transilvanica, Medias &#8211; Bazna &#8211; Tarnava &#8211; Tarnavioara &#8211; Copsa Mica"},"content":{"rendered":"<div class=\"fcbkbttn_buttons_block\" id=\"fcbkbttn_left\"><div class=\"fcbkbttn_like \"><fb:like href=\"https:\/\/www.unpicdetimpliber.ro\/wordpress\/2024\/10\/pe-via-transilvanica-medias-bazna-tarnava-tarnavioara-copsa-mica.html\" action=\"like\" colorscheme=\"light\" layout=\"box_count\"  size=\"small\"><\/fb:like><\/div><div class=\"fb-share-button  \" data-href=\"https:\/\/www.unpicdetimpliber.ro\/wordpress\/2024\/10\/pe-via-transilvanica-medias-bazna-tarnava-tarnavioara-copsa-mica.html\" data-type=\"button_count\" data-size=\"small\"><\/div><\/div><p>A fost o nou\u0103 excursie cu prietenii pe Via Transilvanica, \u00een dou\u0103 zile am reu\u0219it s\u0103 parcurgem por\u021biunea Media\u0219 &#8211; Mic\u0103\u0219asa, o zon\u0103 nou\u0103 pentru mine chiar dac\u0103 anumite buc\u0103\u021bi le-am vizitat sau le-am atins \u00een unele preumbl\u0103ri sau concursuri. \u00cen drum spre T\u00e2rnava, pentru a ajunge la Cop\u0219a Mic\u0103, am observat cu surprindere dealuri &#8211; movile cum sunt cele mai cunoscute de la P\u0103ucea, \u00eent\u00e2lnindu-le \u0219i la concursul de MTB &#8220;Movilele Bl\u0103jelului&#8221;.<\/p>\n<p>Pozele mai reu\u0219ite de pe traseul din prima zi sunt mai jos, doar c\u00e2teva le mai afi\u0219ez \u00een povestea ce vine.<\/p>\n<figure class=\"embed-gphotos  wp-caption\"><a href=\"https:\/\/photos.google.com\/share\/AF1QipO5UOC80qgaq1LG9glWXQZFRuuGv9TIhyrDpY9JfWDts5pUA9WuTiIe4mF34309Vg?key=NGdlTmNKVjZpX25lNkowWGxGWEFrcGptRGpjMGxn\" target=\"_blank\"><img loading=\"lazy\" decoding=\"async\"    src=\"https:\/\/lh3.googleusercontent.com\/pw\/AP1GczPmc7bo5Il17Vcf10SGRxfLDp_YtkWBw0Xdt4zkmyz15YUsBMctq690Rp6BSBbXifohlTL25Q6wOQLuoFml79NasK3cuO_wljLwYfxdvCTPhew28GTs=w400-h1000\" width=\"400\" height=\"225\"   ><\/a><figcaption class=\"wp-caption-text\"><a href=\"https:\/\/photos.google.com\/share\/AF1QipO5UOC80qgaq1LG9glWXQZFRuuGv9TIhyrDpY9JfWDts5pUA9WuTiIe4mF34309Vg?key=NGdlTmNKVjZpX25lNkowWGxGWEFrcGptRGpjMGxn\" target=\"_blank\">\u201dAlbum_Medias_Copsa_Mica\u201d \/ Google Photos<\/a><\/figcaption><\/figure>\n<p>Pentru c\u0103 \u00een cele dou\u0103 concursuri de alergare &#8220;Transylvania Legends&#8221; am v\u0103zut cu ochi de alerg\u0103tor, mai pe grab\u0103 \u0219i superficial, jum\u0103tatea de Via Transilvanica de la m\u0103n\u0103stirea Putna la Media\u0219, am \u021binut neaparat ca de fiecare dat\u0103 c\u00e2nd merg \u00een drume\u021bie s\u0103 fac exact opusul, adic\u0103 s\u0103 mai stau de vorb\u0103 cu localnicii, s\u0103 ascult pove\u0219tile reale sau mai roman\u021bate, chiar de legend\u0103 sau surprinz\u0103toare ale ghizilor no\u0219tri de la bisericile vizitate.<br \/>\nN-am scris \u00eenc\u0103 despre drumul nostru \u00een sens invers de la Media\u0219 la Sighi\u0219oara, cuprinz\u00e2nd varianta nou\u0103 pe la Mo\u0219na \u0219i Richi\u0219, o variant\u0103 care arat\u0103 \u0219i o modificare de g\u00e2ndire a traseelor Via Transilvanica, f\u0103c\u00e2nd mai evident aspectul turistic, de pelerinaj, prin satele retrase \u0219i izolate ale \u021b\u0103rii. Dar&#8230; timp mai este, pe FB am scris suficient.<br \/>\nApreciez mult ini\u021biativa prietenilor de a vedea \u00een timp, pe buc\u0103\u021bi, calea Via Transilvanica \u0219i de a descoperi lucruri noi \u0219i interesante despre via\u021ba de alt\u0103dat\u0103.<\/p>\n<p>Pot spune c\u0103 sf\u00e2r\u0219itul de s\u0103pt\u0103m\u00e2n\u0103 pe Via a fost marcat de <strong>uraganul Petric\u0103<\/strong>. Cum, n-a\u021bi auzit de el? E drept, numele i l-am dat eu, fiind inspirat at\u00e2t de al doilea prenume al meu, c\u00e2t \u0219i de istorisirea cu t\u00e2lc &#8220;Petric\u0103 \u0219i lupul&#8221;, dar mai ales de &#8230; ciclonul A\u0219lei sau Ashley, cum vre\u021bi s\u0103-i spune\u021bi. Da, am citit c\u00e2te ceva despre modul de a denumi uraganele, de c\u00e2nd a ap\u0103rut, am \u00eentrebat despre cum a\u0219 putea s\u0103 dau eu un nume, afl\u00e2nd c\u0103 cel pu\u021bin la cicloane \u0219i anticicloane se poate \u0219i&#8230; dup\u0103 cum \u021bi-e norocul, sau ghinionul pentru al\u021bii, vezi pomenit numele respectiv mai multe zile sau deloc. E clar de unde mi-a venit interesul, dup\u0103 evacu\u0103rile pripite \u00een urma amenin\u021b\u0103rilor posibilului ciclon A\u0219lei.&nbsp;<br \/>\nL\u0103s\u00e2nd gluma la o parte, este \u0219i regula ca \u00een cazul unui uragan devastator s\u0103 nu se mai foloseasc\u0103 acel nume, cum este Katrina. \u0218i da, noi, cei doisprezece, am vrut s\u0103 renun\u021b\u0103m la excursie din cauza vremii dar&#8230; versurile copil\u0103re\u0219ti cu uraganul Petric\u0103 ne-au motivat.<br \/>\n<em>Nu v\u0103 fie fric\u0103<\/em><br \/>\n<em>De uraganul Petric\u0103&#8230;&nbsp;<\/em><br \/>\n\u0218i a\u0219a am ajuns vineri seara \u00een Media\u0219, la startul c\u0103l\u0103toriei.<\/p>\n<p>Mai \u00eent\u00e2i <strong>Media\u0219<\/strong>, ora\u0219ul lui <strong>Stephan Ludwig Roth<\/strong>, care a scris \u00eenainte de moarte <i>\u201eAm avut cele mai bune g\u00e2nduri pentru na\u021bia mea, f\u0103r\u0103 s\u0103 fi voit r\u0103ul celorlalte na\u021biuni\u201d. <\/i>M-am \u00eent\u00e2lnit cu numele lui \u0219i \u00een Mo\u0219na, Nem\u0219a, un mare om. Am f\u0103cut doar c\u00e2teva poze \u00een Media\u0219, fiind unul din ora\u0219ele mele r\u0103svizitate. Dar trebuie s\u0103 spun acel nume &#8211; Roth.<\/p>\n<figure class=\"embed-gphotos  wp-caption\"><a href=\"https:\/\/photos.google.com\/share\/AF1QipPTR2deOGENKcXTzeqYxnZVDk26MoAjzXPKhOdq-WT_FfNttcyhfgz-FanLWHCkeA?key=WHZ2Ym5aRVJuYnF4Xzd2Wm9yaFZLVGJZcEo1LTh3\" target=\"_blank\"><img loading=\"lazy\" decoding=\"async\"    src=\"https:\/\/lh3.googleusercontent.com\/pw\/AP1GczN_tXorTMEm70NLdhRLC8PIvouwXkuZrqtm-2fcKFv5_WIBfRHXe5ILO2FOIV1m6yP4qVF1cXCQDKTJdCUEyRcEEKnbCnREWUkTZsQTGqtccglmdn7k=w400-h1000\" width=\"400\" height=\"225\"   ><\/a><figcaption class=\"wp-caption-text\"><a href=\"https:\/\/photos.google.com\/share\/AF1QipPTR2deOGENKcXTzeqYxnZVDk26MoAjzXPKhOdq-WT_FfNttcyhfgz-FanLWHCkeA?key=WHZ2Ym5aRVJuYnF4Xzd2Wm9yaFZLVGJZcEo1LTh3\" target=\"_blank\">\u201dMedias\u201d \/ Google Photos<\/a><\/figcaption><\/figure>\n<p><strong>Drumul spre Bazna<\/strong>.<br \/>\nCine n-a auzit de sta\u021biunea balneoclimatic\u0103 Bazna, de apa mineral\u0103 de acolo? Dar de rasa de porci Bazna? Ei bine, noi ini\u021bial doream s-o ocolim, &#8220;am fost acolo&#8221;, planul nostru pentru s\u00e2mb\u0103t\u0103 era de dou\u0103 zile \u00een una, adic\u0103 21km pentru Media\u0219 &#8211; Axente Sever, unde urma s\u0103 ne caz\u0103m seara. \u0218i seara am v\u0103zut c\u0103 aveam 32km parcur\u0219i, c\u0103 ploile uraganului Petric\u0103 nu ne-au sl\u0103bit determinarea, ci chiar ne-au amuzat. E drept, la Bazna \u00eenc\u0103 nu ploua.<br \/>\nCe e de spus despre traseu? Dealuri domoale, f\u0103r\u0103 ascensiuni formidabile, mai c\u00e2te o ciuperc\u0103 pe care prietenii se ab\u021bin cu greu s\u0103 o culeag\u0103 (ziua urm\u0103toare \u00eens\u0103&#8230;), instala\u021bii de gaz, doar e zona specific\u0103&#8230; \u0219i vi\u021b\u0103 de vie. Da, mai este vi\u021b\u0103 de vie, de\u0219i \u00een \u021ainutul S\u0103sesc s-a cam renun\u021bat la culturi, nu mai sunt oameni. Au r\u0103mas doar dealurile terasate.&nbsp;<\/p>\n<figure class=\"embed-gphotos  wp-caption\"><a href=\"https:\/\/photos.google.com\/share\/AF1QipNCEhQTQ7BhSOC99cJHTgyl3BiQ3go4gioQUqxYEB_GzZSMwjOTqo7X-hk4OGxHhg?key=Q2VsNkN1SUNJdTNWOUhwZ1VWVl9uN0pkWVgxUTRB\" target=\"_blank\"><img loading=\"lazy\" decoding=\"async\"    src=\"https:\/\/lh3.googleusercontent.com\/pw\/AP1GczPh7Phwd2QYnRN5Up4JlLFEDRT8tGhHTMpAX7hEAPyE7qlycZxYydxA77V08mE1oG_TlUOf9unGnG7REI-BKtWxEj5BKEyPu-JvFTSeYTzGu9HScx1A=w400-h1000\" width=\"400\" height=\"225\"   ><\/a><figcaption class=\"wp-caption-text\"><a href=\"https:\/\/photos.google.com\/share\/AF1QipNCEhQTQ7BhSOC99cJHTgyl3BiQ3go4gioQUqxYEB_GzZSMwjOTqo7X-hk4OGxHhg?key=Q2VsNkN1SUNJdTNWOUhwZ1VWVl9uN0pkWVgxUTRB\" target=\"_blank\">\u201dPe_drum\u201d \/ Google Photos<\/a><\/figcaption><\/figure>\n<p>&nbsp;<\/p>\n<figure class=\"embed-gphotos  wp-caption\"><a href=\"https:\/\/photos.google.com\/share\/AF1QipMj-VTEDwYcpg9cTcgw4QRgkOabpvHXKQkU1gmEdY2NN2AdxSMnHMWacKyajhfHWQ?key=RFd2VU9SV21NdUpkTUF4NTctckJzdEdEUURjb2tB\" target=\"_blank\"><img loading=\"lazy\" decoding=\"async\"    src=\"https:\/\/lh3.googleusercontent.com\/pw\/AP1GczMolXcIxxQCIh63tsPmKWQUC0AXhgB3g3PqF5pm2JiqbCwSE0wUBd0QVk0wTAQIqroM29_x4-vfML9JU8ZwLw8xdgULkEUlerKwF-C_u2bFodtBN8M-=w200-h1000\" width=\"200\" height=\"356\"   ><\/a><figcaption class=\"wp-caption-text\"><a href=\"https:\/\/photos.google.com\/share\/AF1QipMj-VTEDwYcpg9cTcgw4QRgkOabpvHXKQkU1gmEdY2NN2AdxSMnHMWacKyajhfHWQ?key=RFd2VU9SV21NdUpkTUF4NTctckJzdEdEUURjb2tB\" target=\"_blank\">\u201dSa_fie_si_o_borna_Via\u201d \/ Google Photos<\/a><\/figcaption><\/figure>\n<p><strong>Bazna \u0219i sta\u021biunea.<\/strong><br \/>\n\u0218i ajungem \u00een Bazna, la biserica evanghelic\u0103 fortificat\u0103. Afl\u0103m de la gazda noastr\u0103, e de-a locului, dar e venit\u0103 pentru trei luni din Germania unde locuie\u0219te acum, ce eforturi uria\u0219e se fac pentru \u00eentre\u021binerea \u0219i repara\u021biile bisericii. Investi\u021biile p\u00e2n\u0103 la urm\u0103 le fac tot fo\u0219tii locuitori, sa\u0219ii. E de fapt ce am mai auzit \u0219i \u00een alte localit\u0103\u021bi s\u0103se\u0219ti. Vorbe\u0219te mult \u00een german\u0103 cu Bianca, mai trag \u0219i eu cu urechea \u0219i mai \u00een\u021beleg c\u00e2te ceva.&nbsp;<\/p>\n<figure class=\"embed-gphotos  wp-caption\"><a href=\"https:\/\/photos.google.com\/share\/AF1QipMClHtvOvJF8jylL6ZESOIpCJJ8mMTW6ZS8iD0nBSX4S78f2e44Ti8gNCmQruztSQ?key=TTJld1RxbnVKVktlSlhoeFlOUTM4RFlZWUNvTWZn\" target=\"_blank\"><img loading=\"lazy\" decoding=\"async\"    src=\"https:\/\/lh3.googleusercontent.com\/pw\/AP1GczO9zOdKvYymQZYeXm4PHc039jlHmBvrU-V9ehzRmzO_tExdJl03n7DhHx1Ne5NGEwhruXSGAVBgmHAwjwNbu0Zooq3tZDM6UkfxLWho2aOKBRm4gyfV=w400-h1000\" width=\"400\" height=\"225\"   ><\/a><figcaption class=\"wp-caption-text\"><a href=\"https:\/\/photos.google.com\/share\/AF1QipMClHtvOvJF8jylL6ZESOIpCJJ8mMTW6ZS8iD0nBSX4S78f2e44Ti8gNCmQruztSQ?key=TTJld1RxbnVKVktlSlhoeFlOUTM4RFlZWUNvTWZn\" target=\"_blank\">\u201dBazna\u201d \/ Google Photos<\/a><\/figcaption><\/figure>\n<p>&nbsp;<\/p>\n<figure class=\"embed-gphotos  wp-caption\"><a href=\"https:\/\/photos.google.com\/share\/AF1QipMSgSqfhswaZtwVcujgcb3DqWdmTJih8Ldv-U--xQfW16O-pnr0Jxl0DV0yypC3xA?key=cHZ3WDBrYlZGa3c1RXNTc3Rud201NEVVUHZwLWNR\" target=\"_blank\"><img loading=\"lazy\" decoding=\"async\"    src=\"https:\/\/lh3.googleusercontent.com\/pw\/AP1GczMLpSnQB4BWzLLk8qnEedQ_3ouk9PbRaBt02yBQyidLnJTf1DLHdo8TKOvMD9KMybdM0zjJChCNxgrQ-WA0Od8HV3BDwfJlAMoVsVYoxtyi6lw3n8HP=w400-h1000\" width=\"400\" height=\"225\"   ><\/a><figcaption class=\"wp-caption-text\"><a href=\"https:\/\/photos.google.com\/share\/AF1QipMSgSqfhswaZtwVcujgcb3DqWdmTJih8Ldv-U--xQfW16O-pnr0Jxl0DV0yypC3xA?key=cHZ3WDBrYlZGa3c1RXNTc3Rud201NEVVUHZwLWNR\" target=\"_blank\">\u201dBazna\u201d \/ Google Photos<\/a><\/figcaption><\/figure>\n<p>Drumul nostru continu\u0103 \u00een sta\u021biune, unde se v\u0103d vestigiile sta\u021biunii de odinioar\u0103, cl\u0103diri imense \u00een paragin\u0103, aflate la marginea lacurilor acum ascunse de vegeta\u021bie. Cine \u0219tie, poate peste ani vor avea o nou\u0103 via\u021b\u0103. P\u00e2n\u0103 atunci vizitatorii, mai ales cei v\u00e2rstnici, pot fi v\u0103zu\u021bi plimb\u00e2ndu-se pe alei, exist\u00e2nd facilit\u0103\u021bi noi de cazare \u0219i baze tratament.<\/p>\n<figure class=\"embed-gphotos  wp-caption\"><a href=\"https:\/\/photos.google.com\/share\/AF1QipMHaMNrS-CUs59TzjlakzASiw-N2ZZ55EHlm0masAjkfkigP5N4sfOqnlZeF2OraQ?key=N1daV2xqM2lmNlRwREszQ21GOHhJMXBlaWM5dWdB\" target=\"_blank\"><img loading=\"lazy\" decoding=\"async\"    src=\"https:\/\/lh3.googleusercontent.com\/pw\/AP1GczNhK3qmhV5U9O9E8fluZgO9QljlX_8aCrr12VvJPjBfOQjQcuxuI2oIbgytV8yjPDslRi7UtU4ahFHkZhvFut-I5qhHJZFzvMV9OjbBT4M6p6I9hm7N=w400-h1000\" width=\"400\" height=\"225\"   ><\/a><figcaption class=\"wp-caption-text\"><a href=\"https:\/\/photos.google.com\/share\/AF1QipMHaMNrS-CUs59TzjlakzASiw-N2ZZ55EHlm0masAjkfkigP5N4sfOqnlZeF2OraQ?key=N1daV2xqM2lmNlRwREszQ21GOHhJMXBlaWM5dWdB\" target=\"_blank\">\u201dLac_din_fosta_statiune\u201d \/ Google Photos<\/a><\/figcaption><\/figure>\n<p><strong>Drumul spre T\u00e2rnava \u0219i T\u00e2rnava.<\/strong><br \/>\nEi da, se face ora 14 \u0219i ploaia vine. Noi, cu ponchou-uri \u0219i &#8230; o umbrel\u0103, ca ni\u0219te vrednici pelerini, nu uit\u0103m s\u0103 ne mur\u0103m bine la picioare \u0219i ocolim cu tot mai pu\u021bin\u0103 grij\u0103 b\u0103l\u021bile \u0219i noroaiele.<br \/>\nVedem acele movile despre care am men\u021bionat la \u00eenceput &#8211; nu, nu sunt magazii de arme \u0219i nici crea\u021bii nep\u0103m\u00e2ntene &#8211; \u0219i suntem captiva\u021bi de sculpturile de pe bornele \u00eent\u00e2lnite.<\/p>\n<figure class=\"embed-gphotos  wp-caption\"><a href=\"https:\/\/photos.google.com\/share\/AF1QipO4bA7NS49QUlvDQhSYd74cGrSJDAbBQLReRvr8tu2wL3FEzndro0TjK4O8k9Q53A?key=enBBaUVtRUdMallOcmJaMnBmT3prM0FkY2VTSG9R\" target=\"_blank\"><img loading=\"lazy\" decoding=\"async\"    src=\"https:\/\/lh3.googleusercontent.com\/pw\/AP1GczPsb4MUzwt7OcnEVDML-7phbfyI7e-a1Yeci0qgoQR92V8wWJQtbupGQxCutGVefhFriz-nxMzuZCia6nW3L1CcYKVHrr_2VyQcUlhDc_T__zmjs-wl=w400-h1000\" width=\"400\" height=\"225\"   ><\/a><figcaption class=\"wp-caption-text\"><a href=\"https:\/\/photos.google.com\/share\/AF1QipO4bA7NS49QUlvDQhSYd74cGrSJDAbBQLReRvr8tu2wL3FEzndro0TjK4O8k9Q53A?key=enBBaUVtRUdMallOcmJaMnBmT3prM0FkY2VTSG9R\" target=\"_blank\">\u201dSpre_Tarnava\u201d \/ Google Photos<\/a><\/figcaption><\/figure>\n<p>&nbsp;<\/p>\n<figure class=\"embed-gphotos  wp-caption\"><a href=\"https:\/\/photos.google.com\/share\/AF1QipM7q12MeedgYytmGoaZuWuc_CD-SW0P66RVdHTL2SylsOWYtvuK9U8gR6DLCENoKg?key=WmVTSmt2XzZ2NVpfSnlGUnFRZTVJYjl0YW1DbElR\" target=\"_blank\"><img loading=\"lazy\" decoding=\"async\"    src=\"https:\/\/lh3.googleusercontent.com\/pw\/AP1GczM4dXYfnkuOFHHt3kBhfL2abTVciT0hfjzqD6OwIWtUf6NzIAgQ5vGoT0MKlEqzn318-K36_joLaVv8Ig3liOPCvF2qYP_GHPgsgVQjkGgeTscNqZH_=w400-h1000\" width=\"400\" height=\"225\"   ><\/a><figcaption class=\"wp-caption-text\"><a href=\"https:\/\/photos.google.com\/share\/AF1QipM7q12MeedgYytmGoaZuWuc_CD-SW0P66RVdHTL2SylsOWYtvuK9U8gR6DLCENoKg?key=WmVTSmt2XzZ2NVpfSnlGUnFRZTVJYjl0YW1DbElR\" target=\"_blank\">\u201dSpre_Tarnava\u201d \/ Google Photos<\/a><\/figcaption><\/figure>\n<p>\u00cen T\u00e2rnava oric\u00e2t ne-am \u00eenv\u00e2rtit n-am reu\u0219it s\u0103 g\u0103sim o cale de vizitare a bisericii evanghelice, iar din ce \u021bin minte am reu\u0219it s\u0103 ne mai \u00eenc\u0103lzim cu o cafea cald\u0103 &#8220;de automat&#8221;. Asta e, mai faci \u0219i pa\u0219i gre\u0219i\u021bi &#8211; nu totul pentru s\u0103n\u0103tate, doar oameni suntem.<\/p>\n<figure class=\"embed-gphotos  wp-caption\"><a href=\"https:\/\/photos.google.com\/share\/AF1QipNn8K_qk_6X2Ar9QUTKo6lctPIhAUkbB1foUATakN7i9x2D-TXgZXjo_uw9lRmB7g?key=Zm1KeXZlVlNFOWs0eXgxNHN5YWQyTEJXRnhxM093\" target=\"_blank\"><img loading=\"lazy\" decoding=\"async\"    src=\"https:\/\/lh3.googleusercontent.com\/pw\/AP1GczMo6V0F2UheqrIzeECKp10aASYRjaTQ74WQPphqgo1yZ_kstKr-5q9aE0rklKTkJI_myWyVuhEa8CU5dxT4ulK-6mNXYlEtnm5eoAxuUnelyElr58XO=w400-h1000\" width=\"400\" height=\"225\"   ><\/a><figcaption class=\"wp-caption-text\"><a href=\"https:\/\/photos.google.com\/share\/AF1QipNn8K_qk_6X2Ar9QUTKo6lctPIhAUkbB1foUATakN7i9x2D-TXgZXjo_uw9lRmB7g?key=Zm1KeXZlVlNFOWs0eXgxNHN5YWQyTEJXRnhxM093\" target=\"_blank\">\u201dBiserica_Tarnava\u201d \/ Google Photos<\/a><\/figcaption><\/figure>\n<p><strong>Drumul spre T\u00e2rn\u0103vioara \u0219i Cop\u0219a Mic\u0103 \u0219i c\u00e2te pu\u021bin din bisericile vizitate<br \/>\n<\/strong>Cum ne-am desprins de T\u00e2rnava am \u0219i v\u0103zut furnalul imens din Cop\u0219a Mic\u0103, acum nefunc\u021bional ca \u00eentreaga fabrica de dinainte. Pe un panou \u00eent\u00e2lnit pe traseu am v\u0103zut obiectivele interesante de vizitat. Nu am putut s\u0103 nu remarc\u0103m \u00een list\u0103 biserica fortificat\u0103 din Valea Viilor, sit UNESCO, aflat\u0103 la trei kilometri de Cop\u0219a Mic\u0103. Pentru c\u0103 eram presa\u021bi de timp, ploaie, eram \u0219i obosi\u021bi, am convenit s\u0103 vizit\u0103m ce doream ziua urm\u0103toare. Cum se spune, &#8220;God bless&#8221;&nbsp; pe cine a avut ideea s\u0103 l\u0103s\u0103m ma\u0219inile la intrarea \u00een Cop\u0219a Mic\u0103, altfel p\u00e2n\u0103 la Axente Sever unde ne cazam mai aveam de mers mul\u021bi kilometri pe asfalt.<\/p>\n<figure class=\"embed-gphotos  wp-caption\"><a href=\"https:\/\/photos.google.com\/share\/AF1QipOiG0PX7lwENIZpwAJG8yLMB9TaaXmRyjvmcbMju2hTyTjxOL6CJc-KQGz1CO8sFw?key=T3JGRTVtZ283MG5zUFZheGNQQ0t5OXo0NUZpVFh3\" target=\"_blank\"><img loading=\"lazy\" decoding=\"async\"    src=\"https:\/\/lh3.googleusercontent.com\/pw\/AP1GczNy5b-N5pD0E_XZtWDmkqf9jblWNUCkX-zVBy37n6sdAaRTHlTa7NO_bUKj33DMHD549R-Yl723uFuasAKUcZlRRAeKKEzt39zRb7WFEf7pgtG-8Q5d=w400-h1000\" width=\"400\" height=\"225\"   ><\/a><figcaption class=\"wp-caption-text\"><a href=\"https:\/\/photos.google.com\/share\/AF1QipOiG0PX7lwENIZpwAJG8yLMB9TaaXmRyjvmcbMju2hTyTjxOL6CJc-KQGz1CO8sFw?key=T3JGRTVtZ283MG5zUFZheGNQQ0t5OXo0NUZpVFh3\" target=\"_blank\">\u201dPe_drum\u201d \/ Google Photos<\/a><\/figcaption><\/figure>\n<p>&nbsp;<\/p>\n<figure class=\"embed-gphotos  wp-caption\"><a href=\"https:\/\/photos.google.com\/share\/AF1QipMoMZ-xJfK6Pmw7Q3fU3JvUZj_N3YoUkwtloHOrQ-mXeBnFBgY7dkbL_u6cK7tDvQ?key=amEzWndEaXpqZTR3b245VUJpcVpacF9kdEJneUFn\" target=\"_blank\"><img loading=\"lazy\" decoding=\"async\"    src=\"https:\/\/lh3.googleusercontent.com\/pw\/AP1GczMt4-KtY35Giao-aA9MPEx1AwSW0J-_Si7D8sA38x-WnbkIErK_R00WnlFlkt3dqHMQn8e-svjCCrUqYuvxMB4y9lXbPdfDvfzq3gvMwJyw4-v41d2L=w400-h1000\" width=\"400\" height=\"225\"   ><\/a><figcaption class=\"wp-caption-text\"><a href=\"https:\/\/photos.google.com\/share\/AF1QipMoMZ-xJfK6Pmw7Q3fU3JvUZj_N3YoUkwtloHOrQ-mXeBnFBgY7dkbL_u6cK7tDvQ?key=amEzWndEaXpqZTR3b245VUJpcVpacF9kdEJneUFn\" target=\"_blank\">\u201dPe_drum\u201d \/ Google Photos<\/a><\/figcaption><\/figure>\n<p>&nbsp;<\/p>\n<figure class=\"embed-gphotos  wp-caption\"><a href=\"https:\/\/photos.google.com\/share\/AF1QipNxXiGUgPNu58zg77GHy99zUj6t_CLjAiZQYZ2vK_aqe6gJqKWLdHzUm3_sATbsfQ?key=RXpWTVhjN24tdjNfRWRtdFZIWmZ1UHpKNGhjR0N3\" target=\"_blank\"><img loading=\"lazy\" decoding=\"async\"    src=\"https:\/\/lh3.googleusercontent.com\/pw\/AP1GczP-B_3IBis0X2P7K0TPPHiIl05KMfHffIofkhTyNHoJjwdKG5LA0f7cyEmOqGwCn_IeY6nQuQY_RgYLjzQo0Ll7aeiQ4md-tloKqqaakwL8tVGoxeSU=w200-h1000\" width=\"200\" height=\"356\"   ><\/a><figcaption class=\"wp-caption-text\"><a href=\"https:\/\/photos.google.com\/share\/AF1QipNxXiGUgPNu58zg77GHy99zUj6t_CLjAiZQYZ2vK_aqe6gJqKWLdHzUm3_sATbsfQ?key=RXpWTVhjN24tdjNfRWRtdFZIWmZ1UHpKNGhjR0N3\" target=\"_blank\">\u201dPe_drum_echipare\u201d \/ Google Photos<\/a><\/figcaption><\/figure>\n<p>Ceva deosebit de pe (l\u00e2ng\u0103) traseu? Altceva dec\u00e2t ce v\u0103zusem p\u00e2n\u0103 atunci? Un cimitir de oase&#8230; multe oase de animale mari. Nu erau cu descrieri, erau \u00eempr\u0103\u0219tiate.<\/p>\n<figure class=\"embed-gphotos  wp-caption\"><a href=\"https:\/\/photos.google.com\/share\/AF1QipNqP3jbWYGahvPmmHGxwLan6K74hoGMnWnYmEEaXk3oxxmmTZ5OZtd09oGSgqXZ_A?key=cF9RaER5QTB1aGhtajU3alloRWx3WGlOV1A4OG53\" target=\"_blank\"><img loading=\"lazy\" decoding=\"async\"    src=\"https:\/\/lh3.googleusercontent.com\/pw\/AP1GczNGQVYbLl4OEGslTvpMP9BQYr_CgGKsNyguuJtybiL0SVJmE_lR_T6KQX5x56yPD9APZlJNFM1BGEQLbVGQb0a7a4qJXpO-AXku334fArKfgWkkzePg=w400-h1000\" width=\"400\" height=\"225\"   ><\/a><figcaption class=\"wp-caption-text\"><a href=\"https:\/\/photos.google.com\/share\/AF1QipNqP3jbWYGahvPmmHGxwLan6K74hoGMnWnYmEEaXk3oxxmmTZ5OZtd09oGSgqXZ_A?key=cF9RaER5QTB1aGhtajU3alloRWx3WGlOV1A4OG53\" target=\"_blank\">\u201dCimitir_oase\u201d \/ Google Photos<\/a><\/figcaption><\/figure>\n<p>Pentru c\u0103 \u021bin de Cop\u0219a Mic\u0103 am pus pentru aceast\u0103 zi \u0219i pozele de la biserica luteran\u0103 din sec al XIII-lea, fost\u0103 romano-catolic\u0103. &#8220;Noua&#8221; biseric\u0103 romano-catolic\u0103 a fost construit\u0103 \u00een apropiere. Noi am ajuns \u00eenainte de slujba de duminic\u0103, am putut vorbi \u0219i cu preotul, \u0219i cu femeia care avea grij\u0103 de biseric\u0103. Era \u0219i s\u0103rb\u0103toarea recoltei, un frumos aranjament cu fructe \u0219i legume era \u0219i \u00een biseric\u0103.&nbsp;<\/p>\n<figure class=\"embed-gphotos  wp-caption\"><a href=\"https:\/\/photos.google.com\/share\/AF1QipNbipm_DGcByr4SJaro11xvxAp1zom1V3lnXOWHEWYiETVRypQGvECf7jE64covfQ?key=akVUQ2tnSlhRMFVyWFhMbVZfMExvamEtWFJwREpB\" target=\"_blank\"><img loading=\"lazy\" decoding=\"async\"    src=\"https:\/\/lh3.googleusercontent.com\/pw\/AP1GczMORYdn3EobjCuZ23cpXqPYZpHTXpKGwZCqlIEUXhZIAiHsLT2W1Cc0CZAi0oate-YrhHho90yTcREysXWdWRHk7n2JtZNyU4_CHuwBYkInivet825y=w200-h1000\" width=\"200\" height=\"356\"   ><\/a><figcaption class=\"wp-caption-text\"><a href=\"https:\/\/photos.google.com\/share\/AF1QipNbipm_DGcByr4SJaro11xvxAp1zom1V3lnXOWHEWYiETVRypQGvECf7jE64covfQ?key=akVUQ2tnSlhRMFVyWFhMbVZfMExvamEtWFJwREpB\" target=\"_blank\">\u201dBiserica_luterana\u201d \/ Google Photos<\/a><\/figcaption><\/figure>\n<p>&nbsp;<\/p>\n<figure class=\"embed-gphotos  wp-caption\"><a href=\"https:\/\/photos.google.com\/share\/AF1QipMqGiPdhPE-e0hol0rVml5uo5QF4JXSVKP8wmo_dicCICn8WoPmt0Qp1yalqrcmXg?key=QTdQT1huMUhzcDlOQnRIeUFBcVQ1OWNFbnhrcnlB\" target=\"_blank\"><img loading=\"lazy\" decoding=\"async\"    src=\"https:\/\/lh3.googleusercontent.com\/pw\/AP1GczNdKiuPtQkjeuJMCwPK-uyaiNWTitwGF1cA9w1mpGoOylGR5LFlr-WBBJHILDN0PfayJkVVIEY9WcubuRCacOOP79eQ94dZscAxxFla03AQOl1lw14H=w200-h1000\" width=\"200\" height=\"356\"   ><\/a><figcaption class=\"wp-caption-text\"><a href=\"https:\/\/photos.google.com\/share\/AF1QipMqGiPdhPE-e0hol0rVml5uo5QF4JXSVKP8wmo_dicCICn8WoPmt0Qp1yalqrcmXg?key=QTdQT1huMUhzcDlOQnRIeUFBcVQ1OWNFbnhrcnlB\" target=\"_blank\">\u201dBiserica_luterana\u201d \/ Google Photos<\/a><\/figcaption><\/figure>\n<p>&nbsp;<\/p>\n<figure class=\"embed-gphotos  wp-caption\"><a href=\"https:\/\/photos.google.com\/share\/AF1QipMShQ3pmq9JG7KUWh4MBNRqxFoYe6PhVAUnCxV6K_fCTdJ63FicwUk5Fjpr5GW0Mw?key=anV3dUp6Zmdpd0N4UGhjR2pIX3lBTk9HMlNRUGl3\" target=\"_blank\"><img loading=\"lazy\" decoding=\"async\"    src=\"https:\/\/lh3.googleusercontent.com\/pw\/AP1GczO3l6rt6y3JDxzx7SreUcedgDuf5J3Nhxjz6clZLpfh642NYOfznKu3Omd2Re57PnTVodzidmqmBMCfHi62u-j7sSzMVeqKjy3rJrChJTmNMkV7zXEI=w200-h1000\" width=\"200\" height=\"356\"   ><\/a><figcaption class=\"wp-caption-text\"><a href=\"https:\/\/photos.google.com\/share\/AF1QipMShQ3pmq9JG7KUWh4MBNRqxFoYe6PhVAUnCxV6K_fCTdJ63FicwUk5Fjpr5GW0Mw?key=anV3dUp6Zmdpd0N4UGhjR2pIX3lBTk9HMlNRUGl3\" target=\"_blank\">\u201dBiserica_luterana\u201d \/ Google Photos<\/a><\/figcaption><\/figure>\n<p>&nbsp;<\/p>\n<figure class=\"embed-gphotos  wp-caption\"><a href=\"https:\/\/photos.google.com\/share\/AF1QipOnu0BgtBG38rpoLZw4HcONapRuplmsBIBYg4eMJ9xwVC9vP9X-FLATlRfbpoJRSw?key=WlAwalZxWG4weTgxd2ZsSV9wNU9aRzlaeVlXZ1Nn\" target=\"_blank\"><img loading=\"lazy\" decoding=\"async\"    src=\"https:\/\/lh3.googleusercontent.com\/pw\/AP1GczMrsl_Va8Lv50wPmZB5m2WYjuvfwctj6NQ5hRY9e4dXPSNAvWypwPpOD9nDld92IKkTHpj7dnWLeLx5ECgsYNVGFmqRmLapbIPEPnvGExfh80i-lUNP=w200-h1000\" width=\"200\" height=\"356\"   ><\/a><figcaption class=\"wp-caption-text\"><a href=\"https:\/\/photos.google.com\/share\/AF1QipOnu0BgtBG38rpoLZw4HcONapRuplmsBIBYg4eMJ9xwVC9vP9X-FLATlRfbpoJRSw?key=WlAwalZxWG4weTgxd2ZsSV9wNU9aRzlaeVlXZ1Nn\" target=\"_blank\">\u201dBiserica_luterana\u201d \/ Google Photos<\/a><\/figcaption><\/figure>\n<p>La biserica ortodox\u0103 din lemn, construit\u0103 de me\u0219teri moldoveni, n-am f\u0103cut poze dec\u00e2t din exterior, seara dup\u0103 drume\u021bie. Era slujb\u0103 \u0219i acolo diminea\u021ba, puteam intra, dar noi eram gr\u0103bi\u021bi s\u0103 plec\u0103m \u00een sf\u00e2r\u0219it la drum spre Mic\u0103\u0219asa. Petric\u0103 nu ar\u0103ta prea bine dispus \u00eenc\u0103 de diminea\u021b\u0103.<\/p>\n<figure class=\"embed-gphotos  wp-caption\"><a href=\"https:\/\/photos.google.com\/share\/AF1QipNcLd79oNzRGEUPLgZA0e6YPa9FPykVW64au-kVrdJQGemXwnkHvWkVcuIEuOuAgg?key=b0J2STBqZ180QjlZT1JVOW1ab0dYR1RsWmtzSmZR\" target=\"_blank\"><img loading=\"lazy\" decoding=\"async\"    src=\"https:\/\/lh3.googleusercontent.com\/pw\/AP1GczMQnnX7cNX8W7etot7FKBW3ZL-ud8IvWeZLNU6jrv2vSQQTD6SFkAA8v9xCcQQpDDjLtEFoCgyVcp6781qDU2Yf6SxPaegPZwy0eotRowe070whKnGh=w200-h1000\" width=\"200\" height=\"356\"   ><\/a><figcaption class=\"wp-caption-text\"><a href=\"https:\/\/photos.google.com\/share\/AF1QipNcLd79oNzRGEUPLgZA0e6YPa9FPykVW64au-kVrdJQGemXwnkHvWkVcuIEuOuAgg?key=b0J2STBqZ180QjlZT1JVOW1ab0dYR1RsWmtzSmZR\" target=\"_blank\">\u201dBiserica_lemn_Copsa_Mica\u201d \/ Google Photos<\/a><\/figcaption><\/figure>\n<p>&nbsp;<\/p>\n<figure class=\"embed-gphotos  wp-caption\"><a href=\"https:\/\/photos.google.com\/share\/AF1QipMBOKEQxI55NrADeHJVzyihS4YeUc2ybxcHKg3oRk35Ixzk8tPNTA1CNVkC-8pIyg?key=OWRra0R4YzVuSTZwckdmTm14SDZ4WUY1QWRCc2ln\" target=\"_blank\"><img loading=\"lazy\" decoding=\"async\"    src=\"https:\/\/lh3.googleusercontent.com\/pw\/AP1GczPsAnmGgL2tlbDE3iKxIZ4Y7bkdrvdtYeBpc037awARccm-_Gz2JhvfkdDOv04LWxa4ZO7G-e4b_WhCnwm8ofg89C5gaDtLIQULoP10rsBZb0nio6Eo=w200-h1000\" width=\"200\" height=\"356\"   ><\/a><figcaption class=\"wp-caption-text\"><a href=\"https:\/\/photos.google.com\/share\/AF1QipMBOKEQxI55NrADeHJVzyihS4YeUc2ybxcHKg3oRk35Ixzk8tPNTA1CNVkC-8pIyg?key=OWRra0R4YzVuSTZwckdmTm14SDZ4WUY1QWRCc2ln\" target=\"_blank\">\u201dBiserica_lemn_Copsa_Mica\u201d \/ Google Photos<\/a><\/figcaption><\/figure>\n<p>Pe m\u00e2ine! Pove\u0219tile gazdelor au cel mai mare efect dac\u0103 merge\u021bi acolo!&nbsp;<\/p>\n","protected":false},"excerpt":{"rendered":"<p>A fost o nou\u0103 excursie cu prietenii pe Via Transilvanica, \u00een dou\u0103 zile am reu\u0219it s\u0103 parcurgem por\u021biunea Media\u0219 &#8211; Mic\u0103\u0219asa, o zon\u0103 nou\u0103 pentru mine chiar dac\u0103 anumite buc\u0103\u021bi le-am vizitat sau le-am atins \u00een unele preumbl\u0103ri sau concursuri. \u00cen drum spre T\u00e2rnava, pentru a ajunge la Cop\u0219a Mic\u0103, am observat cu surprindere dealuri &#8211; movile cum sunt cele mai cunoscute de la P\u0103ucea, \u00eent\u00e2lnindu-le \u0219i la concursul de MTB &#8220;Movilele Bl\u0103jelului&#8221;. Pozele mai reu\u0219ite de pe traseul din prima zi sunt mai jos, doar c\u00e2teva le mai afi\u0219ez \u00een povestea ce vine. Pentru c\u0103 \u00een cele dou\u0103 concursuri de alergare &#8220;Transylvania Legends&#8221; am v\u0103zut cu ochi de alerg\u0103tor, mai pe grab\u0103 \u0219i superficial, jum\u0103tatea de Via Transilvanica de la m\u0103n\u0103stirea Putna la Media\u0219, am \u021binut neaparat ca de fiecare dat\u0103 c\u00e2nd merg \u00een drume\u021bie s\u0103 fac exact opusul, adic\u0103 s\u0103 mai stau de vorb\u0103 cu localnicii, s\u0103 ascult pove\u0219tile reale sau mai roman\u021bate, chiar de legend\u0103 sau surprinz\u0103toare ale ghizilor no\u0219tri de la bisericile vizitate. N-am scris \u00eenc\u0103 despre drumul nostru \u00een sens invers de la Media\u0219 la Sighi\u0219oara, cuprinz\u00e2nd varianta nou\u0103 pe la Mo\u0219na \u0219i Richi\u0219, o variant\u0103 care arat\u0103 \u0219i o modificare de g\u00e2ndire a traseelor Via Transilvanica, f\u0103c\u00e2nd mai evident aspectul turistic, de pelerinaj, prin satele retrase \u0219i izolate ale \u021b\u0103rii. Dar&#8230; timp mai este, pe FB am scris suficient. Apreciez mult ini\u021biativa prietenilor de a vedea \u00een timp, pe buc\u0103\u021bi, calea Via Transilvanica \u0219i de a descoperi lucruri noi \u0219i interesante despre via\u021ba de alt\u0103dat\u0103. Pot spune c\u0103 sf\u00e2r\u0219itul de s\u0103pt\u0103m\u00e2n\u0103 pe Via a fost marcat de uraganul Petric\u0103. Cum, n-a\u021bi auzit de el? E drept, numele i l-am dat eu, fiind inspirat at\u00e2t de al doilea prenume al meu, c\u00e2t \u0219i de istorisirea cu t\u00e2lc &#8220;Petric\u0103 \u0219i lupul&#8221;, dar mai ales de &#8230; ciclonul A\u0219lei sau Ashley, cum vre\u021bi s\u0103-i spune\u021bi. Da, am citit c\u00e2te ceva despre modul de a denumi uraganele, de c\u00e2nd a ap\u0103rut, am \u00eentrebat despre cum a\u0219 putea s\u0103 dau eu un nume, afl\u00e2nd c\u0103 cel pu\u021bin la cicloane \u0219i anticicloane se poate \u0219i&#8230; dup\u0103 cum \u021bi-e norocul, sau ghinionul pentru al\u021bii, vezi pomenit numele respectiv mai multe zile sau deloc. E clar de unde mi-a venit interesul, dup\u0103 evacu\u0103rile pripite \u00een urma amenin\u021b\u0103rilor posibilului ciclon A\u0219lei.&nbsp; L\u0103s\u00e2nd gluma la o parte, este \u0219i regula ca \u00een cazul unui uragan devastator s\u0103 nu se mai foloseasc\u0103 acel nume, cum este Katrina. \u0218i da, noi, cei doisprezece, am vrut s\u0103 renun\u021b\u0103m la excursie din cauza vremii dar&#8230; versurile copil\u0103re\u0219ti cu uraganul Petric\u0103 ne-au motivat. Nu v\u0103 fie fric\u0103 De uraganul Petric\u0103&#8230;&nbsp; \u0218i a\u0219a am ajuns vineri seara \u00een Media\u0219, la startul c\u0103l\u0103toriei. Mai \u00eent\u00e2i Media\u0219, ora\u0219ul lui Stephan Ludwig Roth, care a scris \u00eenainte de moarte \u201eAm avut cele mai bune g\u00e2nduri pentru na\u021bia mea, f\u0103r\u0103 s\u0103 fi voit r\u0103ul celorlalte na\u021biuni\u201d. M-am \u00eent\u00e2lnit cu numele lui \u0219i \u00een Mo\u0219na, Nem\u0219a, un mare om. Am f\u0103cut doar c\u00e2teva poze \u00een Media\u0219, fiind unul din ora\u0219ele mele r\u0103svizitate. Dar trebuie s\u0103 spun acel nume &#8211; Roth. Drumul spre Bazna. Cine n-a auzit de sta\u021biunea balneoclimatic\u0103 Bazna, de apa mineral\u0103 de acolo? Dar de rasa de porci Bazna? Ei bine, noi ini\u021bial doream s-o ocolim, &#8220;am fost acolo&#8221;, planul nostru pentru s\u00e2mb\u0103t\u0103 era de dou\u0103 zile \u00een una, adic\u0103 21km pentru Media\u0219 &#8211; Axente Sever, unde urma s\u0103 ne caz\u0103m seara. \u0218i seara am v\u0103zut c\u0103 aveam 32km parcur\u0219i, c\u0103 ploile uraganului Petric\u0103 nu ne-au sl\u0103bit determinarea, ci chiar ne-au amuzat. E drept, la Bazna \u00eenc\u0103 nu ploua. Ce e de spus despre traseu? Dealuri domoale, f\u0103r\u0103 ascensiuni formidabile, mai c\u00e2te o ciuperc\u0103 pe care prietenii se ab\u021bin cu greu s\u0103 o culeag\u0103 (ziua urm\u0103toare \u00eens\u0103&#8230;), instala\u021bii de gaz, doar e zona specific\u0103&#8230; \u0219i vi\u021b\u0103 de vie. Da, mai este vi\u021b\u0103 de vie, de\u0219i \u00een \u021ainutul S\u0103sesc s-a cam renun\u021bat la culturi, nu mai sunt oameni. Au r\u0103mas doar dealurile terasate.&nbsp; &nbsp; Bazna \u0219i sta\u021biunea. \u0218i ajungem \u00een Bazna, la biserica evanghelic\u0103 fortificat\u0103. Afl\u0103m de la gazda noastr\u0103, e de-a locului, dar e venit\u0103 pentru trei luni din Germania unde locuie\u0219te acum, ce eforturi uria\u0219e se fac pentru \u00eentre\u021binerea \u0219i repara\u021biile bisericii. Investi\u021biile p\u00e2n\u0103 la urm\u0103 le fac tot fo\u0219tii locuitori, sa\u0219ii. E de fapt ce am mai auzit \u0219i \u00een alte localit\u0103\u021bi s\u0103se\u0219ti. Vorbe\u0219te mult \u00een german\u0103 cu Bianca, mai trag \u0219i eu cu urechea \u0219i mai \u00een\u021beleg c\u00e2te ceva.&nbsp; &nbsp; Drumul nostru continu\u0103 \u00een sta\u021biune, unde se v\u0103d vestigiile sta\u021biunii de odinioar\u0103, cl\u0103diri imense \u00een paragin\u0103, aflate la marginea lacurilor acum ascunse de vegeta\u021bie. Cine \u0219tie, poate peste ani vor avea o nou\u0103 via\u021b\u0103. P\u00e2n\u0103 atunci vizitatorii, mai ales cei v\u00e2rstnici, pot fi v\u0103zu\u021bi plimb\u00e2ndu-se pe alei, exist\u00e2nd facilit\u0103\u021bi noi de cazare \u0219i baze tratament. Drumul spre T\u00e2rnava \u0219i T\u00e2rnava. Ei da, se face ora 14 \u0219i ploaia vine. Noi, cu ponchou-uri \u0219i &#8230; o umbrel\u0103, ca ni\u0219te vrednici pelerini, nu uit\u0103m s\u0103 ne mur\u0103m bine la picioare \u0219i ocolim cu tot mai pu\u021bin\u0103 grij\u0103 b\u0103l\u021bile \u0219i noroaiele. Vedem acele movile despre care am men\u021bionat la \u00eenceput &#8211; nu, nu sunt magazii de arme \u0219i nici crea\u021bii nep\u0103m\u00e2ntene &#8211; \u0219i suntem captiva\u021bi de sculpturile de pe bornele \u00eent\u00e2lnite. &nbsp; \u00cen T\u00e2rnava oric\u00e2t ne-am \u00eenv\u00e2rtit n-am reu\u0219it s\u0103 g\u0103sim o cale de vizitare a bisericii evanghelice, iar din ce \u021bin minte am reu\u0219it s\u0103 ne mai \u00eenc\u0103lzim cu o cafea cald\u0103 &#8220;de automat&#8221;. Asta e, mai faci \u0219i pa\u0219i gre\u0219i\u021bi &#8211; nu totul pentru s\u0103n\u0103tate, doar oameni suntem. Drumul spre T\u00e2rn\u0103vioara \u0219i Cop\u0219a Mic\u0103 \u0219i c\u00e2te pu\u021bin din bisericile vizitate Cum ne-am desprins de T\u00e2rnava am \u0219i v\u0103zut furnalul imens din Cop\u0219a Mic\u0103, acum nefunc\u021bional ca \u00eentreaga fabrica de dinainte. Pe un panou \u00eent\u00e2lnit pe traseu am v\u0103zut obiectivele interesante de vizitat. Nu am putut s\u0103 nu remarc\u0103m \u00een list\u0103 biserica fortificat\u0103 din Valea Viilor, sit UNESCO, aflat\u0103 la trei kilometri de Cop\u0219a Mic\u0103. Pentru c\u0103 eram presa\u021bi de timp, ploaie, eram \u0219i obosi\u021bi, am convenit s\u0103 vizit\u0103m ce doream ziua urm\u0103toare. Cum se spune, &#8220;God bless&#8221;&nbsp; pe cine a avut ideea s\u0103 l\u0103s\u0103m ma\u0219inile la intrarea \u00een Cop\u0219a Mic\u0103, altfel p\u00e2n\u0103 la Axente Sever unde ne cazam mai aveam de mers mul\u021bi kilometri pe asfalt. &nbsp; &nbsp; Ceva deosebit de pe (l\u00e2ng\u0103) traseu? Altceva dec\u00e2t ce v\u0103zusem p\u00e2n\u0103 atunci? Un cimitir de oase&#8230; multe oase de animale mari. Nu erau cu descrieri, erau \u00eempr\u0103\u0219tiate. Pentru c\u0103 \u021bin de Cop\u0219a Mic\u0103 am pus pentru aceast\u0103 zi \u0219i pozele de la biserica luteran\u0103 din sec al XIII-lea, fost\u0103 romano-catolic\u0103. &#8220;Noua&#8221; biseric\u0103 romano-catolic\u0103 a fost construit\u0103 \u00een apropiere. Noi am ajuns \u00eenainte de slujba de duminic\u0103, am putut vorbi \u0219i cu preotul, \u0219i cu femeia care avea grij\u0103 de biseric\u0103. Era \u0219i s\u0103rb\u0103toarea recoltei, un frumos aranjament cu fructe \u0219i legume era \u0219i \u00een biseric\u0103.&nbsp; &nbsp; &nbsp; &nbsp; La biserica ortodox\u0103 din lemn, construit\u0103 de me\u0219teri moldoveni, n-am f\u0103cut poze dec\u00e2t din exterior, seara dup\u0103 drume\u021bie. Era slujb\u0103 \u0219i acolo diminea\u021ba, puteam intra, dar noi eram gr\u0103bi\u021bi s\u0103 plec\u0103m \u00een sf\u00e2r\u0219it la drum spre Mic\u0103\u0219asa. Petric\u0103 nu ar\u0103ta prea bine dispus \u00eenc\u0103 de diminea\u021b\u0103. &nbsp; Pe m\u00e2ine! Pove\u0219tile gazdelor au cel mai mare efect dac\u0103 merge\u021bi acolo!&nbsp;<\/p>\n","protected":false},"author":1,"featured_media":4598,"comment_status":"open","ping_status":"open","sticky":false,"template":"","format":"standard","meta":{"ngg_post_thumbnail":0,"footnotes":""},"categories":[1148,1294,1293,140,148,1295,1292],"tags":[1152,1297,434,440,1298,1296],"class_list":["post-4599","post","type-post","status-publish","format-standard","has-post-thumbnail","hentry","category-bazna","category-copsa-mica","category-de-la-medias-la-copsa-mica","category-drumetie","category-medias","category-tarnava","category-via-transilvanica","tag-bazna","tag-copsa-mica","tag-drumetie","tag-medias","tag-tarnava","tag-via-transilvanica"],"_links":{"self":[{"href":"https:\/\/www.unpicdetimpliber.ro\/wordpress\/wp-json\/wp\/v2\/posts\/4599","targetHints":{"allow":["GET"]}}],"collection":[{"href":"https:\/\/www.unpicdetimpliber.ro\/wordpress\/wp-json\/wp\/v2\/posts"}],"about":[{"href":"https:\/\/www.unpicdetimpliber.ro\/wordpress\/wp-json\/wp\/v2\/types\/post"}],"author":[{"embeddable":true,"href":"https:\/\/www.unpicdetimpliber.ro\/wordpress\/wp-json\/wp\/v2\/users\/1"}],"replies":[{"embeddable":true,"href":"https:\/\/www.unpicdetimpliber.ro\/wordpress\/wp-json\/wp\/v2\/comments?post=4599"}],"version-history":[{"count":7,"href":"https:\/\/www.unpicdetimpliber.ro\/wordpress\/wp-json\/wp\/v2\/posts\/4599\/revisions"}],"predecessor-version":[{"id":4606,"href":"https:\/\/www.unpicdetimpliber.ro\/wordpress\/wp-json\/wp\/v2\/posts\/4599\/revisions\/4606"}],"wp:featuredmedia":[{"embeddable":true,"href":"https:\/\/www.unpicdetimpliber.ro\/wordpress\/wp-json\/wp\/v2\/media\/4598"}],"wp:attachment":[{"href":"https:\/\/www.unpicdetimpliber.ro\/wordpress\/wp-json\/wp\/v2\/media?parent=4599"}],"wp:term":[{"taxonomy":"category","embeddable":true,"href":"https:\/\/www.unpicdetimpliber.ro\/wordpress\/wp-json\/wp\/v2\/categories?post=4599"},{"taxonomy":"post_tag","embeddable":true,"href":"https:\/\/www.unpicdetimpliber.ro\/wordpress\/wp-json\/wp\/v2\/tags?post=4599"}],"curies":[{"name":"wp","href":"https:\/\/api.w.org\/{rel}","templated":true}]}}