{"id":4625,"date":"2024-12-22T14:04:15","date_gmt":"2024-12-22T12:04:15","guid":{"rendered":"https:\/\/www.unpicdetimpliber.ro\/?p=4625"},"modified":"2025-01-24T19:23:35","modified_gmt":"2025-01-24T17:23:35","slug":"alergare-de-mos-craciun-prin-oras-editia-a-ii-a","status":"publish","type":"post","link":"https:\/\/www.unpicdetimpliber.ro\/wordpress\/2024\/12\/alergare-de-mos-craciun-prin-oras-editia-a-ii-a.html","title":{"rendered":"Alergare de Mos Craciun prin oras &#8211; editia a II-a"},"content":{"rendered":"<div class=\"fcbkbttn_buttons_block\" id=\"fcbkbttn_left\"><div class=\"fcbkbttn_like \"><fb:like href=\"https:\/\/www.unpicdetimpliber.ro\/wordpress\/2024\/12\/alergare-de-mos-craciun-prin-oras-editia-a-ii-a.html\" action=\"like\" colorscheme=\"light\" layout=\"box_count\"  size=\"small\"><\/fb:like><\/div><div class=\"fb-share-button  \" data-href=\"https:\/\/www.unpicdetimpliber.ro\/wordpress\/2024\/12\/alergare-de-mos-craciun-prin-oras-editia-a-ii-a.html\" data-type=\"button_count\" data-size=\"small\"><\/div><\/div><p>A fost un eveniment pe care l-am organizat pentru a doua oar\u0103 \u00een cadrul <strong>Clubului Alpin Rom\u00e2n<\/strong>, sec\u021bia universitar\u0103 Cluj. M\u0103 bucur c\u0103 m-am putut \u00eent\u00e2lni cu prieteni, cu oameni cu care am o pasiune \u00een comun &#8211; alergarea, \u0219i c\u0103 am putut explora Clujul al\u0103turi de ei.<br \/>\nEvenimentul a fost trecut pe site-ul CAR ca <a href=\"https:\/\/carcluj.ro\/activitati\/alergare-de-mos-craciun-prin-oras-editia-ii\" target=\"_blank\" rel=\"noopener\"><strong>activitate<\/strong><\/a>, iar \u00een <a href=\"https:\/\/carcluj.ro\/blog\/alergare-de-mos-craciun-prin-oras-editia-ii\" target=\"_blank\" rel=\"noopener\"><strong>blog<\/strong> <\/a>este textul de mai jos.<\/p>\n<figure class=\"embed-gphotos  wp-caption\"><a href=\"https:\/\/photos.google.com\/share\/AF1QipNQx7cvrrICAcX3aRJPFoY2GlBOUyLzer6a8C5CPr3xnX0aJVvxbmDr4AcK-eHFKQ?key=eHVzV0JtcU5ta0lIUkJidU1TV0hHdmxXMzFFZGJB\" target=\"_blank\"><img loading=\"lazy\" decoding=\"async\"    src=\"https:\/\/lh3.googleusercontent.com\/pw\/AP1GczPWBVuX3uCgxyObVTBv9J1FMFaFGBx8VC3bxF8j6N3d2jxfKiZGgbXXycL7tuQxG5832-qcxmEy66cEp-BFJ5JyPqW2kYwhOpmNfkct58o_e7abF1kw=w400-h1000\" width=\"400\" height=\"225\"   ><\/a><figcaption class=\"wp-caption-text\"><a href=\"https:\/\/photos.google.com\/share\/AF1QipNQx7cvrrICAcX3aRJPFoY2GlBOUyLzer6a8C5CPr3xnX0aJVvxbmDr4AcK-eHFKQ?key=eHVzV0JtcU5ta0lIUkJidU1TV0hHdmxXMzFFZGJB\" target=\"_blank\">\u201dAlbum_Craciun\u201d \/ Google Photos<\/a><\/figcaption><\/figure>\n<p><strong>Textul de pe blog:<\/strong><\/p>\n<p><strong>A fost<\/strong> 21 decembrie ziua aleas\u0103 pentru cea de-a doua edi\u021bie a alerg\u0103rii de Cr\u0103ciun prin ora\u0219.<br \/>\n\u00censo\u021bi\u021bi \u0219i de doi c\u00e2ini am pornit \u00een explorarea centrului Clujului, s\u0103 avem ce rememora \u0219i anul viitor. Doi dintre noi au ie\u0219it mai \u00een eviden\u021b\u0103, pe l\u00e2ng\u0103 micile accesorii de Mo\u0219, av\u00e2nd cu ei \u0219i mici cadouri pentru copii: bomboane, eugenii \u0219i &#8230; portocale. \u0218i nu e u\u0219or s\u0103 urci pe Cet\u0103\u021buie \u0219i apoi s\u0103 cobori cu un sac plin de portocale.<\/p>\n<div class=\"mfp-field mfp-all-items field field--name-field-gallery slick-initialized slick-slider\">\n<p><button class=\"slick-prev slick-arrow slick-disabled\" type=\"button\" aria-label=\"Previous\" aria-disabled=\"true\">Previous<\/button><\/p>\n<div class=\"slick-list draggable\">\n<div class=\"slick-track\">\n<div class=\"slick-slide slick-current slick-active\" tabindex=\"0\" data-slick-index=\"0\" aria-hidden=\"false\"><a tabindex=\"0\" href=\"https:\/\/carcluj.ro\/sites\/default\/files\/styles\/original_webp\/public\/2024-12\/17.jpeg.webp?itok=BCE8sKFj\"><img loading=\"lazy\" decoding=\"async\" class=\"mfp-thumbnail\" src=\"https:\/\/carcluj.ro\/sites\/default\/files\/styles\/scale_crop_600x600\/public\/2024-12\/17.jpeg.webp?itok=atpbsqUm\" alt=\"cetatuia\" width=\"600\" height=\"600\"><\/a><\/div>\n<div class=\"slick-slide slick-active\" tabindex=\"0\" data-slick-index=\"1\" aria-hidden=\"false\"><a tabindex=\"0\" href=\"https:\/\/carcluj.ro\/sites\/default\/files\/styles\/original_webp\/public\/2024-12\/12.jpeg.webp?itok=TFOS8I4f\"><img loading=\"lazy\" decoding=\"async\" class=\"mfp-thumbnail\" src=\"https:\/\/carcluj.ro\/sites\/default\/files\/styles\/scale_crop_600x600\/public\/2024-12\/12.jpeg.webp?itok=Y1UhlB8e\" alt=\"clujul de sus\" width=\"600\" height=\"600\"><\/a><\/div>\n<div class=\"slick-slide slick-active\" tabindex=\"0\" data-slick-index=\"2\" aria-hidden=\"false\"><a tabindex=\"0\" href=\"https:\/\/carcluj.ro\/sites\/default\/files\/styles\/original_webp\/public\/2024-12\/40_0.jpeg.webp?itok=i73QriKR\"><img loading=\"lazy\" decoding=\"async\" class=\"mfp-thumbnail\" src=\"https:\/\/carcluj.ro\/sites\/default\/files\/styles\/scale_crop_600x600\/public\/2024-12\/40_0.jpeg.webp?itok=GEM30fXy\" alt=\"Matei Corvin\" width=\"600\" height=\"600\"><\/a><\/div>\n<div class=\"slick-slide slick-active\" tabindex=\"0\" data-slick-index=\"3\" aria-hidden=\"false\"><a tabindex=\"0\" href=\"https:\/\/carcluj.ro\/sites\/default\/files\/styles\/original_webp\/public\/2024-12\/41.jpeg.webp?itok=rJaokef7\"><img loading=\"lazy\" decoding=\"async\" class=\"mfp-thumbnail\" src=\"https:\/\/carcluj.ro\/sites\/default\/files\/styles\/scale_crop_600x600\/public\/2024-12\/41.jpeg.webp?itok=uvEK3z4_\" alt=\"ubb\" width=\"600\" height=\"600\"><\/a><\/div>\n<div class=\"slick-slide slick-active\" tabindex=\"0\" data-slick-index=\"4\" aria-hidden=\"false\"><a tabindex=\"0\" href=\"https:\/\/carcluj.ro\/sites\/default\/files\/styles\/original_webp\/public\/2024-12\/44.jpeg.webp?itok=YF-bwldW\"><img loading=\"lazy\" decoding=\"async\" class=\"mfp-thumbnail\" src=\"https:\/\/carcluj.ro\/sites\/default\/files\/styles\/scale_crop_600x600\/public\/2024-12\/44.jpeg.webp?itok=cLRNMgZc\" alt=\"chios\" width=\"600\" height=\"600\"><\/a><\/div>\n<div class=\"slick-slide\" tabindex=\"-1\" data-slick-index=\"5\" aria-hidden=\"true\"><a tabindex=\"-1\" href=\"https:\/\/carcluj.ro\/sites\/default\/files\/styles\/original_webp\/public\/2024-12\/45.jpeg.webp?itok=9elRBpv1\"><img loading=\"lazy\" decoding=\"async\" class=\"mfp-thumbnail\" src=\"https:\/\/carcluj.ro\/sites\/default\/files\/styles\/scale_crop_600x600\/public\/2024-12\/45.jpeg.webp?itok=d1EtgI2k\" alt=\"scena\" width=\"600\" height=\"600\"><\/a><\/div>\n<div class=\"slick-slide\" tabindex=\"-1\" data-slick-index=\"6\" aria-hidden=\"true\"><a tabindex=\"-1\" href=\"https:\/\/carcluj.ro\/sites\/default\/files\/styles\/original_webp\/public\/2024-12\/53.jpeg.webp?itok=Nel5FaWm\"><img loading=\"lazy\" decoding=\"async\" class=\"mfp-thumbnail\" src=\"https:\/\/carcluj.ro\/sites\/default\/files\/styles\/scale_crop_600x600\/public\/2024-12\/53.jpeg.webp?itok=MaKSjPof\" alt=\"sfgheorghe\" width=\"600\" height=\"600\"><\/a><\/div>\n<div class=\"slick-slide\" tabindex=\"-1\" data-slick-index=\"7\" aria-hidden=\"true\"><a tabindex=\"-1\" href=\"https:\/\/carcluj.ro\/sites\/default\/files\/styles\/original_webp\/public\/2024-12\/64.jpeg.webp?itok=MkWV9vvy\"><img loading=\"lazy\" decoding=\"async\" class=\"mfp-thumbnail\" src=\"https:\/\/carcluj.ro\/sites\/default\/files\/styles\/scale_crop_600x600\/public\/2024-12\/64.jpeg.webp?itok=j_qBNm-n\" alt=\"babanovac\" width=\"600\" height=\"600\"><\/a><\/div>\n<div class=\"slick-slide\" tabindex=\"-1\" data-slick-index=\"8\" aria-hidden=\"true\"><a tabindex=\"-1\" href=\"https:\/\/carcluj.ro\/sites\/default\/files\/styles\/original_webp\/public\/2024-12\/67.jpeg.webp?itok=JASChF4k\"><img loading=\"lazy\" decoding=\"async\" class=\"mfp-thumbnail\" src=\"https:\/\/carcluj.ro\/sites\/default\/files\/styles\/scale_crop_600x600\/public\/2024-12\/67.jpeg.webp?itok=kKzKOSeN\" alt=\"inalergare\" width=\"600\" height=\"600\"><\/a><\/div>\n<div class=\"slick-slide\" tabindex=\"-1\" data-slick-index=\"9\" aria-hidden=\"true\"><a tabindex=\"-1\" href=\"https:\/\/carcluj.ro\/sites\/default\/files\/styles\/original_webp\/public\/2024-12\/a1.jpeg.webp?itok=WLrSZmLQ\"><img loading=\"lazy\" decoding=\"async\" class=\"mfp-thumbnail\" src=\"https:\/\/carcluj.ro\/sites\/default\/files\/styles\/scale_crop_600x600\/public\/2024-12\/a1.jpeg.webp?itok=UN3b_nXW\" alt=\"de mos\" width=\"600\" height=\"600\"><\/a><\/div>\n<div class=\"slick-slide\" tabindex=\"-1\" data-slick-index=\"10\" aria-hidden=\"true\"><a tabindex=\"-1\" href=\"https:\/\/carcluj.ro\/sites\/default\/files\/styles\/original_webp\/public\/2024-12\/IMG_20241221_200052.jpg.webp?itok=2oqQzd-o\"><img loading=\"lazy\" decoding=\"async\" class=\"mfp-thumbnail\" src=\"https:\/\/carcluj.ro\/sites\/default\/files\/styles\/scale_crop_600x600\/public\/2024-12\/IMG_20241221_200052.jpg.webp?itok=HtWhD-f2\" alt=\"pescari\" width=\"600\" height=\"600\"><\/a><\/div>\n<\/div>\n<\/div>\n<p><button class=\"slick-next slick-arrow\" type=\"button\" aria-label=\"Next\" aria-disabled=\"false\">Next<\/button><\/p>\n<\/div>\n<p>E frumos seara \u00een zilele acestea, plin de lumini, cu mult\u0103 lume mai ales \u00een pia\u021ba Matei Corvin. Noi am atins multe obiective pe traseul nostru: Parcul Mare, cu Cazinoul de unde am luat startul, sala Polivalent\u0103, pia\u021ba Matei Corvin, pia\u021ba Avram Iancu cu catedrala ortodox\u0103 \u0219i Teatrul Na\u021bional, Turnul Croitorilor cu statuia lui Baba Novac unde anul trecut se amenaja, statuia Sf\u00e2ntul Gheorghe \u0219i balaurul, Universitatea Babe\u0219-Bolyai, Cet\u0103\u021buia cu multiplele puncte de belvedere \u0219i patinoarul din fa\u021ba vechii S\u0103li a Sporturilor.<br \/>\nPurt\u00e2ndu-ne cu g\u00e2ndul la tot ce au \u00eensemnat ele de-a lungul timpului, ca o retrospectiv\u0103, importaliz\u00e2ndu-le \u00een poze, putem privi acum spre Noul An cu optimism, cu speran\u021be de bine. Pia\u021ba Matei Corvin a fost cea mai divers\u0103, de la col\u021bisorul cu scena cu cei trei Magi veni\u021bi la na\u0219terea lui Isus, de la care a pornit aceast\u0103 s\u0103rb\u0103toare, \u0219i ca un simbol pentru noul an, la noi \u00eembr\u0103ca\u021bi conform tradi\u021biei \u00een Mo\u0219 Cr\u0103ciun, la c\u0103su\u021bele cu tenta\u021bii culinare, la ringhi\u0219pil \u0219i scena pentru muzic\u0103.<br \/>\nS\u0103 ne vedem cu bine \u00een Noul An! S\u0103rb\u0103tori Fericite!<\/p>\n<p>Pe FB:<br \/>\n<iframe loading=\"lazy\" style=\"border: none; overflow: hidden;\" src=\"https:\/\/www.facebook.com\/plugins\/post.php?href=https%3A%2F%2Fwww.facebook.com%2Fcarucluj%2Fposts%2Fpfbid02ywzdTydpUPoMUFJFQ4hniNXXyxsNi8PyQJLxK6n83tFwjMfreJaFQ9hStb7SpeR5l&amp;show_text=true&amp;width=500\" width=\"500\" height=\"786\" frameborder=\"0\" scrolling=\"no\" allowfullscreen=\"allowfullscreen\"><\/iframe><\/p>\n","protected":false},"excerpt":{"rendered":"<p>A fost un eveniment pe care l-am organizat pentru a doua oar\u0103 \u00een cadrul Clubului Alpin Rom\u00e2n, sec\u021bia universitar\u0103 Cluj. M\u0103 bucur c\u0103 m-am putut \u00eent\u00e2lni cu prieteni, cu oameni cu care am o pasiune \u00een comun &#8211; alergarea, \u0219i c\u0103 am putut explora Clujul al\u0103turi de ei. Evenimentul a fost trecut pe site-ul CAR ca activitate, iar \u00een blog este textul de mai jos. Textul de pe blog: A fost 21 decembrie ziua aleas\u0103 pentru cea de-a doua edi\u021bie a alerg\u0103rii de Cr\u0103ciun prin ora\u0219. \u00censo\u021bi\u021bi \u0219i de doi c\u00e2ini am pornit \u00een explorarea centrului Clujului, s\u0103 avem ce rememora \u0219i anul viitor. Doi dintre noi au ie\u0219it mai \u00een eviden\u021b\u0103, pe l\u00e2ng\u0103 micile accesorii de Mo\u0219, av\u00e2nd cu ei \u0219i mici cadouri pentru copii: bomboane, eugenii \u0219i &#8230; portocale. \u0218i nu e u\u0219or s\u0103 urci pe Cet\u0103\u021buie \u0219i apoi s\u0103 cobori cu un sac plin de portocale. Previous Next E frumos seara \u00een zilele acestea, plin de lumini, cu mult\u0103 lume mai ales \u00een pia\u021ba Matei Corvin. Noi am atins multe obiective pe traseul nostru: Parcul Mare, cu Cazinoul de unde am luat startul, sala Polivalent\u0103, pia\u021ba Matei Corvin, pia\u021ba Avram Iancu cu catedrala ortodox\u0103 \u0219i Teatrul Na\u021bional, Turnul Croitorilor cu statuia lui Baba Novac unde anul trecut se amenaja, statuia Sf\u00e2ntul Gheorghe \u0219i balaurul, Universitatea Babe\u0219-Bolyai, Cet\u0103\u021buia cu multiplele puncte de belvedere \u0219i patinoarul din fa\u021ba vechii S\u0103li a Sporturilor. Purt\u00e2ndu-ne cu g\u00e2ndul la tot ce au \u00eensemnat ele de-a lungul timpului, ca o retrospectiv\u0103, importaliz\u00e2ndu-le \u00een poze, putem privi acum spre Noul An cu optimism, cu speran\u021be de bine. Pia\u021ba Matei Corvin a fost cea mai divers\u0103, de la col\u021bisorul cu scena cu cei trei Magi veni\u021bi la na\u0219terea lui Isus, de la care a pornit aceast\u0103 s\u0103rb\u0103toare, \u0219i ca un simbol pentru noul an, la noi \u00eembr\u0103ca\u021bi conform tradi\u021biei \u00een Mo\u0219 Cr\u0103ciun, la c\u0103su\u021bele cu tenta\u021bii culinare, la ringhi\u0219pil \u0219i scena pentru muzic\u0103. S\u0103 ne vedem cu bine \u00een Noul An! S\u0103rb\u0103tori Fericite! Pe FB:<\/p>\n","protected":false},"author":1,"featured_media":4626,"comment_status":"closed","ping_status":"open","sticky":false,"template":"","format":"standard","meta":{"ngg_post_thumbnail":0,"footnotes":""},"categories":[130,126,1229,1313,11,115,968],"tags":[428,424,1231,983,411,418,1232,1267],"class_list":["post-4625","post","type-post","status-publish","format-standard","has-post-thumbnail","hentry","category-activitati","category-alergare","category-alergare-de-mos-craciun","category-alergare-de-mos-craciun-prin-oras","category-cluj","category-cluj-napoca","category-organizate-de-mine","tag-activitati","tag-alergare","tag-alergare-de-mos-craciun","tag-alergare-in-grup","tag-cluj","tag-cluj-napoca","tag-mos-craciun","tag-organizate-de-mine"],"_links":{"self":[{"href":"https:\/\/www.unpicdetimpliber.ro\/wordpress\/wp-json\/wp\/v2\/posts\/4625","targetHints":{"allow":["GET"]}}],"collection":[{"href":"https:\/\/www.unpicdetimpliber.ro\/wordpress\/wp-json\/wp\/v2\/posts"}],"about":[{"href":"https:\/\/www.unpicdetimpliber.ro\/wordpress\/wp-json\/wp\/v2\/types\/post"}],"author":[{"embeddable":true,"href":"https:\/\/www.unpicdetimpliber.ro\/wordpress\/wp-json\/wp\/v2\/users\/1"}],"replies":[{"embeddable":true,"href":"https:\/\/www.unpicdetimpliber.ro\/wordpress\/wp-json\/wp\/v2\/comments?post=4625"}],"version-history":[{"count":2,"href":"https:\/\/www.unpicdetimpliber.ro\/wordpress\/wp-json\/wp\/v2\/posts\/4625\/revisions"}],"predecessor-version":[{"id":4690,"href":"https:\/\/www.unpicdetimpliber.ro\/wordpress\/wp-json\/wp\/v2\/posts\/4625\/revisions\/4690"}],"wp:featuredmedia":[{"embeddable":true,"href":"https:\/\/www.unpicdetimpliber.ro\/wordpress\/wp-json\/wp\/v2\/media\/4626"}],"wp:attachment":[{"href":"https:\/\/www.unpicdetimpliber.ro\/wordpress\/wp-json\/wp\/v2\/media?parent=4625"}],"wp:term":[{"taxonomy":"category","embeddable":true,"href":"https:\/\/www.unpicdetimpliber.ro\/wordpress\/wp-json\/wp\/v2\/categories?post=4625"},{"taxonomy":"post_tag","embeddable":true,"href":"https:\/\/www.unpicdetimpliber.ro\/wordpress\/wp-json\/wp\/v2\/tags?post=4625"}],"curies":[{"name":"wp","href":"https:\/\/api.w.org\/{rel}","templated":true}]}}