{"id":4666,"date":"2024-11-09T09:52:05","date_gmt":"2024-11-09T07:52:05","guid":{"rendered":"https:\/\/www.unpicdetimpliber.ro\/?p=4666"},"modified":"2025-01-22T15:40:14","modified_gmt":"2025-01-22T13:40:14","slug":"inelul-verde-metropolitan-turul-clujului-55km","status":"publish","type":"post","link":"https:\/\/www.unpicdetimpliber.ro\/wordpress\/2024\/11\/inelul-verde-metropolitan-turul-clujului-55km.html","title":{"rendered":"Inelul verde metropolitan &#8211; Turul Clujului 55km"},"content":{"rendered":"<div class=\"fcbkbttn_buttons_block\" id=\"fcbkbttn_left\"><div class=\"fcbkbttn_like \"><fb:like href=\"https:\/\/www.unpicdetimpliber.ro\/wordpress\/2024\/11\/inelul-verde-metropolitan-turul-clujului-55km.html\" action=\"like\" colorscheme=\"light\" layout=\"box_count\"  size=\"small\"><\/fb:like><\/div><div class=\"fb-share-button  \" data-href=\"https:\/\/www.unpicdetimpliber.ro\/wordpress\/2024\/11\/inelul-verde-metropolitan-turul-clujului-55km.html\" data-type=\"button_count\" data-size=\"small\"><\/div><\/div><p><strong>9 noiembrie<\/strong><\/p>\n<p>&#8220;Inelul Verde Metropolitan &#8211; Turul Clujului 55km&#8221; este de fapt o ini\u021biativ\u0103 a celor care doresc s\u0103 sprijine pe l\u00e2ng\u0103 turismul din jurul Clujului \u0219i partea ecologic\u0103 de p\u0103strare a s\u0103lb\u0103ticiei naturii. Sigur c\u0103 ei au g\u00e2ndit mai multe inele concentrice, chiar \u00een aceea\u0219i zi fiind c\u00e2\u021biva prieteni care au verificat un traseu mai lung de peste 70km. Sper s\u0103 se concretizeze, s\u0103 fie \u0219i variant\u0103 care duce de exemplu la rezerva\u021bia Stuf\u0103ri\u0219urile de la Sic, s\u0103 nu r\u0103m\u00e2n\u0103 doar unul dintre miile de proiecte pe h\u00e2rtie, rescrise de zeci de ori.<br \/>\nMai trebuie s\u0103 men\u0163ionez c\u0103 evenimentul de alergare din acea s\u0103mb\u0103t\u0103, de sprijinire a acestui proiect, a fost organizat prin colaborarea grupului de pe Facebook <span class=\"xv78j7m\" spellcheck=\"false\">Alergatori incepatori Cluj<\/span> (se vede astfel \u015fi utilitatea practic\u0103 a social-media, nu e doar ceva virtual) cu membri de la <span class=\"xv78j7m\" spellcheck=\"false\">Clubul de Cicloturism &#8220;Napoca&#8221;<\/span>, <span class=\"xv78j7m\" spellcheck=\"false\">Some\u0219ul nostru<\/span> \u0219i <span class=\"xv78j7m\" spellcheck=\"false\">Clubul Alpin Roman Filiala Cluj<\/span>. Am mai adaugat dou\u0103 poze de grup, s\u0103 se vad\u0103 c\u0103 n-am fost pu\u0163ini, at\u00e2t de la start c\u00e2t \u015fi de pe parcurs.<\/p>\n<figure class=\"embed-gphotos  wp-caption\"><a href=\"https:\/\/photos.google.com\/share\/AF1QipOLgBArURSyeMLi5646EhbyNpTPxDdCS8pNsyjTaOGr06TNrOc8dQ4fm5mABr9q3g?key=dkNxQVZpTDZ2Q3dPQXBtcTByMGFfYmhZTjNvUXVB\" target=\"_blank\"><img loading=\"lazy\" decoding=\"async\"    src=\"https:\/\/lh3.googleusercontent.com\/pw\/AP1GczO0WX82KCcLfTCLz4DnpTeJJG-eU_OlUIX-SAuhZu99ppIKnCsh13ZuhhxrF7dVhy3lg3IYe8KNmCr1yDIMPaFQWdFOmltlJXMoUZfYuqe5cEBOiaSM=w400-h1000\" width=\"400\" height=\"225\"   ><\/a><figcaption class=\"wp-caption-text\"><a href=\"https:\/\/photos.google.com\/share\/AF1QipOLgBArURSyeMLi5646EhbyNpTPxDdCS8pNsyjTaOGr06TNrOc8dQ4fm5mABr9q3g?key=dkNxQVZpTDZ2Q3dPQXBtcTByMGFfYmhZTjNvUXVB\" target=\"_blank\">\u201dAlbum_Inel_Verde_Metropolitan\u201d \/ Google Photos<\/a><\/figcaption><\/figure>\n<p>Merit\u0103 amintit\u0103 \u0219i realizarea &#8211; provocarea prietenilor mei de la clubul Rupicapra &#8220;Clujul v\u0103zut din alt unghi&#8221;, adic\u0103 <a href=\"https:\/\/cc100kk.ro\/\" target=\"_blank\" rel=\"noopener\"><strong>CC100kk<\/strong><\/a>, un traseu propus de 100km \u00een jurul Clujului care se poate parcurge \u0219i cu bicicleta. Este un model luat dup\u0103 un concept ce exist\u0103 \u00een jurul unor ora\u0219e mari din alte \u021b\u0103ri, cum este Budapesta. V\u0103 pute\u021bi uita pe site, c\u00e2nd spun realizat \u00eenseamn\u0103 fix asta, are site, este track care se poate urm\u0103ri inclusiv printr-o aplica\u021bie, sunt \u0219i marcaje specifice&#8230; adic\u0103 este un proiect cap-coad\u0103 implementat, aprobat de to\u021bi factorii de decizie. O munc\u0103 uria\u0219\u0103 pentru o m\u00e2n\u0103 de oameni, dar celor de la Rupicapra nu le plac jum\u0103t\u0103\u021bile de m\u0103sur\u0103. Un exemplu, nu?<\/p>\n<p>Diferen\u021ba fa\u021b\u0103 de aceste inele metropolitane e partea ecologic\u0103, de \u00eencercare de p\u0103strare a zonelor verzi limitrofe ale ora\u0219ului a\u0219a cum sunt, un ideal care, fire\u0219te, \u00een ciocnire cu realitatea \u00een continu\u0103 schimbare \u0219i transformare va duce la acel compromis de &#8230;comuniune om-natur\u0103. Traseul CC100kk are un scop turistic mai accentuat, trec\u00e2nd inten\u021bionat pe l\u00e2ng\u0103 micile localit\u0103\u021bi din jurul Clujului \u0219i permi\u021b\u00e2nd astfel s\u0103 fie parcurs \u00een mai multe zile, cu caz\u0103ri la diverse pensiuni. Adic\u0103 \u0219i un fel de Via Transilvanica, spun de ea pentru c\u0103 e din ce \u00een ce mai cunoscut\u0103 la noi.<\/p>\n<p>Eu am ales s\u0103 alerg traseul mai scurt de 55km din mai multe motive.<br \/>\nEram dup\u0103 o perioad\u0103 de o lun\u0103 destul de obositoare de <strong>Walking Month<\/strong>, un act umanitar desf\u0103\u0219urat sub forma unui concurs de pa\u0219i aflat la a zecea edi\u021bie. Nu am lipsit la nicio edi\u021bie, iar singurele varia\u021bii pentru mine au fost cu privire la obiectivele personale sau de echip\u0103. \u0218i \u00een 2024 m-am str\u0103duit s\u0103 nu fiu chiar printre ultimii, am f\u0103cut 970.358 de pa\u0219i \u0219i am fost pe locul 53 la individual. Deci nu eram chiar odihnit.<br \/>\nMotivul principal \u00eens\u0103 a fost c\u0103 sim\u021beam nevoia s\u0103 mai schimb c\u00e2teva vorbe cu alerg\u0103torii, iar la tura mai scurt\u0103 era previzibil c\u0103 va fi ritmul mai lent \u0219i vor fi mai mul\u021bi participan\u021bi.<br \/>\nUn alt motiv a fost ziua mai scurt\u0103, nefiind dispus s\u0103 pornesc prea devreme \u0219i s\u0103 \u00eenchei \u00een noapte.<\/p>\n<p>Toat\u0103 tura a fost mai dinamic\u0103, ne-am \u00eent\u00e2lnit cu al\u021bi alerg\u0103tori de exemplu \u00een zona Borhanci, iar dintre noi unii au ales s\u0103 alerge doar o por\u021biune, dup\u0103 timpul disponibil sau forma lor fizic\u0103.&nbsp;&nbsp;<\/p>\n<p>A fost interesant, am avut \u0219i zon\u0103 l\u00e2ng\u0103 Pope\u0219ti care trebuie reg\u00e2ndit\u0103 cu un mic ocol pentru c\u0103 \u00een teren nu e ca pe h\u0103r\u021bi&#8230; Dar ne a\u0219teptam \u0219i e clar c\u0103 aceste inele metropolitane se vor tot ajusta de-a lungul timpului. A fost \u0219i trist s\u0103 vedem paragina de la B\u0103ile Some\u0219eni, dar cine mai e s\u0103-\u0219i aduc\u0103 aminte cum era pe vremuri?<\/p>\n<p>Pun aici \u0219i <a href=\"https:\/\/connect.garmin.com\/modern\/activity\/17496779765\" target=\"_blank\" rel=\"noopener\"><strong>trackul<\/strong><\/a>, de pe Garmin Connect, pentru c\u0103 spre deosebire de Strava se poate desc\u0103rca. Au fost 57km, 1500m diferen\u021b\u0103 de nivel, parcur\u0219i \u00een aproximativ 7 ore.<\/p>\n","protected":false},"excerpt":{"rendered":"<p>9 noiembrie &#8220;Inelul Verde Metropolitan &#8211; Turul Clujului 55km&#8221; este de fapt o ini\u021biativ\u0103 a celor care doresc s\u0103 sprijine pe l\u00e2ng\u0103 turismul din jurul Clujului \u0219i partea ecologic\u0103 de p\u0103strare a s\u0103lb\u0103ticiei naturii. Sigur c\u0103 ei au g\u00e2ndit mai multe inele concentrice, chiar \u00een aceea\u0219i zi fiind c\u00e2\u021biva prieteni care au verificat un traseu mai lung de peste 70km. Sper s\u0103 se concretizeze, s\u0103 fie \u0219i variant\u0103 care duce de exemplu la rezerva\u021bia Stuf\u0103ri\u0219urile de la Sic, s\u0103 nu r\u0103m\u00e2n\u0103 doar unul dintre miile de proiecte pe h\u00e2rtie, rescrise de zeci de ori. Mai trebuie s\u0103 men\u0163ionez c\u0103 evenimentul de alergare din acea s\u0103mb\u0103t\u0103, de sprijinire a acestui proiect, a fost organizat prin colaborarea grupului de pe Facebook Alergatori incepatori Cluj (se vede astfel \u015fi utilitatea practic\u0103 a social-media, nu e doar ceva virtual) cu membri de la Clubul de Cicloturism &#8220;Napoca&#8221;, Some\u0219ul nostru \u0219i Clubul Alpin Roman Filiala Cluj. Am mai adaugat dou\u0103 poze de grup, s\u0103 se vad\u0103 c\u0103 n-am fost pu\u0163ini, at\u00e2t de la start c\u00e2t \u015fi de pe parcurs. Merit\u0103 amintit\u0103 \u0219i realizarea &#8211; provocarea prietenilor mei de la clubul Rupicapra &#8220;Clujul v\u0103zut din alt unghi&#8221;, adic\u0103 CC100kk, un traseu propus de 100km \u00een jurul Clujului care se poate parcurge \u0219i cu bicicleta. Este un model luat dup\u0103 un concept ce exist\u0103 \u00een jurul unor ora\u0219e mari din alte \u021b\u0103ri, cum este Budapesta. V\u0103 pute\u021bi uita pe site, c\u00e2nd spun realizat \u00eenseamn\u0103 fix asta, are site, este track care se poate urm\u0103ri inclusiv printr-o aplica\u021bie, sunt \u0219i marcaje specifice&#8230; adic\u0103 este un proiect cap-coad\u0103 implementat, aprobat de to\u021bi factorii de decizie. O munc\u0103 uria\u0219\u0103 pentru o m\u00e2n\u0103 de oameni, dar celor de la Rupicapra nu le plac jum\u0103t\u0103\u021bile de m\u0103sur\u0103. Un exemplu, nu? Diferen\u021ba fa\u021b\u0103 de aceste inele metropolitane e partea ecologic\u0103, de \u00eencercare de p\u0103strare a zonelor verzi limitrofe ale ora\u0219ului a\u0219a cum sunt, un ideal care, fire\u0219te, \u00een ciocnire cu realitatea \u00een continu\u0103 schimbare \u0219i transformare va duce la acel compromis de &#8230;comuniune om-natur\u0103. Traseul CC100kk are un scop turistic mai accentuat, trec\u00e2nd inten\u021bionat pe l\u00e2ng\u0103 micile localit\u0103\u021bi din jurul Clujului \u0219i permi\u021b\u00e2nd astfel s\u0103 fie parcurs \u00een mai multe zile, cu caz\u0103ri la diverse pensiuni. Adic\u0103 \u0219i un fel de Via Transilvanica, spun de ea pentru c\u0103 e din ce \u00een ce mai cunoscut\u0103 la noi. Eu am ales s\u0103 alerg traseul mai scurt de 55km din mai multe motive. Eram dup\u0103 o perioad\u0103 de o lun\u0103 destul de obositoare de Walking Month, un act umanitar desf\u0103\u0219urat sub forma unui concurs de pa\u0219i aflat la a zecea edi\u021bie. Nu am lipsit la nicio edi\u021bie, iar singurele varia\u021bii pentru mine au fost cu privire la obiectivele personale sau de echip\u0103. \u0218i \u00een 2024 m-am str\u0103duit s\u0103 nu fiu chiar printre ultimii, am f\u0103cut 970.358 de pa\u0219i \u0219i am fost pe locul 53 la individual. Deci nu eram chiar odihnit. Motivul principal \u00eens\u0103 a fost c\u0103 sim\u021beam nevoia s\u0103 mai schimb c\u00e2teva vorbe cu alerg\u0103torii, iar la tura mai scurt\u0103 era previzibil c\u0103 va fi ritmul mai lent \u0219i vor fi mai mul\u021bi participan\u021bi. Un alt motiv a fost ziua mai scurt\u0103, nefiind dispus s\u0103 pornesc prea devreme \u0219i s\u0103 \u00eenchei \u00een noapte. Toat\u0103 tura a fost mai dinamic\u0103, ne-am \u00eent\u00e2lnit cu al\u021bi alerg\u0103tori de exemplu \u00een zona Borhanci, iar dintre noi unii au ales s\u0103 alerge doar o por\u021biune, dup\u0103 timpul disponibil sau forma lor fizic\u0103.&nbsp;&nbsp; A fost interesant, am avut \u0219i zon\u0103 l\u00e2ng\u0103 Pope\u0219ti care trebuie reg\u00e2ndit\u0103 cu un mic ocol pentru c\u0103 \u00een teren nu e ca pe h\u0103r\u021bi&#8230; Dar ne a\u0219teptam \u0219i e clar c\u0103 aceste inele metropolitane se vor tot ajusta de-a lungul timpului. A fost \u0219i trist s\u0103 vedem paragina de la B\u0103ile Some\u0219eni, dar cine mai e s\u0103-\u0219i aduc\u0103 aminte cum era pe vremuri? Pun aici \u0219i trackul, de pe Garmin Connect, pentru c\u0103 spre deosebire de Strava se poate desc\u0103rca. Au fost 57km, 1500m diferen\u021b\u0103 de nivel, parcur\u0219i \u00een aproximativ 7 ore.<\/p>\n","protected":false},"author":1,"featured_media":4667,"comment_status":"closed","ping_status":"closed","sticky":false,"template":"","format":"standard","meta":{"ngg_post_thumbnail":0,"footnotes":""},"categories":[130,126,129,1347,11,115,358,368,1346,131,1349,1348,660],"tags":[428,424,427,1352,411,418,631,374,1350,1353,1351,661],"class_list":["post-4666","post","type-post","status-publish","format-standard","has-post-thumbnail","hentry","category-activitati","category-alergare","category-alte-concursuri","category-borhanci","category-cluj","category-cluj-napoca","category-faget-cluj","category-hoia-cluj","category-inelul-verde-metropolitan-cluj","category-localitati-si-zone","category-popesti","category-someseni","category-walking-month","tag-activitati","tag-alergare","tag-alte-concursuri","tag-borhanci","tag-cluj","tag-cluj-napoca","tag-faget-cluj","tag-hoia-cluj","tag-inelul-verde-metropolitan","tag-popesti","tag-someseni","tag-walking-month"],"_links":{"self":[{"href":"https:\/\/www.unpicdetimpliber.ro\/wordpress\/wp-json\/wp\/v2\/posts\/4666","targetHints":{"allow":["GET"]}}],"collection":[{"href":"https:\/\/www.unpicdetimpliber.ro\/wordpress\/wp-json\/wp\/v2\/posts"}],"about":[{"href":"https:\/\/www.unpicdetimpliber.ro\/wordpress\/wp-json\/wp\/v2\/types\/post"}],"author":[{"embeddable":true,"href":"https:\/\/www.unpicdetimpliber.ro\/wordpress\/wp-json\/wp\/v2\/users\/1"}],"replies":[{"embeddable":true,"href":"https:\/\/www.unpicdetimpliber.ro\/wordpress\/wp-json\/wp\/v2\/comments?post=4666"}],"version-history":[{"count":5,"href":"https:\/\/www.unpicdetimpliber.ro\/wordpress\/wp-json\/wp\/v2\/posts\/4666\/revisions"}],"predecessor-version":[{"id":4679,"href":"https:\/\/www.unpicdetimpliber.ro\/wordpress\/wp-json\/wp\/v2\/posts\/4666\/revisions\/4679"}],"wp:featuredmedia":[{"embeddable":true,"href":"https:\/\/www.unpicdetimpliber.ro\/wordpress\/wp-json\/wp\/v2\/media\/4667"}],"wp:attachment":[{"href":"https:\/\/www.unpicdetimpliber.ro\/wordpress\/wp-json\/wp\/v2\/media?parent=4666"}],"wp:term":[{"taxonomy":"category","embeddable":true,"href":"https:\/\/www.unpicdetimpliber.ro\/wordpress\/wp-json\/wp\/v2\/categories?post=4666"},{"taxonomy":"post_tag","embeddable":true,"href":"https:\/\/www.unpicdetimpliber.ro\/wordpress\/wp-json\/wp\/v2\/tags?post=4666"}],"curies":[{"name":"wp","href":"https:\/\/api.w.org\/{rel}","templated":true}]}}