{"id":4680,"date":"2025-01-24T18:11:17","date_gmt":"2025-01-24T16:11:17","guid":{"rendered":"https:\/\/www.unpicdetimpliber.ro\/?p=4680"},"modified":"2025-01-25T09:16:19","modified_gmt":"2025-01-25T07:16:19","slug":"20-de-ani-regi-si-pioni-35-de-ani-tvr-cluj-100-de-ani-federatia-romana-de-sah-si-o-scurta-vizita-de-lucru-la-breb","status":"publish","type":"post","link":"https:\/\/www.unpicdetimpliber.ro\/wordpress\/2025\/01\/20-de-ani-regi-si-pioni-35-de-ani-tvr-cluj-100-de-ani-federatia-romana-de-sah-si-o-scurta-vizita-de-lucru-la-breb.html","title":{"rendered":"20 de ani Regi si Pioni, 35 de ani TVR Cluj, 100 de ani Federatia Romana de Sah si o scurta vizita &#8220;de lucru&#8221; la Breb"},"content":{"rendered":"<div class=\"fcbkbttn_buttons_block\" id=\"fcbkbttn_left\"><div class=\"fcbkbttn_like \"><fb:like href=\"https:\/\/www.unpicdetimpliber.ro\/wordpress\/2025\/01\/20-de-ani-regi-si-pioni-35-de-ani-tvr-cluj-100-de-ani-federatia-romana-de-sah-si-o-scurta-vizita-de-lucru-la-breb.html\" action=\"like\" colorscheme=\"light\" layout=\"box_count\"  size=\"small\"><\/fb:like><\/div><div class=\"fb-share-button  \" data-href=\"https:\/\/www.unpicdetimpliber.ro\/wordpress\/2025\/01\/20-de-ani-regi-si-pioni-35-de-ani-tvr-cluj-100-de-ani-federatia-romana-de-sah-si-o-scurta-vizita-de-lucru-la-breb.html\" data-type=\"button_count\" data-size=\"small\"><\/div><\/div><p><strong>Anii 2024 -2025<\/strong> vor neaparat s\u0103 ias\u0103 \u00een eviden\u0163\u0103 prin reperele de timp \u00een rutina mea, fiind de vreo 30 de ani la <strong>TVR Cluj<\/strong>. \u015ei atunci&#8230; s\u0103 las c\u00e2teva impresii \u015fi un rezumat.<br \/>\nEmisiunea de \u015fah<strong> &#8220;Regi \u015fi Pioni&#8221;<\/strong> a \u00eemplinit <strong>20 de ani \u00een 4 iulie 2024<\/strong>. Ea a fost \u015fi este un mod de a privi din alt unghi dec\u00e2t cel strict tehnic locul meu de munc\u0103, un maxim ce mi-am putut permite pe l\u00e2ng\u0103 activitatea curent\u0103, dar \u015fi \u00eenc\u0103 un pilon \u00een via\u0163\u0103. Trebuie s\u0103 le mul\u0163umesc pentru asta tuturor celor care au fost al\u0103turi de noi \u00een to\u0163i ace\u015fti ani, sigur c\u0103 \u00een primul r\u00e2nd lui <strong>Alin Toma<\/strong> cu care am pornit aceast\u0103 ini\u0163iativ\u0103, am perseverat \u015fi am r\u0103mas \u00eempreun\u0103, apoi lui <strong>Mircea \u0162\u0103lu<\/strong>, unul dintre tinerii care au fost de mai multe ori invita\u0163i la emisiune \u015fi care acum este cel care continu\u0103 aceast\u0103 &#8230; tradi\u0163ie. Sunt convins c\u0103 \u015fahul la televiziune \u00eenc\u0103 nu \u015fi-a valorificat la maxim poten\u0163ialul \u015fi de aceea merit\u0103 s\u0103 merg mai departe. Pe mine m-a format, pentru copii mereu am considerat c\u0103 \u00eenv\u0103\u0163area prin joc e cea mai rapid\u0103, pl\u0103cut\u0103 \u015fi neplictisitoare, iar \u015fahul e chiar mai mult de at\u00e2t: un antrenament pentru via\u0163\u0103.<\/p>\n<figure class=\"embed-gphotos  wp-caption\"><a href=\"https:\/\/photos.google.com\/share\/AF1QipM7nKQdORDvqETUA2llIZJ5A2GB2gpG4GzgyHbUxW5aL3pVh2BbJ9iiDpd1GcVpOw?key=cktPc3p3cHlGc1gtckJ3MW81UHI2bDdKVzRsMXl3\" target=\"_blank\"><img loading=\"lazy\" decoding=\"async\"    src=\"https:\/\/lh3.googleusercontent.com\/pw\/AP1GczOZB0B5g-VCqY7IhZk3JNb1f1COh3ftXxWaSXFRSjz-XXH7Ae_lCZJBsWnqbM6awAYMpqI1gKzIyy16i5TNBdNBlejHFAFvz1NGfYEORaX_oiQGHGm5=w400-h1000\" width=\"400\" height=\"225\"   ><\/a><figcaption class=\"wp-caption-text\"><a href=\"https:\/\/photos.google.com\/share\/AF1QipM7nKQdORDvqETUA2llIZJ5A2GB2gpG4GzgyHbUxW5aL3pVh2BbJ9iiDpd1GcVpOw?key=cktPc3p3cHlGc1gtckJ3MW81UHI2bDdKVzRsMXl3\" target=\"_blank\">\u201dAlbum_Emisiune_Sah_20_ani\u201d \/ Google Photos<\/a><\/figcaption><\/figure>\n<p>Tabla de \u015fah e ca o lume, cu armate &#8211; popula\u0163ii ce se str\u0103duiesc s\u0103 c\u00e2\u015ftige sau s\u0103 convie\u0163uiasc\u0103. Omenirea are personalit\u0103\u0163i, fiecare om are o preg\u0103tire \u00een diverse domenii, de to\u0163i e nevoie, de munca fiec\u0103ruia beneficiem to\u0163i. \u015ei dac\u0103 am considera regii de pe tabla de \u015fah ca ni\u015fte ideologii, fiecare cu adep\u0163ii lor, putem da \u015fi alte sensuri acestei lupte, care la modul ideal ar trebui s\u0103 fie constructive.<br \/>\n\u015ei ce poate fi mai semnificativ ca atunci c\u00e2nd, al\u0103turi de regi, avem regine, nebuni, cai, turnuri ca \u015fi oameni mai instrui\u0163i, mai exist\u0103 \u015fi pionii care pot fi considera\u0163i nu doar p\u0103tura mai de jos a societ\u0103\u0163ii, dar \u015fi baza f\u0103r\u0103 de care nu se poate evolua, prin \u00eenv\u0103\u0163area \u015fi progresul lor eliber\u00e2ndu-se noi \u015fi noi spa\u0163ii de creativitate pentru to\u0163i? S\u0103 nu uit\u0103m c\u0103 \u00een pozi\u0163ia ini\u0163ial\u0103 doar caii pot trece peste &#8220;ignoran\u0163a&#8221; \u015fi necunoa\u015fterea pionilor.&nbsp;<br \/>\n\u015ei, ce s\u0103 vezi, orice pion poate ajunge prin preg\u0103tire pe ultima linie &#8211; regin\u0103, cal, turn, ofi\u0163er, orice! Dac\u0103 am considera pionul un copil \u015fi drumul lui \u00een via\u0163\u0103 acei pa\u015fi care-i face pe tabla vie\u0163ii?<br \/>\n&#8230;<br \/>\n<strong>Poate merit\u0103 s\u0103 mai spun c\u00e2te ceva despre \u00eenceputurile mele ca \u015fi \u015fahist<\/strong>, pentru c\u0103 sunt din genera\u0163ia decre\u0163eilor, iar pe acele vremuri c\u0103ile de a ajunge un \u015fahist bun \u015fi, cu at\u00e2t mai mult, un \u015fahist care s\u0103 poat\u0103 tr\u0103i pe urma acestei pasiuni, erau cu totul altele ca \u015fi acum.&nbsp;<br \/>\nAm \u00eenv\u0103\u0163at \u015fah din mers, privind cum joac\u0103 tat\u0103l meu la mare pe plaj\u0103. Adic\u0103 o perioad\u0103 pe an, e drept c\u0103 noi mergeam cu cortul la N\u0103vodari \u015fi st\u0103team c\u00e2te trei s\u0103pt\u0103m\u00e2ni. Atunci era voie s\u0103 campezi pe plaj\u0103, abia se construia Combinatul Chimic Midia-N\u0103vodari, erau multe lacuri, mergeam la pescuit&#8230;<br \/>\nClasele primare&#8230; Nu aveam c\u0103r\u0163i de \u015fah, \u00eemi doream s\u0103 joc, sub aparen\u0163a lini\u015ftit\u0103 ascundeam pl\u0103cerea competi\u0163iei cu reguli clare ca provocare, p\u00e2n\u0103 la urm\u0103 mi-am luat inima-n din\u0163i \u015fi l-am \u00eentrebat pe tat\u0103l meu dac\u0103 nu vrea s\u0103 joace cu mine. De unde \u015ftii mut\u0103rile<strong>? <\/strong>Am v\u0103zut cum jucai cu oamenii la plaj\u0103. \u015ei a\u015fa am \u00eenceput. Dup\u0103 c\u00e2teva partide am reu\u015fit s\u0103 c\u00e2\u015ftig. Nici acum nu \u015ftiu dac\u0103 pe bune, dar n-am f\u0103cut gafe. \u015ei au trecut anii, pl\u0103cerea de a juca \u015fah a fost rar\u0103, \u00eenv\u0103\u0163am \u015fi citeam ca orice copil.&nbsp;<br \/>\nPasul mare spre \u015fah a venit prin clasa a \u015faptea, c\u00e2nd eram nemul\u0163umit c\u0103 r\u00e2nd pe r\u00e2nd a trebuit s\u0103 renun\u0163 la baschet pentru c\u0103 era praf \u00een sal\u0103 (jucam ca elev la liceul Racovi\u0163\u0103, acolo am f\u0103cut toate cele 12 clase) \u015fi la \u00eenot pentru c\u0103 puteam face ciuperci (bazinul de pe fosta strad\u0103 Dub\u0103larilor, acum Andrei \u015eaguna). Acestea erau versiunile oficiale spuse \u00een familie, dar am \u00eenv\u0103\u0163at \u00een decursul timpului c\u0103 exist\u0103 versiuni pentru copii diferite de cele reale. Cele reale au fost c\u0103 nu eram de viitor la baschet, fiind pi\u015fpiriu, ca urmare antrenorul a c\u0103utat ca \u015fi la al\u0163i indezirabili s\u0103 m\u0103 descurajeze inclusiv spun\u00e2nd la p\u0103rin\u0163i c\u0103 nu sunt atent; sau c\u0103 la \u00eenot, unde fusesem avansat rapid de la \u00eencep\u0103tor (\u00eenotasem doar la mare) la cei de la polo, nu doream s\u0103 sar \u00een bazin de la palierul de la etajul unu \u015fi &#8230; cine \u015ftie, la maic\u0103-mea i se p\u0103rea riscant, mai bine t\u0103ceam.<br \/>\nAm auzit c\u0103 este o sal\u0103 de \u015fah la num\u0103rul 8 pe 30 Decembrie (actual\u0103 Memorandumului). \u015ei am mers acolo. Mi-am zis: oare ce o s\u0103 comenteze maic\u0103-mea acum? Sigur c\u0103 nu i-am spus c\u0103 acolo erau practic numai adul\u0163i, c\u0103 fumau de era cea\u0163\u0103 \u00een sal\u0103 iar unii aveau gura cam slobod\u0103. Alte vremuri, alte principii&#8230; \u015ei sigur c\u0103 lumea m-a privit cu ne\u00eencredere. Am stat la coad\u0103 s\u0103 joc la una dintre mese unde r\u0103m\u00e2nea c\u0103\u015ftig\u0103torul. C\u00e2nd a venit r\u00e2ndul meu unii au cam comentat. Dar a fost cineva care a spus: l\u0103sa\u0163i-l s\u0103 joace.<br \/>\nNu \u015ftiu dac\u0103 era Eugen Hang care r\u0103spundea de sal\u0103 sau era altcineva. Atunci nu cuno\u015fteam pe nimeni. \u015ei sigur c\u0103 am pierdut, deranjat ni\u0163el \u015fi de turuitul incontinuu al adversarului. Dar am fost remarcat de T\u0103n\u0103sescu. M-a rugat s\u0103 mai joc cu cineva. Acum, \u00een grab\u0103, nu g\u0103sesc referin\u0163e despre el. Dar prin el am ajuns la Viitorul C.U.G. \u015fi a\u015fa am ajuns s\u0103 cunosc mul\u0163i \u015fahi\u015fti tineri \u015fi buni de la Cluj, inclusiv pe Alin Toma. Unii mai joac\u0103 \u015fi acum, hai s\u0103 dau un nume: Helmer Janos. Am r\u0103mas cu amintiri frumoase, mai sunt multe de povestit, alt\u0103dat\u0103. \u015ei, dup\u0103 ce am \u00eenceput s\u0103 merg regulat la acea sal\u0103, au mai venit \u015fi al\u0163i tineri, s-a interzis fumatul. De acum \u00eencolo v\u0103 rog s\u0103 nu mai fuma\u0163i, sunt copii \u00een sal\u0103! Cam a\u015fa s-a exprimat Hang.<br \/>\n&#8230;<br \/>\nRevenind, m-am bucurat c\u00e2nd Alin Toma a primit placheta<strong> &#8220;Cu apreciere pentru excelen\u0163\u0103 \u015fi contribu\u0163ia adus\u0103 \u015fahului rom\u00e2nesc &#8211; Emisiune TV Regi \u015fi Pioni&#8221;<\/strong> \u00een<strong> 9 decembrie<\/strong>, \u00een cadrul Galei Centenare a \u015eahului Rom\u00e2nesc, la 100 de ani de la \u00eenfiin\u0163area Federa\u0163iei Rom\u00e2ne de \u015eah.&nbsp;<br \/>\nPu\u0163in c\u00e2te pu\u0163in, la fiecare dup\u0103 puteri, dar c\u00e2nd ai o viziune, \u00een timp, aceasta se vede.&nbsp;<\/p>\n<p>Am scris o postare pe <a href=\"https:\/\/www.regisipioni.ro\/\" target=\"_blank\" rel=\"noopener\"><strong>regisipioni.ro<\/strong><\/a>, acolo sunt linkuri la dou\u0103 dintre emisiunile noastre legate de aceste borne \u00een timp. Aici, pe l\u00e2ng\u0103 c\u00e2teva poze, al\u0103tur o <strong>Edi\u0163ie Special\u0103 de pe TVR Cluj<\/strong> <strong>&#8211; 35 de ani &#8211;<\/strong> unde am fost invitat al\u0103turi de Mircea \u0162\u0103lu. Tema principal\u0103 a acelei edi\u0163ii speciale a fost &#8220;emisiunile pentru tineri&#8221;, ce a reu\u015fit TVR Cluj \u015fi cum v\u0103d tinerii invita\u0163i (elevi, studen\u0163i care au \u015fi roluri de conducere \u00een asocia\u0163ii de elevi, respectiv de studen\u0163i) televiziunea ast\u0103zi, sugestiile lor pentru a le cre\u015fte interesul. Noi, cu \u015fahul, am fost doar o mic\u0103 parte din tot angrenaj.<br \/>\n<iframe loading=\"lazy\" title=\"YouTube video player\" src=\"https:\/\/www.youtube.com\/embed\/WPC7xftDzPQ?si=3zYLNmOjKn7CxC1J&amp;start=1929\" width=\"560\" height=\"315\" frameborder=\"0\" allowfullscreen=\"allowfullscreen\"><\/iframe><br \/>\n<strong>A\u015fadar La mul\u0163i ani TVR Cluj, la 35 de ani! <\/strong>Cea mai mare parte a vie\u0163ii am fost o roti\u0163\u0103 \u00een acest angrenaj. \u015ei nu sunt chiar t\u00e2n\u0103r. \u015ei totu\u015fi a existat Studioul Teritorial Cluj \u00eenainte de cei 35 de ani. Sub forma carului de televiziune la RadioTeleviziunea Rom\u00e2n\u0103. Dar a fost desfiin\u0163at \u00een 1985.<br \/>\n<strong>La mul\u0163i ani Federa\u0163iei Rom\u00e2ne de \u015eah!&nbsp;<\/strong><\/p>\n<figure class=\"embed-gphotos  wp-caption\"><a href=\"https:\/\/photos.google.com\/share\/AF1QipPY7rIgPkY8VX8zIW1pgvdBPblP90J6O9CA0MtBjhz_rafoagDav7pc4jgTg2qy0w?key=cm9XU3RnTldFV0RNQXZveXE0aGRnUGhFMHZJc3JR\" target=\"_blank\"><img loading=\"lazy\" decoding=\"async\"    src=\"https:\/\/lh3.googleusercontent.com\/pw\/AP1GczOpC9MmUSA8hDZsQwal9rYmiG4lsrgO9L0Uh7OxdTFiIfqkMyrwoUtQa7LgdqlMifDy-zM0x0tmJhN2TKk173AkHbT9fSMakwoLkoH6slHZU4S012es=w400-h1000\" width=\"400\" height=\"225\"   ><\/a><figcaption class=\"wp-caption-text\"><a href=\"https:\/\/photos.google.com\/share\/AF1QipPY7rIgPkY8VX8zIW1pgvdBPblP90J6O9CA0MtBjhz_rafoagDav7pc4jgTg2qy0w?key=cm9XU3RnTldFV0RNQXZveXE0aGRnUGhFMHZJc3JR\" target=\"_blank\">\u201dAlbum_Breb\u201d \/ Google Photos<\/a><\/figcaption><\/figure>\n<p>Dar ce e cu<strong> Breb<\/strong>-ul<strong>, <\/strong>care e leg\u0103tura<strong>?<\/strong> \u00cen acela\u015fi <strong>9 decembrie<\/strong>, prin super excep\u0163ie, am fost la Breb ca \u015fi \u015fef de car: \u00eenregistr\u0103ri de muzic\u0103 popular\u0103 \u00eentr-o loca\u0163ie deosebit\u0103 cu soli\u015fti \u00een special din zona Maramure\u015f. Au fost provoc\u0103ri dar a fost frumos, am f\u0103cut c\u00e2teva poze de amintire. Merit\u0103 s\u0103 merge\u0163i acolo! A fost \u015fi concurs de alergare acolo, e un loc unde oamenii se str\u0103duiesc s\u0103 p\u0103streze tradi\u0163iile, inclusiv cele culinare. Un Saschiz mai s\u0103lbatic \u00eens\u0103, cu case vechi maramure\u015fene.<br \/>\n<strong>Clujul \u015fi \u015fahul peste tot!<\/strong><\/p>\n<p>&nbsp;&nbsp;<\/p>\n","protected":false},"excerpt":{"rendered":"<p>Anii 2024 -2025 vor neaparat s\u0103 ias\u0103 \u00een eviden\u0163\u0103 prin reperele de timp \u00een rutina mea, fiind de vreo 30 de ani la TVR Cluj. \u015ei atunci&#8230; s\u0103 las c\u00e2teva impresii \u015fi un rezumat. Emisiunea de \u015fah &#8220;Regi \u015fi Pioni&#8221; a \u00eemplinit 20 de ani \u00een 4 iulie 2024. Ea a fost \u015fi este un mod de a privi din alt unghi dec\u00e2t cel strict tehnic locul meu de munc\u0103, un maxim ce mi-am putut permite pe l\u00e2ng\u0103 activitatea curent\u0103, dar \u015fi \u00eenc\u0103 un pilon \u00een via\u0163\u0103. Trebuie s\u0103 le mul\u0163umesc pentru asta tuturor celor care au fost al\u0103turi de noi \u00een to\u0163i ace\u015fti ani, sigur c\u0103 \u00een primul r\u00e2nd lui Alin Toma cu care am pornit aceast\u0103 ini\u0163iativ\u0103, am perseverat \u015fi am r\u0103mas \u00eempreun\u0103, apoi lui Mircea \u0162\u0103lu, unul dintre tinerii care au fost de mai multe ori invita\u0163i la emisiune \u015fi care acum este cel care continu\u0103 aceast\u0103 &#8230; tradi\u0163ie. Sunt convins c\u0103 \u015fahul la televiziune \u00eenc\u0103 nu \u015fi-a valorificat la maxim poten\u0163ialul \u015fi de aceea merit\u0103 s\u0103 merg mai departe. Pe mine m-a format, pentru copii mereu am considerat c\u0103 \u00eenv\u0103\u0163area prin joc e cea mai rapid\u0103, pl\u0103cut\u0103 \u015fi neplictisitoare, iar \u015fahul e chiar mai mult de at\u00e2t: un antrenament pentru via\u0163\u0103. Tabla de \u015fah e ca o lume, cu armate &#8211; popula\u0163ii ce se str\u0103duiesc s\u0103 c\u00e2\u015ftige sau s\u0103 convie\u0163uiasc\u0103. Omenirea are personalit\u0103\u0163i, fiecare om are o preg\u0103tire \u00een diverse domenii, de to\u0163i e nevoie, de munca fiec\u0103ruia beneficiem to\u0163i. \u015ei dac\u0103 am considera regii de pe tabla de \u015fah ca ni\u015fte ideologii, fiecare cu adep\u0163ii lor, putem da \u015fi alte sensuri acestei lupte, care la modul ideal ar trebui s\u0103 fie constructive. \u015ei ce poate fi mai semnificativ ca atunci c\u00e2nd, al\u0103turi de regi, avem regine, nebuni, cai, turnuri ca \u015fi oameni mai instrui\u0163i, mai exist\u0103 \u015fi pionii care pot fi considera\u0163i nu doar p\u0103tura mai de jos a societ\u0103\u0163ii, dar \u015fi baza f\u0103r\u0103 de care nu se poate evolua, prin \u00eenv\u0103\u0163area \u015fi progresul lor eliber\u00e2ndu-se noi \u015fi noi spa\u0163ii de creativitate pentru to\u0163i? S\u0103 nu uit\u0103m c\u0103 \u00een pozi\u0163ia ini\u0163ial\u0103 doar caii pot trece peste &#8220;ignoran\u0163a&#8221; \u015fi necunoa\u015fterea pionilor.&nbsp; \u015ei, ce s\u0103 vezi, orice pion poate ajunge prin preg\u0103tire pe ultima linie &#8211; regin\u0103, cal, turn, ofi\u0163er, orice! Dac\u0103 am considera pionul un copil \u015fi drumul lui \u00een via\u0163\u0103 acei pa\u015fi care-i face pe tabla vie\u0163ii? &#8230; Poate merit\u0103 s\u0103 mai spun c\u00e2te ceva despre \u00eenceputurile mele ca \u015fi \u015fahist, pentru c\u0103 sunt din genera\u0163ia decre\u0163eilor, iar pe acele vremuri c\u0103ile de a ajunge un \u015fahist bun \u015fi, cu at\u00e2t mai mult, un \u015fahist care s\u0103 poat\u0103 tr\u0103i pe urma acestei pasiuni, erau cu totul altele ca \u015fi acum.&nbsp; Am \u00eenv\u0103\u0163at \u015fah din mers, privind cum joac\u0103 tat\u0103l meu la mare pe plaj\u0103. Adic\u0103 o perioad\u0103 pe an, e drept c\u0103 noi mergeam cu cortul la N\u0103vodari \u015fi st\u0103team c\u00e2te trei s\u0103pt\u0103m\u00e2ni. Atunci era voie s\u0103 campezi pe plaj\u0103, abia se construia Combinatul Chimic Midia-N\u0103vodari, erau multe lacuri, mergeam la pescuit&#8230; Clasele primare&#8230; Nu aveam c\u0103r\u0163i de \u015fah, \u00eemi doream s\u0103 joc, sub aparen\u0163a lini\u015ftit\u0103 ascundeam pl\u0103cerea competi\u0163iei cu reguli clare ca provocare, p\u00e2n\u0103 la urm\u0103 mi-am luat inima-n din\u0163i \u015fi l-am \u00eentrebat pe tat\u0103l meu dac\u0103 nu vrea s\u0103 joace cu mine. De unde \u015ftii mut\u0103rile? Am v\u0103zut cum jucai cu oamenii la plaj\u0103. \u015ei a\u015fa am \u00eenceput. Dup\u0103 c\u00e2teva partide am reu\u015fit s\u0103 c\u00e2\u015ftig. Nici acum nu \u015ftiu dac\u0103 pe bune, dar n-am f\u0103cut gafe. \u015ei au trecut anii, pl\u0103cerea de a juca \u015fah a fost rar\u0103, \u00eenv\u0103\u0163am \u015fi citeam ca orice copil.&nbsp; Pasul mare spre \u015fah a venit prin clasa a \u015faptea, c\u00e2nd eram nemul\u0163umit c\u0103 r\u00e2nd pe r\u00e2nd a trebuit s\u0103 renun\u0163 la baschet pentru c\u0103 era praf \u00een sal\u0103 (jucam ca elev la liceul Racovi\u0163\u0103, acolo am f\u0103cut toate cele 12 clase) \u015fi la \u00eenot pentru c\u0103 puteam face ciuperci (bazinul de pe fosta strad\u0103 Dub\u0103larilor, acum Andrei \u015eaguna). Acestea erau versiunile oficiale spuse \u00een familie, dar am \u00eenv\u0103\u0163at \u00een decursul timpului c\u0103 exist\u0103 versiuni pentru copii diferite de cele reale. Cele reale au fost c\u0103 nu eram de viitor la baschet, fiind pi\u015fpiriu, ca urmare antrenorul a c\u0103utat ca \u015fi la al\u0163i indezirabili s\u0103 m\u0103 descurajeze inclusiv spun\u00e2nd la p\u0103rin\u0163i c\u0103 nu sunt atent; sau c\u0103 la \u00eenot, unde fusesem avansat rapid de la \u00eencep\u0103tor (\u00eenotasem doar la mare) la cei de la polo, nu doream s\u0103 sar \u00een bazin de la palierul de la etajul unu \u015fi &#8230; cine \u015ftie, la maic\u0103-mea i se p\u0103rea riscant, mai bine t\u0103ceam. Am auzit c\u0103 este o sal\u0103 de \u015fah la num\u0103rul 8 pe 30 Decembrie (actual\u0103 Memorandumului). \u015ei am mers acolo. Mi-am zis: oare ce o s\u0103 comenteze maic\u0103-mea acum? Sigur c\u0103 nu i-am spus c\u0103 acolo erau practic numai adul\u0163i, c\u0103 fumau de era cea\u0163\u0103 \u00een sal\u0103 iar unii aveau gura cam slobod\u0103. Alte vremuri, alte principii&#8230; \u015ei sigur c\u0103 lumea m-a privit cu ne\u00eencredere. Am stat la coad\u0103 s\u0103 joc la una dintre mese unde r\u0103m\u00e2nea c\u0103\u015ftig\u0103torul. C\u00e2nd a venit r\u00e2ndul meu unii au cam comentat. Dar a fost cineva care a spus: l\u0103sa\u0163i-l s\u0103 joace. Nu \u015ftiu dac\u0103 era Eugen Hang care r\u0103spundea de sal\u0103 sau era altcineva. Atunci nu cuno\u015fteam pe nimeni. \u015ei sigur c\u0103 am pierdut, deranjat ni\u0163el \u015fi de turuitul incontinuu al adversarului. Dar am fost remarcat de T\u0103n\u0103sescu. M-a rugat s\u0103 mai joc cu cineva. Acum, \u00een grab\u0103, nu g\u0103sesc referin\u0163e despre el. Dar prin el am ajuns la Viitorul C.U.G. \u015fi a\u015fa am ajuns s\u0103 cunosc mul\u0163i \u015fahi\u015fti tineri \u015fi buni de la Cluj, inclusiv pe Alin Toma. Unii mai joac\u0103 \u015fi acum, hai s\u0103 dau un nume: Helmer Janos. Am r\u0103mas cu amintiri frumoase, mai sunt multe de povestit, alt\u0103dat\u0103. \u015ei, dup\u0103 ce am \u00eenceput s\u0103 merg regulat la acea sal\u0103, au mai venit \u015fi al\u0163i tineri, s-a interzis fumatul. De acum \u00eencolo v\u0103 rog s\u0103 nu mai fuma\u0163i, sunt copii \u00een sal\u0103! Cam a\u015fa s-a exprimat Hang. &#8230; Revenind, m-am bucurat c\u00e2nd Alin Toma a primit placheta &#8220;Cu apreciere pentru excelen\u0163\u0103 \u015fi contribu\u0163ia adus\u0103 \u015fahului rom\u00e2nesc &#8211; Emisiune TV Regi \u015fi Pioni&#8221; \u00een 9 decembrie, \u00een cadrul Galei Centenare a \u015eahului Rom\u00e2nesc, la 100 de ani de la \u00eenfiin\u0163area Federa\u0163iei Rom\u00e2ne de \u015eah.&nbsp; Pu\u0163in c\u00e2te pu\u0163in, la fiecare dup\u0103 puteri, dar c\u00e2nd ai o viziune, \u00een timp, aceasta se vede.&nbsp; Am scris o postare pe regisipioni.ro, acolo sunt linkuri la dou\u0103 dintre emisiunile noastre legate de aceste borne \u00een timp. Aici, pe l\u00e2ng\u0103 c\u00e2teva poze, al\u0103tur o Edi\u0163ie Special\u0103 de pe TVR Cluj &#8211; 35 de ani &#8211; unde am fost invitat al\u0103turi de Mircea \u0162\u0103lu. Tema principal\u0103 a acelei edi\u0163ii speciale a fost &#8220;emisiunile pentru tineri&#8221;, ce a reu\u015fit TVR Cluj \u015fi cum v\u0103d tinerii invita\u0163i (elevi, studen\u0163i care au \u015fi roluri de conducere \u00een asocia\u0163ii de elevi, respectiv de studen\u0163i) televiziunea ast\u0103zi, sugestiile lor pentru a le cre\u015fte interesul. Noi, cu \u015fahul, am fost doar o mic\u0103 parte din tot angrenaj. A\u015fadar La mul\u0163i ani TVR Cluj, la 35 de ani! Cea mai mare parte a vie\u0163ii am fost o roti\u0163\u0103 \u00een acest angrenaj. \u015ei nu sunt chiar t\u00e2n\u0103r. \u015ei totu\u015fi a existat Studioul Teritorial Cluj \u00eenainte de cei 35 de ani. Sub forma carului de televiziune la RadioTeleviziunea Rom\u00e2n\u0103. Dar a fost desfiin\u0163at \u00een 1985. La mul\u0163i ani Federa\u0163iei Rom\u00e2ne de \u015eah!&nbsp; Dar ce e cu Breb-ul, care e leg\u0103tura? \u00cen acela\u015fi 9 decembrie, prin super excep\u0163ie, am fost la Breb ca \u015fi \u015fef de car: \u00eenregistr\u0103ri de muzic\u0103 popular\u0103 \u00eentr-o loca\u0163ie deosebit\u0103 cu soli\u015fti \u00een special din zona Maramure\u015f. Au fost provoc\u0103ri dar a fost frumos, am f\u0103cut c\u00e2teva poze de amintire. Merit\u0103 s\u0103 merge\u0163i acolo! A fost \u015fi concurs de alergare acolo, e un loc unde oamenii se str\u0103duiesc s\u0103 p\u0103streze tradi\u0163iile, inclusiv cele culinare. Un Saschiz mai s\u0103lbatic \u00eens\u0103, cu case vechi maramure\u015fene. Clujul \u015fi \u015fahul peste tot! &nbsp;&nbsp;<\/p>\n","protected":false},"author":1,"featured_media":4681,"comment_status":"closed","ping_status":"closed","sticky":false,"template":"","format":"standard","meta":{"ngg_post_thumbnail":0,"footnotes":""},"categories":[1364,1362,1363,1365,228,61,229],"tags":[1366,518,416,519],"class_list":["post-4680","post","type-post","status-publish","format-standard","has-post-thumbnail","hentry","category-100-de-ani-federatia-romana-de-sah-si-o-scurta-vizita-de-lucru-la-breb","category-20-de-ani-regi-si-pioni","category-35-de-ani-tvr-cluj","category-breb","category-emisiune-sah","category-sah","category-tvr-cluj","tag-breb","tag-emisiune-sah","tag-sah","tag-tvr-cluj"],"_links":{"self":[{"href":"https:\/\/www.unpicdetimpliber.ro\/wordpress\/wp-json\/wp\/v2\/posts\/4680","targetHints":{"allow":["GET"]}}],"collection":[{"href":"https:\/\/www.unpicdetimpliber.ro\/wordpress\/wp-json\/wp\/v2\/posts"}],"about":[{"href":"https:\/\/www.unpicdetimpliber.ro\/wordpress\/wp-json\/wp\/v2\/types\/post"}],"author":[{"embeddable":true,"href":"https:\/\/www.unpicdetimpliber.ro\/wordpress\/wp-json\/wp\/v2\/users\/1"}],"replies":[{"embeddable":true,"href":"https:\/\/www.unpicdetimpliber.ro\/wordpress\/wp-json\/wp\/v2\/comments?post=4680"}],"version-history":[{"count":9,"href":"https:\/\/www.unpicdetimpliber.ro\/wordpress\/wp-json\/wp\/v2\/posts\/4680\/revisions"}],"predecessor-version":[{"id":4698,"href":"https:\/\/www.unpicdetimpliber.ro\/wordpress\/wp-json\/wp\/v2\/posts\/4680\/revisions\/4698"}],"wp:featuredmedia":[{"embeddable":true,"href":"https:\/\/www.unpicdetimpliber.ro\/wordpress\/wp-json\/wp\/v2\/media\/4681"}],"wp:attachment":[{"href":"https:\/\/www.unpicdetimpliber.ro\/wordpress\/wp-json\/wp\/v2\/media?parent=4680"}],"wp:term":[{"taxonomy":"category","embeddable":true,"href":"https:\/\/www.unpicdetimpliber.ro\/wordpress\/wp-json\/wp\/v2\/categories?post=4680"},{"taxonomy":"post_tag","embeddable":true,"href":"https:\/\/www.unpicdetimpliber.ro\/wordpress\/wp-json\/wp\/v2\/tags?post=4680"}],"curies":[{"name":"wp","href":"https:\/\/api.w.org\/{rel}","templated":true}]}}