{"id":639,"date":"2013-08-15T10:58:10","date_gmt":"2013-08-15T07:58:10","guid":{"rendered":"http:\/\/www.unpicdetimpliber.ro\/?p=639"},"modified":"2013-08-20T10:41:55","modified_gmt":"2013-08-20T07:41:55","slug":"xco-oradea-series-la-final-cupa-crater-betfia-oradea","status":"publish","type":"post","link":"https:\/\/www.unpicdetimpliber.ro\/wordpress\/2013\/08\/xco-oradea-series-la-final-cupa-crater-betfia-oradea.html","title":{"rendered":"XCO Oradea Series la final &#8211; Cupa &#8220;Crater&#8221; Betfia Oradea"},"content":{"rendered":"<div class=\"fcbkbttn_buttons_block\" id=\"fcbkbttn_left\"><div class=\"fcbkbttn_like \"><fb:like href=\"https:\/\/www.unpicdetimpliber.ro\/wordpress\/2013\/08\/xco-oradea-series-la-final-cupa-crater-betfia-oradea.html\" action=\"like\" colorscheme=\"light\" layout=\"box_count\"  size=\"small\"><\/fb:like><\/div><div class=\"fb-share-button  \" data-href=\"https:\/\/www.unpicdetimpliber.ro\/wordpress\/2013\/08\/xco-oradea-series-la-final-cupa-crater-betfia-oradea.html\" data-type=\"button_count\" data-size=\"small\"><\/div><\/div><p><iframe loading=\"lazy\" style=\"border: none; height: 80px; width: 450px;\" src=\"http:\/\/www.facebook.com\/plugins\/like.php?href=https:\/\/www.unpicdetimpliber.ro\/wordpress\/2013\/08\/xco-oradea-series-la-final-cupa-crater-betfia-oradea.html\" height=\"240\" width=\"320\" frameborder=\"0\" scrolling=\"no\"><\/iframe><br \/>\nA treia etapa (\u015fi ultima) din XCO Oradea Series a fost Cupa &#8220;Crater&#8221; din padurea Betfia &#8211; Oradea. Am participat la primele dou\u0103 etape a\u015fa c\u0103 nu puteam lipsi la cea mai bine cotat\u0103 din serie &#8211; Cupa &#8220;Crater&#8221;, singura de altfel consacrat\u0103 &#8211; am participat \u015fi <a href=\"https:\/\/www.unpicdetimpliber.ro\/wordpress\/2012\/08\/xco-la-betfia-cupa-crater.html\" target=\"_blank\">anul trecut<\/a>.<\/p>\n<table style=\"width: auto;\">\n<tbody>\n<tr>\n<td><a href=\"https:\/\/picasaweb.google.com\/lh\/photo\/hjF2oTGBrg033hMaZHdIYdMTjNZETYmyPJy0liipFm0?feat=embedwebsite\"><img loading=\"lazy\" decoding=\"async\" alt=\"\" src=\"https:\/\/lh6.googleusercontent.com\/-fdW7YZah_wY\/UghJ-FcFbYI\/AAAAAAAAU3A\/3nnkddl9kUY\/s400\/1146725_10151830138113846_527346152_n.jpg\" width=\"395\" height=\"400\" \/><\/a><\/td>\n<\/tr>\n<tr>\n<td style=\"font-family: arial,sans-serif; font-size: 11px; text-align: right;\">Multumesc pentru poze &#8211; From <a href=\"https:\/\/picasaweb.google.com\/103481498978040293448\/CupaCraterBetfiaOradeaXCOSiDH?authuser=0&amp;feat=embedwebsite\">Cupa Crater Betfia &#8211; Oradea &#8211; XCO si DH<\/a><\/td>\n<\/tr>\n<\/tbody>\n<\/table>\n<p>La primele dou\u0103 etape &#8211; <a href=\"https:\/\/www.unpicdetimpliber.ro\/wordpress\/2013\/03\/doja-xco-oradea.html\" target=\"_blank\">Doja <\/a>\u015fi <a href=\"https:\/\/www.unpicdetimpliber.ro\/wordpress\/2013\/06\/xco-paleu-si-un-preview-al-maratonului-apuseni.html\" target=\"_blank\">Paleu\u00a0<\/a>&#8211; am \u00eencheiat tot pe locul 1 la veterani dar concuren\u0163a a fost mai pu\u0163in numeroas\u0103 \u015fi mai mult local\u0103. Acum \u00een lista de participare erau \u00eenscri\u015fi inclusiv concuren\u0163i din Ungaria, \u0163ar\u0103 cu rezultate mult mai bune ca a noastr\u0103 \u00een MTB, a\u015fa c\u0103 \u0163elul meu era s\u0103 \u00eencerc s\u0103 prind podium \u015fi la aceast\u0103 etap\u0103, av\u00e2nd astfel asigurat locul 1 \u00een clasamentul general al campionatului de la Oradea.<\/p>\n<table style=\"width: auto;\">\n<tbody>\n<tr>\n<td><a href=\"https:\/\/picasaweb.google.com\/lh\/photo\/SCuld36KTFJvqtsnrsdcBdMTjNZETYmyPJy0liipFm0?feat=embedwebsite\"><img loading=\"lazy\" decoding=\"async\" alt=\"\" src=\"https:\/\/lh3.googleusercontent.com\/-4Su1hh3MJtg\/UghKT6lf9fI\/AAAAAAAAU3Q\/R0UOGnqnGOo\/s400\/DSC_0001.JPG\" width=\"400\" height=\"269\" \/><\/a><\/td>\n<\/tr>\n<tr>\n<td style=\"font-family: arial,sans-serif; font-size: 11px; text-align: right;\">La start &#8211; copiii asteapta sa plecam noi &#8211; From <a href=\"https:\/\/picasaweb.google.com\/103481498978040293448\/CupaCraterBetfiaOradeaXCOSiDH?authuser=0&amp;feat=embedwebsite\">Cupa Crater Betfia &#8211; Oradea &#8211; XCO si DH<\/a><\/td>\n<\/tr>\n<\/tbody>\n<\/table>\n<p>Spre deosebire de <a href=\"https:\/\/www.unpicdetimpliber.ro\/wordpress\/2013\/07\/paltinis-stage-race-campionatele-nationale-xco-si-etapa-xcp.html\" target=\"_blank\">Campionatul Na\u0163ional XCO de la P\u0103ltini\u015f<\/a>, am ajuns la Betfia cu o zi \u00eenainte, cu \u00eentreaga familie, reu\u015find s\u0103 fac \u015fi dou\u0103 ture de recunoa\u015ftere traseu \u00eenainte de a \u00eencepe ploaia, plus c\u00e2teva ture pe traseul de copii cu ai mei. La &#8220;valoarea&#8221; mea am nevoie mai mare ca al\u0163ii s\u0103 fac aceste recunoa\u015fteri, s\u0103 tot repet anumite por\u0163iuni mai tehnice ca s\u0103 evit pierderile de timp pe &#8220;chicken line&#8221;. La P\u0103ltini\u015f n-am apucat s\u0103 fac acest lucru dec\u00e2t \u00een ziua concursului \u015fi abia am reu\u015fit s\u0103 memorez por\u0163iunile \u015fi s\u0103-mi fac strategia pentru &#8230; &#8220;duatlon&#8221; &#8211; dou\u0103 cobor\u00e2ri erau prea riscante pentru mine \u015fi nu doream s\u0103 ma afecteze la XCP-ul din ziua urm\u0103toare. M-am bucurat s\u0103 v\u0103d c\u0103 n-am probleme deosebite pe cobor\u00e2ri, aduc\u00e2ndu-mi aminte traseul de anul trecut (nu erau mari modific\u0103ri). Eram cu cauciucurile mele obi\u015fnuite, n-am avut nevoie de Rubber Queen ca anul trecut, \u015fi speram s\u0103 fiu mai rapid ca atunci.<\/p>\n<p>Participan\u0163ii tradi\u0163ionali de la echipele Clujul Pedaleaz\u0103 \u015fi Interteam erau prezen\u0163i \u015fi acum, dar erau \u015fi c\u00e2teva surprize de valoare: Marton Blazso (Ungaria), Tudor Oprea (Ideal Geiger Team) \u015fi Marius Petrache (Interteam). \u00cemi pare r\u0103u c\u0103 n-a fost la start prietenul Sorin Simu, c\u0103 acum nu mai era ziua mea (ca la Paleu) \u015fi doream s\u0103 v\u0103d dac\u0103 \u015fi-n condi\u0163ii obi\u015fnuite pot fi mai bun :). \u00cen fine, odat\u0103 cu prezen\u0163a elitelor la start, a mai ap\u0103rut o motiva\u0163ie: s\u0103 nu fiu &#8220;outlapped&#8221; dec\u00e2t \u00een a treia tur\u0103 (\u015fi ultima la amatori).<\/p>\n<p>\u015ei a \u00eenceput cursa&#8230; Am fost relativ constant &#8211; cam 23min \u015fi c\u00e2teva secunde pe tur, practic diferen\u0163e \u00een jur de dou\u0103 &#8211; trei secunde de la o tur\u0103 la alta \u015fi cred c\u0103 mai puteam continua tot a\u015fa o tur\u0103 &#8211; dou\u0103. La prima tur\u0103 era trafic dar toat\u0103 lumea tr\u0103gea mai tare, iar la ultima am fost mai atent ca s\u0103 fac loc la cei mai buni. M-a ajutat la acest ritm Tudor Stupariu, de care m-am tot \u0163inut pe parcursul turelor, ajung\u00e2ndu-l la urc\u0103ri dar pierz\u00e2ndu-l pe por\u0163iunile mai rapide.<\/p>\n<table style=\"width: auto;\">\n<tbody>\n<tr>\n<td><a href=\"https:\/\/picasaweb.google.com\/lh\/photo\/tHlyTE2VEGqt2cNygWuyEtMTjNZETYmyPJy0liipFm0?feat=embedwebsite\"><img loading=\"lazy\" decoding=\"async\" alt=\"\" src=\"https:\/\/lh5.googleusercontent.com\/-5t97gWzBNLI\/UgxP_Y0jVuI\/AAAAAAAAVbg\/LwT1ekMa5sc\/s400\/DSC_0001.JPG\" width=\"400\" height=\"269\" \/><\/a><\/td>\n<\/tr>\n<tr>\n<td style=\"font-family: arial,sans-serif; font-size: 11px; text-align: right;\">locul 1 la veterani la general &#8211; From <a href=\"https:\/\/picasaweb.google.com\/103481498978040293448\/CupaCraterBetfiaOradeaXCOSiDH?authuser=0&amp;feat=embedwebsite\">Cupa Crater Betfia &#8211; Oradea &#8211; XCO si DH<\/a><\/td>\n<\/tr>\n<\/tbody>\n<\/table>\n<table style=\"width: auto;\">\n<tbody>\n<tr>\n<td><a href=\"https:\/\/picasaweb.google.com\/lh\/photo\/V9BkFHMm5Fa9T6QeZr5_SdMTjNZETYmyPJy0liipFm0?feat=embedwebsite\"><img loading=\"lazy\" decoding=\"async\" alt=\"\" src=\"https:\/\/lh5.googleusercontent.com\/-5BR7VByXm_U\/Ugh5Qb4DV3I\/AAAAAAAAVRA\/BXXBf0DLUxs\/s400\/DSC_0208.JPG\" width=\"400\" height=\"269\" \/><\/a><\/td>\n<\/tr>\n<tr>\n<td style=\"font-family: arial,sans-serif; font-size: 11px; text-align: right;\">podium la baieti 6-10 ani &#8211; From <a href=\"https:\/\/picasaweb.google.com\/103481498978040293448\/CupaCraterBetfiaOradeaXCOSiDH?authuser=0&amp;feat=embedwebsite\">Cupa Crater Betfia &#8211; Oradea &#8211; XCO si DH<\/a><\/td>\n<\/tr>\n<\/tbody>\n<\/table>\n<table style=\"width: auto;\">\n<tbody>\n<tr>\n<td><a href=\"https:\/\/picasaweb.google.com\/lh\/photo\/V36P7VDHEvL1Es0HhO9PKtMTjNZETYmyPJy0liipFm0?feat=embedwebsite\"><img loading=\"lazy\" decoding=\"async\" alt=\"\" src=\"https:\/\/lh4.googleusercontent.com\/-sz2qTOjCRqM\/Ugh5ysMdPKI\/AAAAAAAAVRk\/j905ZogUDvY\/s400\/DSC_0212.JPG\" width=\"400\" height=\"269\" \/><\/a><\/td>\n<\/tr>\n<tr>\n<td style=\"font-family: arial,sans-serif; font-size: 11px; text-align: right;\">podium la fete 6-10 ani &#8211; From <a href=\"https:\/\/picasaweb.google.com\/103481498978040293448\/CupaCraterBetfiaOradeaXCOSiDH?authuser=0&amp;feat=embedwebsite\">Cupa Crater Betfia &#8211; Oradea &#8211; XCO si DH<\/a><\/td>\n<\/tr>\n<\/tbody>\n<\/table>\n<table style=\"width: auto;\">\n<tbody>\n<tr>\n<td><a href=\"https:\/\/picasaweb.google.com\/lh\/photo\/KenSLtAJOLAAy0tFlBwxKdMTjNZETYmyPJy0liipFm0?feat=embedwebsite\"><img loading=\"lazy\" decoding=\"async\" alt=\"\" src=\"https:\/\/lh3.googleusercontent.com\/-eS8FvHkdxjY\/Ugh-YhboUYI\/AAAAAAAAVWA\/OInfe9Tatj0\/s400\/DSC_0248.JPG\" width=\"400\" height=\"269\" \/><\/a><\/td>\n<\/tr>\n<tr>\n<td style=\"font-family: arial,sans-serif; font-size: 11px; text-align: right;\">podium la veterani general XCO Series &#8211; From <a href=\"https:\/\/picasaweb.google.com\/103481498978040293448\/CupaCraterBetfiaOradeaXCOSiDH?authuser=0&amp;feat=embedwebsite\">Cupa Crater Betfia &#8211; Oradea &#8211; XCO si DH<\/a><\/td>\n<\/tr>\n<\/tbody>\n<\/table>\n<p>Finalul pentru mine a \u00eensemnat:<br \/>\n&#8211; locul 4 la categorie (m-au \u00eentrecut Sarosi, un concurent din Ungaria \u015fi Horvath Dezso &#8211; care \u015fi anul trecut a fost mai bun, dar de data aceasta am fost la 40 secunde de el, nu la 5 minute) \u015fi locul 1 la general veterani dup\u0103 cele 3 etape<br \/>\n&#8211; un timp pe fiecare tur cu aproximativ 30 de secunde mai rapid ca anul trecut.<\/p>\n<p>Traseul a fost solicitant \u015fi cu tot felul de provoc\u0103ri &#8211; mai mari sau mai mici, practic nu aveai prea mult timp de respiro. Fa\u0163\u0103 de P\u0103ltini\u015f nu a fost a\u015fa dur pe cobor\u00e2ri, dar a compensat prin faptul c\u0103 a fost bibilit \ud83d\ude42 de la cap la coad\u0103. Felicit\u0103ri <a href=\"http:\/\/www.velosportoradea.ro\/\" target=\"_blank\">Velosport<\/a>!<\/p>\n<table style=\"width: auto;\">\n<tbody>\n<tr>\n<td><a href=\"https:\/\/picasaweb.google.com\/lh\/photo\/4LyROnJF7RwfteH_7kEv99MTjNZETYmyPJy0liipFm0?feat=embedwebsite\"><img loading=\"lazy\" decoding=\"async\" alt=\"\" src=\"https:\/\/lh5.googleusercontent.com\/-R_XThvRqKj0\/Ugh0oWgfEpI\/AAAAAAAAVMg\/l40LjAhDYP4\/s400\/DSC_0167.JPG\" width=\"400\" height=\"269\" \/><\/a><\/td>\n<\/tr>\n<tr>\n<td style=\"font-family: arial,sans-serif; font-size: 11px; text-align: right;\">cateva poze si de la downhill &#8211; From <a href=\"https:\/\/picasaweb.google.com\/103481498978040293448\/CupaCraterBetfiaOradeaXCOSiDH?authuser=0&amp;feat=embedwebsite\">Cupa Crater Betfia &#8211; Oradea &#8211; XCO si DH<\/a><\/td>\n<\/tr>\n<\/tbody>\n<\/table>\n<p>A fost bine c\u0103 \u015fi copiii au avut nu numai ce vedea dar \u015fi au putut s\u0103-\u015fi foloseasc\u0103 energia la concursurile lor. Ai mei au terminat pe locul 2 la categoriile lor \u015fi apoi, dup\u0103 pauza de mas\u0103 (altfel ar fi fost grea asteptarea p\u00e2n\u0103 la premiere), au plecat s\u0103-i vad\u0103 pe cei de la downhill. Da, competi\u0163ia XCO clasic\u0103 a fost \u00eenso\u0163it\u0103 \u015fi de o prob\u0103 de downhill &#8211; am \u015fi fost per-pedes s\u0103 v\u0103d traseul \u015fi am f\u0103cut poze &#8211; nu m-am str\u0103duit prea mult s\u0103 scot c\u00e2teva bune, am vrut s\u0103 r\u0103m\u00e2n\u0103 \u015fi pentru mine stilul de abordare a unei cobor\u00e2ri abrupte \u015fi de aceea am setat modul continuu la pozat (c\u0103 n-a fost chiar continuu \u015fi dup\u0103 dou\u0103-trei poze intram \u00een &#8220;a\u015fteptare&#8221; e vina SD-cardului \u00een principal). Cel pu\u0163in \u00eentr-un loc &#8211; la o s\u0103ritoare cam de doi metri &#8211; a\u015f fi urmat chicken line. Interesant sport \u015fi downhillul &#8211; dac\u0103 MTB \u00een general e considerat sport extrem cel pu\u0163in la firmele de asigur\u0103ri, atunci DH nu \u015ftiu la ce termen \u00eel \u00eencadreaz\u0103.<\/p>\n<p>Urmeaz\u0103 pentru mine si copii Geiger, la Sibiu. Ne vedem acolo!<\/p>\n","protected":false},"excerpt":{"rendered":"<p>A treia etapa (\u015fi ultima) din XCO Oradea Series a fost Cupa &#8220;Crater&#8221; din padurea Betfia &#8211; Oradea. Am participat la primele dou\u0103 etape a\u015fa c\u0103 nu puteam lipsi la cea mai bine cotat\u0103 din serie &#8211; Cupa &#8220;Crater&#8221;, singura de altfel consacrat\u0103 &#8211; am participat \u015fi anul trecut. Multumesc pentru poze &#8211; From Cupa Crater Betfia &#8211; Oradea &#8211; XCO si DH La primele dou\u0103 etape &#8211; Doja \u015fi Paleu\u00a0&#8211; am \u00eencheiat tot pe locul 1 la veterani dar concuren\u0163a a fost mai pu\u0163in numeroas\u0103 \u015fi mai mult local\u0103. Acum \u00een lista de participare erau \u00eenscri\u015fi inclusiv concuren\u0163i din Ungaria, \u0163ar\u0103 cu rezultate mult mai bune ca a noastr\u0103 \u00een MTB, a\u015fa c\u0103 \u0163elul meu era s\u0103 \u00eencerc s\u0103 prind podium \u015fi la aceast\u0103 etap\u0103, av\u00e2nd astfel asigurat locul 1 \u00een clasamentul general al campionatului de la Oradea. La start &#8211; copiii asteapta sa plecam noi &#8211; From Cupa Crater Betfia &#8211; Oradea &#8211; XCO si DH Spre deosebire de Campionatul Na\u0163ional XCO de la P\u0103ltini\u015f, am ajuns la Betfia cu o zi \u00eenainte, cu \u00eentreaga familie, reu\u015find s\u0103 fac \u015fi dou\u0103 ture de recunoa\u015ftere traseu \u00eenainte de a \u00eencepe ploaia, plus c\u00e2teva ture pe traseul de copii cu ai mei. La &#8220;valoarea&#8221; mea am nevoie mai mare ca al\u0163ii s\u0103 fac aceste recunoa\u015fteri, s\u0103 tot repet anumite por\u0163iuni mai tehnice ca s\u0103 evit pierderile de timp pe &#8220;chicken line&#8221;. La P\u0103ltini\u015f n-am apucat s\u0103 fac acest lucru dec\u00e2t \u00een ziua concursului \u015fi abia am reu\u015fit s\u0103 memorez por\u0163iunile \u015fi s\u0103-mi fac strategia pentru &#8230; &#8220;duatlon&#8221; &#8211; dou\u0103 cobor\u00e2ri erau prea riscante pentru mine \u015fi nu doream s\u0103 ma afecteze la XCP-ul din ziua urm\u0103toare. M-am bucurat s\u0103 v\u0103d c\u0103 n-am probleme deosebite pe cobor\u00e2ri, aduc\u00e2ndu-mi aminte traseul de anul trecut (nu erau mari modific\u0103ri). Eram cu cauciucurile mele obi\u015fnuite, n-am avut nevoie de Rubber Queen ca anul trecut, \u015fi speram s\u0103 fiu mai rapid ca atunci. Participan\u0163ii tradi\u0163ionali de la echipele Clujul Pedaleaz\u0103 \u015fi Interteam erau prezen\u0163i \u015fi acum, dar erau \u015fi c\u00e2teva surprize de valoare: Marton Blazso (Ungaria), Tudor Oprea (Ideal Geiger Team) \u015fi Marius Petrache (Interteam). \u00cemi pare r\u0103u c\u0103 n-a fost la start prietenul Sorin Simu, c\u0103 acum nu mai era ziua mea (ca la Paleu) \u015fi doream s\u0103 v\u0103d dac\u0103 \u015fi-n condi\u0163ii obi\u015fnuite pot fi mai bun :). \u00cen fine, odat\u0103 cu prezen\u0163a elitelor la start, a mai ap\u0103rut o motiva\u0163ie: s\u0103 nu fiu &#8220;outlapped&#8221; dec\u00e2t \u00een a treia tur\u0103 (\u015fi ultima la amatori). \u015ei a \u00eenceput cursa&#8230; Am fost relativ constant &#8211; cam 23min \u015fi c\u00e2teva secunde pe tur, practic diferen\u0163e \u00een jur de dou\u0103 &#8211; trei secunde de la o tur\u0103 la alta \u015fi cred c\u0103 mai puteam continua tot a\u015fa o tur\u0103 &#8211; dou\u0103. La prima tur\u0103 era trafic dar toat\u0103 lumea tr\u0103gea mai tare, iar la ultima am fost mai atent ca s\u0103 fac loc la cei mai buni. M-a ajutat la acest ritm Tudor Stupariu, de care m-am tot \u0163inut pe parcursul turelor, ajung\u00e2ndu-l la urc\u0103ri dar pierz\u00e2ndu-l pe por\u0163iunile mai rapide. locul 1 la veterani la general &#8211; From Cupa Crater Betfia &#8211; Oradea &#8211; XCO si DH podium la baieti 6-10 ani &#8211; From Cupa Crater Betfia &#8211; Oradea &#8211; XCO si DH podium la fete 6-10 ani &#8211; From Cupa Crater Betfia &#8211; Oradea &#8211; XCO si DH podium la veterani general XCO Series &#8211; From Cupa Crater Betfia &#8211; Oradea &#8211; XCO si DH Finalul pentru mine a \u00eensemnat: &#8211; locul 4 la categorie (m-au \u00eentrecut Sarosi, un concurent din Ungaria \u015fi Horvath Dezso &#8211; care \u015fi anul trecut a fost mai bun, dar de data aceasta am fost la 40 secunde de el, nu la 5 minute) \u015fi locul 1 la general veterani dup\u0103 cele 3 etape &#8211; un timp pe fiecare tur cu aproximativ 30 de secunde mai rapid ca anul trecut. Traseul a fost solicitant \u015fi cu tot felul de provoc\u0103ri &#8211; mai mari sau mai mici, practic nu aveai prea mult timp de respiro. Fa\u0163\u0103 de P\u0103ltini\u015f nu a fost a\u015fa dur pe cobor\u00e2ri, dar a compensat prin faptul c\u0103 a fost bibilit \ud83d\ude42 de la cap la coad\u0103. Felicit\u0103ri Velosport! cateva poze si de la downhill &#8211; From Cupa Crater Betfia &#8211; Oradea &#8211; XCO si DH A fost bine c\u0103 \u015fi copiii au avut nu numai ce vedea dar \u015fi au putut s\u0103-\u015fi foloseasc\u0103 energia la concursurile lor. Ai mei au terminat pe locul 2 la categoriile lor \u015fi apoi, dup\u0103 pauza de mas\u0103 (altfel ar fi fost grea asteptarea p\u00e2n\u0103 la premiere), au plecat s\u0103-i vad\u0103 pe cei de la downhill. Da, competi\u0163ia XCO clasic\u0103 a fost \u00eenso\u0163it\u0103 \u015fi de o prob\u0103 de downhill &#8211; am \u015fi fost per-pedes s\u0103 v\u0103d traseul \u015fi am f\u0103cut poze &#8211; nu m-am str\u0103duit prea mult s\u0103 scot c\u00e2teva bune, am vrut s\u0103 r\u0103m\u00e2n\u0103 \u015fi pentru mine stilul de abordare a unei cobor\u00e2ri abrupte \u015fi de aceea am setat modul continuu la pozat (c\u0103 n-a fost chiar continuu \u015fi dup\u0103 dou\u0103-trei poze intram \u00een &#8220;a\u015fteptare&#8221; e vina SD-cardului \u00een principal). Cel pu\u0163in \u00eentr-un loc &#8211; la o s\u0103ritoare cam de doi metri &#8211; a\u015f fi urmat chicken line. Interesant sport \u015fi downhillul &#8211; dac\u0103 MTB \u00een general e considerat sport extrem cel pu\u0163in la firmele de asigur\u0103ri, atunci DH nu \u015ftiu la ce termen \u00eel \u00eencadreaz\u0103. Urmeaz\u0103 pentru mine si copii Geiger, la Sibiu. Ne vedem acolo!<\/p>\n","protected":false},"author":1,"featured_media":0,"comment_status":"open","ping_status":"open","sticky":false,"template":"","format":"standard","meta":{"ngg_post_thumbnail":0,"footnotes":""},"categories":[251,131,13,252,12],"tags":[540,413,541,412],"class_list":["post-639","post","type-post","status-publish","format-standard","hentry","category-cupa-crater-betfia-xco","category-localitati-si-zone","category-oradea","category-padurea-betfia","category-xco","tag-cupa-crater-betfia-xco","tag-oradea","tag-padurea-betfia","tag-xco"],"_links":{"self":[{"href":"https:\/\/www.unpicdetimpliber.ro\/wordpress\/wp-json\/wp\/v2\/posts\/639","targetHints":{"allow":["GET"]}}],"collection":[{"href":"https:\/\/www.unpicdetimpliber.ro\/wordpress\/wp-json\/wp\/v2\/posts"}],"about":[{"href":"https:\/\/www.unpicdetimpliber.ro\/wordpress\/wp-json\/wp\/v2\/types\/post"}],"author":[{"embeddable":true,"href":"https:\/\/www.unpicdetimpliber.ro\/wordpress\/wp-json\/wp\/v2\/users\/1"}],"replies":[{"embeddable":true,"href":"https:\/\/www.unpicdetimpliber.ro\/wordpress\/wp-json\/wp\/v2\/comments?post=639"}],"version-history":[{"count":8,"href":"https:\/\/www.unpicdetimpliber.ro\/wordpress\/wp-json\/wp\/v2\/posts\/639\/revisions"}],"predecessor-version":[{"id":651,"href":"https:\/\/www.unpicdetimpliber.ro\/wordpress\/wp-json\/wp\/v2\/posts\/639\/revisions\/651"}],"wp:attachment":[{"href":"https:\/\/www.unpicdetimpliber.ro\/wordpress\/wp-json\/wp\/v2\/media?parent=639"}],"wp:term":[{"taxonomy":"category","embeddable":true,"href":"https:\/\/www.unpicdetimpliber.ro\/wordpress\/wp-json\/wp\/v2\/categories?post=639"},{"taxonomy":"post_tag","embeddable":true,"href":"https:\/\/www.unpicdetimpliber.ro\/wordpress\/wp-json\/wp\/v2\/tags?post=639"}],"curies":[{"name":"wp","href":"https:\/\/api.w.org\/{rel}","templated":true}]}}