{"id":647,"date":"2013-08-20T10:39:01","date_gmt":"2013-08-20T07:39:01","guid":{"rendered":"http:\/\/www.unpicdetimpliber.ro\/?p=647"},"modified":"2013-08-22T07:31:30","modified_gmt":"2013-08-22T04:31:30","slug":"mein-geiger","status":"publish","type":"post","link":"https:\/\/www.unpicdetimpliber.ro\/wordpress\/2013\/08\/mein-geiger.html","title":{"rendered":"Mein Geiger"},"content":{"rendered":"<div class=\"fcbkbttn_buttons_block\" id=\"fcbkbttn_left\"><div class=\"fcbkbttn_like \"><fb:like href=\"https:\/\/www.unpicdetimpliber.ro\/wordpress\/2013\/08\/mein-geiger.html\" action=\"like\" colorscheme=\"light\" layout=\"box_count\"  size=\"small\"><\/fb:like><\/div><div class=\"fb-share-button  \" data-href=\"https:\/\/www.unpicdetimpliber.ro\/wordpress\/2013\/08\/mein-geiger.html\" data-type=\"button_count\" data-size=\"small\"><\/div><\/div><p><iframe loading=\"lazy\" style=\"border: none; height: 80px; width: 450px;\" src=\"http:\/\/www.facebook.com\/plugins\/like.php?href=https:\/\/www.unpicdetimpliber.ro\/wordpress\/2013\/08\/mein-geiger.html\" height=\"240\" width=\"320\" frameborder=\"0\" scrolling=\"no\"><\/iframe><br \/>\nDup\u0103 o mul\u0163ime de concursuri la care am participat anul acesta a venit r\u00e2ndul <a href=\"http:\/\/www.bikeromania.ro\/triada-mtb\/triada-mtb-2013-etapa-a-3-a-geiger-mtb-challenge\/\" target=\"_blank\">Geiger MTB Challenge<\/a>, un concurs a\u015fteptat de mult\u0103 lume pentru c\u0103 este considerat o referin\u0163\u0103. \u015ei pentru mine este, \u00een sensul c\u0103 aici, ca \u015fi la alte concursuri mari, pot s\u0103-mi &#8220;iau pulsul&#8221; \u015fi s\u0103 m\u0103 compar cu performan\u0163ele mele anterioare, mai ales c\u0103 e <a href=\"https:\/\/www.unpicdetimpliber.ro\/wordpress\/category\/maraton-mtb\/geiger-maraton-sibiu\" target=\"_blank\">a patra oar\u0103<\/a> c\u00e2nd vin \u015fi tot la tura lung\u0103.<\/p>\n<p>Ca bilan\u0163 pot pune p\u00e2n\u0103 acum un DNF &#8211; dep\u0103\u015fire limita de timp (acum nu se mai pune problema) la prima participare, un podium la categorie &#8211; loc 2 cu un timp peste 9 ore!!! \u015fi un timp record pentru mine anul trecut de 8h21min (loc 4 la categorie). Acum \u015ftiam c\u0103 e concuren\u0163\u0103 puternic\u0103 \u015fi judec\u00e2nd corect \u00een mod normal locul meu e cel pu\u0163in dup\u0103 Maus, Robike, Vasiliu \u015fi &#8230; venind tare din urm\u0103 Simu \u015fi Lup\u015fa. Lupta mea va fi \u00een principiu cu Moisa, dar ca speran\u0163e nu pot spune c\u0103 nu m-am g\u00e2ndit \u015fi la 2-3 din primii cinci pomeni\u0163i, plus o minune la altul :). \u00cen orice caz ca s\u0103 sper la ceva trebuia s\u0103-mi dep\u0103\u015fesc timpul de anul trecut \u015fi s\u0103 cobor sub 8 ore. Cu aceste g\u00e2nduri am plecat la drum cu \u00eentreaga familie, copiii urm\u00e2nd s\u0103 participe la probele lor s\u00e2mb\u0103t\u0103.<\/p>\n<p>\u00cencep \u00een ordine cronologic\u0103 cu copiii. Pentru ei a fost o dezam\u0103gire c\u0103 nu mai puteau participa la proba family la care au fost de dou\u0103 ori la r\u00e2nd (acum doi ani Tudor a avut 5 ani), a\u015fa c\u0103 le-am promis c\u0103 dac\u0103 mai avem timp s\u00e2mb\u0103t\u0103 d\u0103m o tur\u0103 \u00eempreun\u0103. M\u0103car am sc\u0103pat de stresul cu alegerea c\u0103ruia dintre ei s\u0103 participe cu so\u0163ia, de\u015fi cred c\u0103 deja trocul era f\u0103cut \u00eentre ei \u0163in\u00e2nd cont c\u0103 anul trecut oficial Tudor a participat. \u00cen fine, ne-am concentrat aten\u0163ia pe cursele lor, a\u015fa cum de altfel am v\u0103zut c\u0103 au f\u0103cut \u015fi al\u0163i p\u0103rin\u0163i.<\/p>\n<table style=\"width: auto;\">\n<tbody>\n<tr>\n<td><a href=\"https:\/\/picasaweb.google.com\/lh\/photo\/JxcPl_TPQFP3_5X0o90hydMTjNZETYmyPJy0liipFm0?feat=embedwebsite\"><img loading=\"lazy\" decoding=\"async\" alt=\"\" src=\"https:\/\/lh3.googleusercontent.com\/-cisml_pWCtY\/UhL4vjceABI\/AAAAAAAAVeE\/Z-PoDa-a3nQ\/s400\/DSC_0070.JPG\" width=\"400\" height=\"269\" \/><\/a><\/td>\n<\/tr>\n<tr>\n<td style=\"font-family: arial,sans-serif; font-size: 11px; text-align: right;\">From <a href=\"https:\/\/picasaweb.google.com\/103481498978040293448\/GeigerMTBChallengeProbeleCopii?authuser=0&amp;feat=embedwebsite\">Geiger MTB Challenge &#8211; probele copii<\/a><\/td>\n<\/tr>\n<\/tbody>\n<\/table>\n<table style=\"width: auto;\">\n<tbody>\n<tr>\n<td><a href=\"https:\/\/picasaweb.google.com\/lh\/photo\/8Yw9dZmWIbUwm79R_o7ucdMTjNZETYmyPJy0liipFm0?feat=embedwebsite\"><img loading=\"lazy\" decoding=\"async\" alt=\"\" src=\"https:\/\/lh3.googleusercontent.com\/-KOhLOct1Kng\/UhL4zrCSPPI\/AAAAAAAAVfQ\/8XWw3T5LJuo\/s400\/DSC_0080.JPG\" width=\"400\" height=\"269\" \/><\/a><\/td>\n<\/tr>\n<tr>\n<td style=\"font-family: arial,sans-serif; font-size: 11px; text-align: right;\">From <a href=\"https:\/\/picasaweb.google.com\/103481498978040293448\/GeigerMTBChallengeProbeleCopii?authuser=0&amp;feat=embedwebsite\">Geiger MTB Challenge &#8211; probele copii<\/a><\/td>\n<\/tr>\n<\/tbody>\n<\/table>\n<p>Alerg\u00e2nd pe l\u00e2ng\u0103 ei am exersat singura urcare mai abrupt\u0103 de c\u00e2te ori a fost necesar pentru a putea urca pe scurt\u0103tur\u0103, le-am interzis s\u0103 se dep\u0103\u015feasc\u0103 l\u0103s\u00e2nd ambi\u0163iile pentru curs\u0103 \u015fi am testat cu cronometru \u015fi posibilitatea ca Tudor s\u0103 foloseasc\u0103 bicicleta Andreei. Din p\u0103cate am uitat s\u0103-i reglez \u015faua \u015fi timpul n-a fost relevant, ca urmare am hot\u0103r\u00e2t s\u0103 nu-l mai obosesc \u015fi s\u0103 mearg\u0103 clasic cu bicicleta lui de\u015fi eram convins c\u0103-i mai rapid cu cea mai mare.\u00a0Ultimele indica\u0163ii au fost pentru Andreea, spun\u00e2ndu-i s\u0103 \u00eencerce s\u0103 fie pe podium \u015fi consider\u00e2nd b\u0103ie\u0163ii, ne\u015ftiind dac\u0103 se face clasament separat la fete.<\/p>\n<table style=\"width: auto;\">\n<tbody>\n<tr>\n<td><a href=\"https:\/\/picasaweb.google.com\/lh\/photo\/YqUL5SHnHW6aUuKKmSodmNMTjNZETYmyPJy0liipFm0?feat=embedwebsite\"><img loading=\"lazy\" decoding=\"async\" alt=\"\" src=\"https:\/\/lh4.googleusercontent.com\/-zdopa0YxGD0\/UhL53KVd1CI\/AAAAAAAAVx4\/7cqmy2bqd84\/s400\/DSC_0255.JPG\" width=\"400\" height=\"269\" \/><\/a><\/td>\n<\/tr>\n<tr>\n<td style=\"font-family: arial,sans-serif; font-size: 11px; text-align: right;\">From <a href=\"https:\/\/picasaweb.google.com\/103481498978040293448\/GeigerMTBChallengeProbeleCopii?authuser=0&amp;feat=embedwebsite\">Geiger MTB Challenge &#8211; probele copii<\/a><\/td>\n<\/tr>\n<\/tbody>\n<\/table>\n<p>Au fost curse grele pentru am\u00e2ndoi, to\u0163i copiii dorind s\u0103 fie primii. Am remarcat \u015fi trenule\u0163ul de la cursa Andreei &#8211; cinci din copii deta\u015f\u00e2ndu-se de restul &#8220;plutonului&#8221;. Bravo pentru spiritul de competi\u0163ie dovedit de to\u0163i copiii \u015fi, evident, sunt m\u00e2ndru de ai mei: locul 2 Tudor \u015fi locul 1 Andreea la fete (ea a fost singura fat\u0103 ce a reu\u015fit s\u0103 urce pe podiumul &#8220;virtual&#8221; av\u00e2nd \u00een fa\u0163\u0103 doi b\u0103ie\u0163i, dep\u0103\u015findu-l pe cel de pe locul 4 abia la finalul ultimei ture).<\/p>\n<table style=\"width: auto;\">\n<tbody>\n<tr>\n<td><a href=\"https:\/\/picasaweb.google.com\/lh\/photo\/CUf5Bf_4On0iCUu8DLl-uNMTjNZETYmyPJy0liipFm0?feat=embedwebsite\"><img loading=\"lazy\" decoding=\"async\" alt=\"\" src=\"https:\/\/lh5.googleusercontent.com\/-fNg5hR6X2bY\/UhL78hqw7mI\/AAAAAAAAWUo\/dj1LKGKPv1A\/s400\/DSC_0575.jpg\" width=\"400\" height=\"269\" \/><\/a><\/td>\n<\/tr>\n<tr>\n<td style=\"font-family: arial,sans-serif; font-size: 11px; text-align: right;\">From <a href=\"https:\/\/picasaweb.google.com\/103481498978040293448\/GeigerMTBChallengeProbeleCopii?authuser=0&amp;feat=embedwebsite\">Geiger MTB Challenge &#8211; probele copii<\/a><\/td>\n<\/tr>\n<\/tbody>\n<\/table>\n<table style=\"width: auto;\">\n<tbody>\n<tr>\n<td><a href=\"https:\/\/picasaweb.google.com\/lh\/photo\/_5lcmUQB9HJ5TWQKa6m4UNMTjNZETYmyPJy0liipFm0?feat=embedwebsite\"><img loading=\"lazy\" decoding=\"async\" alt=\"\" src=\"https:\/\/lh5.googleusercontent.com\/-n8b_c_Laf18\/UhL8FL3mAqI\/AAAAAAAAWXA\/TZd_xa24DQw\/s400\/DSC_0596.jpg\" width=\"400\" height=\"269\" \/><\/a><\/td>\n<\/tr>\n<tr>\n<td style=\"font-family: arial,sans-serif; font-size: 11px; text-align: right;\">From <a href=\"https:\/\/picasaweb.google.com\/103481498978040293448\/GeigerMTBChallengeProbeleCopii?authuser=0&amp;feat=embedwebsite\">Geiger MTB Challenge &#8211; probele copii<\/a><\/td>\n<\/tr>\n<\/tbody>\n<\/table>\n<p>N-a mai putut fi vorba de nici o excursie pe traseul de \u00eencep\u0103tori (fostul traseu family) \u015fi am pornit cu to\u0163ii spre R\u0103\u015finari s\u0103 ne caz\u0103m.<\/p>\n<table style=\"width: auto;\">\n<tbody>\n<tr>\n<td><a href=\"https:\/\/picasaweb.google.com\/lh\/photo\/WcQilmBSVZ8yK1qrK6IJ-NMTjNZETYmyPJy0liipFm0?feat=embedwebsite\"><img loading=\"lazy\" decoding=\"async\" alt=\"\" src=\"https:\/\/lh5.googleusercontent.com\/-PA4c-EAUKIk\/UhL8WCoqmkI\/AAAAAAAAWbw\/EeIMVqaCum8\/s400\/DSC_0634.JPG\" width=\"400\" height=\"269\" \/><\/a><\/td>\n<\/tr>\n<tr>\n<td style=\"font-family: arial,sans-serif; font-size: 11px; text-align: right;\">From <a href=\"https:\/\/picasaweb.google.com\/103481498978040293448\/GeigerMTBChallengeProbeleCopii?authuser=0&amp;feat=embedwebsite\">Geiger MTB Challenge &#8211; probele copii<\/a><\/td>\n<\/tr>\n<\/tbody>\n<\/table>\n<p>Duminic\u0103 a \u00eenceput cursa mea. Eram motivat, mi-am scris \u015fi timpii mei intermediari cei mai buni, de anul trecut, pe harta cu profilul.<\/p>\n<table style=\"width: auto;\">\n<tbody>\n<tr>\n<td><a href=\"https:\/\/picasaweb.google.com\/lh\/photo\/na-JGTUfdogClXWN2z8xoNMTjNZETYmyPJy0liipFm0?feat=embedwebsite\"><img loading=\"lazy\" decoding=\"async\" alt=\"\" src=\"https:\/\/lh6.googleusercontent.com\/-VD6w76d9v5k\/UhG1lHKwxyI\/AAAAAAAAVco\/tqFpuo5xjMo\/s400\/DSC_0001.JPG\" width=\"400\" height=\"269\" \/><\/a><\/td>\n<\/tr>\n<tr>\n<td style=\"font-family: arial,sans-serif; font-size: 11px; text-align: right;\">From <a href=\"https:\/\/picasaweb.google.com\/103481498978040293448\/GeigerMTBChallenge2013?authuser=0&amp;feat=embedwebsite\">Geiger MTB Challenge 2013<\/a><\/td>\n<\/tr>\n<\/tbody>\n<\/table>\n<table style=\"width: auto;\">\n<tbody>\n<tr>\n<td><a href=\"https:\/\/picasaweb.google.com\/lh\/photo\/tvR_rfv_E0MHw-Y5u1Exi9MTjNZETYmyPJy0liipFm0?feat=embedwebsite\"><img loading=\"lazy\" decoding=\"async\" alt=\"\" src=\"https:\/\/lh3.googleusercontent.com\/-xJHK6Eq6C4c\/UhMF-uDFSCI\/AAAAAAAAWok\/gGYhOH8lx6U\/s400\/1174802_617402041625309_1716646424_n%2520%25281%2529.jpg\" width=\"400\" height=\"300\" \/><\/a><\/td>\n<\/tr>\n<tr>\n<td style=\"font-family: arial,sans-serif; font-size: 11px; text-align: right;\">la start al\u0103turi de Sorin, mul\u0163umesc pentru poz\u0103 &#8211; From <a href=\"https:\/\/picasaweb.google.com\/103481498978040293448\/GeigerMTBChallenge2013?authuser=0&amp;feat=embedwebsite\">Geiger MTB Challenge 2013<\/a><\/td>\n<\/tr>\n<\/tbody>\n<\/table>\n<p>Am fost abia spre mijlocul plutonului la start dar trena mai lent\u0103 a ma\u015finii de poli\u0163ie mi-a permis s\u0103 ajung destul de bine la intrarea de pe asfalt pe off-road. A\u015fa cum au remarcat mul\u0163i concuren\u0163i, la Geiger de data aceasta n-au venit oameni f\u0103r\u0103 experien\u0163\u0103 \u015fi ca urmare n-am avut ambuteiaje la prima urcare, iar la final dup\u0103 ce am studiat timpii mai cu aten\u0163ie am v\u0103zut c\u0103 am fost mai rapid ca anul trecut\u00a0p\u00e2n\u0103 \u015fi la primii 9km de asfalt.<\/p>\n<p>Nu pot spune \u00eens\u0103 c\u0103 pe prima cobor\u00e2re n-am avut probleme. Nu \u015ftiu din ce cauz\u0103 s-a pus o fr\u00e2n\u0103 brusc\u0103 \u015fi pur \u015fi simplu ca s\u0103 evit dobor\u00e2rea a mai multor &#8220;popice&#8221; am luat-o pe ar\u0103tur\u0103, pomenindu-m\u0103 \u00een fa\u0163\u0103 cu o tuf\u0103 uria\u015f\u0103 de spini. Am trecut \u00een vitez\u0103 drept prin ea \u015fi cred c\u0103 n-am vorbit prea ortodox g\u00e2ndindu-m\u0103 c\u0103 e greu de crezut s\u0103 scap f\u0103r\u0103 pan\u0103. Urm\u0103torii kilometri la fiecare tendin\u0163\u0103 de alunecare studiam ro\u0163ile \u015fi-n orice caz am mers mai prudent, p\u00e2ndind unde pot dep\u0103\u015fi \u00een siguran\u0163\u0103 pe cei din fa\u0163\u0103.<\/p>\n<table style=\"width: auto;\">\n<tbody>\n<tr>\n<td><a href=\"https:\/\/picasaweb.google.com\/lh\/photo\/o9Sl_APhkRh_0nLiMPoQi9MTjNZETYmyPJy0liipFm0?feat=embedwebsite\"><img loading=\"lazy\" decoding=\"async\" alt=\"\" src=\"https:\/\/lh4.googleusercontent.com\/-CEiy4t1ui34\/UhMF-tGC5AI\/AAAAAAAAWog\/YwWwyMRVQF4\/s400\/971434_631772220180737_412175728_n.jpg\" width=\"400\" height=\"300\" \/><\/a><\/td>\n<\/tr>\n<tr>\n<td style=\"font-family: arial,sans-serif; font-size: 11px; text-align: right;\">mul\u0163umesc pentru poz\u0103 &#8211; From <a href=\"https:\/\/picasaweb.google.com\/103481498978040293448\/GeigerMTBChallenge2013?authuser=0&amp;feat=embedwebsite\">Geiger MTB Challenge 2013<\/a><\/td>\n<\/tr>\n<\/tbody>\n<\/table>\n<p>La desp\u0103r\u0163irea de trasee scurt-lung eram cu peste 15min mai rapid ca anul trecut (pe strava am v\u0103zut c\u0103 de fapt pe urcarea de M\u0103gura am fost mai bun doar cu 3min) \u015fi p\u00e2n\u0103 atunci nu mi-a fost ru\u015fine cu concuren\u0163ii din jurul meu. A urmat o curs\u0103 care a \u00eenceput solitar \u015fi la care m-am g\u00e2ndit c\u0103 n-ar fi r\u0103u s\u0103 m\u0103 ajung\u0103 cineva ca s\u0103 \u00eencerc s\u0103 am un ritm. Dorin\u0163a mi-a fost \u00eendeplinit\u0103 cu v\u00e2rf \u015fi \u00eendesat, am fost ajuns, problema \u00eens\u0103 era c\u0103 s-au \u015fi dus :). Al dracului pe\u015fti\u015for de aur, ve\u015fnic m\u0103 p\u0103c\u0103le\u015fte cu ceva am\u0103nunte. Totu\u015fi, fiind \u015fi urc\u0103ri, am reu\u015fit s\u0103 m\u0103 \u0163in de &#8220;grupul Hora\u0163iu&#8221; \u015fi chiar s\u0103 trec \u00een fa\u0163\u0103. \u015etiind c\u0103 anul trecut Hora\u0163iu a terminat cam cu o or\u0103 \u00eenaintea mea, m-am g\u00e2ndit c\u0103 nu stau r\u0103u. A fost foarte bun\u0103 noua variant\u0103 spre R\u00e2u Sadului, perfect ciclabil\u0103 \u015fi cu peisaje frumoase. E unul din motivele pentru care \u015fi la al doilea reper de timp al meu &#8211; PA3, am ajuns cu 30min mai repede.<\/p>\n<table style=\"width: auto;\">\n<tbody>\n<tr>\n<td><a href=\"https:\/\/picasaweb.google.com\/lh\/photo\/zDNG-nYBitakdkoWdhunStMTjNZETYmyPJy0liipFm0?feat=embedwebsite\"><img loading=\"lazy\" decoding=\"async\" alt=\"\" src=\"https:\/\/lh4.googleusercontent.com\/-g7boN99dA_s\/UhM2uWGvd6I\/AAAAAAAAWpA\/BjNcS5W-Zhk\/s400\/harta-geiger.jpg\" width=\"365\" height=\"400\" \/><\/a><\/td>\n<\/tr>\n<tr>\n<td style=\"font-family: arial,sans-serif; font-size: 11px; text-align: right;\">harta oficiala Geiger tura lunga &#8211; From <a href=\"https:\/\/picasaweb.google.com\/103481498978040293448\/GeigerMTBChallenge2013?authuser=0&amp;feat=embedwebsite\">Geiger MTB Challenge 2013<\/a><\/td>\n<\/tr>\n<\/tbody>\n<\/table>\n<table style=\"width: auto;\">\n<tbody>\n<tr>\n<td><a href=\"https:\/\/picasaweb.google.com\/lh\/photo\/4mIXwULDF0jjAeyA4F3DXtMTjNZETYmyPJy0liipFm0?feat=embedwebsite\"><img loading=\"lazy\" decoding=\"async\" alt=\"\" src=\"https:\/\/lh4.googleusercontent.com\/-uFWNuX7hdqQ\/UhG4yh3QxiI\/AAAAAAAAVc4\/vkN1csZH_sc\/s400\/repere%2520tiimp%2520comparativ%25202012-2013.JPG\" width=\"400\" height=\"252\" \/><\/a><\/td>\n<\/tr>\n<tr>\n<td style=\"font-family: arial,sans-serif; font-size: 11px; text-align: right;\">From <a href=\"https:\/\/picasaweb.google.com\/103481498978040293448\/GeigerMTBChallenge2013?authuser=0&amp;feat=embedwebsite\">Geiger MTB Challenge 2013<\/a><\/td>\n<\/tr>\n<\/tbody>\n<\/table>\n<p>P\u00e2n\u0103 la PA3 &#8211; intersec\u0163ia de trasee (bucla de Paltini\u015f, \u00eentoarcere), am r\u0103mas \u00een urma grupului Hora\u0163iu, ajung\u00e2ndu-m\u0103 Alex Hoinarul care pierduse timp cu repararea unei pene la Elena. Partea bun\u0103 a fost c\u0103 vedeam pe unul din concuren\u0163i, dar nu am reu\u015fit s\u0103-l ajung dec\u00e2t la push-bike-ul pe bolov\u0103ni\u015f. Era de la HPM, deci cred c\u0103 era Moisa (scuze c\u0103 nu ne \u015ftim \u00eenc\u0103 \ud83d\ude42 ). Am reu\u015fit s\u0103 m\u0103 urc pe bike \u00eenaintea lui \u015fi m-am dep\u0103rtat de concuren\u0163a direct\u0103. La PA3 Florian mi-a spus c\u0103-s pe locul 4 la categorie \u015fi m-a \u00eentrebat de Lup\u015fa. Ini\u0163ial am r\u0103mas cu gura c\u0103scat\u0103 c\u00e2nd am auzit pozi\u0163ia, dar n-am \u00eentrebat mai multe. Mi-am f\u0103cut calcule, \u015ftiam c\u0103 podiumul e pierdut, dar &#8230; \u015ftiam \u015fi ceva \u00een plus de la start, \u015ftiam c\u0103 Lup\u015fa trebuia s\u0103 fie cu Sorin dar ceva s-a \u00eent\u00e2mplat. \u00cen fine, m\u0103 ajungea Moisa \u015fi am plecat.<\/p>\n<p>Urcarea spre P\u0103ltini\u015f a fost cam interminabil\u0103, m\u0103 a\u015fteptam s\u0103 fie mai scurt\u0103. Am strigat la o domni\u015foar\u0103 venit\u0103 cu familia care tocmai desf\u0103cea tacticos o band\u0103 de marcaj (ini\u0163ial crezusem c\u0103 e de la organizatori). Sus deja \u015ftiam traseul de cobor\u00e2re, doar fusesem la XCP-ul de P\u0103ltini\u015f. Pe c\u00e2nd coboram am auzit c\u00e2inele de la releu h\u0103maind, semn c\u0103 urm\u0103ritorul era la doar c\u00e2teva minute de mine. N-am cobor\u00e2t prea bine, fiind probabil \u015fi stresat. Jos iar la PA, stau la o cola. Aveam doar 5h33min fa\u0163\u0103 de 6h09 de anul trecut, deci eram mul\u0163umit. P\u00e2n\u0103 aici n-am avut nici o problem\u0103 deosebit\u0103, marcajul a fost impecabil, oamenii amabili, s\u0103ritori, gps-ul nu l-am folosit dec\u00e2t s\u0103 v\u0103d timpii si distan\u0163a, l\u0103s\u00e2ndu-l \u00een modul trip.<\/p>\n<table style=\"width: auto;\">\n<tbody>\n<tr>\n<td><a href=\"https:\/\/picasaweb.google.com\/lh\/photo\/qoLZceLZmi_I2e6p8fGlUdMTjNZETYmyPJy0liipFm0?feat=embedwebsite\"><img loading=\"lazy\" decoding=\"async\" alt=\"\" src=\"https:\/\/lh6.googleusercontent.com\/-gJ5Xo193zpw\/UhGzScCj2YI\/AAAAAAAAVcI\/04m5hE8htqE\/s400\/traseu%25202012%2520negru%2520si%25202013%2520magenta.JPG\" width=\"400\" height=\"271\" \/><\/a><\/td>\n<\/tr>\n<tr>\n<td style=\"font-family: arial,sans-serif; font-size: 11px; text-align: right;\">locul ratacirii traseului lung &#8211; PC5 (Up1Paltin<wbr \/>is)- cu magenta traseul parcurs de mine,<br \/>\ncu negru pe unde trebuia sa merg &#8211;\u00a0From <a href=\"https:\/\/picasaweb.google.com\/103481498978040293448\/GeigerMTBChallenge2013?authuser=0&amp;feat=embedwebsite\">Geiger MTB Challenge 2013<\/a><\/td>\n<\/tr>\n<\/tbody>\n<\/table>\n<table style=\"width: auto;\">\n<tbody>\n<tr>\n<td><a href=\"https:\/\/picasaweb.google.com\/lh\/photo\/An7U1Yz66kjt2a6pnpn-y9MTjNZETYmyPJy0liipFm0?feat=embedwebsite\"><img loading=\"lazy\" decoding=\"async\" alt=\"\" src=\"https:\/\/lh3.googleusercontent.com\/-eMwkSnl2CW4\/UhGzSWDoF-I\/AAAAAAAAVcE\/KNL7kpKbRNI\/s400\/ratacire%2520geiger%25202013.JPG\" width=\"400\" height=\"264\" \/><\/a><\/td>\n<\/tr>\n<tr>\n<td style=\"font-family: arial,sans-serif; font-size: 11px; text-align: right;\">From <a href=\"https:\/\/picasaweb.google.com\/103481498978040293448\/GeigerMTBChallenge2013?authuser=0&amp;feat=embedwebsite\">Geiger MTB Challenge 2013<\/a><\/td>\n<\/tr>\n<\/tbody>\n<\/table>\n<p>A urmat r\u0103t\u0103cirea. Mai \u00eent\u00e2i am fost bulversat s\u0103 v\u0103d c\u0103 urc\u0103 concuren\u0163i pe unde cobor eu. \u015etiam c\u0103 sunt pe por\u0163iunea comun\u0103 de c\u00e2teva sute de metri, dar nu eram obi\u015fnuit s\u0103 v\u0103d \u00eent\u00e2rzia\u0163i. Ne-am \u00een\u0163eles cumva s\u0103 trecem unii pe l\u00e2ng\u0103 al\u0163ii, dar eram panicat s\u0103 nu cumva s-o iau pe drumul \u00eenapoi. A ap\u0103rut \u00eens\u0103 omul de la PC5, care mi-a spus s-o iau \u00een st\u00e2nga. Am r\u0103suflat u\u015furat \u015fi am pornit pe o vale abrupt\u0103. Nici nu mi-a trecut prin cap c\u0103 am luat-o gre\u015fit \u015fi acum m\u0103 tot g\u00e2ndesc cum de s-a \u00eent\u00e2mplat! Am cobor\u00e2t, urme de biciclet\u0103 erau \u015fi de marcaj nu m-am \u00eengrijorat pentru c\u0103 nu erau alternative. Derap\u00e2nd, concentrat la cobor\u00e2re, abia dup\u0103 c\u00e2\u0163iva km am \u00eenceput s\u0103 \u00eenjur \u00een g\u00e2nd c\u0103 nu e marcaj. M-am oprit, am v\u0103zut c\u0103 o luasem aiurea \u015fi \u015ftiam c\u0103 lupta mea e pierdut\u0103. M\u0103car por\u0163iunea grea o parcursesem, eram mul\u0163umit de mine. \u015etiam c\u0103 ar fi urmat bucata de push-bike &#8220;c\u00e2nd nu te a\u015ftep\u0163i&#8221; unde m\u0103 puteam remarca :), dar pentru ea nu se merita s\u0103 fac al\u0163i c\u00e2\u0163iva km de push-bike \u00eenapoi la PC5. M\u0103car s\u0103 fie fun \u015fi s\u0103 ajung la premiere la timp, nu dup\u0103 ce se str\u00e2nge totul. Zis \u015fi f\u0103cut, cu sup\u0103rarea pe care \u00eencercam s-o dep\u0103\u015fesc am pornit-o \u00een continuare la vale, de ast\u0103 dat\u0103 pe modul hart\u0103 la gps. Am dat bine\u0163e la un cioban cu o colec\u0163ie de zeci de c\u00e2ini pe l\u00e2ng\u0103 el \u015fi am \u00eent\u00e2lnit pe un b\u0103iat simpatic care cobora \u015fi el cu bicicleta.<\/p>\n<p>La R\u0103\u015finari, dup\u0103 un popas la b\u0103ie\u0163ii de pe traseu, am luat-o pe traseul normal \u015fi am \u00eencheiat cursa f\u0103r\u0103 s\u0103 trec linia de sosire ca s\u0103 nu creez probleme. Ce am avut de demonstrat mi-am demonstrat, \u00een rest va fi \u00eenv\u0103\u0163\u0103tur\u0103 de minte: niciodat\u0103 n-am mai p\u0103\u0163it a\u015fa ceva \u015fi de doi ani nu m-am mai r\u0103t\u0103cit.<\/p>\n<p>Am terminat &#8221; Mein Geiger&#8221; cu un timp de 6h45min dup\u0103 93km parcur\u015fi, ajung\u00e2nd \u00eenaintea lui Sorin la finish. M-am amuzat \u00eempreun\u0103 cu Lup\u015fa, care a avut abandon tehnic, c\u00e2nd am v\u0103zut fa\u0163a lui Sorin la vederea noastr\u0103 :), m\u0103 bucur c\u0103 m\u0103 consider\u0103 \u00eenc\u0103 c\u00e2t de c\u00e2t bun. Pentru el a urmat \u00eenc\u0103 un \u015foc, a\u015ftept\u00e2ndu-se s\u0103 termine pe locul 2 la categorie \u015fi termin\u00e2nd pe 3. Ce bine c\u0103 s-a luptat p\u00e2n\u0103 la cap\u0103t cu Vasiliu c\u0103 altfel cred c\u0103 avea nevoie de pastile :)!<\/p>\n<p>Bravo la to\u0163i concuren\u0163ii! E un concurs greu, dar frumos! Anii urm\u0103tori dac\u0103 m\u0103 simt bine vin tot la tura lung\u0103, p\u00e2n\u0103 rezultatele mele intr\u0103 pe o pant\u0103 descresc\u0103toare \u015fi ajung \u00een zona ro\u015fie a dep\u0103\u015firii limitei de timp intermediare, de unde am \u015fi pornit de fapt.<\/p>\n<table style=\"width: auto;\">\n<tbody>\n<tr>\n<td><a href=\"https:\/\/picasaweb.google.com\/lh\/photo\/qAq2i9bhJozcgSuPWaBIidMTjNZETYmyPJy0liipFm0?feat=embedwebsite\"><img loading=\"lazy\" decoding=\"async\" alt=\"\" src=\"https:\/\/lh4.googleusercontent.com\/-8HUJg26mB-U\/UhMDLuGif7I\/AAAAAAAAWiA\/3ZIEd13NwBA\/s400\/DSC_0677.JPG\" width=\"400\" height=\"269\" \/><\/a><\/td>\n<\/tr>\n<tr>\n<td style=\"font-family: arial,sans-serif; font-size: 11px; text-align: right;\">gustul victoriei, cei tineri au \u015fanse s\u0103 ajung\u0103 acolo &#8211; poze de la premiere &#8211; \u00a0From <a href=\"https:\/\/picasaweb.google.com\/103481498978040293448\/GeigerMTBChallenge2013?authuser=0&amp;feat=embedwebsite\">Geiger MTB Challenge 2013<\/a><\/td>\n<\/tr>\n<\/tbody>\n<\/table>\n<p>Felicit\u0103ri organizatorilor, a fost mai bine ca anii trecu\u0163i c\u00e2nd am fost \u015fi atunci mul\u0163umit, singura observa\u0163ie e legat\u0103 de acel punct de intersec\u0163ie unde am luat-o gre\u015fit de\u015fi mergeam \u00eencet. Alegerea curselor de copii \u00een ziua precedent\u0103 e bun\u0103, dar copiii tot regret\u0103 c\u0103 n-au fost pe traseul de \u00eencep\u0103tori :). P\u00e2n\u0103 anul viitor am vreme s\u0103 m\u0103 g\u00e2ndesc cum s\u0103 le \u00eempac pe toate, poate g\u0103sesc &#8230; un pic de timp liber.<\/p>\n<p>Linkurile la pozele f\u0103cute de mine (se poate ajunge la ele \u015fi de pe pozele de pe blog:<br \/>\n&#8211; <a href=\"https:\/\/picasaweb.google.com\/103481498978040293448\/GeigerMTBChallengeProbeleCopii\" target=\"_blank\">probele copii<\/a><br \/>\n&#8211; <a href=\"https:\/\/picasaweb.google.com\/103481498978040293448\/GeigerMTBChallenge2013\" target=\"_blank\">premiere adul\u0163i<\/a><\/p>\n","protected":false},"excerpt":{"rendered":"<p>Dup\u0103 o mul\u0163ime de concursuri la care am participat anul acesta a venit r\u00e2ndul Geiger MTB Challenge, un concurs a\u015fteptat de mult\u0103 lume pentru c\u0103 este considerat o referin\u0163\u0103. \u015ei pentru mine este, \u00een sensul c\u0103 aici, ca \u015fi la alte concursuri mari, pot s\u0103-mi &#8220;iau pulsul&#8221; \u015fi s\u0103 m\u0103 compar cu performan\u0163ele mele anterioare, mai ales c\u0103 e a patra oar\u0103 c\u00e2nd vin \u015fi tot la tura lung\u0103. Ca bilan\u0163 pot pune p\u00e2n\u0103 acum un DNF &#8211; dep\u0103\u015fire limita de timp (acum nu se mai pune problema) la prima participare, un podium la categorie &#8211; loc 2 cu un timp peste 9 ore!!! \u015fi un timp record pentru mine anul trecut de 8h21min (loc 4 la categorie). Acum \u015ftiam c\u0103 e concuren\u0163\u0103 puternic\u0103 \u015fi judec\u00e2nd corect \u00een mod normal locul meu e cel pu\u0163in dup\u0103 Maus, Robike, Vasiliu \u015fi &#8230; venind tare din urm\u0103 Simu \u015fi Lup\u015fa. Lupta mea va fi \u00een principiu cu Moisa, dar ca speran\u0163e nu pot spune c\u0103 nu m-am g\u00e2ndit \u015fi la 2-3 din primii cinci pomeni\u0163i, plus o minune la altul :). \u00cen orice caz ca s\u0103 sper la ceva trebuia s\u0103-mi dep\u0103\u015fesc timpul de anul trecut \u015fi s\u0103 cobor sub 8 ore. Cu aceste g\u00e2nduri am plecat la drum cu \u00eentreaga familie, copiii urm\u00e2nd s\u0103 participe la probele lor s\u00e2mb\u0103t\u0103. \u00cencep \u00een ordine cronologic\u0103 cu copiii. Pentru ei a fost o dezam\u0103gire c\u0103 nu mai puteau participa la proba family la care au fost de dou\u0103 ori la r\u00e2nd (acum doi ani Tudor a avut 5 ani), a\u015fa c\u0103 le-am promis c\u0103 dac\u0103 mai avem timp s\u00e2mb\u0103t\u0103 d\u0103m o tur\u0103 \u00eempreun\u0103. M\u0103car am sc\u0103pat de stresul cu alegerea c\u0103ruia dintre ei s\u0103 participe cu so\u0163ia, de\u015fi cred c\u0103 deja trocul era f\u0103cut \u00eentre ei \u0163in\u00e2nd cont c\u0103 anul trecut oficial Tudor a participat. \u00cen fine, ne-am concentrat aten\u0163ia pe cursele lor, a\u015fa cum de altfel am v\u0103zut c\u0103 au f\u0103cut \u015fi al\u0163i p\u0103rin\u0163i. From Geiger MTB Challenge &#8211; probele copii From Geiger MTB Challenge &#8211; probele copii Alerg\u00e2nd pe l\u00e2ng\u0103 ei am exersat singura urcare mai abrupt\u0103 de c\u00e2te ori a fost necesar pentru a putea urca pe scurt\u0103tur\u0103, le-am interzis s\u0103 se dep\u0103\u015feasc\u0103 l\u0103s\u00e2nd ambi\u0163iile pentru curs\u0103 \u015fi am testat cu cronometru \u015fi posibilitatea ca Tudor s\u0103 foloseasc\u0103 bicicleta Andreei. Din p\u0103cate am uitat s\u0103-i reglez \u015faua \u015fi timpul n-a fost relevant, ca urmare am hot\u0103r\u00e2t s\u0103 nu-l mai obosesc \u015fi s\u0103 mearg\u0103 clasic cu bicicleta lui de\u015fi eram convins c\u0103-i mai rapid cu cea mai mare.\u00a0Ultimele indica\u0163ii au fost pentru Andreea, spun\u00e2ndu-i s\u0103 \u00eencerce s\u0103 fie pe podium \u015fi consider\u00e2nd b\u0103ie\u0163ii, ne\u015ftiind dac\u0103 se face clasament separat la fete. From Geiger MTB Challenge &#8211; probele copii Au fost curse grele pentru am\u00e2ndoi, to\u0163i copiii dorind s\u0103 fie primii. Am remarcat \u015fi trenule\u0163ul de la cursa Andreei &#8211; cinci din copii deta\u015f\u00e2ndu-se de restul &#8220;plutonului&#8221;. Bravo pentru spiritul de competi\u0163ie dovedit de to\u0163i copiii \u015fi, evident, sunt m\u00e2ndru de ai mei: locul 2 Tudor \u015fi locul 1 Andreea la fete (ea a fost singura fat\u0103 ce a reu\u015fit s\u0103 urce pe podiumul &#8220;virtual&#8221; av\u00e2nd \u00een fa\u0163\u0103 doi b\u0103ie\u0163i, dep\u0103\u015findu-l pe cel de pe locul 4 abia la finalul ultimei ture). From Geiger MTB Challenge &#8211; probele copii From Geiger MTB Challenge &#8211; probele copii N-a mai putut fi vorba de nici o excursie pe traseul de \u00eencep\u0103tori (fostul traseu family) \u015fi am pornit cu to\u0163ii spre R\u0103\u015finari s\u0103 ne caz\u0103m. From Geiger MTB Challenge &#8211; probele copii Duminic\u0103 a \u00eenceput cursa mea. Eram motivat, mi-am scris \u015fi timpii mei intermediari cei mai buni, de anul trecut, pe harta cu profilul. From Geiger MTB Challenge 2013 la start al\u0103turi de Sorin, mul\u0163umesc pentru poz\u0103 &#8211; From Geiger MTB Challenge 2013 Am fost abia spre mijlocul plutonului la start dar trena mai lent\u0103 a ma\u015finii de poli\u0163ie mi-a permis s\u0103 ajung destul de bine la intrarea de pe asfalt pe off-road. A\u015fa cum au remarcat mul\u0163i concuren\u0163i, la Geiger de data aceasta n-au venit oameni f\u0103r\u0103 experien\u0163\u0103 \u015fi ca urmare n-am avut ambuteiaje la prima urcare, iar la final dup\u0103 ce am studiat timpii mai cu aten\u0163ie am v\u0103zut c\u0103 am fost mai rapid ca anul trecut\u00a0p\u00e2n\u0103 \u015fi la primii 9km de asfalt. Nu pot spune \u00eens\u0103 c\u0103 pe prima cobor\u00e2re n-am avut probleme. Nu \u015ftiu din ce cauz\u0103 s-a pus o fr\u00e2n\u0103 brusc\u0103 \u015fi pur \u015fi simplu ca s\u0103 evit dobor\u00e2rea a mai multor &#8220;popice&#8221; am luat-o pe ar\u0103tur\u0103, pomenindu-m\u0103 \u00een fa\u0163\u0103 cu o tuf\u0103 uria\u015f\u0103 de spini. Am trecut \u00een vitez\u0103 drept prin ea \u015fi cred c\u0103 n-am vorbit prea ortodox g\u00e2ndindu-m\u0103 c\u0103 e greu de crezut s\u0103 scap f\u0103r\u0103 pan\u0103. Urm\u0103torii kilometri la fiecare tendin\u0163\u0103 de alunecare studiam ro\u0163ile \u015fi-n orice caz am mers mai prudent, p\u00e2ndind unde pot dep\u0103\u015fi \u00een siguran\u0163\u0103 pe cei din fa\u0163\u0103. mul\u0163umesc pentru poz\u0103 &#8211; From Geiger MTB Challenge 2013 La desp\u0103r\u0163irea de trasee scurt-lung eram cu peste 15min mai rapid ca anul trecut (pe strava am v\u0103zut c\u0103 de fapt pe urcarea de M\u0103gura am fost mai bun doar cu 3min) \u015fi p\u00e2n\u0103 atunci nu mi-a fost ru\u015fine cu concuren\u0163ii din jurul meu. A urmat o curs\u0103 care a \u00eenceput solitar \u015fi la care m-am g\u00e2ndit c\u0103 n-ar fi r\u0103u s\u0103 m\u0103 ajung\u0103 cineva ca s\u0103 \u00eencerc s\u0103 am un ritm. Dorin\u0163a mi-a fost \u00eendeplinit\u0103 cu v\u00e2rf \u015fi \u00eendesat, am fost ajuns, problema \u00eens\u0103 era c\u0103 s-au \u015fi dus :). Al dracului pe\u015fti\u015for de aur, ve\u015fnic m\u0103 p\u0103c\u0103le\u015fte cu ceva am\u0103nunte. Totu\u015fi, fiind \u015fi urc\u0103ri, am reu\u015fit s\u0103 m\u0103 \u0163in de &#8220;grupul Hora\u0163iu&#8221; \u015fi chiar s\u0103 trec \u00een fa\u0163\u0103. \u015etiind c\u0103 anul trecut Hora\u0163iu a terminat cam cu o or\u0103 \u00eenaintea mea, m-am g\u00e2ndit c\u0103 nu stau r\u0103u. A fost foarte bun\u0103 noua variant\u0103 spre R\u00e2u Sadului, perfect ciclabil\u0103 \u015fi cu peisaje frumoase. E unul din motivele pentru care \u015fi la al doilea reper de timp al meu &#8211; PA3, am ajuns cu 30min mai repede. harta oficiala Geiger tura lunga &#8211; From Geiger MTB Challenge 2013 From Geiger MTB Challenge 2013 P\u00e2n\u0103 la PA3 &#8211; intersec\u0163ia de trasee (bucla de Paltini\u015f, \u00eentoarcere), am r\u0103mas \u00een urma grupului Hora\u0163iu, ajung\u00e2ndu-m\u0103 Alex Hoinarul care pierduse timp cu repararea unei pene la Elena. Partea bun\u0103 a fost c\u0103 vedeam pe unul din concuren\u0163i, dar nu am reu\u015fit s\u0103-l ajung dec\u00e2t la push-bike-ul pe bolov\u0103ni\u015f. Era de la HPM, deci cred c\u0103 era Moisa (scuze c\u0103 nu ne \u015ftim \u00eenc\u0103 \ud83d\ude42 ). Am reu\u015fit s\u0103 m\u0103 urc pe bike \u00eenaintea lui \u015fi m-am dep\u0103rtat de concuren\u0163a direct\u0103. La PA3 Florian mi-a spus c\u0103-s pe locul 4 la categorie \u015fi m-a \u00eentrebat de Lup\u015fa. Ini\u0163ial am r\u0103mas cu gura c\u0103scat\u0103 c\u00e2nd am auzit pozi\u0163ia, dar n-am \u00eentrebat mai multe. Mi-am f\u0103cut calcule, \u015ftiam c\u0103 podiumul e pierdut, dar &#8230; \u015ftiam \u015fi ceva \u00een plus de la start, \u015ftiam c\u0103 Lup\u015fa trebuia s\u0103 fie cu Sorin dar ceva s-a \u00eent\u00e2mplat. \u00cen fine, m\u0103 ajungea Moisa \u015fi am plecat. Urcarea spre P\u0103ltini\u015f a fost cam interminabil\u0103, m\u0103 a\u015fteptam s\u0103 fie mai scurt\u0103. Am strigat la o domni\u015foar\u0103 venit\u0103 cu familia care tocmai desf\u0103cea tacticos o band\u0103 de marcaj (ini\u0163ial crezusem c\u0103 e de la organizatori). Sus deja \u015ftiam traseul de cobor\u00e2re, doar fusesem la XCP-ul de P\u0103ltini\u015f. Pe c\u00e2nd coboram am auzit c\u00e2inele de la releu h\u0103maind, semn c\u0103 urm\u0103ritorul era la doar c\u00e2teva minute de mine. N-am cobor\u00e2t prea bine, fiind probabil \u015fi stresat. Jos iar la PA, stau la o cola. Aveam doar 5h33min fa\u0163\u0103 de 6h09 de anul trecut, deci eram mul\u0163umit. P\u00e2n\u0103 aici n-am avut nici o problem\u0103 deosebit\u0103, marcajul a fost impecabil, oamenii amabili, s\u0103ritori, gps-ul nu l-am folosit dec\u00e2t s\u0103 v\u0103d timpii si distan\u0163a, l\u0103s\u00e2ndu-l \u00een modul trip. locul ratacirii traseului lung &#8211; PC5 (Up1Paltinis)- cu magenta traseul parcurs de mine, cu negru pe unde trebuia sa merg &#8211;\u00a0From Geiger MTB Challenge 2013 From Geiger MTB Challenge 2013 A urmat r\u0103t\u0103cirea. Mai \u00eent\u00e2i am fost bulversat s\u0103 v\u0103d c\u0103 urc\u0103 concuren\u0163i pe unde cobor eu. \u015etiam c\u0103 sunt pe por\u0163iunea comun\u0103 de c\u00e2teva sute de metri, dar nu eram obi\u015fnuit s\u0103 v\u0103d \u00eent\u00e2rzia\u0163i. Ne-am \u00een\u0163eles cumva s\u0103 trecem unii pe l\u00e2ng\u0103 al\u0163ii, dar eram panicat s\u0103 nu cumva s-o iau pe drumul \u00eenapoi. A ap\u0103rut \u00eens\u0103 omul de la PC5, care mi-a spus s-o iau \u00een st\u00e2nga. Am r\u0103suflat u\u015furat \u015fi am pornit pe o vale abrupt\u0103. Nici nu mi-a trecut prin cap c\u0103 am luat-o gre\u015fit \u015fi acum m\u0103 tot g\u00e2ndesc cum de s-a \u00eent\u00e2mplat! Am cobor\u00e2t, urme de biciclet\u0103 erau \u015fi de marcaj nu m-am \u00eengrijorat pentru c\u0103 nu erau alternative. Derap\u00e2nd, concentrat la cobor\u00e2re, abia dup\u0103 c\u00e2\u0163iva km am \u00eenceput s\u0103 \u00eenjur \u00een g\u00e2nd c\u0103 nu e marcaj. M-am oprit, am v\u0103zut c\u0103 o luasem aiurea \u015fi \u015ftiam c\u0103 lupta mea e pierdut\u0103. M\u0103car por\u0163iunea grea o parcursesem, eram mul\u0163umit de mine. \u015etiam c\u0103 ar fi urmat bucata de push-bike &#8220;c\u00e2nd nu te a\u015ftep\u0163i&#8221; unde m\u0103 puteam remarca :), dar pentru ea nu se merita s\u0103 fac al\u0163i c\u00e2\u0163iva km de push-bike \u00eenapoi la PC5. M\u0103car s\u0103 fie fun \u015fi s\u0103 ajung la premiere la timp, nu dup\u0103 ce se str\u00e2nge totul. Zis \u015fi f\u0103cut, cu sup\u0103rarea pe care \u00eencercam s-o dep\u0103\u015fesc am pornit-o \u00een continuare la vale, de ast\u0103 dat\u0103 pe modul hart\u0103 la gps. Am dat bine\u0163e la un cioban cu o colec\u0163ie de zeci de c\u00e2ini pe l\u00e2ng\u0103 el \u015fi am \u00eent\u00e2lnit pe un b\u0103iat simpatic care cobora \u015fi el cu bicicleta. La R\u0103\u015finari, dup\u0103 un popas la b\u0103ie\u0163ii de pe traseu, am luat-o pe traseul normal \u015fi am \u00eencheiat cursa f\u0103r\u0103 s\u0103 trec linia de sosire ca s\u0103 nu creez probleme. Ce am avut de demonstrat mi-am demonstrat, \u00een rest va fi \u00eenv\u0103\u0163\u0103tur\u0103 de minte: niciodat\u0103 n-am mai p\u0103\u0163it a\u015fa ceva \u015fi de doi ani nu m-am mai r\u0103t\u0103cit. Am terminat &#8221; Mein Geiger&#8221; cu un timp de 6h45min dup\u0103 93km parcur\u015fi, ajung\u00e2nd \u00eenaintea lui Sorin la finish. M-am amuzat \u00eempreun\u0103 cu Lup\u015fa, care a avut abandon tehnic, c\u00e2nd am v\u0103zut fa\u0163a lui Sorin la vederea noastr\u0103 :), m\u0103 bucur c\u0103 m\u0103 consider\u0103 \u00eenc\u0103 c\u00e2t de c\u00e2t bun. Pentru el a urmat \u00eenc\u0103 un \u015foc, a\u015ftept\u00e2ndu-se s\u0103 termine pe locul 2 la categorie \u015fi termin\u00e2nd pe 3. Ce bine c\u0103 s-a luptat p\u00e2n\u0103 la cap\u0103t cu Vasiliu c\u0103 altfel cred c\u0103 avea nevoie de pastile :)! Bravo la to\u0163i concuren\u0163ii! E un concurs greu, dar frumos! Anii urm\u0103tori dac\u0103 m\u0103 simt bine vin tot la tura lung\u0103, p\u00e2n\u0103 rezultatele mele intr\u0103 pe o pant\u0103 descresc\u0103toare \u015fi ajung \u00een zona ro\u015fie a dep\u0103\u015firii limitei de timp intermediare, de unde am \u015fi pornit de fapt. gustul victoriei, cei tineri au \u015fanse s\u0103 ajung\u0103 acolo &#8211; poze de la premiere &#8211; \u00a0From Geiger MTB Challenge 2013 Felicit\u0103ri organizatorilor, a fost mai bine ca anii trecu\u0163i c\u00e2nd am fost \u015fi atunci mul\u0163umit, singura observa\u0163ie e legat\u0103 de acel punct de intersec\u0163ie unde am luat-o gre\u015fit de\u015fi mergeam \u00eencet. Alegerea curselor de copii \u00een ziua precedent\u0103 e bun\u0103, dar copiii tot regret\u0103 c\u0103 n-au fost pe traseul de \u00eencep\u0103tori :). P\u00e2n\u0103 anul viitor am vreme s\u0103 m\u0103 g\u00e2ndesc cum s\u0103 le \u00eempac pe toate, poate g\u0103sesc &#8230; un pic de timp liber. Linkurile la pozele f\u0103cute de mine (se poate ajunge la ele \u015fi de pe pozele de pe blog: &#8211; probele copii &#8211; premiere adul\u0163i<\/p>\n","protected":false},"author":1,"featured_media":0,"comment_status":"open","ping_status":"open","sticky":false,"template":"","format":"standard","meta":{"ngg_post_thumbnail":0,"footnotes":""},"categories":[156,131,124,157],"tags":[448,422,449],"class_list":["post-647","post","type-post","status-publish","format-standard","hentry","category-geiger-maraton-sibiu","category-localitati-si-zone","category-maraton-mtb","category-sibiu","tag-geiger-maraton-sibiu","tag-maraton-mtb","tag-sibiu"],"_links":{"self":[{"href":"https:\/\/www.unpicdetimpliber.ro\/wordpress\/wp-json\/wp\/v2\/posts\/647","targetHints":{"allow":["GET"]}}],"collection":[{"href":"https:\/\/www.unpicdetimpliber.ro\/wordpress\/wp-json\/wp\/v2\/posts"}],"about":[{"href":"https:\/\/www.unpicdetimpliber.ro\/wordpress\/wp-json\/wp\/v2\/types\/post"}],"author":[{"embeddable":true,"href":"https:\/\/www.unpicdetimpliber.ro\/wordpress\/wp-json\/wp\/v2\/users\/1"}],"replies":[{"embeddable":true,"href":"https:\/\/www.unpicdetimpliber.ro\/wordpress\/wp-json\/wp\/v2\/comments?post=647"}],"version-history":[{"count":15,"href":"https:\/\/www.unpicdetimpliber.ro\/wordpress\/wp-json\/wp\/v2\/posts\/647\/revisions"}],"predecessor-version":[{"id":667,"href":"https:\/\/www.unpicdetimpliber.ro\/wordpress\/wp-json\/wp\/v2\/posts\/647\/revisions\/667"}],"wp:attachment":[{"href":"https:\/\/www.unpicdetimpliber.ro\/wordpress\/wp-json\/wp\/v2\/media?parent=647"}],"wp:term":[{"taxonomy":"category","embeddable":true,"href":"https:\/\/www.unpicdetimpliber.ro\/wordpress\/wp-json\/wp\/v2\/categories?post=647"},{"taxonomy":"post_tag","embeddable":true,"href":"https:\/\/www.unpicdetimpliber.ro\/wordpress\/wp-json\/wp\/v2\/tags?post=647"}],"curies":[{"name":"wp","href":"https:\/\/api.w.org\/{rel}","templated":true}]}}